{"id":48809,"date":"2025-04-05T20:43:59","date_gmt":"2025-04-05T18:43:59","guid":{"rendered":"https:\/\/deltaimage.de\/wp\/?p=48809"},"modified":"2025-08-28T19:49:59","modified_gmt":"2025-08-28T17:49:59","slug":"die-niedermoor-landschaft-im-dachauer-moos-verstehen-projektleiterin-im-bn-elisabeth-goepfert-im-wasserturm","status":"publish","type":"post","link":"https:\/\/deltaimage.de\/wp\/?p=48809","title":{"rendered":"Die Niedermoor-Landschaft im Dachauer Moos verstehen: Projektleiterin im BN Elisabeth G\u00f6pfert im Wasserturm"},"content":{"rendered":"<p><img data-recalc-dims=\"1\" loading=\"lazy\" decoding=\"async\" data-attachment-id=\"47654\" data-permalink=\"https:\/\/deltaimage.de\/wp\/?attachment_id=47654\" data-orig-file=\"https:\/\/i0.wp.com\/deltaimage.de\/wp\/wp-content\/uploads\/50JahreDachau-BN.jpg?fit=500%2C600&amp;ssl=1\" data-orig-size=\"500,600\" data-comments-opened=\"1\" data-image-meta=\"{&quot;aperture&quot;:&quot;0&quot;,&quot;credit&quot;:&quot;&quot;,&quot;camera&quot;:&quot;&quot;,&quot;caption&quot;:&quot;&quot;,&quot;created_timestamp&quot;:&quot;0&quot;,&quot;copyright&quot;:&quot;&quot;,&quot;focal_length&quot;:&quot;0&quot;,&quot;iso&quot;:&quot;0&quot;,&quot;shutter_speed&quot;:&quot;0&quot;,&quot;title&quot;:&quot;&quot;,&quot;orientation&quot;:&quot;0&quot;}\" data-image-title=\"50JahreDachau-BN\" data-image-description=\"\" data-image-caption=\"\" data-large-file=\"https:\/\/i0.wp.com\/deltaimage.de\/wp\/wp-content\/uploads\/50JahreDachau-BN.jpg?fit=500%2C600&amp;ssl=1\" class=\"wp-image-47654 size-thumbnail alignright\" src=\"https:\/\/i0.wp.com\/deltaimage.de\/wp\/wp-content\/uploads\/50JahreDachau-BN.jpg?resize=167%2C200&#038;ssl=1\" alt=\"\" width=\"167\" height=\"200\" srcset=\"https:\/\/i0.wp.com\/deltaimage.de\/wp\/wp-content\/uploads\/50JahreDachau-BN.jpg?resize=167%2C200&amp;ssl=1 167w, https:\/\/i0.wp.com\/deltaimage.de\/wp\/wp-content\/uploads\/50JahreDachau-BN.jpg?resize=333%2C400&amp;ssl=1 333w, https:\/\/i0.wp.com\/deltaimage.de\/wp\/wp-content\/uploads\/50JahreDachau-BN.jpg?w=500&amp;ssl=1 500w\" sizes=\"auto, (max-width: 167px) 100vw, 167px\" \/>Das <strong>Dachauer Moos<\/strong> steht im Moosverbund mit dem <strong>Freisinger Moos<\/strong> und dem <strong>Erdinger Moos<\/strong> &#8211; eine fr\u00fcher zusammenh\u00e4ngende <strong>Moosachse<\/strong> im Norden von M\u00fcnchen. Die <strong>Naturschutzarbeit<\/strong> wird \u00fcber die <strong>Landrats\u00e4mter in Dachau, Freising, Erding und F\u00fcrstenfeldbruck<\/strong> koordiniert. Die Projektkoordinatorin f\u00fcr das <strong>Dachauer Moos<\/strong> und das Maisacher Moos ist heute Abend die Referentin auf der Vortragsb\u00fchne im <strong>Dachauer Wasserturm<\/strong>.<\/p>\n<p>&nbsp;<\/p>\n<h1>Elisabeth G\u00f6pfert: Was ist eigentlich das Moos? Niedermoore im Dachauer Land<\/h1>\n<p>Im Rahmen der\u00a0<strong>Fest- und Foto-Ausstellung<\/strong>\u00a0im\u00a0<a href=\"https:\/\/dachauerwasserturm.de\/\"><strong>Dachauer Wasserturm<\/strong><\/a>\u00a0zum Thema:<\/p>\n<h2>\u201e50 Jahre Natur- und Moosschutz im Dachauer Moos\u201c<\/h2>\n<p>informiert die\u00a0<strong>Kreisgruppe Dachau<\/strong>\u00a0im BN \u00fcber viele Aspekte der Arbeiten im\u00a0<strong>Landkreis Dachau<\/strong>. Zum 50-j\u00e4hrigen Bestehen der Kreisgruppe stellt der BN mit der\u00a0<strong>Kreisgruppe Dachau<\/strong>\u00a0in das Schaufenster der \u00d6ffentlichkeit und informiert im historischen Wasserturm auf vier Stockwerken die BesucherInnen und die \u00d6ffentlichkeit.<\/p>\n<p>&nbsp;<\/p>\n<p>Als ein viertes Element dieser\u00a0<strong>Gesamtausstellung<\/strong>\u00a0ist im vierten Stock \u2013 dem Dachgarten \u2013 ist eine\u00a0<strong>Veranstaltungsb\u00fchne<\/strong>\u00a0f\u00fcr abwechslungsreiche Vortr\u00e4ge, Pr\u00e4sentationen und Multimedia-Vortr\u00e4ge unterschiedlicher Formate aufgebaut worden. Betreut wird die Veranstaltungsb\u00fchne vom Projektleiter\u00a0<strong>Paul Eschbach<\/strong>.<\/p>\n<p>&nbsp;<\/p>\n<h2>Termine auf der Vortragsb\u00fchne im vierten Stock des Dachauer Wasserturms<\/h2>\n<p><span id=\"tablepress-11-description\" class=\"tablepress-table-description tablepress-table-description-id-11\">\u00dcbersicht der Veranstaltungstermine auf der Veranstaltungsb\u00fchne im 4. Stockwerk des Dachauer Wasserturms. Moderation und Technikbedienung durch Paul Eschbach.<\/span><\/p>\n<div id=\"tablepress-11_wrapper\" class=\"dt-container dt-empty-footer\">\n<div class=\"dt-layout-row\"><span id=\"tablepress-11-description\" class=\"tablepress-table-description tablepress-table-description-id-11\">\u00dcbersicht der Veranstaltungstermine auf der Veranstaltungsb\u00fchne im 4. Stockwerk des Dachauer Wasserturms. Moderation und Technikbedienung durch Paul Eschbach.<\/span>\n\n<table id=\"tablepress-11\" class=\"tablepress tablepress-id-11\" aria-describedby=\"tablepress-11-description\">\n<thead>\n<tr class=\"row-1\">\n\t<th class=\"column-1\">Wochentag<\/th><th class=\"column-2\">Termin<\/th><th class=\"column-3\">Uhrzeit<\/th><th class=\"column-4\">Thema<\/th><th class=\"column-5\">ReferentIn<\/th><th class=\"column-6\">Typ<\/th><td class=\"column-7\"><\/td><td class=\"column-8\"><\/td>\n<\/tr>\n<\/thead>\n<tbody class=\"row-hover\">\n<\/tbody>\n<\/table>\n<!-- #tablepress-11 from cache --><\/div>\n<div class=\"dt-autosize\"><\/div>\n<\/div>\n<p>&nbsp;<\/p>\n<h2>Elisabeth G\u00f6pfert auf der Veranstaltungsb\u00fchne im vierten Stockwerk<\/h2>\n<div id=\"attachment_48735\" class=\"wp-caption aligncenter\">\n<p><img data-recalc-dims=\"1\" loading=\"lazy\" decoding=\"async\" data-attachment-id=\"48811\" data-permalink=\"https:\/\/deltaimage.de\/wp\/?attachment_id=48811#main\" data-orig-file=\"https:\/\/i0.wp.com\/deltaimage.de\/wp\/wp-content\/uploads\/PE1S0008_1200-1.jpg?fit=1200%2C450&amp;ssl=1\" data-orig-size=\"1200,450\" data-comments-opened=\"1\" data-image-meta=\"{&quot;aperture&quot;:&quot;3.5&quot;,&quot;credit&quot;:&quot;Paul Eschbach&quot;,&quot;camera&quot;:&quot;Canon EOS-1Ds Mark III&quot;,&quot;caption&quot;:&quot;&quot;,&quot;created_timestamp&quot;:&quot;1743793833&quot;,&quot;copyright&quot;:&quot;&quot;,&quot;focal_length&quot;:&quot;24&quot;,&quot;iso&quot;:&quot;800&quot;,&quot;shutter_speed&quot;:&quot;0.01&quot;,&quot;title&quot;:&quot;&quot;,&quot;orientation&quot;:&quot;0&quot;}\" data-image-title=\"PE1S0008_1200\" data-image-description=\"\" data-image-caption=\"\" data-large-file=\"https:\/\/i0.wp.com\/deltaimage.de\/wp\/wp-content\/uploads\/PE1S0008_1200-1.jpg?fit=890%2C334&amp;ssl=1\" class=\"aligncenter size-full wp-image-48811\" src=\"https:\/\/i0.wp.com\/deltaimage.de\/wp\/wp-content\/uploads\/PE1S0008_1200-1.jpg?resize=890%2C334&#038;ssl=1\" alt=\"\" width=\"890\" height=\"334\" srcset=\"https:\/\/i0.wp.com\/deltaimage.de\/wp\/wp-content\/uploads\/PE1S0008_1200-1.jpg?w=1200&amp;ssl=1 1200w, https:\/\/i0.wp.com\/deltaimage.de\/wp\/wp-content\/uploads\/PE1S0008_1200-1.jpg?resize=900%2C338&amp;ssl=1 900w, https:\/\/i0.wp.com\/deltaimage.de\/wp\/wp-content\/uploads\/PE1S0008_1200-1.jpg?resize=300%2C113&amp;ssl=1 300w, https:\/\/i0.wp.com\/deltaimage.de\/wp\/wp-content\/uploads\/PE1S0008_1200-1.jpg?resize=1067%2C400&amp;ssl=1 1067w\" sizes=\"auto, (max-width: 890px) 100vw, 890px\" \/><\/p>\n<p id=\"caption-attachment-48735\" class=\"wp-caption-text\">Elisabeth G\u00f6pfert auf der Vortragsb\u00fchne im Dachauer Wasserturm bei seinem Vortrag zum Moos und der Niedermoor-Landschaft<\/p>\n<\/div>\n<ul>\n<li>Was ist ein Niedermoor?<\/li>\n<li>Was ist der Unterschied zu einem Hochmoor?<\/li>\n<li>Wie sind die Moore entstanden und woraus bestehen diese Naturlandschaften?<\/li>\n<li>Warum sind diese Naturlandschaften so wertvoll f\u00fcr die Entwicklung unseres Klimas?<\/li>\n<li>Warum wurden die Moose und Moore trockengelegt?<\/li>\n<li>Wie sieht die gew\u00fcnschte Zukunft im Dachauer Moos aus?<\/li>\n<li>Wie wird die Mooslandschaft gepflegt und erhalten?<\/li>\n<li>Welche Rolle spielt das Grund- und Oberfl\u00e4chenwasser in der Niedermoor-Landschaft?<\/li>\n<\/ul>\n<p>Die Moosexpertin Elisabeth G\u00f6pfert arbeitet in der Kreisgruppe Dachau des BN, Sie referiert eine Stunde lang \u00fcber diese besondere und sch\u00fctzenswerte Niedermoor-Landschaft, von Dachau \u00fcber Freising bis Erding.<\/p>\n<p><img data-recalc-dims=\"1\" loading=\"lazy\" decoding=\"async\" data-attachment-id=\"47614\" data-permalink=\"https:\/\/deltaimage.de\/wp\/?attachment_id=47614#main\" data-orig-file=\"https:\/\/i0.wp.com\/deltaimage.de\/wp\/wp-content\/uploads\/Plakat_Wasserturm_Goepfert.jpg?fit=1200%2C448&amp;ssl=1\" data-orig-size=\"1200,448\" data-comments-opened=\"1\" data-image-meta=\"{&quot;aperture&quot;:&quot;0&quot;,&quot;credit&quot;:&quot;&quot;,&quot;camera&quot;:&quot;&quot;,&quot;caption&quot;:&quot;&quot;,&quot;created_timestamp&quot;:&quot;0&quot;,&quot;copyright&quot;:&quot;&quot;,&quot;focal_length&quot;:&quot;0&quot;,&quot;iso&quot;:&quot;0&quot;,&quot;shutter_speed&quot;:&quot;0&quot;,&quot;title&quot;:&quot;&quot;,&quot;orientation&quot;:&quot;1&quot;}\" data-image-title=\"Plakat_Wasserturm_G\u00f6pfert\" data-image-description=\"\" data-image-caption=\"\" data-large-file=\"https:\/\/i0.wp.com\/deltaimage.de\/wp\/wp-content\/uploads\/Plakat_Wasserturm_Goepfert.jpg?fit=890%2C332&amp;ssl=1\" class=\"aligncenter size-full wp-image-47614\" src=\"https:\/\/i0.wp.com\/deltaimage.de\/wp\/wp-content\/uploads\/Plakat_Wasserturm_Goepfert.jpg?resize=890%2C332&#038;ssl=1\" alt=\"\" width=\"890\" height=\"332\" srcset=\"https:\/\/i0.wp.com\/deltaimage.de\/wp\/wp-content\/uploads\/Plakat_Wasserturm_Goepfert.jpg?w=1200&amp;ssl=1 1200w, https:\/\/i0.wp.com\/deltaimage.de\/wp\/wp-content\/uploads\/Plakat_Wasserturm_Goepfert.jpg?resize=900%2C336&amp;ssl=1 900w, https:\/\/i0.wp.com\/deltaimage.de\/wp\/wp-content\/uploads\/Plakat_Wasserturm_Goepfert.jpg?resize=300%2C112&amp;ssl=1 300w, https:\/\/i0.wp.com\/deltaimage.de\/wp\/wp-content\/uploads\/Plakat_Wasserturm_Goepfert.jpg?resize=1071%2C400&amp;ssl=1 1071w\" sizes=\"auto, (max-width: 890px) 100vw, 890px\" \/><\/p>\n","protected":false},"excerpt":{"rendered":"<p>Das Dachauer Moos steht im Moosverbund mit dem Freisinger Moos und dem Erdinger Moos &#8211; eine fr\u00fcher zusammenh\u00e4ngende Moosachse im Norden von M\u00fcnchen. Die Naturschutzarbeit wird \u00fcber die Landrats\u00e4mter in [&hellip;]<\/p>\n","protected":false},"author":1,"featured_media":48811,"comment_status":"open","ping_status":"closed","sticky":false,"template":"","format":"standard","meta":{"wpupg_custom_link":[],"wpupg_custom_link_behaviour":["default"],"wpupg_custom_link_nofollow":["default"],"wpupg_custom_image":[],"wpupg_custom_image_id":[],"jetpack_post_was_ever_published":false,"footnotes":""},"categories":[3010,2523,3217,8,3800],"tags":[4150,4169,3681,4178,38,2160],"class_list":["post-48809","post","type-post","status-publish","format-standard","has-post-thumbnail","hentry","category-dachauer-land","category-dachauer-moos","category-naturfotografie","category-news","category-projekt-dachauer-moos","tag-50-jahre-bund-naturschutz-in-bayern-kreisgruppe-dachau","tag-elisabeth-goepfert","tag-kreisgruppe-dachau","tag-moosschutz","tag-naturschutz","tag-niedermoor"],"jetpack_featured_media_url":"https:\/\/i0.wp.com\/deltaimage.de\/wp\/wp-content\/uploads\/PE1S0008_1200-1.jpg?fit=1200%2C450&ssl=1","jetpack-related-posts":[{"id":48751,"url":"https:\/\/deltaimage.de\/wp\/?p=48751","url_meta":{"origin":48809,"position":0},"title":"Gro\u00dfartige Multivisions-Vortr\u00e4ge am Wochenende im Dachauer Wasserturm","author":"EschbacP","date":"31. M\u00e4rz 2025","format":false,"excerpt":"Am kommenden Wochenende, 4.April bis 6. April 2025 haben wir auf der Veranstaltungsb\u00fchne im vierten Stockwerk des Dachauer Wasserturm gleich drei besondere (und besonders gute) Vortr\u00e4ge f\u00fcr die BesucherInnen - nat\u00fcrlich kostenlos im Eintritt. \u00a0 Vortr\u00e4ge und Veranstaltungsb\u00fchne im Dachauer Wasserturm Im Dachgarten (Dachgescho\u00df des Dachauer Wasserturm) hat DELTA IMAGE\u2026","rel":"","context":"In &quot;Buch&quot;","block_context":{"text":"Buch","link":"https:\/\/deltaimage.de\/wp\/?cat=1189"},"img":{"alt_text":"","src":"https:\/\/i0.wp.com\/deltaimage.de\/wp\/wp-content\/uploads\/PE1X9954_1200.jpg?fit=1200%2C450&ssl=1&resize=350%2C200","width":350,"height":200,"srcset":"https:\/\/i0.wp.com\/deltaimage.de\/wp\/wp-content\/uploads\/PE1X9954_1200.jpg?fit=1200%2C450&ssl=1&resize=350%2C200 1x, https:\/\/i0.wp.com\/deltaimage.de\/wp\/wp-content\/uploads\/PE1X9954_1200.jpg?fit=1200%2C450&ssl=1&resize=525%2C300 1.5x, https:\/\/i0.wp.com\/deltaimage.de\/wp\/wp-content\/uploads\/PE1X9954_1200.jpg?fit=1200%2C450&ssl=1&resize=700%2C400 2x, https:\/\/i0.wp.com\/deltaimage.de\/wp\/wp-content\/uploads\/PE1X9954_1200.jpg?fit=1200%2C450&ssl=1&resize=1050%2C600 3x"},"classes":[]},{"id":48548,"url":"https:\/\/deltaimage.de\/wp\/?p=48548","url_meta":{"origin":48809,"position":1},"title":"Ein Blick in den zweiten Stock Ausstellung im Dachauer Wasserturm &#8211; &#8222;50 Jahre Natur- und Moosschutz im Dachauer Moos&#8220;","author":"EschbacP","date":"27. M\u00e4rz 2025","format":false,"excerpt":"\"50 Jahre Natur- und Moosschutz im Dachauer Moos\" \u00a0 Fest- und Foto-Ausstellung der Kreisgruppe Dachau im BUND Naturschutz in Bayern e. V. anl\u00e4sslich des 50-j\u00e4hrigen Bestehens der Kreisgruppe 1975 - 2025 im Dachauer Wasserturm. Die Ausstellung erstreckt sich \u00fcber vier Stockwerke im Dachauer Wasserturm, mit den folgenden Ausstellungsinhalten: \u00a0 Fachausstellung\u2026","rel":"","context":"In &quot;Buch&quot;","block_context":{"text":"Buch","link":"https:\/\/deltaimage.de\/wp\/?cat=1189"},"img":{"alt_text":"","src":"https:\/\/i0.wp.com\/deltaimage.de\/wp\/wp-content\/uploads\/PANO_20250327_113047_1200.jpg?fit=1200%2C602&ssl=1&resize=350%2C200","width":350,"height":200,"srcset":"https:\/\/i0.wp.com\/deltaimage.de\/wp\/wp-content\/uploads\/PANO_20250327_113047_1200.jpg?fit=1200%2C602&ssl=1&resize=350%2C200 1x, https:\/\/i0.wp.com\/deltaimage.de\/wp\/wp-content\/uploads\/PANO_20250327_113047_1200.jpg?fit=1200%2C602&ssl=1&resize=525%2C300 1.5x, https:\/\/i0.wp.com\/deltaimage.de\/wp\/wp-content\/uploads\/PANO_20250327_113047_1200.jpg?fit=1200%2C602&ssl=1&resize=700%2C400 2x, https:\/\/i0.wp.com\/deltaimage.de\/wp\/wp-content\/uploads\/PANO_20250327_113047_1200.jpg?fit=1200%2C602&ssl=1&resize=1050%2C600 3x"},"classes":[]},{"id":48341,"url":"https:\/\/deltaimage.de\/wp\/?p=48341","url_meta":{"origin":48809,"position":2},"title":"Dachauer Nachrichten: Dachauer Moos erleben &#8211; Jubil\u00e4umsausstellung der Kreisgruppe Dachau &#8230;","author":"EschbacP","date":"16. M\u00e4rz 2025","format":false,"excerpt":"Beitrag ver\u00f6ffentlicht in der Dachauer Rundschau vom 16.3.2025 --> Link zum e-Paper \u00a0 Dachauer Moos erleben Jubil\u00e4umsausstellung der Kreisgruppe Dachau im BUND Naturschutz im Dachauer Wasserturm ab 21. M\u00e4rz Dachau\u2013 Die Kreisgruppe Dachau im BUND Naturschutz in Bayern feiert dieses Jahr 50 Jahre der Gr\u00fcndung und zeigt das Wirken im\u2026","rel":"","context":"In &quot;Ausstellung \/ Sonderausstellung&quot;","block_context":{"text":"Ausstellung \/ Sonderausstellung","link":"https:\/\/deltaimage.de\/wp\/?cat=860"},"img":{"alt_text":"","src":"https:\/\/i0.wp.com\/deltaimage.de\/wp\/wp-content\/uploads\/Logo_Dachauer-Rundschau.jpg?fit=1200%2C448&ssl=1&resize=350%2C200","width":350,"height":200,"srcset":"https:\/\/i0.wp.com\/deltaimage.de\/wp\/wp-content\/uploads\/Logo_Dachauer-Rundschau.jpg?fit=1200%2C448&ssl=1&resize=350%2C200 1x, https:\/\/i0.wp.com\/deltaimage.de\/wp\/wp-content\/uploads\/Logo_Dachauer-Rundschau.jpg?fit=1200%2C448&ssl=1&resize=525%2C300 1.5x, https:\/\/i0.wp.com\/deltaimage.de\/wp\/wp-content\/uploads\/Logo_Dachauer-Rundschau.jpg?fit=1200%2C448&ssl=1&resize=700%2C400 2x, https:\/\/i0.wp.com\/deltaimage.de\/wp\/wp-content\/uploads\/Logo_Dachauer-Rundschau.jpg?fit=1200%2C448&ssl=1&resize=1050%2C600 3x"},"classes":[]},{"id":48725,"url":"https:\/\/deltaimage.de\/wp\/?p=48725","url_meta":{"origin":48809,"position":3},"title":"Die naturvertr\u00e4gliche Form der Landschaftspflege im BUND Naturschutz: Heinz Gibowsky Kreisgruppe Dachau","author":"EschbacP","date":"29. M\u00e4rz 2025","format":false,"excerpt":"Die Kreisgruppe Dachau im BUND Naturschutz in Bayern e. V. hat 100 Hektar Naturfl\u00e4che in der Landschaftspflege im Landkreis Dachau (und im Fu\u00dfbergmoos). Wie die Kreisgruppe mit ehrenamtlichen LandschaftspflegerInnen in der Kreisgruppe und den 12 Ortsgruppen\u00a0dies technisch und logistisch machen erz\u00e4hlte Heinz Gibowsky von der Kreisgruppe Dachau in seinem Vortrag.\u2026","rel":"","context":"In &quot;Dachauer Land&quot;","block_context":{"text":"Dachauer Land","link":"https:\/\/deltaimage.de\/wp\/?cat=3010"},"img":{"alt_text":"","src":"https:\/\/i0.wp.com\/deltaimage.de\/wp\/wp-content\/uploads\/PE1S0019_1200-2.jpg?fit=1200%2C450&ssl=1&resize=350%2C200","width":350,"height":200,"srcset":"https:\/\/i0.wp.com\/deltaimage.de\/wp\/wp-content\/uploads\/PE1S0019_1200-2.jpg?fit=1200%2C450&ssl=1&resize=350%2C200 1x, https:\/\/i0.wp.com\/deltaimage.de\/wp\/wp-content\/uploads\/PE1S0019_1200-2.jpg?fit=1200%2C450&ssl=1&resize=525%2C300 1.5x, https:\/\/i0.wp.com\/deltaimage.de\/wp\/wp-content\/uploads\/PE1S0019_1200-2.jpg?fit=1200%2C450&ssl=1&resize=700%2C400 2x, https:\/\/i0.wp.com\/deltaimage.de\/wp\/wp-content\/uploads\/PE1S0019_1200-2.jpg?fit=1200%2C450&ssl=1&resize=1050%2C600 3x"},"classes":[]},{"id":48046,"url":"https:\/\/deltaimage.de\/wp\/?p=48046","url_meta":{"origin":48809,"position":4},"title":"Fest- und Fotoausstellung zum Dachauer Moos im Dachauer Wasserturm \u00fcber 4 Wochen Ausstellungsdauer","author":"EschbacP","date":"3. M\u00e4rz 2025","format":false,"excerpt":"Wir pr\u00e4sentieren Ihnen die neue Fest- und Fotoausstellung im Dachauer Wasserturm von DELTA IMAGE (Paul Eschbach) in enger Zusammenarbeit mit der Kreisgruppe Dachau des BUND Naturschutz in Bayern e. V. Der Anlass dieser Ausstellung \u00fcber 5 Wochenenden ist das 50-j\u00e4hrige Bestehen der Kreisgruppe von 1975 bis 2025. Solch ein Jubil\u00e4um\u2026","rel":"","context":"In &quot;Ausstellung \/ Sonderausstellung&quot;","block_context":{"text":"Ausstellung \/ Sonderausstellung","link":"https:\/\/deltaimage.de\/wp\/?cat=860"},"img":{"alt_text":"","src":"https:\/\/i0.wp.com\/deltaimage.de\/wp\/wp-content\/uploads\/IMG_20250307_095011_1200.jpg?fit=1200%2C450&ssl=1&resize=350%2C200","width":350,"height":200,"srcset":"https:\/\/i0.wp.com\/deltaimage.de\/wp\/wp-content\/uploads\/IMG_20250307_095011_1200.jpg?fit=1200%2C450&ssl=1&resize=350%2C200 1x, https:\/\/i0.wp.com\/deltaimage.de\/wp\/wp-content\/uploads\/IMG_20250307_095011_1200.jpg?fit=1200%2C450&ssl=1&resize=525%2C300 1.5x, https:\/\/i0.wp.com\/deltaimage.de\/wp\/wp-content\/uploads\/IMG_20250307_095011_1200.jpg?fit=1200%2C450&ssl=1&resize=700%2C400 2x, https:\/\/i0.wp.com\/deltaimage.de\/wp\/wp-content\/uploads\/IMG_20250307_095011_1200.jpg?fit=1200%2C450&ssl=1&resize=1050%2C600 3x"},"classes":[]},{"id":48303,"url":"https:\/\/deltaimage.de\/wp\/?p=48303","url_meta":{"origin":48809,"position":5},"title":"Schlei\u00dfheimer Zeitung: 50 Jahre BUND Naturschutz: Natur- und Moosschutz im Dachauer Moos","author":"EschbacP","date":"13. M\u00e4rz 2025","format":false,"excerpt":"Die Schlei\u00dfheimer Zeitung berichtet \u00fcber die Fest- und Foto-Ausstellung im Dachauer Wasserturm. --> Link 50 Jahre BUND Naturschutz: Natur- und Moosschutz im Dachauer Moos Jubil\u00e4ums-Ausstellung im Dachauer Wasserturm mit Fotos von Paul Eschbach Die\u00a0Kreisgruppe Dachau\u00a0des\u00a0BUND Naturschutz in Bayern e. V.\u00a0feiert im Jahr 2025 das 50-j\u00e4hrige Bestehen 1975 \u2014 2025 mit\u2026","rel":"","context":"In &quot;Ausstellung \/ Sonderausstellung&quot;","block_context":{"text":"Ausstellung \/ Sonderausstellung","link":"https:\/\/deltaimage.de\/wp\/?cat=860"},"img":{"alt_text":"","src":"https:\/\/i0.wp.com\/deltaimage.de\/wp\/wp-content\/uploads\/Logo_Schleissheimer-Zeitung-e1726945612862.jpg?fit=890%2C334&ssl=1&resize=350%2C200","width":350,"height":200,"srcset":"https:\/\/i0.wp.com\/deltaimage.de\/wp\/wp-content\/uploads\/Logo_Schleissheimer-Zeitung-e1726945612862.jpg?fit=890%2C334&ssl=1&resize=350%2C200 1x, https:\/\/i0.wp.com\/deltaimage.de\/wp\/wp-content\/uploads\/Logo_Schleissheimer-Zeitung-e1726945612862.jpg?fit=890%2C334&ssl=1&resize=525%2C300 1.5x, https:\/\/i0.wp.com\/deltaimage.de\/wp\/wp-content\/uploads\/Logo_Schleissheimer-Zeitung-e1726945612862.jpg?fit=890%2C334&ssl=1&resize=700%2C400 2x"},"classes":[]}],"jetpack_sharing_enabled":true,"_links":{"self":[{"href":"https:\/\/deltaimage.de\/wp\/index.php?rest_route=\/wp\/v2\/posts\/48809","targetHints":{"allow":["GET"]}}],"collection":[{"href":"https:\/\/deltaimage.de\/wp\/index.php?rest_route=\/wp\/v2\/posts"}],"about":[{"href":"https:\/\/deltaimage.de\/wp\/index.php?rest_route=\/wp\/v2\/types\/post"}],"author":[{"embeddable":true,"href":"https:\/\/deltaimage.de\/wp\/index.php?rest_route=\/wp\/v2\/users\/1"}],"replies":[{"embeddable":true,"href":"https:\/\/deltaimage.de\/wp\/index.php?rest_route=%2Fwp%2Fv2%2Fcomments&post=48809"}],"version-history":[{"count":5,"href":"https:\/\/deltaimage.de\/wp\/index.php?rest_route=\/wp\/v2\/posts\/48809\/revisions"}],"predecessor-version":[{"id":51851,"href":"https:\/\/deltaimage.de\/wp\/index.php?rest_route=\/wp\/v2\/posts\/48809\/revisions\/51851"}],"wp:featuredmedia":[{"embeddable":true,"href":"https:\/\/deltaimage.de\/wp\/index.php?rest_route=\/wp\/v2\/media\/48811"}],"wp:attachment":[{"href":"https:\/\/deltaimage.de\/wp\/index.php?rest_route=%2Fwp%2Fv2%2Fmedia&parent=48809"}],"wp:term":[{"taxonomy":"category","embeddable":true,"href":"https:\/\/deltaimage.de\/wp\/index.php?rest_route=%2Fwp%2Fv2%2Fcategories&post=48809"},{"taxonomy":"post_tag","embeddable":true,"href":"https:\/\/deltaimage.de\/wp\/index.php?rest_route=%2Fwp%2Fv2%2Ftags&post=48809"}],"curies":[{"name":"wp","href":"https:\/\/api.w.org\/{rel}","templated":true}]}}