{"id":48815,"date":"2025-04-05T21:04:24","date_gmt":"2025-04-05T19:04:24","guid":{"rendered":"https:\/\/deltaimage.de\/wp\/?p=48815"},"modified":"2025-08-28T19:50:20","modified_gmt":"2025-08-28T17:50:20","slug":"abenteuer-wildes-europa-naturfotograf-erich-kuchling-im-wasserturm-mit-seiner-multivisions-show","status":"publish","type":"post","link":"https:\/\/deltaimage.de\/wp\/?p=48815","title":{"rendered":"Abenteuer Wildes Europa: Naturfotograf Erich Kuchling im Wasserturm mit seiner Multivisions-Show"},"content":{"rendered":"<p><img data-recalc-dims=\"1\" loading=\"lazy\" decoding=\"async\" data-attachment-id=\"47654\" data-permalink=\"https:\/\/deltaimage.de\/wp\/?attachment_id=47654\" data-orig-file=\"https:\/\/i0.wp.com\/deltaimage.de\/wp\/wp-content\/uploads\/50JahreDachau-BN.jpg?fit=500%2C600&amp;ssl=1\" data-orig-size=\"500,600\" data-comments-opened=\"1\" data-image-meta=\"{&quot;aperture&quot;:&quot;0&quot;,&quot;credit&quot;:&quot;&quot;,&quot;camera&quot;:&quot;&quot;,&quot;caption&quot;:&quot;&quot;,&quot;created_timestamp&quot;:&quot;0&quot;,&quot;copyright&quot;:&quot;&quot;,&quot;focal_length&quot;:&quot;0&quot;,&quot;iso&quot;:&quot;0&quot;,&quot;shutter_speed&quot;:&quot;0&quot;,&quot;title&quot;:&quot;&quot;,&quot;orientation&quot;:&quot;0&quot;}\" data-image-title=\"50JahreDachau-BN\" data-image-description=\"\" data-image-caption=\"\" data-large-file=\"https:\/\/i0.wp.com\/deltaimage.de\/wp\/wp-content\/uploads\/50JahreDachau-BN.jpg?fit=500%2C600&amp;ssl=1\" class=\"wp-image-47654 size-thumbnail alignright\" src=\"https:\/\/i0.wp.com\/deltaimage.de\/wp\/wp-content\/uploads\/50JahreDachau-BN.jpg?resize=167%2C200&#038;ssl=1\" alt=\"\" width=\"167\" height=\"200\" srcset=\"https:\/\/i0.wp.com\/deltaimage.de\/wp\/wp-content\/uploads\/50JahreDachau-BN.jpg?resize=167%2C200&amp;ssl=1 167w, https:\/\/i0.wp.com\/deltaimage.de\/wp\/wp-content\/uploads\/50JahreDachau-BN.jpg?resize=333%2C400&amp;ssl=1 333w, https:\/\/i0.wp.com\/deltaimage.de\/wp\/wp-content\/uploads\/50JahreDachau-BN.jpg?w=500&amp;ssl=1 500w\" sizes=\"auto, (max-width: 167px) 100vw, 167px\" \/>Auf der<strong> Veranstaltungsb\u00fchne<\/strong> im <strong>Dachauer Wasserturm<\/strong> w\u00fcnschte ich mir lebendige Vortr\u00e4ge \u00fcber Themen der Natur, die eine Beziehung zum <strong>Dachauer Moos<\/strong> haben. Nicht nur statische Bilder, Infotafeln und Roll-Ups sollen die Fest- und Foto-Ausstellung ausmachen, sondern im besonderen lebendige Bilder und die Diskussionen zwischen den BesucherInnen \u00fcber Natur-relevante Themen. Dazu holen wir uns einige ganz hervorragende Fotografen auf die Veranstaltungsb\u00fchne, um uns ihre fotografische Sicht auf die Sch\u00f6nheiten der Natur f\u00fcr uns aufzubereiten.<\/p>\n<p>Der vielfach ausgezeichnete und pr\u00e4mierte<strong> Naturfotograf Erich Kuchling<\/strong> ist seit vielen Jahren t\u00e4tig hinter den Kulissen im nicht weit entfernten <strong>Naturfototagen F\u00fcrstenfeld in F\u00fcrstenfeldbruck<\/strong> bei M\u00fcnchen.<\/p>\n<p>&nbsp;<\/p>\n<h1>Erich Kuchling: Multivisions-Show &#8222;Wildes Abenteuer Europa&#8220;<\/h1>\n<p>Im Rahmen der\u00a0<strong>Fest- und Foto-Ausstellung<\/strong>\u00a0im\u00a0<a href=\"https:\/\/dachauerwasserturm.de\/\"><strong>Dachauer Wasserturm<\/strong><\/a>\u00a0zum Thema:<\/p>\n<h2>\u201e50 Jahre Natur- und Moosschutz im Dachauer Moos\u201c<\/h2>\n<p>informiert die\u00a0<strong>Kreisgruppe Dachau<\/strong>\u00a0im BN \u00fcber viele Aspekte der Arbeiten im\u00a0<strong>Landkreis Dachau<\/strong>. Zum 50-j\u00e4hrigen Bestehen der Kreisgruppe stellt der BN mit der\u00a0<strong>Kreisgruppe Dachau<\/strong>\u00a0in das Schaufenster der \u00d6ffentlichkeit und informiert im historischen Wasserturm auf vier Stockwerken die BesucherInnen und die \u00d6ffentlichkeit.<\/p>\n<p><img data-recalc-dims=\"1\" loading=\"lazy\" decoding=\"async\" data-attachment-id=\"48820\" data-permalink=\"https:\/\/deltaimage.de\/wp\/?attachment_id=48820#main\" data-orig-file=\"https:\/\/i0.wp.com\/deltaimage.de\/wp\/wp-content\/uploads\/PE1S0014_900-2-1.jpg?fit=890%2C593&amp;ssl=1\" data-orig-size=\"890,593\" data-comments-opened=\"1\" data-image-meta=\"{&quot;aperture&quot;:&quot;2.2&quot;,&quot;credit&quot;:&quot;Paul Eschbach&quot;,&quot;camera&quot;:&quot;Canon EOS-1Ds Mark III&quot;,&quot;caption&quot;:&quot;&quot;,&quot;created_timestamp&quot;:&quot;1743867024&quot;,&quot;copyright&quot;:&quot;&quot;,&quot;focal_length&quot;:&quot;24&quot;,&quot;iso&quot;:&quot;1600&quot;,&quot;shutter_speed&quot;:&quot;0.0008&quot;,&quot;title&quot;:&quot;&quot;,&quot;orientation&quot;:&quot;0&quot;}\" data-image-title=\"PE1S0014_900-2\" data-image-description=\"\" data-image-caption=\"\" data-large-file=\"https:\/\/i0.wp.com\/deltaimage.de\/wp\/wp-content\/uploads\/PE1S0014_900-2-1.jpg?fit=890%2C593&amp;ssl=1\" class=\"aligncenter size-full wp-image-48820\" src=\"https:\/\/i0.wp.com\/deltaimage.de\/wp\/wp-content\/uploads\/PE1S0014_900-2-1.jpg?resize=890%2C593&#038;ssl=1\" alt=\"\" width=\"890\" height=\"593\" srcset=\"https:\/\/i0.wp.com\/deltaimage.de\/wp\/wp-content\/uploads\/PE1S0014_900-2-1.jpg?w=890&amp;ssl=1 890w, https:\/\/i0.wp.com\/deltaimage.de\/wp\/wp-content\/uploads\/PE1S0014_900-2-1.jpg?resize=300%2C200&amp;ssl=1 300w, https:\/\/i0.wp.com\/deltaimage.de\/wp\/wp-content\/uploads\/PE1S0014_900-2-1.jpg?resize=600%2C400&amp;ssl=1 600w, https:\/\/i0.wp.com\/deltaimage.de\/wp\/wp-content\/uploads\/PE1S0014_900-2-1.jpg?resize=200%2C133&amp;ssl=1 200w\" sizes=\"auto, (max-width: 890px) 100vw, 890px\" \/><\/p>\n<p>Als ein viertes Element dieser\u00a0<strong>Gesamtausstellung<\/strong>\u00a0ist im vierten Stock \u2013 dem Dachgarten \u2013 ist eine\u00a0<strong>Veranstaltungsb\u00fchne<\/strong>\u00a0f\u00fcr abwechslungsreiche Vortr\u00e4ge, Pr\u00e4sentationen und Multimedia-Vortr\u00e4ge unterschiedlicher Formate aufgebaut worden. Betreut wird die Veranstaltungsb\u00fchne vom Projektleiter\u00a0<strong>Paul Eschbach<\/strong>.<\/p>\n<p>&nbsp;<\/p>\n<h2>Termine auf der Vortragsb\u00fchne im vierten Stock des Dachauer Wasserturms<\/h2>\n<p><span id=\"tablepress-11-description\" class=\"tablepress-table-description tablepress-table-description-id-11\">\u00dcbersicht der Veranstaltungstermine auf der Veranstaltungsb\u00fchne im 4. Stockwerk des Dachauer Wasserturms. Moderation und Technikbedienung durch Paul Eschbach.<\/span><\/p>\n<div id=\"tablepress-11_wrapper\" class=\"dt-container dt-empty-footer\">\n<div class=\"dt-layout-row\"><span id=\"tablepress-11-description\" class=\"tablepress-table-description tablepress-table-description-id-11\">\u00dcbersicht der Veranstaltungstermine auf der Veranstaltungsb\u00fchne im 4. Stockwerk des Dachauer Wasserturms. Moderation und Technikbedienung durch Paul Eschbach.<\/span>\n\n<table id=\"tablepress-11\" class=\"tablepress tablepress-id-11\" aria-describedby=\"tablepress-11-description\">\n<thead>\n<tr class=\"row-1\">\n\t<th class=\"column-1\">Wochentag<\/th><th class=\"column-2\">Termin<\/th><th class=\"column-3\">Uhrzeit<\/th><th class=\"column-4\">Thema<\/th><th class=\"column-5\">ReferentIn<\/th><th class=\"column-6\">Typ<\/th><td class=\"column-7\"><\/td><td class=\"column-8\"><\/td>\n<\/tr>\n<\/thead>\n<tbody class=\"row-hover\">\n<\/tbody>\n<\/table>\n<!-- #tablepress-11 from cache --><\/div>\n<div class=\"dt-autosize\"><\/div>\n<\/div>\n<p>&nbsp;<\/p>\n<h2>Erich Kuchling auf der Veranstaltungsb\u00fchne im vierten Stockwerk<\/h2>\n<p>Ich kenne Erich seit dem Jahr 2016 bei den Naturfototagen F\u00fcrstenfeld in F\u00fcrstenfeldbruck bei M\u00fcnchen &#8211; dem gr\u00f6\u00dften Naturfotofestival in S\u00fcddeutschland. Ein weiterer Grund, Erich zu uns auf die Veranstaltungsb\u00fchne im Dachauer Wasserturm einzuladen und seine hervorragenden Bilder in seinem Multivisions-Vortrag &#8222;Wildes Abenteuer Europa&#8220; zu genie\u00dfen.<\/p>\n<p><img data-recalc-dims=\"1\" loading=\"lazy\" decoding=\"async\" data-attachment-id=\"48817\" data-permalink=\"https:\/\/deltaimage.de\/wp\/?attachment_id=48817#main\" data-orig-file=\"https:\/\/i0.wp.com\/deltaimage.de\/wp\/wp-content\/uploads\/PANO_20250405_153830-scaled.jpg?fit=2560%2C965&amp;ssl=1\" data-orig-size=\"2560,965\" data-comments-opened=\"1\" data-image-meta=\"{&quot;aperture&quot;:&quot;0&quot;,&quot;credit&quot;:&quot;&quot;,&quot;camera&quot;:&quot;2201116SG&quot;,&quot;caption&quot;:&quot;&quot;,&quot;created_timestamp&quot;:&quot;0&quot;,&quot;copyright&quot;:&quot;&quot;,&quot;focal_length&quot;:&quot;0&quot;,&quot;iso&quot;:&quot;0&quot;,&quot;shutter_speed&quot;:&quot;0&quot;,&quot;title&quot;:&quot;&quot;,&quot;orientation&quot;:&quot;1&quot;}\" data-image-title=\"PANO_20250405_153830\" data-image-description=\"\" data-image-caption=\"\" data-large-file=\"https:\/\/i0.wp.com\/deltaimage.de\/wp\/wp-content\/uploads\/PANO_20250405_153830-scaled.jpg?fit=890%2C335&amp;ssl=1\" class=\"aligncenter size-full wp-image-48817\" src=\"https:\/\/i0.wp.com\/deltaimage.de\/wp\/wp-content\/uploads\/PANO_20250405_153830-scaled.jpg?resize=890%2C335&#038;ssl=1\" alt=\"\" width=\"890\" height=\"335\" srcset=\"https:\/\/i0.wp.com\/deltaimage.de\/wp\/wp-content\/uploads\/PANO_20250405_153830-scaled.jpg?w=2560&amp;ssl=1 2560w, https:\/\/i0.wp.com\/deltaimage.de\/wp\/wp-content\/uploads\/PANO_20250405_153830-scaled.jpg?resize=900%2C339&amp;ssl=1 900w, https:\/\/i0.wp.com\/deltaimage.de\/wp\/wp-content\/uploads\/PANO_20250405_153830-scaled.jpg?resize=1200%2C452&amp;ssl=1 1200w, https:\/\/i0.wp.com\/deltaimage.de\/wp\/wp-content\/uploads\/PANO_20250405_153830-scaled.jpg?resize=300%2C113&amp;ssl=1 300w, https:\/\/i0.wp.com\/deltaimage.de\/wp\/wp-content\/uploads\/PANO_20250405_153830-scaled.jpg?resize=1536%2C579&amp;ssl=1 1536w, https:\/\/i0.wp.com\/deltaimage.de\/wp\/wp-content\/uploads\/PANO_20250405_153830-scaled.jpg?resize=2048%2C772&amp;ssl=1 2048w, https:\/\/i0.wp.com\/deltaimage.de\/wp\/wp-content\/uploads\/PANO_20250405_153830-scaled.jpg?resize=1061%2C400&amp;ssl=1 1061w, https:\/\/i0.wp.com\/deltaimage.de\/wp\/wp-content\/uploads\/PANO_20250405_153830-scaled.jpg?w=1780&amp;ssl=1 1780w\" sizes=\"auto, (max-width: 890px) 100vw, 890px\" \/><\/p>\n<blockquote>\n<pre>Und wir wurden absolut nicht entt\u00e4uscht,\r\ndie Empfehlung f\u00fcr seinen Vortrag war noch ganz viel untertrieben.<\/pre>\n<\/blockquote>\n<p>Erich f\u00fchrte uns durch viele Gegenden in Bayern, in Deutschland und in Europa &#8211; immer auf der Suche nach ganz besonderen Bildmotiven in der wilden Natur. Dabei thematisiert es viele landschaftlichen Charakteristikas im Dachauer Moos:<\/p>\n<ul>\n<li>Graslandschaft<\/li>\n<li>Wasser<\/li>\n<li>W\u00e4lder<\/li>\n<li>Moore<\/li>\n<li>Herbst<\/li>\n<li>Winter<\/li>\n<\/ul>\n<p>und vieles andere auch mit dabei.<\/p>\n<div id=\"attachment_48735\" class=\"wp-caption aligncenter\">\n<p><img data-recalc-dims=\"1\" loading=\"lazy\" decoding=\"async\" data-attachment-id=\"48819\" data-permalink=\"https:\/\/deltaimage.de\/wp\/?attachment_id=48819#main\" data-orig-file=\"https:\/\/i0.wp.com\/deltaimage.de\/wp\/wp-content\/uploads\/PE1S0015_900.jpg?fit=890%2C593&amp;ssl=1\" data-orig-size=\"890,593\" data-comments-opened=\"1\" data-image-meta=\"{&quot;aperture&quot;:&quot;2.2&quot;,&quot;credit&quot;:&quot;Paul Eschbach&quot;,&quot;camera&quot;:&quot;Canon EOS-1Ds Mark III&quot;,&quot;caption&quot;:&quot;&quot;,&quot;created_timestamp&quot;:&quot;1743867042&quot;,&quot;copyright&quot;:&quot;&quot;,&quot;focal_length&quot;:&quot;24&quot;,&quot;iso&quot;:&quot;1600&quot;,&quot;shutter_speed&quot;:&quot;0.01&quot;,&quot;title&quot;:&quot;&quot;,&quot;orientation&quot;:&quot;0&quot;}\" data-image-title=\"PE1S0015_900\" data-image-description=\"\" data-image-caption=\"\" data-large-file=\"https:\/\/i0.wp.com\/deltaimage.de\/wp\/wp-content\/uploads\/PE1S0015_900.jpg?fit=890%2C593&amp;ssl=1\" class=\"aligncenter size-full wp-image-48819\" src=\"https:\/\/i0.wp.com\/deltaimage.de\/wp\/wp-content\/uploads\/PE1S0015_900.jpg?resize=890%2C593&#038;ssl=1\" alt=\"\" width=\"890\" height=\"593\" srcset=\"https:\/\/i0.wp.com\/deltaimage.de\/wp\/wp-content\/uploads\/PE1S0015_900.jpg?w=890&amp;ssl=1 890w, https:\/\/i0.wp.com\/deltaimage.de\/wp\/wp-content\/uploads\/PE1S0015_900.jpg?resize=300%2C200&amp;ssl=1 300w, https:\/\/i0.wp.com\/deltaimage.de\/wp\/wp-content\/uploads\/PE1S0015_900.jpg?resize=600%2C400&amp;ssl=1 600w, https:\/\/i0.wp.com\/deltaimage.de\/wp\/wp-content\/uploads\/PE1S0015_900.jpg?resize=200%2C133&amp;ssl=1 200w\" sizes=\"auto, (max-width: 890px) 100vw, 890px\" \/><\/p>\n<p>In 60 Minuten zeigt uns der <strong>Naturfotograf Erich Kuchling<\/strong>, dass die sch\u00f6nsten Bildmotive bei ihm immer gro\u00df und hell in seinem Kamera-Sucher stattfinden.<\/p>\n<\/div>\n<p><img data-recalc-dims=\"1\" loading=\"lazy\" decoding=\"async\" data-attachment-id=\"48212\" data-permalink=\"https:\/\/deltaimage.de\/wp\/?attachment_id=48212\" data-orig-file=\"https:\/\/i0.wp.com\/deltaimage.de\/wp\/wp-content\/uploads\/Plakat_Wasserturm_Kuchling.jpg?fit=1200%2C450&amp;ssl=1\" data-orig-size=\"1200,450\" data-comments-opened=\"1\" data-image-meta=\"{&quot;aperture&quot;:&quot;0&quot;,&quot;credit&quot;:&quot;&quot;,&quot;camera&quot;:&quot;&quot;,&quot;caption&quot;:&quot;&quot;,&quot;created_timestamp&quot;:&quot;0&quot;,&quot;copyright&quot;:&quot;&quot;,&quot;focal_length&quot;:&quot;0&quot;,&quot;iso&quot;:&quot;0&quot;,&quot;shutter_speed&quot;:&quot;0&quot;,&quot;title&quot;:&quot;&quot;,&quot;orientation&quot;:&quot;1&quot;}\" data-image-title=\"Plakat_Wasserturm_Kuchling\" data-image-description=\"\" data-image-caption=\"\" data-large-file=\"https:\/\/i0.wp.com\/deltaimage.de\/wp\/wp-content\/uploads\/Plakat_Wasserturm_Kuchling.jpg?fit=890%2C334&amp;ssl=1\" class=\"aligncenter size-full wp-image-48212\" src=\"https:\/\/i0.wp.com\/deltaimage.de\/wp\/wp-content\/uploads\/Plakat_Wasserturm_Kuchling.jpg?resize=890%2C334&#038;ssl=1\" alt=\"\" width=\"890\" height=\"334\" srcset=\"https:\/\/i0.wp.com\/deltaimage.de\/wp\/wp-content\/uploads\/Plakat_Wasserturm_Kuchling.jpg?w=1200&amp;ssl=1 1200w, https:\/\/i0.wp.com\/deltaimage.de\/wp\/wp-content\/uploads\/Plakat_Wasserturm_Kuchling.jpg?resize=900%2C338&amp;ssl=1 900w, https:\/\/i0.wp.com\/deltaimage.de\/wp\/wp-content\/uploads\/Plakat_Wasserturm_Kuchling.jpg?resize=300%2C113&amp;ssl=1 300w, https:\/\/i0.wp.com\/deltaimage.de\/wp\/wp-content\/uploads\/Plakat_Wasserturm_Kuchling.jpg?resize=1067%2C400&amp;ssl=1 1067w\" sizes=\"auto, (max-width: 890px) 100vw, 890px\" \/><\/p>\n","protected":false},"excerpt":{"rendered":"<p>Auf der Veranstaltungsb\u00fchne im Dachauer Wasserturm w\u00fcnschte ich mir lebendige Vortr\u00e4ge \u00fcber Themen der Natur, die eine Beziehung zum Dachauer Moos haben. Nicht nur statische Bilder, Infotafeln und Roll-Ups sollen [&hellip;]<\/p>\n","protected":false},"author":1,"featured_media":48824,"comment_status":"open","ping_status":"closed","sticky":false,"template":"","format":"standard","meta":{"wpupg_custom_link":[],"wpupg_custom_link_behaviour":["default"],"wpupg_custom_link_nofollow":["default"],"wpupg_custom_image":[],"wpupg_custom_image_id":[],"jetpack_post_was_ever_published":false,"footnotes":""},"categories":[3010,2523,3217,8,3800],"tags":[4150,4143,3681,4178,4171,4168,38,2160,4179],"class_list":["post-48815","post","type-post","status-publish","format-standard","has-post-thumbnail","hentry","category-dachauer-land","category-dachauer-moos","category-naturfotografie","category-news","category-projekt-dachauer-moos","tag-50-jahre-bund-naturschutz-in-bayern-kreisgruppe-dachau","tag-erich-kuchling","tag-kreisgruppe-dachau","tag-moosschutz","tag-multivisions-show","tag-naturfotograf","tag-naturschutz","tag-niedermoor","tag-wildes-abenteuer-europa"],"jetpack_featured_media_url":"https:\/\/i0.wp.com\/deltaimage.de\/wp\/wp-content\/uploads\/PE1S0022_1200-1.jpg?fit=1200%2C450&ssl=1","jetpack-related-posts":[{"id":48751,"url":"https:\/\/deltaimage.de\/wp\/?p=48751","url_meta":{"origin":48815,"position":0},"title":"Gro\u00dfartige Multivisions-Vortr\u00e4ge am Wochenende im Dachauer Wasserturm","author":"EschbacP","date":"31. M\u00e4rz 2025","format":false,"excerpt":"Am kommenden Wochenende, 4.April bis 6. April 2025 haben wir auf der Veranstaltungsb\u00fchne im vierten Stockwerk des Dachauer Wasserturm gleich drei besondere (und besonders gute) Vortr\u00e4ge f\u00fcr die BesucherInnen - nat\u00fcrlich kostenlos im Eintritt. \u00a0 Vortr\u00e4ge und Veranstaltungsb\u00fchne im Dachauer Wasserturm Im Dachgarten (Dachgescho\u00df des Dachauer Wasserturm) hat DELTA IMAGE\u2026","rel":"","context":"In &quot;Buch&quot;","block_context":{"text":"Buch","link":"https:\/\/deltaimage.de\/wp\/?cat=1189"},"img":{"alt_text":"","src":"https:\/\/i0.wp.com\/deltaimage.de\/wp\/wp-content\/uploads\/PE1X9954_1200.jpg?fit=1200%2C450&ssl=1&resize=350%2C200","width":350,"height":200,"srcset":"https:\/\/i0.wp.com\/deltaimage.de\/wp\/wp-content\/uploads\/PE1X9954_1200.jpg?fit=1200%2C450&ssl=1&resize=350%2C200 1x, https:\/\/i0.wp.com\/deltaimage.de\/wp\/wp-content\/uploads\/PE1X9954_1200.jpg?fit=1200%2C450&ssl=1&resize=525%2C300 1.5x, https:\/\/i0.wp.com\/deltaimage.de\/wp\/wp-content\/uploads\/PE1X9954_1200.jpg?fit=1200%2C450&ssl=1&resize=700%2C400 2x, https:\/\/i0.wp.com\/deltaimage.de\/wp\/wp-content\/uploads\/PE1X9954_1200.jpg?fit=1200%2C450&ssl=1&resize=1050%2C600 3x"},"classes":[]},{"id":49195,"url":"https:\/\/deltaimage.de\/wp\/?p=49195","url_meta":{"origin":48815,"position":1},"title":"Freude an der Fotografie: Paul Eschbach vier Wochen im Dachauer Wasserturm","author":"EschbacP","date":"1. Mai 2025","format":false,"excerpt":"Vier Wochen Foto-Ausstellung im Dachauer Wasserturm sind nun vor\u00fcber - fast wie im Flug. Sechzehn Tage Foto-Ausstellung mit vierzig gro\u00dfformatigen Natur- und Landschaftsfotos zum Dachauer Moos. \"Wo ist das Dachauer Moos heute noch zu finden?\" \u00a0 im Rahmen der Fest- und Foto-Ausstellung \"50 Jahre Natur- und Moosschutz im Dachauer Moos\",\u2026","rel":"","context":"In &quot;Buch&quot;","block_context":{"text":"Buch","link":"https:\/\/deltaimage.de\/wp\/?cat=1189"},"img":{"alt_text":"","src":"https:\/\/i0.wp.com\/deltaimage.de\/wp\/wp-content\/uploads\/ANDI0017_1200.jpg?fit=1200%2C450&ssl=1&resize=350%2C200","width":350,"height":200,"srcset":"https:\/\/i0.wp.com\/deltaimage.de\/wp\/wp-content\/uploads\/ANDI0017_1200.jpg?fit=1200%2C450&ssl=1&resize=350%2C200 1x, https:\/\/i0.wp.com\/deltaimage.de\/wp\/wp-content\/uploads\/ANDI0017_1200.jpg?fit=1200%2C450&ssl=1&resize=525%2C300 1.5x, https:\/\/i0.wp.com\/deltaimage.de\/wp\/wp-content\/uploads\/ANDI0017_1200.jpg?fit=1200%2C450&ssl=1&resize=700%2C400 2x, https:\/\/i0.wp.com\/deltaimage.de\/wp\/wp-content\/uploads\/ANDI0017_1200.jpg?fit=1200%2C450&ssl=1&resize=1050%2C600 3x"},"classes":[]},{"id":48873,"url":"https:\/\/deltaimage.de\/wp\/?p=48873","url_meta":{"origin":48815,"position":2},"title":"Themenvortrag Veranstaltungsb\u00fchne: Lydia Thiel zur Glonn-Regulierung vor 100 Jahren im Dachauer Wasserturm","author":"EschbacP","date":"14. April 2025","format":false,"excerpt":"Auf der Veranstaltungsb\u00fchne im Dachauer Wasserturm w\u00fcnschte ich mir lebendige Vortr\u00e4ge \u00fcber Themen der Natur, die eine Beziehung zum Dachauer Moos haben. Nicht nur statische Bilder, Infotafeln und Roll-Ups sollen die Fest- und Foto-Ausstellung ausmachen, sondern im besonderen lebendige Bilder und die Diskussionen zwischen den BesucherInnen \u00fcber Natur-relevante Themen. Dazu\u2026","rel":"","context":"In &quot;Dachauer Land&quot;","block_context":{"text":"Dachauer Land","link":"https:\/\/deltaimage.de\/wp\/?cat=3010"},"img":{"alt_text":"","src":"https:\/\/i0.wp.com\/deltaimage.de\/wp\/wp-content\/uploads\/IMG_20250413_171540_1200.jpg?fit=1200%2C450&ssl=1&resize=350%2C200","width":350,"height":200,"srcset":"https:\/\/i0.wp.com\/deltaimage.de\/wp\/wp-content\/uploads\/IMG_20250413_171540_1200.jpg?fit=1200%2C450&ssl=1&resize=350%2C200 1x, https:\/\/i0.wp.com\/deltaimage.de\/wp\/wp-content\/uploads\/IMG_20250413_171540_1200.jpg?fit=1200%2C450&ssl=1&resize=525%2C300 1.5x, https:\/\/i0.wp.com\/deltaimage.de\/wp\/wp-content\/uploads\/IMG_20250413_171540_1200.jpg?fit=1200%2C450&ssl=1&resize=700%2C400 2x, https:\/\/i0.wp.com\/deltaimage.de\/wp\/wp-content\/uploads\/IMG_20250413_171540_1200.jpg?fit=1200%2C450&ssl=1&resize=1050%2C600 3x"},"classes":[]},{"id":48874,"url":"https:\/\/deltaimage.de\/wp\/?p=48874","url_meta":{"origin":48815,"position":3},"title":"Themenvortrag Veranstaltungsb\u00fchne: Robert Rossa zur Entwicklung des Niedermoores im Dachauer Moos","author":"EschbacP","date":"14. April 2025","format":false,"excerpt":"Auf der Veranstaltungsb\u00fchne im Dachauer Wasserturm w\u00fcnschte ich mir lebendige Vortr\u00e4ge \u00fcber Themen der Natur, die eine Beziehung zum Dachauer Moos haben. Nicht nur statische Bilder, Infotafeln und Roll-Ups sollen die Fest- und Foto-Ausstellung ausmachen, sondern im besonderen lebendige Bilder und die Diskussionen zwischen den BesucherInnen \u00fcber Natur-relevante Themen. Dazu\u2026","rel":"","context":"In &quot;Dachauer Land&quot;","block_context":{"text":"Dachauer Land","link":"https:\/\/deltaimage.de\/wp\/?cat=3010"},"img":{"alt_text":"","src":"https:\/\/i0.wp.com\/deltaimage.de\/wp\/wp-content\/uploads\/IMG_20250413_183116_1200.jpg?fit=1200%2C450&ssl=1&resize=350%2C200","width":350,"height":200,"srcset":"https:\/\/i0.wp.com\/deltaimage.de\/wp\/wp-content\/uploads\/IMG_20250413_183116_1200.jpg?fit=1200%2C450&ssl=1&resize=350%2C200 1x, https:\/\/i0.wp.com\/deltaimage.de\/wp\/wp-content\/uploads\/IMG_20250413_183116_1200.jpg?fit=1200%2C450&ssl=1&resize=525%2C300 1.5x, https:\/\/i0.wp.com\/deltaimage.de\/wp\/wp-content\/uploads\/IMG_20250413_183116_1200.jpg?fit=1200%2C450&ssl=1&resize=700%2C400 2x, https:\/\/i0.wp.com\/deltaimage.de\/wp\/wp-content\/uploads\/IMG_20250413_183116_1200.jpg?fit=1200%2C450&ssl=1&resize=1050%2C600 3x"},"classes":[]},{"id":48725,"url":"https:\/\/deltaimage.de\/wp\/?p=48725","url_meta":{"origin":48815,"position":4},"title":"Die naturvertr\u00e4gliche Form der Landschaftspflege im BUND Naturschutz: Heinz Gibowsky Kreisgruppe Dachau","author":"EschbacP","date":"29. M\u00e4rz 2025","format":false,"excerpt":"Die Kreisgruppe Dachau im BUND Naturschutz in Bayern e. V. hat 100 Hektar Naturfl\u00e4che in der Landschaftspflege im Landkreis Dachau (und im Fu\u00dfbergmoos). Wie die Kreisgruppe mit ehrenamtlichen LandschaftspflegerInnen in der Kreisgruppe und den 12 Ortsgruppen\u00a0dies technisch und logistisch machen erz\u00e4hlte Heinz Gibowsky von der Kreisgruppe Dachau in seinem Vortrag.\u2026","rel":"","context":"In &quot;Dachauer Land&quot;","block_context":{"text":"Dachauer Land","link":"https:\/\/deltaimage.de\/wp\/?cat=3010"},"img":{"alt_text":"","src":"https:\/\/i0.wp.com\/deltaimage.de\/wp\/wp-content\/uploads\/PE1S0019_1200-2.jpg?fit=1200%2C450&ssl=1&resize=350%2C200","width":350,"height":200,"srcset":"https:\/\/i0.wp.com\/deltaimage.de\/wp\/wp-content\/uploads\/PE1S0019_1200-2.jpg?fit=1200%2C450&ssl=1&resize=350%2C200 1x, https:\/\/i0.wp.com\/deltaimage.de\/wp\/wp-content\/uploads\/PE1S0019_1200-2.jpg?fit=1200%2C450&ssl=1&resize=525%2C300 1.5x, https:\/\/i0.wp.com\/deltaimage.de\/wp\/wp-content\/uploads\/PE1S0019_1200-2.jpg?fit=1200%2C450&ssl=1&resize=700%2C400 2x, https:\/\/i0.wp.com\/deltaimage.de\/wp\/wp-content\/uploads\/PE1S0019_1200-2.jpg?fit=1200%2C450&ssl=1&resize=1050%2C600 3x"},"classes":[]},{"id":48046,"url":"https:\/\/deltaimage.de\/wp\/?p=48046","url_meta":{"origin":48815,"position":5},"title":"Fest- und Fotoausstellung zum Dachauer Moos im Dachauer Wasserturm \u00fcber 4 Wochen Ausstellungsdauer","author":"EschbacP","date":"3. M\u00e4rz 2025","format":false,"excerpt":"Wir pr\u00e4sentieren Ihnen die neue Fest- und Fotoausstellung im Dachauer Wasserturm von DELTA IMAGE (Paul Eschbach) in enger Zusammenarbeit mit der Kreisgruppe Dachau des BUND Naturschutz in Bayern e. V. Der Anlass dieser Ausstellung \u00fcber 5 Wochenenden ist das 50-j\u00e4hrige Bestehen der Kreisgruppe von 1975 bis 2025. Solch ein Jubil\u00e4um\u2026","rel":"","context":"In &quot;Ausstellung \/ Sonderausstellung&quot;","block_context":{"text":"Ausstellung \/ Sonderausstellung","link":"https:\/\/deltaimage.de\/wp\/?cat=860"},"img":{"alt_text":"","src":"https:\/\/i0.wp.com\/deltaimage.de\/wp\/wp-content\/uploads\/IMG_20250307_095011_1200.jpg?fit=1200%2C450&ssl=1&resize=350%2C200","width":350,"height":200,"srcset":"https:\/\/i0.wp.com\/deltaimage.de\/wp\/wp-content\/uploads\/IMG_20250307_095011_1200.jpg?fit=1200%2C450&ssl=1&resize=350%2C200 1x, https:\/\/i0.wp.com\/deltaimage.de\/wp\/wp-content\/uploads\/IMG_20250307_095011_1200.jpg?fit=1200%2C450&ssl=1&resize=525%2C300 1.5x, https:\/\/i0.wp.com\/deltaimage.de\/wp\/wp-content\/uploads\/IMG_20250307_095011_1200.jpg?fit=1200%2C450&ssl=1&resize=700%2C400 2x, https:\/\/i0.wp.com\/deltaimage.de\/wp\/wp-content\/uploads\/IMG_20250307_095011_1200.jpg?fit=1200%2C450&ssl=1&resize=1050%2C600 3x"},"classes":[]}],"jetpack_sharing_enabled":true,"_links":{"self":[{"href":"https:\/\/deltaimage.de\/wp\/index.php?rest_route=\/wp\/v2\/posts\/48815","targetHints":{"allow":["GET"]}}],"collection":[{"href":"https:\/\/deltaimage.de\/wp\/index.php?rest_route=\/wp\/v2\/posts"}],"about":[{"href":"https:\/\/deltaimage.de\/wp\/index.php?rest_route=\/wp\/v2\/types\/post"}],"author":[{"embeddable":true,"href":"https:\/\/deltaimage.de\/wp\/index.php?rest_route=\/wp\/v2\/users\/1"}],"replies":[{"embeddable":true,"href":"https:\/\/deltaimage.de\/wp\/index.php?rest_route=%2Fwp%2Fv2%2Fcomments&post=48815"}],"version-history":[{"count":8,"href":"https:\/\/deltaimage.de\/wp\/index.php?rest_route=\/wp\/v2\/posts\/48815\/revisions"}],"predecessor-version":[{"id":51852,"href":"https:\/\/deltaimage.de\/wp\/index.php?rest_route=\/wp\/v2\/posts\/48815\/revisions\/51852"}],"wp:featuredmedia":[{"embeddable":true,"href":"https:\/\/deltaimage.de\/wp\/index.php?rest_route=\/wp\/v2\/media\/48824"}],"wp:attachment":[{"href":"https:\/\/deltaimage.de\/wp\/index.php?rest_route=%2Fwp%2Fv2%2Fmedia&parent=48815"}],"wp:term":[{"taxonomy":"category","embeddable":true,"href":"https:\/\/deltaimage.de\/wp\/index.php?rest_route=%2Fwp%2Fv2%2Fcategories&post=48815"},{"taxonomy":"post_tag","embeddable":true,"href":"https:\/\/deltaimage.de\/wp\/index.php?rest_route=%2Fwp%2Fv2%2Ftags&post=48815"}],"curies":[{"name":"wp","href":"https:\/\/api.w.org\/{rel}","templated":true}]}}