{"id":49103,"date":"2025-04-21T12:42:54","date_gmt":"2025-04-21T10:42:54","guid":{"rendered":"https:\/\/deltaimage.de\/wp\/?p=49103"},"modified":"2025-08-28T20:24:49","modified_gmt":"2025-08-28T18:24:49","slug":"heute-endet-die-ausstellung-von-paul-eschbach-im-dachauer-wasserturm","status":"publish","type":"post","link":"https:\/\/deltaimage.de\/wp\/?p=49103","title":{"rendered":"Heute endet die Ausstellung von Paul Eschbach im Dachauer Wasserturm"},"content":{"rendered":"<p><a href=\"https:\/\/deltaimage.de\/wp\/?page_id=40118\"><img data-recalc-dims=\"1\" loading=\"lazy\" decoding=\"async\" data-attachment-id=\"40115\" data-permalink=\"https:\/\/deltaimage.de\/wp\/?attachment_id=40115#main\" data-orig-file=\"https:\/\/i0.wp.com\/deltaimage.de\/wp\/wp-content\/uploads\/Stempel_DELTA-IMAGE_Quality.png?fit=961%2C960&amp;ssl=1\" data-orig-size=\"961,960\" data-comments-opened=\"1\" data-image-meta=\"{&quot;aperture&quot;:&quot;0&quot;,&quot;credit&quot;:&quot;&quot;,&quot;camera&quot;:&quot;&quot;,&quot;caption&quot;:&quot;&quot;,&quot;created_timestamp&quot;:&quot;0&quot;,&quot;copyright&quot;:&quot;&quot;,&quot;focal_length&quot;:&quot;0&quot;,&quot;iso&quot;:&quot;0&quot;,&quot;shutter_speed&quot;:&quot;0&quot;,&quot;title&quot;:&quot;&quot;,&quot;orientation&quot;:&quot;0&quot;}\" data-image-title=\"Stempel_DELTA IMAGE_Quality\" data-image-description=\"\" data-image-caption=\"\" data-large-file=\"https:\/\/i0.wp.com\/deltaimage.de\/wp\/wp-content\/uploads\/Stempel_DELTA-IMAGE_Quality.png?fit=890%2C889&amp;ssl=1\" class=\"alignright wp-image-40115 size-thumbnail\" src=\"https:\/\/i0.wp.com\/deltaimage.de\/wp\/wp-content\/uploads\/Stempel_DELTA-IMAGE_Quality.png?resize=200%2C200&#038;ssl=1\" alt=\"\" width=\"200\" height=\"200\" srcset=\"https:\/\/i0.wp.com\/deltaimage.de\/wp\/wp-content\/uploads\/Stempel_DELTA-IMAGE_Quality.png?resize=200%2C200&amp;ssl=1 200w, https:\/\/i0.wp.com\/deltaimage.de\/wp\/wp-content\/uploads\/Stempel_DELTA-IMAGE_Quality.png?resize=601%2C600&amp;ssl=1 601w, https:\/\/i0.wp.com\/deltaimage.de\/wp\/wp-content\/uploads\/Stempel_DELTA-IMAGE_Quality.png?resize=594%2C593&amp;ssl=1 594w, https:\/\/i0.wp.com\/deltaimage.de\/wp\/wp-content\/uploads\/Stempel_DELTA-IMAGE_Quality.png?resize=450%2C450&amp;ssl=1 450w, https:\/\/i0.wp.com\/deltaimage.de\/wp\/wp-content\/uploads\/Stempel_DELTA-IMAGE_Quality.png?resize=75%2C75&amp;ssl=1 75w, https:\/\/i0.wp.com\/deltaimage.de\/wp\/wp-content\/uploads\/Stempel_DELTA-IMAGE_Quality.png?resize=400%2C400&amp;ssl=1 400w, https:\/\/i0.wp.com\/deltaimage.de\/wp\/wp-content\/uploads\/Stempel_DELTA-IMAGE_Quality.png?resize=50%2C50&amp;ssl=1 50w, https:\/\/i0.wp.com\/deltaimage.de\/wp\/wp-content\/uploads\/Stempel_DELTA-IMAGE_Quality.png?w=961&amp;ssl=1 961w\" sizes=\"auto, (max-width: 200px) 100vw, 200px\" \/><\/a>Heute endet die <strong>Fest- und Foto-Ausstellung<\/strong> im <a href=\"https:\/\/dachauerwasserturm.de\"><strong>Dachauer Wasserturm<\/strong><\/a> nach vier Wochen Ausstellungsdauer, an 5 verl\u00e4ngerten Wochenenden, mit insgesamt 16 Ausstellungstagen. Als <strong>Fotograf<\/strong> und Ausstellungsleiter habe ich es mir nicht nehmen lassen, an allen Ausstellungstagen im <strong>Wasserturm<\/strong> selbst vor Ort zu sein. Mit dem Turmschl\u00fcssel ausgestattet war es mir eine Freude, an jedem Ausstellungstag den Wasserturm aufzuschlie\u00dfen und am Abend auch wieder sicher zu verschlie\u00dfen.<\/p>\n<p><img data-recalc-dims=\"1\" loading=\"lazy\" decoding=\"async\" data-attachment-id=\"48619\" data-permalink=\"https:\/\/deltaimage.de\/wp\/?attachment_id=48619#main\" data-orig-file=\"https:\/\/i0.wp.com\/deltaimage.de\/wp\/wp-content\/uploads\/IMG_7954_900.jpg?fit=890%2C366&amp;ssl=1\" data-orig-size=\"890,366\" data-comments-opened=\"1\" data-image-meta=\"{&quot;aperture&quot;:&quot;5&quot;,&quot;credit&quot;:&quot;PAUL ESCHBACH&quot;,&quot;camera&quot;:&quot;Canon EOS 80D&quot;,&quot;caption&quot;:&quot;&quot;,&quot;created_timestamp&quot;:&quot;1743079124&quot;,&quot;copyright&quot;:&quot;Paul Eschbach @ DELTA IMAGE&quot;,&quot;focal_length&quot;:&quot;28&quot;,&quot;iso&quot;:&quot;800&quot;,&quot;shutter_speed&quot;:&quot;0.002&quot;,&quot;title&quot;:&quot;&quot;,&quot;orientation&quot;:&quot;0&quot;}\" data-image-title=\"IMG_7954_900\" data-image-description=\"\" data-image-caption=\"\" data-large-file=\"https:\/\/i0.wp.com\/deltaimage.de\/wp\/wp-content\/uploads\/IMG_7954_900.jpg?fit=890%2C366&amp;ssl=1\" class=\"aligncenter size-full wp-image-48619\" src=\"https:\/\/i0.wp.com\/deltaimage.de\/wp\/wp-content\/uploads\/IMG_7954_900.jpg?resize=890%2C366&#038;ssl=1\" alt=\"\" width=\"890\" height=\"366\" srcset=\"https:\/\/i0.wp.com\/deltaimage.de\/wp\/wp-content\/uploads\/IMG_7954_900.jpg?w=890&amp;ssl=1 890w, https:\/\/i0.wp.com\/deltaimage.de\/wp\/wp-content\/uploads\/IMG_7954_900.jpg?resize=300%2C123&amp;ssl=1 300w\" sizes=\"auto, (max-width: 890px) 100vw, 890px\" \/><\/p>\n<p>Der Dachauer Fotograf <strong>Paul Eschbach<\/strong> zeigt(e) auf zwei Stockwerken eine Auswahl den sch\u00f6nsten Bildmotiven im zusammenh\u00e4ngenden <strong>Palsweiser Moos<\/strong> und <strong>Fu\u00dfbergmoos<\/strong>. Im zweiten Stock konzipierte <strong>Paul<\/strong> <strong>Eschbach<\/strong> als Ausstellungsleiter die <strong>Fachausstellung<\/strong> der <a href=\"https:\/\/dachau.bund-naturschutz.de\"><strong>Kreisgruppe Dachau<\/strong> im <strong>BN<\/strong><\/a> und erstellte die <strong>Plakate<\/strong>, <strong>Einladungskarten<\/strong> und die <a href=\"https:\/\/deltaimage.de\/wp\/?p=48010\"><strong>Ausstellungsbrosch\u00fcre<\/strong><\/a>.<\/p>\n<p><img data-recalc-dims=\"1\" loading=\"lazy\" decoding=\"async\" data-attachment-id=\"48610\" data-permalink=\"https:\/\/deltaimage.de\/wp\/?attachment_id=48610#main\" data-orig-file=\"https:\/\/i0.wp.com\/deltaimage.de\/wp\/wp-content\/uploads\/IMG_7924_1200.jpg?fit=1200%2C673&amp;ssl=1\" data-orig-size=\"1200,673\" data-comments-opened=\"1\" data-image-meta=\"{&quot;aperture&quot;:&quot;5&quot;,&quot;credit&quot;:&quot;PAUL ESCHBACH&quot;,&quot;camera&quot;:&quot;Canon EOS 80D&quot;,&quot;caption&quot;:&quot;&quot;,&quot;created_timestamp&quot;:&quot;1743078827&quot;,&quot;copyright&quot;:&quot;Paul Eschbach @ DELTA IMAGE&quot;,&quot;focal_length&quot;:&quot;17&quot;,&quot;iso&quot;:&quot;800&quot;,&quot;shutter_speed&quot;:&quot;0.0025&quot;,&quot;title&quot;:&quot;&quot;,&quot;orientation&quot;:&quot;0&quot;}\" data-image-title=\"IMG_7924_1200\" data-image-description=\"\" data-image-caption=\"\" data-large-file=\"https:\/\/i0.wp.com\/deltaimage.de\/wp\/wp-content\/uploads\/IMG_7924_1200.jpg?fit=890%2C499&amp;ssl=1\" class=\"aligncenter size-full wp-image-48610\" src=\"https:\/\/i0.wp.com\/deltaimage.de\/wp\/wp-content\/uploads\/IMG_7924_1200.jpg?resize=890%2C499&#038;ssl=1\" alt=\"\" width=\"890\" height=\"499\" srcset=\"https:\/\/i0.wp.com\/deltaimage.de\/wp\/wp-content\/uploads\/IMG_7924_1200.jpg?w=1200&amp;ssl=1 1200w, https:\/\/i0.wp.com\/deltaimage.de\/wp\/wp-content\/uploads\/IMG_7924_1200.jpg?resize=900%2C505&amp;ssl=1 900w, https:\/\/i0.wp.com\/deltaimage.de\/wp\/wp-content\/uploads\/IMG_7924_1200.jpg?resize=300%2C168&amp;ssl=1 300w, https:\/\/i0.wp.com\/deltaimage.de\/wp\/wp-content\/uploads\/IMG_7924_1200.jpg?resize=713%2C400&amp;ssl=1 713w\" sizes=\"auto, (max-width: 890px) 100vw, 890px\" \/><\/p>\n<p><!--more--><\/p>\n<h2>Das Plakat der Fest- und Foto-Ausstellung im Dachauer Wasserturm<\/h2>\n<p><img data-recalc-dims=\"1\" loading=\"lazy\" decoding=\"async\" data-attachment-id=\"47775\" data-permalink=\"https:\/\/deltaimage.de\/wp\/?attachment_id=47775#main\" data-orig-file=\"https:\/\/i0.wp.com\/deltaimage.de\/wp\/wp-content\/uploads\/Plakat_A4_BN-Dachau_Wasserturm-1200.jpg?fit=847%2C1200&amp;ssl=1\" data-orig-size=\"847,1200\" data-comments-opened=\"1\" data-image-meta=\"{&quot;aperture&quot;:&quot;0&quot;,&quot;credit&quot;:&quot;Paul Eschbach&quot;,&quot;camera&quot;:&quot;&quot;,&quot;caption&quot;:&quot;&quot;,&quot;created_timestamp&quot;:&quot;1738326738&quot;,&quot;copyright&quot;:&quot;&quot;,&quot;focal_length&quot;:&quot;0&quot;,&quot;iso&quot;:&quot;0&quot;,&quot;shutter_speed&quot;:&quot;0&quot;,&quot;title&quot;:&quot;&quot;,&quot;orientation&quot;:&quot;1&quot;}\" data-image-title=\"Plakat_A4_BN-Dachau_Wasserturm-1200\" data-image-description=\"\" data-image-caption=\"\" data-large-file=\"https:\/\/i0.wp.com\/deltaimage.de\/wp\/wp-content\/uploads\/Plakat_A4_BN-Dachau_Wasserturm-1200.jpg?fit=847%2C1200&amp;ssl=1\" class=\"aligncenter size-full wp-image-47775\" src=\"https:\/\/i0.wp.com\/deltaimage.de\/wp\/wp-content\/uploads\/Plakat_A4_BN-Dachau_Wasserturm-1200.jpg?resize=847%2C1200&#038;ssl=1\" alt=\"\" width=\"847\" height=\"1200\" srcset=\"https:\/\/i0.wp.com\/deltaimage.de\/wp\/wp-content\/uploads\/Plakat_A4_BN-Dachau_Wasserturm-1200.jpg?w=847&amp;ssl=1 847w, https:\/\/i0.wp.com\/deltaimage.de\/wp\/wp-content\/uploads\/Plakat_A4_BN-Dachau_Wasserturm-1200.jpg?resize=424%2C600&amp;ssl=1 424w, https:\/\/i0.wp.com\/deltaimage.de\/wp\/wp-content\/uploads\/Plakat_A4_BN-Dachau_Wasserturm-1200.jpg?resize=141%2C200&amp;ssl=1 141w, https:\/\/i0.wp.com\/deltaimage.de\/wp\/wp-content\/uploads\/Plakat_A4_BN-Dachau_Wasserturm-1200.jpg?resize=282%2C400&amp;ssl=1 282w\" sizes=\"auto, (max-width: 847px) 100vw, 847px\" \/><\/p>\n<h2>Blicken wir zur\u00fcck auf f\u00fcnf Wochenenden Ausstellung im Dachauer Wasserturm<\/h2>\n<p>An fast allen Ausstellungstagen war der &#8222;Turm&#8220; voll mit Menschen auf den vier Stockwerken. An manchen Tagen mehr, an anderen weniger. Aber stets so viele interessierte BesucherInnen, dass ich niemals meine mitgebrachten Arbeiten anfangen k\u00f6nnte oder weitere Beitr\u00e4ge auf dieser Webseite schreiben k\u00f6nnte.<\/p>\n<blockquote>\n<pre>Prima, so war das auch gewollt.<\/pre>\n<\/blockquote>\n<p>&nbsp;<\/p>\n<h2>Viele Familien kamen in die Naturwelt des Dachauer Mooses zu uns in den Wasserturm<\/h2>\n<p>Gerade Familien und Gruppen wurden stark vom Ausstellungsthema <strong>Natur, Landschaft und dem Dachauer Moos<\/strong> angesprochen. Manchmal m\u00fcsste der <strong>Biber<\/strong> als Attraktion herhalten und dann war die Ausstellung der <strong>Tiere im Dachauer Moos<\/strong> die ganz besondere Attraktion \u2013 f\u00fcr Jung und Alt.<\/p>\n<p><img data-recalc-dims=\"1\" loading=\"lazy\" decoding=\"async\" data-attachment-id=\"48608\" data-permalink=\"https:\/\/deltaimage.de\/wp\/?attachment_id=48608#main\" data-orig-file=\"https:\/\/i0.wp.com\/deltaimage.de\/wp\/wp-content\/uploads\/IMG_7926_1200.jpg?fit=1200%2C673&amp;ssl=1\" data-orig-size=\"1200,673\" data-comments-opened=\"1\" data-image-meta=\"{&quot;aperture&quot;:&quot;5&quot;,&quot;credit&quot;:&quot;PAUL ESCHBACH&quot;,&quot;camera&quot;:&quot;Canon EOS 80D&quot;,&quot;caption&quot;:&quot;&quot;,&quot;created_timestamp&quot;:&quot;1743078839&quot;,&quot;copyright&quot;:&quot;Paul Eschbach @ DELTA IMAGE&quot;,&quot;focal_length&quot;:&quot;55&quot;,&quot;iso&quot;:&quot;800&quot;,&quot;shutter_speed&quot;:&quot;0.02&quot;,&quot;title&quot;:&quot;&quot;,&quot;orientation&quot;:&quot;0&quot;}\" data-image-title=\"IMG_7926_1200\" data-image-description=\"\" data-image-caption=\"\" data-large-file=\"https:\/\/i0.wp.com\/deltaimage.de\/wp\/wp-content\/uploads\/IMG_7926_1200.jpg?fit=890%2C499&amp;ssl=1\" class=\"aligncenter size-full wp-image-48608\" src=\"https:\/\/i0.wp.com\/deltaimage.de\/wp\/wp-content\/uploads\/IMG_7926_1200.jpg?resize=890%2C499&#038;ssl=1\" alt=\"\" width=\"890\" height=\"499\" srcset=\"https:\/\/i0.wp.com\/deltaimage.de\/wp\/wp-content\/uploads\/IMG_7926_1200.jpg?w=1200&amp;ssl=1 1200w, https:\/\/i0.wp.com\/deltaimage.de\/wp\/wp-content\/uploads\/IMG_7926_1200.jpg?resize=900%2C505&amp;ssl=1 900w, https:\/\/i0.wp.com\/deltaimage.de\/wp\/wp-content\/uploads\/IMG_7926_1200.jpg?resize=300%2C168&amp;ssl=1 300w, https:\/\/i0.wp.com\/deltaimage.de\/wp\/wp-content\/uploads\/IMG_7926_1200.jpg?resize=713%2C400&amp;ssl=1 713w\" sizes=\"auto, (max-width: 890px) 100vw, 890px\" \/><\/p>\n<p>&nbsp;<\/p>\n<h2>Die gro\u00dfformatigen Bilder sprachen die BesucherInnen im Besonderen an<\/h2>\n<p>Im Zentrum der <strong>Foto-Ausstellung<\/strong> im ersten und im dritten Stock stehen die gro\u00dfformatigen Fotografien von Paul Eschbach mit ausgew\u00e4hlten Sch\u00f6nheiten im <strong>Palsweiser Moos<\/strong> und im <strong>Fu\u00dfbergmoos<\/strong>. Der herrliche Ausstellungsraum im ersten Stock bietet sich geradezu an, die Bildmotive auch in voller Gr\u00f6\u00dfe im Raum wirken zu lassen. Nicht klein auf klein, wie wir heute Medien meist konsumieren \u2013 auf dem Smartphone. Gro\u00df, ja fast \u00fcbergro\u00df erz\u00e4hlen die 25 Bilder im ersten Stock jedes f\u00fcr sich eine Geschichte zum Ansehen.<\/p>\n<p><img data-recalc-dims=\"1\" loading=\"lazy\" decoding=\"async\" data-attachment-id=\"48575\" data-permalink=\"https:\/\/deltaimage.de\/wp\/?attachment_id=48575#main\" data-orig-file=\"https:\/\/i0.wp.com\/deltaimage.de\/wp\/wp-content\/uploads\/IMG_7906_1200.jpg?fit=1200%2C616&amp;ssl=1\" data-orig-size=\"1200,616\" data-comments-opened=\"1\" data-image-meta=\"{&quot;aperture&quot;:&quot;5&quot;,&quot;credit&quot;:&quot;PAUL ESCHBACH&quot;,&quot;camera&quot;:&quot;Canon EOS 80D&quot;,&quot;caption&quot;:&quot;&quot;,&quot;created_timestamp&quot;:&quot;1743078604&quot;,&quot;copyright&quot;:&quot;Paul Eschbach @ DELTA IMAGE&quot;,&quot;focal_length&quot;:&quot;55&quot;,&quot;iso&quot;:&quot;800&quot;,&quot;shutter_speed&quot;:&quot;0.005&quot;,&quot;title&quot;:&quot;&quot;,&quot;orientation&quot;:&quot;0&quot;}\" data-image-title=\"IMG_7906_1200\" data-image-description=\"\" data-image-caption=\"\" data-large-file=\"https:\/\/i0.wp.com\/deltaimage.de\/wp\/wp-content\/uploads\/IMG_7906_1200.jpg?fit=890%2C457&amp;ssl=1\" class=\"aligncenter size-full wp-image-48575\" src=\"https:\/\/i0.wp.com\/deltaimage.de\/wp\/wp-content\/uploads\/IMG_7906_1200.jpg?resize=890%2C457&#038;ssl=1\" alt=\"\" width=\"890\" height=\"457\" srcset=\"https:\/\/i0.wp.com\/deltaimage.de\/wp\/wp-content\/uploads\/IMG_7906_1200.jpg?w=1200&amp;ssl=1 1200w, https:\/\/i0.wp.com\/deltaimage.de\/wp\/wp-content\/uploads\/IMG_7906_1200.jpg?resize=900%2C462&amp;ssl=1 900w, https:\/\/i0.wp.com\/deltaimage.de\/wp\/wp-content\/uploads\/IMG_7906_1200.jpg?resize=300%2C154&amp;ssl=1 300w, https:\/\/i0.wp.com\/deltaimage.de\/wp\/wp-content\/uploads\/IMG_7906_1200.jpg?resize=779%2C400&amp;ssl=1 779w\" sizes=\"auto, (max-width: 890px) 100vw, 890px\" \/><\/p>\n<p>Im dritten Stock folgen dann noch weitere 10 Bildmotive.<\/p>\n<p><img data-recalc-dims=\"1\" loading=\"lazy\" decoding=\"async\" data-attachment-id=\"48560\" data-permalink=\"https:\/\/deltaimage.de\/wp\/?attachment_id=48560#main\" data-orig-file=\"https:\/\/i0.wp.com\/deltaimage.de\/wp\/wp-content\/uploads\/PANO_20250327_112755_1200.jpg?fit=1200%2C457&amp;ssl=1\" data-orig-size=\"1200,457\" data-comments-opened=\"1\" data-image-meta=\"{&quot;aperture&quot;:&quot;0&quot;,&quot;credit&quot;:&quot;&quot;,&quot;camera&quot;:&quot;2201116SG&quot;,&quot;caption&quot;:&quot;&quot;,&quot;created_timestamp&quot;:&quot;1743074875&quot;,&quot;copyright&quot;:&quot;&quot;,&quot;focal_length&quot;:&quot;0&quot;,&quot;iso&quot;:&quot;0&quot;,&quot;shutter_speed&quot;:&quot;0&quot;,&quot;title&quot;:&quot;&quot;,&quot;orientation&quot;:&quot;0&quot;}\" data-image-title=\"PANO_20250327_112755_1200\" data-image-description=\"\" data-image-caption=\"\" data-large-file=\"https:\/\/i0.wp.com\/deltaimage.de\/wp\/wp-content\/uploads\/PANO_20250327_112755_1200.jpg?fit=890%2C339&amp;ssl=1\" class=\"aligncenter size-full wp-image-48560\" src=\"https:\/\/i0.wp.com\/deltaimage.de\/wp\/wp-content\/uploads\/PANO_20250327_112755_1200.jpg?resize=890%2C339&#038;ssl=1\" alt=\"\" width=\"890\" height=\"339\" srcset=\"https:\/\/i0.wp.com\/deltaimage.de\/wp\/wp-content\/uploads\/PANO_20250327_112755_1200.jpg?w=1200&amp;ssl=1 1200w, https:\/\/i0.wp.com\/deltaimage.de\/wp\/wp-content\/uploads\/PANO_20250327_112755_1200.jpg?resize=900%2C343&amp;ssl=1 900w, https:\/\/i0.wp.com\/deltaimage.de\/wp\/wp-content\/uploads\/PANO_20250327_112755_1200.jpg?resize=300%2C114&amp;ssl=1 300w, https:\/\/i0.wp.com\/deltaimage.de\/wp\/wp-content\/uploads\/PANO_20250327_112755_1200.jpg?resize=1050%2C400&amp;ssl=1 1050w\" sizes=\"auto, (max-width: 890px) 100vw, 890px\" \/><\/p>\n<h2><\/h2>\n<h2>Die Festausstellung der Kreisgruppe Dachau erz\u00e4hlt aus 50 Jahren Naturschutzarbeit im Landkreis Dachau<\/h2>\n<p>Auf 13 <strong>Informationstafeln<\/strong> wird die Arbeit der <strong>Kreisgruppe Dachau<\/strong> nach 50 Jahren, mit inzwischen <strong>5.000 Mitgliedern<\/strong>, erz\u00e4hlt. Bilder und strukturierte Texte laden zum St\u00f6bern nach spannenden Informationen ein. Um sich nicht alles merken zu m\u00fcssen, gibt es die <strong>Informationstafeln<\/strong> auch als <strong>kostenlose Brosch\u00fcre zum Mitnehmen<\/strong> und in Ruhe nachzulesen.<\/p>\n<p><img data-recalc-dims=\"1\" loading=\"lazy\" decoding=\"async\" data-attachment-id=\"48597\" data-permalink=\"https:\/\/deltaimage.de\/wp\/?attachment_id=48597#main\" data-orig-file=\"https:\/\/i0.wp.com\/deltaimage.de\/wp\/wp-content\/uploads\/IMG_7940_1200.jpg?fit=1200%2C673&amp;ssl=1\" data-orig-size=\"1200,673\" data-comments-opened=\"1\" data-image-meta=\"{&quot;aperture&quot;:&quot;5&quot;,&quot;credit&quot;:&quot;PAUL ESCHBACH&quot;,&quot;camera&quot;:&quot;Canon EOS 80D&quot;,&quot;caption&quot;:&quot;&quot;,&quot;created_timestamp&quot;:&quot;1743078951&quot;,&quot;copyright&quot;:&quot;Paul Eschbach @ DELTA IMAGE&quot;,&quot;focal_length&quot;:&quot;17&quot;,&quot;iso&quot;:&quot;800&quot;,&quot;shutter_speed&quot;:&quot;0.004&quot;,&quot;title&quot;:&quot;&quot;,&quot;orientation&quot;:&quot;0&quot;}\" data-image-title=\"IMG_7940_1200\" data-image-description=\"\" data-image-caption=\"\" data-large-file=\"https:\/\/i0.wp.com\/deltaimage.de\/wp\/wp-content\/uploads\/IMG_7940_1200.jpg?fit=890%2C499&amp;ssl=1\" class=\"aligncenter size-full wp-image-48597\" src=\"https:\/\/i0.wp.com\/deltaimage.de\/wp\/wp-content\/uploads\/IMG_7940_1200.jpg?resize=890%2C499&#038;ssl=1\" alt=\"\" width=\"890\" height=\"499\" srcset=\"https:\/\/i0.wp.com\/deltaimage.de\/wp\/wp-content\/uploads\/IMG_7940_1200.jpg?w=1200&amp;ssl=1 1200w, https:\/\/i0.wp.com\/deltaimage.de\/wp\/wp-content\/uploads\/IMG_7940_1200.jpg?resize=900%2C505&amp;ssl=1 900w, https:\/\/i0.wp.com\/deltaimage.de\/wp\/wp-content\/uploads\/IMG_7940_1200.jpg?resize=300%2C168&amp;ssl=1 300w, https:\/\/i0.wp.com\/deltaimage.de\/wp\/wp-content\/uploads\/IMG_7940_1200.jpg?resize=713%2C400&amp;ssl=1 713w\" sizes=\"auto, (max-width: 890px) 100vw, 890px\" \/><\/p>\n<p>Eine wunderbare Selbstpr\u00e4sentation der <strong>Kreisgruppe Dachau<\/strong> im BN in der \u00d6ffentlichkeit, die sehr gut ankam und durch weitere Roll-Ups zu Themen der Naturschutz-Arbeit erg\u00e4nzt wurde. Die Ausstellung im zweiten Stock wurde durch viele Ehrenamtliche aus der Kreisgruppe Dachau und den Ortsgruppen w\u00e4hrend der Ausstellungszeiten pers\u00f6nlich betreut.<\/p>\n<blockquote>\n<pre>Daf\u00fcr ein gru\u00dfes Dankesch\u00f6n an die eingebrachte Zeit f\u00fcr die Ausstellung.<\/pre>\n<\/blockquote>\n<p><img data-recalc-dims=\"1\" loading=\"lazy\" decoding=\"async\" data-attachment-id=\"48612\" data-permalink=\"https:\/\/deltaimage.de\/wp\/?attachment_id=48612#main\" data-orig-file=\"https:\/\/i0.wp.com\/deltaimage.de\/wp\/wp-content\/uploads\/IMG_7922_1200.jpg?fit=1200%2C673&amp;ssl=1\" data-orig-size=\"1200,673\" data-comments-opened=\"1\" data-image-meta=\"{&quot;aperture&quot;:&quot;5&quot;,&quot;credit&quot;:&quot;PAUL ESCHBACH&quot;,&quot;camera&quot;:&quot;Canon EOS 80D&quot;,&quot;caption&quot;:&quot;&quot;,&quot;created_timestamp&quot;:&quot;1743078814&quot;,&quot;copyright&quot;:&quot;Paul Eschbach @ DELTA IMAGE&quot;,&quot;focal_length&quot;:&quot;17&quot;,&quot;iso&quot;:&quot;800&quot;,&quot;shutter_speed&quot;:&quot;0.00625&quot;,&quot;title&quot;:&quot;&quot;,&quot;orientation&quot;:&quot;0&quot;}\" data-image-title=\"IMG_7922_1200\" data-image-description=\"\" data-image-caption=\"\" data-large-file=\"https:\/\/i0.wp.com\/deltaimage.de\/wp\/wp-content\/uploads\/IMG_7922_1200.jpg?fit=890%2C499&amp;ssl=1\" class=\"aligncenter size-full wp-image-48612\" src=\"https:\/\/i0.wp.com\/deltaimage.de\/wp\/wp-content\/uploads\/IMG_7922_1200.jpg?resize=890%2C499&#038;ssl=1\" alt=\"\" width=\"890\" height=\"499\" srcset=\"https:\/\/i0.wp.com\/deltaimage.de\/wp\/wp-content\/uploads\/IMG_7922_1200.jpg?w=1200&amp;ssl=1 1200w, https:\/\/i0.wp.com\/deltaimage.de\/wp\/wp-content\/uploads\/IMG_7922_1200.jpg?resize=900%2C505&amp;ssl=1 900w, https:\/\/i0.wp.com\/deltaimage.de\/wp\/wp-content\/uploads\/IMG_7922_1200.jpg?resize=300%2C168&amp;ssl=1 300w, https:\/\/i0.wp.com\/deltaimage.de\/wp\/wp-content\/uploads\/IMG_7922_1200.jpg?resize=713%2C400&amp;ssl=1 713w\" sizes=\"auto, (max-width: 890px) 100vw, 890px\" \/><\/p>\n<h2><\/h2>\n<h2>Biber, Kiebitze, Wei\u00dfstorch, Ringelnatter, Bussard, Eule und Birkhuhn als Exponate erleben<\/h2>\n<p>Im zweiten Stock war f\u00fcr viele BesucherInnen die Hauptattraktion zu sehen, die Ausstellung \u00fcber die Tiere im <strong>Dachauer Moos<\/strong>. Da waren ein <strong>Biber<\/strong> mit seinen typischen <strong>Biberspuren<\/strong> an den B\u00e4umen zu finden. Ebenso auch zwei winzig kleine <strong>Kiebitze<\/strong> die als <strong>Bodenbr\u00fcter<\/strong> einen ganz besonderen Schutz ben\u00f6tigen.\u00a0Auch ein <strong>Wei\u00dfstorch<\/strong> war zu sehen, ebenso wie eine <strong>Ringelnatter.<\/strong><\/p>\n<p>Auf einem Ast machten es sich eine <strong>Waldohreule<\/strong> zusammen mit einem <strong>Wespenbussard<\/strong> gem\u00fctlich und blickten auf ein Paar an <strong>Birkh\u00fchner<\/strong> herab, Diese Ausstellung machte viele Texte und Bilder \u00fcberfl\u00fcssig und brachte die Tierwelt n\u00e4her.<\/p>\n<blockquote>\n<pre>Einen ganz herzlichen Dank an Frau Barbara Karcher aus der\r\nKreisgruppe Dachau im BN, f\u00fcr die Aufbereitung dieser Ausstellung\r\nund die Exponate.<\/pre>\n<\/blockquote>\n<p>&nbsp;<\/p>\n<h2>Vortr\u00e4ge auf der Veranstaltungsb\u00fchne im Dachgarten des Wasserturms<\/h2>\n<p>Im vierten Stock des <a href=\"https:\/\/dachauerwasserturm.de\"><strong>Dachauer Wasserturms<\/strong><\/a> wagten wir ein Experiment. Die statische Ausstellung in den unteren drei Stockwerken wurde durch eine Veranstaltungsb\u00fchne im vierten Stockwerk, dem Dachgarten, erweitert und erg\u00e4nzt. Insgesamt hatten wir an 16 Tagen neun Vortr\u00e4ge geplant, einige waren sehr gut besucht, bei anderen war das Fr\u00fchlingswetter zu gut \u2013 aber der Turm war voll. So hat sich auch dieses Element der Gesamtausstellung sich bew\u00e4hrt und zum tollen Gesamterfolg beigetragen.<\/p>\n<p><img data-recalc-dims=\"1\" loading=\"lazy\" decoding=\"async\" data-attachment-id=\"48737\" data-permalink=\"https:\/\/deltaimage.de\/wp\/?attachment_id=48737#main\" data-orig-file=\"https:\/\/i0.wp.com\/deltaimage.de\/wp\/wp-content\/uploads\/PE1S0040_1200-1.jpg?fit=1200%2C450&amp;ssl=1\" data-orig-size=\"1200,450\" data-comments-opened=\"1\" data-image-meta=\"{&quot;aperture&quot;:&quot;1.4&quot;,&quot;credit&quot;:&quot;Paul Eschbach&quot;,&quot;camera&quot;:&quot;Canon EOS-1Ds Mark III&quot;,&quot;caption&quot;:&quot;&quot;,&quot;created_timestamp&quot;:&quot;1743265164&quot;,&quot;copyright&quot;:&quot;&quot;,&quot;focal_length&quot;:&quot;24&quot;,&quot;iso&quot;:&quot;800&quot;,&quot;shutter_speed&quot;:&quot;0.005&quot;,&quot;title&quot;:&quot;&quot;,&quot;orientation&quot;:&quot;0&quot;}\" data-image-title=\"PE1S0040_1200\" data-image-description=\"\" data-image-caption=\"\" data-large-file=\"https:\/\/i0.wp.com\/deltaimage.de\/wp\/wp-content\/uploads\/PE1S0040_1200-1.jpg?fit=890%2C334&amp;ssl=1\" class=\"aligncenter size-full wp-image-48737\" src=\"https:\/\/i0.wp.com\/deltaimage.de\/wp\/wp-content\/uploads\/PE1S0040_1200-1.jpg?resize=890%2C334&#038;ssl=1\" alt=\"\" width=\"890\" height=\"334\" srcset=\"https:\/\/i0.wp.com\/deltaimage.de\/wp\/wp-content\/uploads\/PE1S0040_1200-1.jpg?w=1200&amp;ssl=1 1200w, https:\/\/i0.wp.com\/deltaimage.de\/wp\/wp-content\/uploads\/PE1S0040_1200-1.jpg?resize=900%2C338&amp;ssl=1 900w, https:\/\/i0.wp.com\/deltaimage.de\/wp\/wp-content\/uploads\/PE1S0040_1200-1.jpg?resize=300%2C113&amp;ssl=1 300w, https:\/\/i0.wp.com\/deltaimage.de\/wp\/wp-content\/uploads\/PE1S0040_1200-1.jpg?resize=1067%2C400&amp;ssl=1 1067w\" sizes=\"auto, (max-width: 890px) 100vw, 890px\" \/><\/p>\n<p>&nbsp;<\/p>\n<h2>BesucherInnen im Dachauer Wasserturm<\/h2>\n<p>Wir haben keine Besucherz\u00e4hlung eingerichtet. Der Turm war die meisten Tage an jeweils f\u00fcnf Ausstellungsstunden voll und die F\u00fchrungen durch die Stockwerke liefen eine nach der anderen durch. Ich kenne solche Ausstellungen nur ganz selten mit solch einem andauernden Besucherinteresse. Da haben wir in der Planung und der Umsetzung wohl einiges richtig gemacht und den Geschmack und das Interesse der BesucherInnen getroffen. Die Ausstellung mit Bildern der Sch\u00f6nheiten der Niedermoor-Landschaft ergab stets eine intensive Diskussion \u00fcber den Wert des Mooses, \u00fcber deren Schutz und die Funktionen des Wassers im Moos. Nur wenige der BesucherInnen waren bereits selbst im Maisacher Moos. Die meisten BesucherInnen wollen sich das Moos und die Niedermoor-Landschaft um Dachau herum aber intensiver ansehen.<\/p>\n<p>Die Ausstellung hat f\u00fcr viele BesucherInnen eine bislang gr\u00f6\u00dftenteils unbekannte Landschaft im Dachauer Land mit Interesse vorgestellt, und sie m\u00f6chten die Natur- und Kulturlandschaft besser kennenlernen. Eine Naturlandschaft zu kennen ist die erste wichtige Vorstufe, um eine positive Beziehung dazu aufzubauen. Dies ist dann der Weg und die Richtung, f\u00fcr einen aktiven Beitrag zu dessen Schutz auch einzutreten. Damit hat die Gesamtveranstaltung mehr als das von mir erhoffte Ziel und Funktion erf\u00fcllt.<\/p>\n<blockquote>\n<pre>Bis bald, wir sehen uns im Dachauer Moos.<\/pre>\n<\/blockquote>\n<p>&nbsp;<\/p>\n","protected":false},"excerpt":{"rendered":"<p>Heute endet die Fest- und Foto-Ausstellung im Dachauer Wasserturm nach vier Wochen Ausstellungsdauer, an 5 verl\u00e4ngerten Wochenenden, mit insgesamt 16 Ausstellungstagen. Als Fotograf und Ausstellungsleiter habe ich es mir nicht [&hellip;]<\/p>\n","protected":false},"author":1,"featured_media":48568,"comment_status":"open","ping_status":"closed","sticky":false,"template":"","format":"standard","meta":{"wpupg_custom_link":[],"wpupg_custom_link_behaviour":["default"],"wpupg_custom_link_nofollow":["default"],"wpupg_custom_image":[],"wpupg_custom_image_id":[],"jetpack_post_was_ever_published":false,"footnotes":""},"categories":[3010,2523,8,3800],"tags":[4150,142,3989,3983,4214,67],"class_list":["post-49103","post","type-post","status-publish","format-standard","has-post-thumbnail","hentry","category-dachauer-land","category-dachauer-moos","category-news","category-projekt-dachauer-moos","tag-50-jahre-bund-naturschutz-in-bayern-kreisgruppe-dachau","tag-ausstellung","tag-dachauer-wasserturm","tag-foto-ausstellung","tag-natur-und-moosschutz-im-fachauer-moos","tag-paul-eschbach"],"jetpack_featured_media_url":"https:\/\/i0.wp.com\/deltaimage.de\/wp\/wp-content\/uploads\/IMG_7914_1200.jpg?fit=1200%2C538&ssl=1","jetpack-related-posts":[{"id":48500,"url":"https:\/\/deltaimage.de\/wp\/?p=48500","url_meta":{"origin":49103,"position":0},"title":"Ein Blick in die Foto-Ausstellung im Dachauer Wasserturm von Paul Eschbach","author":"EschbacP","date":"26. M\u00e4rz 2025","format":false,"excerpt":"Die Foto-Ausstellung im Dachauer Wasserturm ist im Beisein der vielen Vernissage-G\u00e4sten er\u00f6ffnet. Werfen wir doch einen Blick in die hellen Ausstellungsr\u00e4ume im ersten Stock des Dachauer Wasserturms. Gro\u00dfformatige Fotografien zeigen die Sch\u00f6nheiten der Natur im Dachauer Moos, mit dem thematischen Schwerpunkt im Palsweiser Moos und Fu\u00dfbergmoos. \u00a0 Fr\u00fchlingsbeginn am Dachauer\u2026","rel":"","context":"In &quot;Buch&quot;","block_context":{"text":"Buch","link":"https:\/\/deltaimage.de\/wp\/?cat=1189"},"img":{"alt_text":"","src":"https:\/\/i0.wp.com\/deltaimage.de\/wp\/wp-content\/uploads\/PE1X9943_1200.jpg?fit=1200%2C450&ssl=1&resize=350%2C200","width":350,"height":200,"srcset":"https:\/\/i0.wp.com\/deltaimage.de\/wp\/wp-content\/uploads\/PE1X9943_1200.jpg?fit=1200%2C450&ssl=1&resize=350%2C200 1x, https:\/\/i0.wp.com\/deltaimage.de\/wp\/wp-content\/uploads\/PE1X9943_1200.jpg?fit=1200%2C450&ssl=1&resize=525%2C300 1.5x, https:\/\/i0.wp.com\/deltaimage.de\/wp\/wp-content\/uploads\/PE1X9943_1200.jpg?fit=1200%2C450&ssl=1&resize=700%2C400 2x, https:\/\/i0.wp.com\/deltaimage.de\/wp\/wp-content\/uploads\/PE1X9943_1200.jpg?fit=1200%2C450&ssl=1&resize=1050%2C600 3x"},"classes":[]},{"id":48630,"url":"https:\/\/deltaimage.de\/wp\/?p=48630","url_meta":{"origin":49103,"position":1},"title":"Ein Blick in den ersten Stock Ausstellung im Dachauer Wasserturm &#8211; &#8222;50 Jahre Natur- und Moosschutz im Dachauer Moos&#8220;","author":"EschbacP","date":"27. M\u00e4rz 2025","format":false,"excerpt":"\"50 Jahre Natur- und Moosschutz im Dachauer Moos\" \u00a0 Fest- und Foto-Ausstellung der Kreisgruppe Dachau im BUND Naturschutz in Bayern e. V. anl\u00e4sslich des 50-j\u00e4hrigen Bestehens der Kreisgruppe 1975 - 2025 im Dachauer Wasserturm. Die Ausstellung erstreckt sich \u00fcber vier Stockwerke im Dachauer Wasserturm, mit den folgenden Ausstellungsinhalten: \u00a0 Foto-Ausstellung\u2026","rel":"","context":"In &quot;Buch&quot;","block_context":{"text":"Buch","link":"https:\/\/deltaimage.de\/wp\/?cat=1189"},"img":{"alt_text":"","src":"https:\/\/i0.wp.com\/deltaimage.de\/wp\/wp-content\/uploads\/IMG_7901_1200.jpg?fit=1200%2C609&ssl=1&resize=350%2C200","width":350,"height":200,"srcset":"https:\/\/i0.wp.com\/deltaimage.de\/wp\/wp-content\/uploads\/IMG_7901_1200.jpg?fit=1200%2C609&ssl=1&resize=350%2C200 1x, https:\/\/i0.wp.com\/deltaimage.de\/wp\/wp-content\/uploads\/IMG_7901_1200.jpg?fit=1200%2C609&ssl=1&resize=525%2C300 1.5x, https:\/\/i0.wp.com\/deltaimage.de\/wp\/wp-content\/uploads\/IMG_7901_1200.jpg?fit=1200%2C609&ssl=1&resize=700%2C400 2x, https:\/\/i0.wp.com\/deltaimage.de\/wp\/wp-content\/uploads\/IMG_7901_1200.jpg?fit=1200%2C609&ssl=1&resize=1050%2C600 3x"},"classes":[]},{"id":48981,"url":"https:\/\/deltaimage.de\/wp\/?p=48981","url_meta":{"origin":49103,"position":2},"title":"Dachauer Wasserturm und die Niedermoor-Landschaft \u00fcber die Oster-Feiertage ge\u00f6ffnet","author":"EschbacP","date":"17. April 2025","format":false,"excerpt":"An vier aufeinanderfolgenden Wochenenden im M\u00e4rz und April 2025 war bislang die Fest- und Foto-Ausstellung im Dachauer Wasserturm ge\u00f6ffnet. Viele BesucherInnen kamen schon, um sich die gro\u00dfformatigen Landschafts- und Naturbilder zusammen mit der Themenausstellung zum BUND Naturschutz - Kreisgruppe Dachau anzusehen. Die Ausstellung ist noch nicht zu Ende! \u00a0 Foto-Ausstellung\u2026","rel":"","context":"In &quot;Dachauer Land&quot;","block_context":{"text":"Dachauer Land","link":"https:\/\/deltaimage.de\/wp\/?cat=3010"},"img":{"alt_text":"","src":"https:\/\/i0.wp.com\/deltaimage.de\/wp\/wp-content\/uploads\/IMG_7901_1200.jpg?fit=1200%2C609&ssl=1&resize=350%2C200","width":350,"height":200,"srcset":"https:\/\/i0.wp.com\/deltaimage.de\/wp\/wp-content\/uploads\/IMG_7901_1200.jpg?fit=1200%2C609&ssl=1&resize=350%2C200 1x, https:\/\/i0.wp.com\/deltaimage.de\/wp\/wp-content\/uploads\/IMG_7901_1200.jpg?fit=1200%2C609&ssl=1&resize=525%2C300 1.5x, https:\/\/i0.wp.com\/deltaimage.de\/wp\/wp-content\/uploads\/IMG_7901_1200.jpg?fit=1200%2C609&ssl=1&resize=700%2C400 2x, https:\/\/i0.wp.com\/deltaimage.de\/wp\/wp-content\/uploads\/IMG_7901_1200.jpg?fit=1200%2C609&ssl=1&resize=1050%2C600 3x"},"classes":[]},{"id":48631,"url":"https:\/\/deltaimage.de\/wp\/?p=48631","url_meta":{"origin":49103,"position":3},"title":"Ein Blick in den dritten Stock Ausstellung im Dachauer Wasserturm &#8211; &#8222;50 Jahre Natur- und Moosschutz im Dachauer Moos&#8220;","author":"EschbacP","date":"27. M\u00e4rz 2025","format":false,"excerpt":"\"50 Jahre Natur- und Moosschutz im Dachauer Moos\" \u00a0 Fest- und Foto-Ausstellung der Kreisgruppe Dachau im BUND Naturschutz in Bayern e. V. anl\u00e4sslich des 50-j\u00e4hrigen Bestehens der Kreisgruppe 1975 - 2025 im Dachauer Wasserturm. Die Ausstellung erstreckt sich \u00fcber vier Stockwerke im Dachauer Wasserturm, mit den folgenden Ausstellungsinhalten: \u00a0 \u00a0\u2026","rel":"","context":"In &quot;Buch&quot;","block_context":{"text":"Buch","link":"https:\/\/deltaimage.de\/wp\/?cat=1189"},"img":{"alt_text":"","src":"https:\/\/i0.wp.com\/deltaimage.de\/wp\/wp-content\/uploads\/IMG_7950_1200.jpg?fit=1200%2C555&ssl=1&resize=350%2C200","width":350,"height":200,"srcset":"https:\/\/i0.wp.com\/deltaimage.de\/wp\/wp-content\/uploads\/IMG_7950_1200.jpg?fit=1200%2C555&ssl=1&resize=350%2C200 1x, https:\/\/i0.wp.com\/deltaimage.de\/wp\/wp-content\/uploads\/IMG_7950_1200.jpg?fit=1200%2C555&ssl=1&resize=525%2C300 1.5x, https:\/\/i0.wp.com\/deltaimage.de\/wp\/wp-content\/uploads\/IMG_7950_1200.jpg?fit=1200%2C555&ssl=1&resize=700%2C400 2x, https:\/\/i0.wp.com\/deltaimage.de\/wp\/wp-content\/uploads\/IMG_7950_1200.jpg?fit=1200%2C555&ssl=1&resize=1050%2C600 3x"},"classes":[]},{"id":48341,"url":"https:\/\/deltaimage.de\/wp\/?p=48341","url_meta":{"origin":49103,"position":4},"title":"Dachauer Nachrichten: Dachauer Moos erleben &#8211; Jubil\u00e4umsausstellung der Kreisgruppe Dachau &#8230;","author":"EschbacP","date":"16. M\u00e4rz 2025","format":false,"excerpt":"Beitrag ver\u00f6ffentlicht in der Dachauer Rundschau vom 16.3.2025 --> Link zum e-Paper \u00a0 Dachauer Moos erleben Jubil\u00e4umsausstellung der Kreisgruppe Dachau im BUND Naturschutz im Dachauer Wasserturm ab 21. M\u00e4rz Dachau\u2013 Die Kreisgruppe Dachau im BUND Naturschutz in Bayern feiert dieses Jahr 50 Jahre der Gr\u00fcndung und zeigt das Wirken im\u2026","rel":"","context":"In &quot;Ausstellung \/ Sonderausstellung&quot;","block_context":{"text":"Ausstellung \/ Sonderausstellung","link":"https:\/\/deltaimage.de\/wp\/?cat=860"},"img":{"alt_text":"","src":"https:\/\/i0.wp.com\/deltaimage.de\/wp\/wp-content\/uploads\/Logo_Dachauer-Rundschau.jpg?fit=1200%2C448&ssl=1&resize=350%2C200","width":350,"height":200,"srcset":"https:\/\/i0.wp.com\/deltaimage.de\/wp\/wp-content\/uploads\/Logo_Dachauer-Rundschau.jpg?fit=1200%2C448&ssl=1&resize=350%2C200 1x, https:\/\/i0.wp.com\/deltaimage.de\/wp\/wp-content\/uploads\/Logo_Dachauer-Rundschau.jpg?fit=1200%2C448&ssl=1&resize=525%2C300 1.5x, https:\/\/i0.wp.com\/deltaimage.de\/wp\/wp-content\/uploads\/Logo_Dachauer-Rundschau.jpg?fit=1200%2C448&ssl=1&resize=700%2C400 2x, https:\/\/i0.wp.com\/deltaimage.de\/wp\/wp-content\/uploads\/Logo_Dachauer-Rundschau.jpg?fit=1200%2C448&ssl=1&resize=1050%2C600 3x"},"classes":[]},{"id":48303,"url":"https:\/\/deltaimage.de\/wp\/?p=48303","url_meta":{"origin":49103,"position":5},"title":"Schlei\u00dfheimer Zeitung: 50 Jahre BUND Naturschutz: Natur- und Moosschutz im Dachauer Moos","author":"EschbacP","date":"13. M\u00e4rz 2025","format":false,"excerpt":"Die Schlei\u00dfheimer Zeitung berichtet \u00fcber die Fest- und Foto-Ausstellung im Dachauer Wasserturm. --> Link 50 Jahre BUND Naturschutz: Natur- und Moosschutz im Dachauer Moos Jubil\u00e4ums-Ausstellung im Dachauer Wasserturm mit Fotos von Paul Eschbach Die\u00a0Kreisgruppe Dachau\u00a0des\u00a0BUND Naturschutz in Bayern e. V.\u00a0feiert im Jahr 2025 das 50-j\u00e4hrige Bestehen 1975 \u2014 2025 mit\u2026","rel":"","context":"In &quot;Ausstellung \/ Sonderausstellung&quot;","block_context":{"text":"Ausstellung \/ Sonderausstellung","link":"https:\/\/deltaimage.de\/wp\/?cat=860"},"img":{"alt_text":"","src":"https:\/\/i0.wp.com\/deltaimage.de\/wp\/wp-content\/uploads\/Logo_Schleissheimer-Zeitung-e1726945612862.jpg?fit=890%2C334&ssl=1&resize=350%2C200","width":350,"height":200,"srcset":"https:\/\/i0.wp.com\/deltaimage.de\/wp\/wp-content\/uploads\/Logo_Schleissheimer-Zeitung-e1726945612862.jpg?fit=890%2C334&ssl=1&resize=350%2C200 1x, https:\/\/i0.wp.com\/deltaimage.de\/wp\/wp-content\/uploads\/Logo_Schleissheimer-Zeitung-e1726945612862.jpg?fit=890%2C334&ssl=1&resize=525%2C300 1.5x, https:\/\/i0.wp.com\/deltaimage.de\/wp\/wp-content\/uploads\/Logo_Schleissheimer-Zeitung-e1726945612862.jpg?fit=890%2C334&ssl=1&resize=700%2C400 2x"},"classes":[]}],"jetpack_sharing_enabled":true,"_links":{"self":[{"href":"https:\/\/deltaimage.de\/wp\/index.php?rest_route=\/wp\/v2\/posts\/49103","targetHints":{"allow":["GET"]}}],"collection":[{"href":"https:\/\/deltaimage.de\/wp\/index.php?rest_route=\/wp\/v2\/posts"}],"about":[{"href":"https:\/\/deltaimage.de\/wp\/index.php?rest_route=\/wp\/v2\/types\/post"}],"author":[{"embeddable":true,"href":"https:\/\/deltaimage.de\/wp\/index.php?rest_route=\/wp\/v2\/users\/1"}],"replies":[{"embeddable":true,"href":"https:\/\/deltaimage.de\/wp\/index.php?rest_route=%2Fwp%2Fv2%2Fcomments&post=49103"}],"version-history":[{"count":14,"href":"https:\/\/deltaimage.de\/wp\/index.php?rest_route=\/wp\/v2\/posts\/49103\/revisions"}],"predecessor-version":[{"id":51883,"href":"https:\/\/deltaimage.de\/wp\/index.php?rest_route=\/wp\/v2\/posts\/49103\/revisions\/51883"}],"wp:featuredmedia":[{"embeddable":true,"href":"https:\/\/deltaimage.de\/wp\/index.php?rest_route=\/wp\/v2\/media\/48568"}],"wp:attachment":[{"href":"https:\/\/deltaimage.de\/wp\/index.php?rest_route=%2Fwp%2Fv2%2Fmedia&parent=49103"}],"wp:term":[{"taxonomy":"category","embeddable":true,"href":"https:\/\/deltaimage.de\/wp\/index.php?rest_route=%2Fwp%2Fv2%2Fcategories&post=49103"},{"taxonomy":"post_tag","embeddable":true,"href":"https:\/\/deltaimage.de\/wp\/index.php?rest_route=%2Fwp%2Fv2%2Ftags&post=49103"}],"curies":[{"name":"wp","href":"https:\/\/api.w.org\/{rel}","templated":true}]}}