{"id":49136,"date":"2025-04-27T16:18:24","date_gmt":"2025-04-27T14:18:24","guid":{"rendered":"https:\/\/deltaimage.de\/wp\/?p=49136"},"modified":"2025-08-28T20:16:36","modified_gmt":"2025-08-28T18:16:36","slug":"das-maisacher-moos-an-einem-sonntag-beim-foto-spaziergang","status":"publish","type":"post","link":"https:\/\/deltaimage.de\/wp\/?p=49136","title":{"rendered":"Das Maisacher Moos an einem Sonntag beim Foto-Spaziergang"},"content":{"rendered":"<p><a href=\"https:\/\/deltaimage.de\/wp\/?page_id=40118\"><img data-recalc-dims=\"1\" loading=\"lazy\" decoding=\"async\" data-attachment-id=\"40115\" data-permalink=\"https:\/\/deltaimage.de\/wp\/?attachment_id=40115#main\" data-orig-file=\"https:\/\/i0.wp.com\/deltaimage.de\/wp\/wp-content\/uploads\/Stempel_DELTA-IMAGE_Quality.png?fit=961%2C960&amp;ssl=1\" data-orig-size=\"961,960\" data-comments-opened=\"1\" data-image-meta=\"{&quot;aperture&quot;:&quot;0&quot;,&quot;credit&quot;:&quot;&quot;,&quot;camera&quot;:&quot;&quot;,&quot;caption&quot;:&quot;&quot;,&quot;created_timestamp&quot;:&quot;0&quot;,&quot;copyright&quot;:&quot;&quot;,&quot;focal_length&quot;:&quot;0&quot;,&quot;iso&quot;:&quot;0&quot;,&quot;shutter_speed&quot;:&quot;0&quot;,&quot;title&quot;:&quot;&quot;,&quot;orientation&quot;:&quot;0&quot;}\" data-image-title=\"Stempel_DELTA IMAGE_Quality\" data-image-description=\"\" data-image-caption=\"\" data-large-file=\"https:\/\/i0.wp.com\/deltaimage.de\/wp\/wp-content\/uploads\/Stempel_DELTA-IMAGE_Quality.png?fit=890%2C889&amp;ssl=1\" class=\"alignright wp-image-40115 size-thumbnail\" src=\"https:\/\/i0.wp.com\/deltaimage.de\/wp\/wp-content\/uploads\/Stempel_DELTA-IMAGE_Quality.png?resize=200%2C200&#038;ssl=1\" alt=\"\" width=\"200\" height=\"200\" srcset=\"https:\/\/i0.wp.com\/deltaimage.de\/wp\/wp-content\/uploads\/Stempel_DELTA-IMAGE_Quality.png?resize=200%2C200&amp;ssl=1 200w, https:\/\/i0.wp.com\/deltaimage.de\/wp\/wp-content\/uploads\/Stempel_DELTA-IMAGE_Quality.png?resize=601%2C600&amp;ssl=1 601w, https:\/\/i0.wp.com\/deltaimage.de\/wp\/wp-content\/uploads\/Stempel_DELTA-IMAGE_Quality.png?resize=594%2C593&amp;ssl=1 594w, https:\/\/i0.wp.com\/deltaimage.de\/wp\/wp-content\/uploads\/Stempel_DELTA-IMAGE_Quality.png?resize=450%2C450&amp;ssl=1 450w, https:\/\/i0.wp.com\/deltaimage.de\/wp\/wp-content\/uploads\/Stempel_DELTA-IMAGE_Quality.png?resize=75%2C75&amp;ssl=1 75w, https:\/\/i0.wp.com\/deltaimage.de\/wp\/wp-content\/uploads\/Stempel_DELTA-IMAGE_Quality.png?resize=400%2C400&amp;ssl=1 400w, https:\/\/i0.wp.com\/deltaimage.de\/wp\/wp-content\/uploads\/Stempel_DELTA-IMAGE_Quality.png?resize=50%2C50&amp;ssl=1 50w, https:\/\/i0.wp.com\/deltaimage.de\/wp\/wp-content\/uploads\/Stempel_DELTA-IMAGE_Quality.png?w=961&amp;ssl=1 961w\" sizes=\"auto, (max-width: 200px) 100vw, 200px\" \/><\/a><\/p>\n<blockquote>\n<pre>Auf dem Titelbild krabbelt ein Feld-Sandlaufk\u00e4fer <em>(Cicindela campestris)<\/em> in seinem \r\ntiefgr\u00fcnen Farbkleid durch die Moos-Landschaft.<\/pre>\n<\/blockquote>\n<p>Es ist Fr\u00fchling im <strong>Dachauer Moos<\/strong>, die letzten vier Wochen war ich an den Wochenenden in meinem <a href=\"https:\/\/dachauerwasserturm.de\"><strong>Dachauer Wasserturm<\/strong><\/a> und betreute meine eigene <strong>Fest- und FOTO-Ausstellung<\/strong> zu den sch\u00f6nsten Bildern aus dem <strong>Maisacher Moos<\/strong> \u2013 dem <strong>Palsweiser Moos <\/strong>und dem<strong> Fu\u00dfbergmoos<\/strong>. So will ich an diesem Sonntag vor dem Workshop hinaus ins <strong>Moos<\/strong> und nach der Natur schauen. Nat\u00fcrlich habe ich dazu auch meine Kamera mit dabei \u2013 man wei\u00df ja nie!<\/p>\n<blockquote>\n<pre>Mit leichtem Fotogep\u00e4ck, nur ein Objektiv mit 500 mm Brennweite. \r\nDas muss f\u00fcr heute gen\u00fcgen.<\/pre>\n<\/blockquote>\n<p><img data-recalc-dims=\"1\" loading=\"lazy\" decoding=\"async\" data-attachment-id=\"49143\" data-permalink=\"https:\/\/deltaimage.de\/wp\/?attachment_id=49143#main\" data-orig-file=\"https:\/\/i0.wp.com\/deltaimage.de\/wp\/wp-content\/uploads\/PED45216_900.jpg?fit=890%2C593&amp;ssl=1\" data-orig-size=\"890,593\" data-comments-opened=\"1\" data-image-meta=\"{&quot;aperture&quot;:&quot;4.5&quot;,&quot;credit&quot;:&quot;Paul Eschbach&quot;,&quot;camera&quot;:&quot;Canon EOS-1D Mark IV&quot;,&quot;caption&quot;:&quot;&quot;,&quot;created_timestamp&quot;:&quot;1745764765&quot;,&quot;copyright&quot;:&quot;www.deltaimage.de&quot;,&quot;focal_length&quot;:&quot;400&quot;,&quot;iso&quot;:&quot;800&quot;,&quot;shutter_speed&quot;:&quot;0.000125&quot;,&quot;title&quot;:&quot;&quot;,&quot;orientation&quot;:&quot;0&quot;}\" data-image-title=\"PED45216_900\" data-image-description=\"\" data-image-caption=\"\" data-large-file=\"https:\/\/i0.wp.com\/deltaimage.de\/wp\/wp-content\/uploads\/PED45216_900.jpg?fit=890%2C593&amp;ssl=1\" class=\"aligncenter size-full wp-image-49143\" src=\"https:\/\/i0.wp.com\/deltaimage.de\/wp\/wp-content\/uploads\/PED45216_900.jpg?resize=890%2C593&#038;ssl=1\" alt=\"\" width=\"890\" height=\"593\" srcset=\"https:\/\/i0.wp.com\/deltaimage.de\/wp\/wp-content\/uploads\/PED45216_900.jpg?w=890&amp;ssl=1 890w, https:\/\/i0.wp.com\/deltaimage.de\/wp\/wp-content\/uploads\/PED45216_900.jpg?resize=300%2C200&amp;ssl=1 300w, https:\/\/i0.wp.com\/deltaimage.de\/wp\/wp-content\/uploads\/PED45216_900.jpg?resize=600%2C400&amp;ssl=1 600w, https:\/\/i0.wp.com\/deltaimage.de\/wp\/wp-content\/uploads\/PED45216_900.jpg?resize=200%2C133&amp;ssl=1 200w\" sizes=\"auto, (max-width: 890px) 100vw, 890px\" \/><\/p>\n<p>Am kommenden <strong>Freitag (2.5.2025)<\/strong> beginnt mein <a href=\"https:\/\/deltaimage.de\/wp\/?tribe_events=foto-workshop-niedermoor-landschaft-moos-mit-paul-eschbach\"><strong>Workshop<\/strong> <\/a>bei den <a href=\"https:\/\/naturfototage.com\"><strong>27. internationalen Naturfototagen F\u00fcrstenfeld in F\u00fcrstenfeldbruck bei M\u00fcnchen<\/strong><\/a> \u2013 ein Foto-Workshop in der <strong>Niedermoor-Landschaft<\/strong>. Da werden wir wieder im <strong>Palsweiser Moos<\/strong> und im <strong>Fu\u00dfbergmoos<\/strong> mit der ganzen Fotogruppe sein, auf der Suche nach ebenso den Sch\u00f6nheiten in der <strong>Niedermoor-Landschaft<\/strong>. Als <strong>Workshop-Leiter<\/strong> f\u00fchre ich die ganze Fotogruppe durch den Tag und das Moos.<\/p>\n<p>&nbsp;<\/p>\n<p><!--more--><\/p>\n<p><img data-recalc-dims=\"1\" loading=\"lazy\" decoding=\"async\" data-attachment-id=\"47955\" data-permalink=\"https:\/\/deltaimage.de\/wp\/?attachment_id=47955\" data-orig-file=\"https:\/\/i0.wp.com\/deltaimage.de\/wp\/wp-content\/uploads\/Plakat_Workshop-im-Palsweiser-Moos-2025.jpg?fit=764%2C1062&amp;ssl=1\" data-orig-size=\"764,1062\" data-comments-opened=\"1\" data-image-meta=\"{&quot;aperture&quot;:&quot;0&quot;,&quot;credit&quot;:&quot;Paul Eschbach&quot;,&quot;camera&quot;:&quot;&quot;,&quot;caption&quot;:&quot;&quot;,&quot;created_timestamp&quot;:&quot;1740595443&quot;,&quot;copyright&quot;:&quot;&quot;,&quot;focal_length&quot;:&quot;0&quot;,&quot;iso&quot;:&quot;0&quot;,&quot;shutter_speed&quot;:&quot;0&quot;,&quot;title&quot;:&quot;&quot;,&quot;orientation&quot;:&quot;0&quot;}\" data-image-title=\"Plakat_Workshop im Palsweiser Moos 2025\" data-image-description=\"\" data-image-caption=\"\" data-large-file=\"https:\/\/i0.wp.com\/deltaimage.de\/wp\/wp-content\/uploads\/Plakat_Workshop-im-Palsweiser-Moos-2025.jpg?fit=764%2C1062&amp;ssl=1\" class=\"aligncenter size-full wp-image-47955\" src=\"https:\/\/i0.wp.com\/deltaimage.de\/wp\/wp-content\/uploads\/Plakat_Workshop-im-Palsweiser-Moos-2025.jpg?resize=764%2C1062&#038;ssl=1\" alt=\"\" width=\"764\" height=\"1062\" srcset=\"https:\/\/i0.wp.com\/deltaimage.de\/wp\/wp-content\/uploads\/Plakat_Workshop-im-Palsweiser-Moos-2025.jpg?w=764&amp;ssl=1 764w, https:\/\/i0.wp.com\/deltaimage.de\/wp\/wp-content\/uploads\/Plakat_Workshop-im-Palsweiser-Moos-2025.jpg?resize=432%2C600&amp;ssl=1 432w, https:\/\/i0.wp.com\/deltaimage.de\/wp\/wp-content\/uploads\/Plakat_Workshop-im-Palsweiser-Moos-2025.jpg?resize=144%2C200&amp;ssl=1 144w, https:\/\/i0.wp.com\/deltaimage.de\/wp\/wp-content\/uploads\/Plakat_Workshop-im-Palsweiser-Moos-2025.jpg?resize=288%2C400&amp;ssl=1 288w\" sizes=\"auto, (max-width: 764px) 100vw, 764px\" \/><\/p>\n<p>&nbsp;<\/p>\n<h2>Location-Scouting f\u00fcr den Fotoworkshop im Palsweiser Moos<\/h2>\n<p>Als guter Workshop-Leiter besuche ich den Motivbereich in den Tagen zuvor, um mir selbst ein Bild von den Verh\u00e4ltnissen vor Ort machen zu k\u00f6nnen und herauszufinden, welche Wege wir gut und sicher begehen k\u00f6nnen. So kann ich gleich f\u00fcr die BesucherInnen und die TeilnehmerInnen eine Motivinspiration mitnehmen und so f\u00fcr die richtige thematische Einstimmung in die <strong>Niedermoor-Landschaft<\/strong> sorgen.<\/p>\n<p><img data-recalc-dims=\"1\" loading=\"lazy\" decoding=\"async\" data-attachment-id=\"49145\" data-permalink=\"https:\/\/deltaimage.de\/wp\/?attachment_id=49145#main\" data-orig-file=\"https:\/\/i0.wp.com\/deltaimage.de\/wp\/wp-content\/uploads\/PED45248_900.jpg?fit=890%2C593&amp;ssl=1\" data-orig-size=\"890,593\" data-comments-opened=\"1\" data-image-meta=\"{&quot;aperture&quot;:&quot;4&quot;,&quot;credit&quot;:&quot;Paul Eschbach&quot;,&quot;camera&quot;:&quot;Canon EOS-1D Mark IV&quot;,&quot;caption&quot;:&quot;&quot;,&quot;created_timestamp&quot;:&quot;1745766913&quot;,&quot;copyright&quot;:&quot;www.deltaimage.de&quot;,&quot;focal_length&quot;:&quot;400&quot;,&quot;iso&quot;:&quot;800&quot;,&quot;shutter_speed&quot;:&quot;0.0008&quot;,&quot;title&quot;:&quot;&quot;,&quot;orientation&quot;:&quot;0&quot;}\" data-image-title=\"PED45248_900\" data-image-description=\"\" data-image-caption=\"\" data-large-file=\"https:\/\/i0.wp.com\/deltaimage.de\/wp\/wp-content\/uploads\/PED45248_900.jpg?fit=890%2C593&amp;ssl=1\" class=\"aligncenter size-full wp-image-49145\" src=\"https:\/\/i0.wp.com\/deltaimage.de\/wp\/wp-content\/uploads\/PED45248_900.jpg?resize=890%2C593&#038;ssl=1\" alt=\"\" width=\"890\" height=\"593\" srcset=\"https:\/\/i0.wp.com\/deltaimage.de\/wp\/wp-content\/uploads\/PED45248_900.jpg?w=890&amp;ssl=1 890w, https:\/\/i0.wp.com\/deltaimage.de\/wp\/wp-content\/uploads\/PED45248_900.jpg?resize=300%2C200&amp;ssl=1 300w, https:\/\/i0.wp.com\/deltaimage.de\/wp\/wp-content\/uploads\/PED45248_900.jpg?resize=600%2C400&amp;ssl=1 600w, https:\/\/i0.wp.com\/deltaimage.de\/wp\/wp-content\/uploads\/PED45248_900.jpg?resize=200%2C133&amp;ssl=1 200w\" sizes=\"auto, (max-width: 890px) 100vw, 890px\" \/><\/p>\n<p>Auch die Biber sind wieder aktiv am Bauen und an der Versorgung der jungen Familien mit frischer Rinde und den saftigen jungen Bl\u00e4ttern der Birke. An den Wegr\u00e4ndern fliegen die noch ganz jungen Zitronenfalter als intensiv-gelbe Farbpunkte durch das Blickfeld und lassen sich auf den gelben L\u00f6wenzahnbl\u00fcten nieder, um Nektar im \u00dcberfluss aufzunehmen.<\/p>\n<blockquote>\n<pre>Natur im Blick - es ist Fr\u00fchling<\/pre>\n<\/blockquote>\n<p>Die Jahreszeit f\u00fcr den Workshop f\u00e4llt dieses Jahr in der Natur fotografisch auf einen fast idealen Zeitpunkt &#8211; anders als in den letzten Jahren. Wir haben dieses Jahr auch keine Frostperiode, welche die Vegetation um Wochen zur\u00fcckgeworfen hat. Die Natur steht mit den jungen frischen Bl\u00e4ttern der Birken und aller Weichholz-Gew\u00e4chse im sch\u00f6nsten Licht da. Es ist nur wieder einmal viel zu trocken im Moos, die Wasserst\u00e4nde im Moos sind sehr niedrig.<\/p>\n<p>&nbsp;<\/p>\n<h2>Im Moor ist inzwischen alles gr\u00fcn<\/h2>\n<p>Die Landschaft hat sich in den letzten Tagen stark entwickelt. Ein Tag mit Regen hat das fehlende Nass noch bei weitem nicht aufgef\u00fcllt, aber hat die Natur so richtig zum Wachsen und zum Bl\u00fchen angeregt.<\/p>\n<p><img data-recalc-dims=\"1\" loading=\"lazy\" decoding=\"async\" data-attachment-id=\"49144\" data-permalink=\"https:\/\/deltaimage.de\/wp\/?attachment_id=49144#main\" data-orig-file=\"https:\/\/i0.wp.com\/deltaimage.de\/wp\/wp-content\/uploads\/PED45215_900.jpg?fit=890%2C593&amp;ssl=1\" data-orig-size=\"890,593\" data-comments-opened=\"1\" data-image-meta=\"{&quot;aperture&quot;:&quot;4.5&quot;,&quot;credit&quot;:&quot;Paul Eschbach&quot;,&quot;camera&quot;:&quot;Canon EOS-1D Mark IV&quot;,&quot;caption&quot;:&quot;&quot;,&quot;created_timestamp&quot;:&quot;1745764277&quot;,&quot;copyright&quot;:&quot;www.deltaimage.de&quot;,&quot;focal_length&quot;:&quot;400&quot;,&quot;iso&quot;:&quot;800&quot;,&quot;shutter_speed&quot;:&quot;0.0008&quot;,&quot;title&quot;:&quot;&quot;,&quot;orientation&quot;:&quot;0&quot;}\" data-image-title=\"PED45215_900\" data-image-description=\"\" data-image-caption=\"\" data-large-file=\"https:\/\/i0.wp.com\/deltaimage.de\/wp\/wp-content\/uploads\/PED45215_900.jpg?fit=890%2C593&amp;ssl=1\" class=\"aligncenter size-full wp-image-49144\" src=\"https:\/\/i0.wp.com\/deltaimage.de\/wp\/wp-content\/uploads\/PED45215_900.jpg?resize=890%2C593&#038;ssl=1\" alt=\"\" width=\"890\" height=\"593\" srcset=\"https:\/\/i0.wp.com\/deltaimage.de\/wp\/wp-content\/uploads\/PED45215_900.jpg?w=890&amp;ssl=1 890w, https:\/\/i0.wp.com\/deltaimage.de\/wp\/wp-content\/uploads\/PED45215_900.jpg?resize=300%2C200&amp;ssl=1 300w, https:\/\/i0.wp.com\/deltaimage.de\/wp\/wp-content\/uploads\/PED45215_900.jpg?resize=600%2C400&amp;ssl=1 600w, https:\/\/i0.wp.com\/deltaimage.de\/wp\/wp-content\/uploads\/PED45215_900.jpg?resize=200%2C133&amp;ssl=1 200w\" sizes=\"auto, (max-width: 890px) 100vw, 890px\" \/><\/p>\n<p>Da l\u00e4sst es sich wundersch\u00f6n durch diese wundersch\u00f6ne Natur- und Kulturlandschaft wandern und die Sch\u00f6nheiten der Natur und der Landschaft in sich regelrecht aufsaugen. F\u00fcr die TeilnehmerInnen ist die B\u00fchne der Natur bereitet.<\/p>\n<blockquote>\n<pre>An der Landschaft und der Natur wird es nicht liegen und jede TeilnehmerIn \r\nwird mit einem gro\u00dfen Koffer an Natur- und Bildeindr\u00fccken nach Hause kommen.<\/pre>\n<\/blockquote>\n<p>&nbsp;<\/p>\n<h2>Die Fr\u00f6sche empfangen mich gleich mit einem weithin h\u00f6rbaren Frosch-Konzert<\/h2>\n<p>Das faszinierende <strong>Abenteuer Naturfotografie<\/strong> beginnt gleich unmittelbar am Parkplatz &#8211; wenn man die bevorzugten Pl\u00e4tze der Amphibien und anderer Tiere im <strong>Palsweiser Moos<\/strong> \u00fcber viele Jahre kennt und erlebt hat.<\/p>\n<p><img data-recalc-dims=\"1\" loading=\"lazy\" decoding=\"async\" data-attachment-id=\"49153\" data-permalink=\"https:\/\/deltaimage.de\/wp\/?attachment_id=49153#main\" data-orig-file=\"https:\/\/i0.wp.com\/deltaimage.de\/wp\/wp-content\/uploads\/PED45054_900.jpg?fit=890%2C593&amp;ssl=1\" data-orig-size=\"890,593\" data-comments-opened=\"1\" data-image-meta=\"{&quot;aperture&quot;:&quot;8&quot;,&quot;credit&quot;:&quot;Paul Eschbach&quot;,&quot;camera&quot;:&quot;Canon EOS-1D Mark IV&quot;,&quot;caption&quot;:&quot;&quot;,&quot;created_timestamp&quot;:&quot;1745760962&quot;,&quot;copyright&quot;:&quot;www.deltaimage.de&quot;,&quot;focal_length&quot;:&quot;400&quot;,&quot;iso&quot;:&quot;800&quot;,&quot;shutter_speed&quot;:&quot;0.0015625&quot;,&quot;title&quot;:&quot;&quot;,&quot;orientation&quot;:&quot;0&quot;}\" data-image-title=\"PED45054_900\" data-image-description=\"\" data-image-caption=\"\" data-large-file=\"https:\/\/i0.wp.com\/deltaimage.de\/wp\/wp-content\/uploads\/PED45054_900.jpg?fit=890%2C593&amp;ssl=1\" class=\"aligncenter size-full wp-image-49153\" src=\"https:\/\/i0.wp.com\/deltaimage.de\/wp\/wp-content\/uploads\/PED45054_900.jpg?resize=890%2C593&#038;ssl=1\" alt=\"\" width=\"890\" height=\"593\" srcset=\"https:\/\/i0.wp.com\/deltaimage.de\/wp\/wp-content\/uploads\/PED45054_900.jpg?w=890&amp;ssl=1 890w, https:\/\/i0.wp.com\/deltaimage.de\/wp\/wp-content\/uploads\/PED45054_900.jpg?resize=300%2C200&amp;ssl=1 300w, https:\/\/i0.wp.com\/deltaimage.de\/wp\/wp-content\/uploads\/PED45054_900.jpg?resize=600%2C400&amp;ssl=1 600w, https:\/\/i0.wp.com\/deltaimage.de\/wp\/wp-content\/uploads\/PED45054_900.jpg?resize=200%2C133&amp;ssl=1 200w\" sizes=\"auto, (max-width: 890px) 100vw, 890px\" \/><\/p>\n<p>F\u00fcr die FotografIn bedeutet das, Konzentration und erh\u00f6hte Aufmerksamkeit auf die Sch\u00f6nheiten der Natur und Naturlandschaft von Anfang an.<\/p>\n<blockquote>\n<pre>Es lohnt sich meist, gerade dann die Augen und Ohren offen zu haben. \r\nWenn andere Besucher noch ganz intensiv in der ersten Unterhaltung an \r\nmir vorbeilaufen und niemand wahrnimmt die Fr\u00f6sche in ihrem sch\u00f6nen \r\nund abwechslungsreichen Farbkleid.<\/pre>\n<\/blockquote>\n<p><img data-recalc-dims=\"1\" loading=\"lazy\" decoding=\"async\" data-attachment-id=\"49152\" data-permalink=\"https:\/\/deltaimage.de\/wp\/?attachment_id=49152#main\" data-orig-file=\"https:\/\/i0.wp.com\/deltaimage.de\/wp\/wp-content\/uploads\/PED45238_900.jpg?fit=890%2C595&amp;ssl=1\" data-orig-size=\"890,595\" data-comments-opened=\"1\" data-image-meta=\"{&quot;aperture&quot;:&quot;5&quot;,&quot;credit&quot;:&quot;Paul Eschbach&quot;,&quot;camera&quot;:&quot;Canon EOS-1D Mark IV&quot;,&quot;caption&quot;:&quot;&quot;,&quot;created_timestamp&quot;:&quot;1745766326&quot;,&quot;copyright&quot;:&quot;www.deltaimage.de&quot;,&quot;focal_length&quot;:&quot;400&quot;,&quot;iso&quot;:&quot;800&quot;,&quot;shutter_speed&quot;:&quot;0.001&quot;,&quot;title&quot;:&quot;&quot;,&quot;orientation&quot;:&quot;0&quot;}\" data-image-title=\"PED45238_900\" data-image-description=\"\" data-image-caption=\"\" data-large-file=\"https:\/\/i0.wp.com\/deltaimage.de\/wp\/wp-content\/uploads\/PED45238_900.jpg?fit=890%2C595&amp;ssl=1\" class=\"aligncenter size-full wp-image-49152\" src=\"https:\/\/i0.wp.com\/deltaimage.de\/wp\/wp-content\/uploads\/PED45238_900.jpg?resize=890%2C595&#038;ssl=1\" alt=\"\" width=\"890\" height=\"595\" srcset=\"https:\/\/i0.wp.com\/deltaimage.de\/wp\/wp-content\/uploads\/PED45238_900.jpg?w=890&amp;ssl=1 890w, https:\/\/i0.wp.com\/deltaimage.de\/wp\/wp-content\/uploads\/PED45238_900.jpg?resize=300%2C200&amp;ssl=1 300w, https:\/\/i0.wp.com\/deltaimage.de\/wp\/wp-content\/uploads\/PED45238_900.jpg?resize=598%2C400&amp;ssl=1 598w, https:\/\/i0.wp.com\/deltaimage.de\/wp\/wp-content\/uploads\/PED45238_900.jpg?resize=200%2C133&amp;ssl=1 200w\" sizes=\"auto, (max-width: 890px) 100vw, 890px\" \/><\/p>\n<p>&nbsp;<\/p>\n<h2>Ein fl\u00fcchtiger und ebenso luftiger Moment im Fr\u00fchling in der Moos-Landschaft<\/h2>\n<blockquote>\n<pre>M\u00f6chten Sie nicht auch wie ein wei\u00dfer (oder gelber) Schmetterling \r\ndurch diese luftige und mit Licht durchflutete Fr\u00fchlingslandschaft schweben?<\/pre>\n<\/blockquote>\n<p>Dann lassen Sie doch diesen Moment von einem <strong>Naturfotografen<\/strong> in einem Bild festhalten. Die vielen Fr\u00f6sche im <strong>Palsweiser Moos<\/strong> machten mir das Fotografieren an diesem Nachmittag sehr einfach. Dann kann ich als Fotograf auch gerne etwas experimenteller werden. Ein Paar an jungen <strong>Schmetterlingen<\/strong> flattert des Weges, ein <strong>Zitronenfalter<\/strong> (gelb) und ein <strong>Kohlwei\u00dfling<\/strong> (wei\u00df) flattert des Weges, ich rei\u00dfe die Kamera mit 500 mm Brennweite hoch und machen genau drei Fotos.<\/p>\n<blockquote>\n<pre>Von drei guten Bildern spricht mich dieses Impressionistische am meisten an.<\/pre>\n<\/blockquote>\n<p>&nbsp;<\/p>\n<p><img data-recalc-dims=\"1\" loading=\"lazy\" decoding=\"async\" data-attachment-id=\"49156\" data-permalink=\"https:\/\/deltaimage.de\/wp\/?attachment_id=49156#main\" data-orig-file=\"https:\/\/i0.wp.com\/deltaimage.de\/wp\/wp-content\/uploads\/PED45016_900.jpg?fit=890%2C593&amp;ssl=1\" data-orig-size=\"890,593\" data-comments-opened=\"1\" data-image-meta=\"{&quot;aperture&quot;:&quot;5.6&quot;,&quot;credit&quot;:&quot;Paul Eschbach&quot;,&quot;camera&quot;:&quot;Canon EOS-1D Mark IV&quot;,&quot;caption&quot;:&quot;&quot;,&quot;created_timestamp&quot;:&quot;1745760245&quot;,&quot;copyright&quot;:&quot;www.deltaimage.de&quot;,&quot;focal_length&quot;:&quot;400&quot;,&quot;iso&quot;:&quot;800&quot;,&quot;shutter_speed&quot;:&quot;0.0008&quot;,&quot;title&quot;:&quot;&quot;,&quot;orientation&quot;:&quot;0&quot;}\" data-image-title=\"PED45016_900\" data-image-description=\"\" data-image-caption=\"\" data-large-file=\"https:\/\/i0.wp.com\/deltaimage.de\/wp\/wp-content\/uploads\/PED45016_900.jpg?fit=890%2C593&amp;ssl=1\" class=\"aligncenter size-full wp-image-49156\" src=\"https:\/\/i0.wp.com\/deltaimage.de\/wp\/wp-content\/uploads\/PED45016_900.jpg?resize=890%2C593&#038;ssl=1\" alt=\"\" width=\"890\" height=\"593\" srcset=\"https:\/\/i0.wp.com\/deltaimage.de\/wp\/wp-content\/uploads\/PED45016_900.jpg?w=890&amp;ssl=1 890w, https:\/\/i0.wp.com\/deltaimage.de\/wp\/wp-content\/uploads\/PED45016_900.jpg?resize=300%2C200&amp;ssl=1 300w, https:\/\/i0.wp.com\/deltaimage.de\/wp\/wp-content\/uploads\/PED45016_900.jpg?resize=600%2C400&amp;ssl=1 600w, https:\/\/i0.wp.com\/deltaimage.de\/wp\/wp-content\/uploads\/PED45016_900.jpg?resize=200%2C133&amp;ssl=1 200w\" sizes=\"auto, (max-width: 890px) 100vw, 890px\" \/><\/p>\n<p>Die Bewegung der beiden Schmetterlinge spielt mit der Bewegung der Kamera im Bildraum wundersch\u00f6n zusammen, die Reflexionen im Hintergrund unterstreichen die Bildstimmung. Das einzig scharf abgebildete Motivteil ist der K\u00f6rper des Kohlwei\u00dflings mit vollst\u00e4ndig ge\u00f6ffneten Fl\u00fcgeln.<\/p>\n<blockquote>\n<pre>Passt.<\/pre>\n<\/blockquote>\n<p>&nbsp;<\/p>\n<h2>Ein Kleiner Feuerfalter auf der Wiese im Moos<\/h2>\n<p>Die <strong>Natur- und Landschaftsfotografie<\/strong> besteht zu mehr als 50 Prozent aus dem geduldigen und aufmerksamen Warten auf die Sch\u00f6nheiten der Natur. Das Sehen in der Natur muss man auch trainieren und immer wieder \u00fcben. Mit der Zeit klappt das auch immer besser und man erkennt als FotografIn Bildmotive, die anderen Menschen meist vollst\u00e4ndig verborgen bleiben. Das fotografische Auge macht daraus Bildkompositionen und setzt das Gesehene in Bilder um.<\/p>\n<p><img data-recalc-dims=\"1\" loading=\"lazy\" decoding=\"async\" data-attachment-id=\"49158\" data-permalink=\"https:\/\/deltaimage.de\/wp\/?attachment_id=49158#main\" data-orig-file=\"https:\/\/i0.wp.com\/deltaimage.de\/wp\/wp-content\/uploads\/PED45100_900.jpg?fit=890%2C593&amp;ssl=1\" data-orig-size=\"890,593\" data-comments-opened=\"1\" data-image-meta=\"{&quot;aperture&quot;:&quot;11&quot;,&quot;credit&quot;:&quot;Paul Eschbach&quot;,&quot;camera&quot;:&quot;Canon EOS-1D Mark IV&quot;,&quot;caption&quot;:&quot;&quot;,&quot;created_timestamp&quot;:&quot;1745763218&quot;,&quot;copyright&quot;:&quot;www.deltaimage.de&quot;,&quot;focal_length&quot;:&quot;400&quot;,&quot;iso&quot;:&quot;800&quot;,&quot;shutter_speed&quot;:&quot;0.002&quot;,&quot;title&quot;:&quot;&quot;,&quot;orientation&quot;:&quot;0&quot;}\" data-image-title=\"PED45100_900\" data-image-description=\"\" data-image-caption=\"\" data-large-file=\"https:\/\/i0.wp.com\/deltaimage.de\/wp\/wp-content\/uploads\/PED45100_900.jpg?fit=890%2C593&amp;ssl=1\" class=\"aligncenter size-full wp-image-49158\" src=\"https:\/\/i0.wp.com\/deltaimage.de\/wp\/wp-content\/uploads\/PED45100_900.jpg?resize=890%2C593&#038;ssl=1\" alt=\"\" width=\"890\" height=\"593\" srcset=\"https:\/\/i0.wp.com\/deltaimage.de\/wp\/wp-content\/uploads\/PED45100_900.jpg?w=890&amp;ssl=1 890w, https:\/\/i0.wp.com\/deltaimage.de\/wp\/wp-content\/uploads\/PED45100_900.jpg?resize=300%2C200&amp;ssl=1 300w, https:\/\/i0.wp.com\/deltaimage.de\/wp\/wp-content\/uploads\/PED45100_900.jpg?resize=600%2C400&amp;ssl=1 600w, https:\/\/i0.wp.com\/deltaimage.de\/wp\/wp-content\/uploads\/PED45100_900.jpg?resize=200%2C133&amp;ssl=1 200w\" sizes=\"auto, (max-width: 890px) 100vw, 890px\" \/><\/p>\n<p>Der Kleine Feuerfalter <em>(Lycaena phlaeas)<\/em> \u2013 und er ist wirklich klein \u2013 und ist auch ein Bl\u00e4uling. Er setzt sich inmitten der Wiese auf ein bl\u00fchendes Seggen-Gras.<\/p>\n<blockquote>\n<pre>So einfach kann Fotografie auch sein.<\/pre>\n<\/blockquote>\n<p>Jetzt ist das 500er mit einer optischen Naheinstellgrenze von 3,5 Metern nicht wirklich ein Makro-Objektiv, ein sch\u00f6nes Bildmotiv kann daraus aber trotzdem entstehen.<\/p>\n","protected":false},"excerpt":{"rendered":"<p>Auf dem Titelbild krabbelt ein Feld-Sandlaufk\u00e4fer (Cicindela campestris) in seinem tiefgr\u00fcnen Farbkleid durch die Moos-Landschaft. Es ist Fr\u00fchling im Dachauer Moos, die letzten vier Wochen war ich an den Wochenenden [&hellip;]<\/p>\n","protected":false},"author":1,"featured_media":49140,"comment_status":"open","ping_status":"closed","sticky":false,"template":"","format":"standard","meta":{"wpupg_custom_link":[],"wpupg_custom_link_behaviour":["default"],"wpupg_custom_link_nofollow":["default"],"wpupg_custom_image":[],"wpupg_custom_image_id":[],"jetpack_post_was_ever_published":false,"footnotes":""},"categories":[3010,2523,3217,1492,8],"tags":[114,3746,2125,2160,3855,3346,4215,833],"class_list":["post-49136","post","type-post","status-publish","format-standard","has-post-thumbnail","hentry","category-dachauer-land","category-dachauer-moos","category-naturfotografie","category-naturfototage-fuerstenfeld","category-news","tag-fruehling","tag-maisacher-moos","tag-naturfototage-fuerstenfeld","tag-niedermoor","tag-niedermoor-landschaft","tag-palsweiser-moos","tag-spaziergang","tag-workshop"],"jetpack_featured_media_url":"https:\/\/i0.wp.com\/deltaimage.de\/wp\/wp-content\/uploads\/PED45209_1200.jpg?fit=1200%2C450&ssl=1","jetpack-related-posts":[{"id":54411,"url":"https:\/\/deltaimage.de\/wp\/?p=54411","url_meta":{"origin":49136,"position":0},"title":"&#8222;Niedermoor&#8220; &#8211; Landschaftsfotografie im Moos bei den Naturfototagen F\u00fcrstenfeld","author":"EschbacP","date":"20. April 2026","format":false,"excerpt":"Am kommenden Freitag, 24.4.2026 beginnen nicht nur die 28. Internationalen Naturfototage F\u00fcrstenfeld in F\u00fcrstenfeldbruck bei M\u00fcnchen, sondern wie jedes Jahr, er\u00f6ffnen wir mit dem Workshop \"Niedermoor\" mit dem Moos-Experten Paul Eschbach den Veranstaltungsreigen. Der Workshop ist bereits ausgebucht - falls Sie keine Karte haben, muss ich Sie auf das kommende\u2026","rel":"","context":"In &quot;Dachauer Land&quot;","block_context":{"text":"Dachauer Land","link":"https:\/\/deltaimage.de\/wp\/?cat=3010"},"img":{"alt_text":"","src":"https:\/\/i0.wp.com\/deltaimage.de\/wp\/wp-content\/uploads\/PED41327_1200.jpg?fit=1200%2C450&ssl=1&resize=350%2C200","width":350,"height":200,"srcset":"https:\/\/i0.wp.com\/deltaimage.de\/wp\/wp-content\/uploads\/PED41327_1200.jpg?fit=1200%2C450&ssl=1&resize=350%2C200 1x, https:\/\/i0.wp.com\/deltaimage.de\/wp\/wp-content\/uploads\/PED41327_1200.jpg?fit=1200%2C450&ssl=1&resize=525%2C300 1.5x, https:\/\/i0.wp.com\/deltaimage.de\/wp\/wp-content\/uploads\/PED41327_1200.jpg?fit=1200%2C450&ssl=1&resize=700%2C400 2x, https:\/\/i0.wp.com\/deltaimage.de\/wp\/wp-content\/uploads\/PED41327_1200.jpg?fit=1200%2C450&ssl=1&resize=1050%2C600 3x"},"classes":[]},{"id":52961,"url":"https:\/\/deltaimage.de\/wp\/?p=52961","url_meta":{"origin":49136,"position":1},"title":"Dachauer Land &#8211; vor den gro\u00dfen Bergen im Herbst","author":"EschbacP","date":"8. November 2025","format":false,"excerpt":"Das Terti\u00e4r-H\u00fcgelland liegt um viele Meter h\u00f6her als die weite und ebene Landschaft des Dachauer Mooses. So streift der Blick von den ersten H\u00f6henr\u00fccken ohne Hindernisse weit hinaus in die Ebene nach S\u00fcden hin. Die Blicke der BetrachterInnen werden erst gebremst von den m\u00e4chtigen Bergen des Alpenhauptlammes. Weit im Westen\u2026","rel":"","context":"In &quot;Dachauer Land&quot;","block_context":{"text":"Dachauer Land","link":"https:\/\/deltaimage.de\/wp\/?cat=3010"},"img":{"alt_text":"","src":"https:\/\/i0.wp.com\/deltaimage.de\/wp\/wp-content\/uploads\/PED45007_1200.jpg?fit=1200%2C450&ssl=1&resize=350%2C200","width":350,"height":200,"srcset":"https:\/\/i0.wp.com\/deltaimage.de\/wp\/wp-content\/uploads\/PED45007_1200.jpg?fit=1200%2C450&ssl=1&resize=350%2C200 1x, https:\/\/i0.wp.com\/deltaimage.de\/wp\/wp-content\/uploads\/PED45007_1200.jpg?fit=1200%2C450&ssl=1&resize=525%2C300 1.5x, https:\/\/i0.wp.com\/deltaimage.de\/wp\/wp-content\/uploads\/PED45007_1200.jpg?fit=1200%2C450&ssl=1&resize=700%2C400 2x, https:\/\/i0.wp.com\/deltaimage.de\/wp\/wp-content\/uploads\/PED45007_1200.jpg?fit=1200%2C450&ssl=1&resize=1050%2C600 3x"},"classes":[]},{"id":46507,"url":"https:\/\/deltaimage.de\/wp\/?p=46507","url_meta":{"origin":49136,"position":2},"title":"S\u00fcddeutsche Zeitung: Schatzkammer der Natur &#8211; Dachau","author":"EschbacP","date":"9. November 2024","format":false,"excerpt":"\u00a0 S\u00fcddeutsche Zeitung - Lokalredaktion Dachau von Stefan Salger Die S\u00fcddeutsche Zeitung brachte in der Wochenendausgabe 2.\/3. November 2024 in der Lokalausgabe Dachau den Bericht von Stefan Salger aus F\u00fcrstenfeldbruck zu meinem neuen Foto-Bildband \u00fcber das Maisacher Mooses, dem Palsweiser Moos und dem zusammengeh\u00f6renden Fu\u00dfberger Moos). Link zum Originalbeitrag im\u2026","rel":"","context":"In &quot;Buch&quot;","block_context":{"text":"Buch","link":"https:\/\/deltaimage.de\/wp\/?cat=1189"},"img":{"alt_text":"","src":"https:\/\/i0.wp.com\/deltaimage.de\/wp\/wp-content\/uploads\/Logo_Sueddeutsche-Zeitung.JPG.png?fit=1200%2C449&ssl=1&resize=350%2C200","width":350,"height":200,"srcset":"https:\/\/i0.wp.com\/deltaimage.de\/wp\/wp-content\/uploads\/Logo_Sueddeutsche-Zeitung.JPG.png?fit=1200%2C449&ssl=1&resize=350%2C200 1x, https:\/\/i0.wp.com\/deltaimage.de\/wp\/wp-content\/uploads\/Logo_Sueddeutsche-Zeitung.JPG.png?fit=1200%2C449&ssl=1&resize=525%2C300 1.5x, https:\/\/i0.wp.com\/deltaimage.de\/wp\/wp-content\/uploads\/Logo_Sueddeutsche-Zeitung.JPG.png?fit=1200%2C449&ssl=1&resize=700%2C400 2x, https:\/\/i0.wp.com\/deltaimage.de\/wp\/wp-content\/uploads\/Logo_Sueddeutsche-Zeitung.JPG.png?fit=1200%2C449&ssl=1&resize=1050%2C600 3x"},"classes":[]},{"id":49248,"url":"https:\/\/deltaimage.de\/wp\/?p=49248","url_meta":{"origin":49136,"position":3},"title":"FOTO-Ausstellung zum Maisacher Moos von Paul Eschbach ist im Gemeindezentrum Maisach aufgebaut","author":"EschbacP","date":"7. Mai 2025","format":false,"excerpt":"Am kommenden Freitag, 9.5.2025 beginnt die Foto-Ausstellung vom Dachauer Fotografen Paul Eschbach mit der \u00f6ffentlichen Vernissage, alle Interessierten sind ganz herzlich zur Vernissage eingeladen. Die Vernissage und Ausstellungser\u00f6ffnung durch den B\u00fcrgermeister von Maisach und dem Fotografen Paul Eschbach beginnt um 18:00 Uhr. Dann h\u00e4ngen die Bilder bis einschlie\u00dflich Sonntag, 18.5.2025\u2026","rel":"","context":"In &quot;Buch&quot;","block_context":{"text":"Buch","link":"https:\/\/deltaimage.de\/wp\/?cat=1189"},"img":{"alt_text":"","src":"https:\/\/i0.wp.com\/deltaimage.de\/wp\/wp-content\/uploads\/PANO_20250507_145248_1200.jpg?fit=1200%2C447&ssl=1&resize=350%2C200","width":350,"height":200,"srcset":"https:\/\/i0.wp.com\/deltaimage.de\/wp\/wp-content\/uploads\/PANO_20250507_145248_1200.jpg?fit=1200%2C447&ssl=1&resize=350%2C200 1x, https:\/\/i0.wp.com\/deltaimage.de\/wp\/wp-content\/uploads\/PANO_20250507_145248_1200.jpg?fit=1200%2C447&ssl=1&resize=525%2C300 1.5x, https:\/\/i0.wp.com\/deltaimage.de\/wp\/wp-content\/uploads\/PANO_20250507_145248_1200.jpg?fit=1200%2C447&ssl=1&resize=700%2C400 2x, https:\/\/i0.wp.com\/deltaimage.de\/wp\/wp-content\/uploads\/PANO_20250507_145248_1200.jpg?fit=1200%2C447&ssl=1&resize=1050%2C600 3x"},"classes":[]},{"id":54358,"url":"https:\/\/deltaimage.de\/wp\/?p=54358","url_meta":{"origin":49136,"position":4},"title":"&#8222;Niedermoor&#8220; &#8211; Vorbereitung des Workshops bei den Naturfototagen F\u00fcrstenfeld im Dachauer Moos","author":"EschbacP","date":"19. April 2026","format":false,"excerpt":"Am kommenden Freitag, 24.4.2026 beginnen nicht nur die 28. Internationalen Naturfototage F\u00fcrstenfeld in F\u00fcrstenfeldbruck bei M\u00fcnchen, sondern wie jedes Jahr, er\u00f6ffnen wir mit dem Workshop \"Niedermoor\" mit dem Moos-Experten Paul Eschbach den Veranstaltungsreigen. Der Workshop ist bereits ausgebucht - falls Sie keine Karte haben, muss ich Sie auf das kommende\u2026","rel":"","context":"In &quot;Dachauer Land&quot;","block_context":{"text":"Dachauer Land","link":"https:\/\/deltaimage.de\/wp\/?cat=3010"},"img":{"alt_text":"","src":"https:\/\/i0.wp.com\/deltaimage.de\/wp\/wp-content\/uploads\/PED41239_1200.jpg?fit=1200%2C450&ssl=1&resize=350%2C200","width":350,"height":200,"srcset":"https:\/\/i0.wp.com\/deltaimage.de\/wp\/wp-content\/uploads\/PED41239_1200.jpg?fit=1200%2C450&ssl=1&resize=350%2C200 1x, https:\/\/i0.wp.com\/deltaimage.de\/wp\/wp-content\/uploads\/PED41239_1200.jpg?fit=1200%2C450&ssl=1&resize=525%2C300 1.5x, https:\/\/i0.wp.com\/deltaimage.de\/wp\/wp-content\/uploads\/PED41239_1200.jpg?fit=1200%2C450&ssl=1&resize=700%2C400 2x, https:\/\/i0.wp.com\/deltaimage.de\/wp\/wp-content\/uploads\/PED41239_1200.jpg?fit=1200%2C450&ssl=1&resize=1050%2C600 3x"},"classes":[]},{"id":47834,"url":"https:\/\/deltaimage.de\/wp\/?p=47834","url_meta":{"origin":49136,"position":5},"title":"Foto-Ausstellung in Maisach zum Maisacher Moos im Mai 2025","author":"EschbacP","date":"16. Februar 2025","format":false,"excerpt":"Die Gemeinde Maisach zeigt im Gemeindezentrum an der Riedlstra\u00dfe eine Fotoausstellung vom Dachauer Fotografen Paul Eschbach zum Maisacher Moos. \"Wo ist das Maisacher Moos heute noch zu sehen?\" \u00a0 Neun Tage lang werden die fotografischen Sch\u00f6nheiten dieser Niedermoor-Landschaft in gro\u00dfformatigen Bildmotiven und Informationstafeln ausgestellt. Das zweitgr\u00f6\u00dfte Niedermoor in Bayern wird\u2026","rel":"","context":"In &quot;Buch&quot;","block_context":{"text":"Buch","link":"https:\/\/deltaimage.de\/wp\/?cat=1189"},"img":{"alt_text":"","src":"https:\/\/i0.wp.com\/deltaimage.de\/wp\/wp-content\/uploads\/IMG_1199_1200.jpg?fit=1200%2C450&ssl=1&resize=350%2C200","width":350,"height":200,"srcset":"https:\/\/i0.wp.com\/deltaimage.de\/wp\/wp-content\/uploads\/IMG_1199_1200.jpg?fit=1200%2C450&ssl=1&resize=350%2C200 1x, https:\/\/i0.wp.com\/deltaimage.de\/wp\/wp-content\/uploads\/IMG_1199_1200.jpg?fit=1200%2C450&ssl=1&resize=525%2C300 1.5x, https:\/\/i0.wp.com\/deltaimage.de\/wp\/wp-content\/uploads\/IMG_1199_1200.jpg?fit=1200%2C450&ssl=1&resize=700%2C400 2x, https:\/\/i0.wp.com\/deltaimage.de\/wp\/wp-content\/uploads\/IMG_1199_1200.jpg?fit=1200%2C450&ssl=1&resize=1050%2C600 3x"},"classes":[]}],"jetpack_sharing_enabled":true,"_links":{"self":[{"href":"https:\/\/deltaimage.de\/wp\/index.php?rest_route=\/wp\/v2\/posts\/49136","targetHints":{"allow":["GET"]}}],"collection":[{"href":"https:\/\/deltaimage.de\/wp\/index.php?rest_route=\/wp\/v2\/posts"}],"about":[{"href":"https:\/\/deltaimage.de\/wp\/index.php?rest_route=\/wp\/v2\/types\/post"}],"author":[{"embeddable":true,"href":"https:\/\/deltaimage.de\/wp\/index.php?rest_route=\/wp\/v2\/users\/1"}],"replies":[{"embeddable":true,"href":"https:\/\/deltaimage.de\/wp\/index.php?rest_route=%2Fwp%2Fv2%2Fcomments&post=49136"}],"version-history":[{"count":18,"href":"https:\/\/deltaimage.de\/wp\/index.php?rest_route=\/wp\/v2\/posts\/49136\/revisions"}],"predecessor-version":[{"id":51881,"href":"https:\/\/deltaimage.de\/wp\/index.php?rest_route=\/wp\/v2\/posts\/49136\/revisions\/51881"}],"wp:featuredmedia":[{"embeddable":true,"href":"https:\/\/deltaimage.de\/wp\/index.php?rest_route=\/wp\/v2\/media\/49140"}],"wp:attachment":[{"href":"https:\/\/deltaimage.de\/wp\/index.php?rest_route=%2Fwp%2Fv2%2Fmedia&parent=49136"}],"wp:term":[{"taxonomy":"category","embeddable":true,"href":"https:\/\/deltaimage.de\/wp\/index.php?rest_route=%2Fwp%2Fv2%2Fcategories&post=49136"},{"taxonomy":"post_tag","embeddable":true,"href":"https:\/\/deltaimage.de\/wp\/index.php?rest_route=%2Fwp%2Fv2%2Ftags&post=49136"}],"curies":[{"name":"wp","href":"https:\/\/api.w.org\/{rel}","templated":true}]}}