{"id":49195,"date":"2025-05-01T13:20:19","date_gmt":"2025-05-01T11:20:19","guid":{"rendered":"https:\/\/deltaimage.de\/wp\/?p=49195"},"modified":"2025-08-14T15:30:24","modified_gmt":"2025-08-14T13:30:24","slug":"freude-an-der-fotografie-paul-eschbach-vier-wochen-im-wasserturm","status":"publish","type":"post","link":"https:\/\/deltaimage.de\/wp\/?p=49195","title":{"rendered":"Freude an der Fotografie: Paul Eschbach vier Wochen im Dachauer Wasserturm"},"content":{"rendered":"\r\n<p>Vier Wochen <a href=\"https:\/\/deltaimage.de\/wp\/?portfolio=foto-ausstellung-im-wasserturm-natur-und-moorschutz-im-dachauer-moos-paul-eschbach\"><strong>Foto-Ausstellung<\/strong><\/a> im <a href=\"https:\/\/dachauerwasserturm.de\"><strong>Dachauer Wasserturm<\/strong><\/a> sind nun vor\u00fcber &#8211; fast wie im Flug. Sechzehn Tage <strong>Foto-Ausstellung<\/strong> mit vierzig gro\u00dfformatigen <strong>Natur- und Landschaftsfotos<\/strong> zum <strong>Dachauer Moos.<\/strong><\/p>\r\n\r\n\r\n\r\n<blockquote>\r\n<pre>\"Wo ist das Dachauer Moos heute noch zu finden?\"<\/pre>\r\n<\/blockquote>\r\n<figure class=\"wp-block-image size-large\">\r\n<div id=\"attachment_49122\" style=\"width: 1210px\" class=\"wp-caption aligncenter\"><img data-recalc-dims=\"1\" loading=\"lazy\" decoding=\"async\" aria-describedby=\"caption-attachment-49122\" data-attachment-id=\"49122\" data-permalink=\"https:\/\/deltaimage.de\/wp\/?attachment_id=49122#main\" data-orig-file=\"https:\/\/i0.wp.com\/deltaimage.de\/wp\/wp-content\/uploads\/ANDI0015_1200.jpg?fit=1200%2C634&amp;ssl=1\" data-orig-size=\"1200,634\" data-comments-opened=\"1\" data-image-meta=\"{&quot;aperture&quot;:&quot;5&quot;,&quot;credit&quot;:&quot;Andi Pirchmoser&quot;,&quot;camera&quot;:&quot;Canon EOS 5D Mark III&quot;,&quot;caption&quot;:&quot;&quot;,&quot;created_timestamp&quot;:&quot;1745249698&quot;,&quot;copyright&quot;:&quot;Andreas Pirchmoser&quot;,&quot;focal_length&quot;:&quot;24&quot;,&quot;iso&quot;:&quot;500&quot;,&quot;shutter_speed&quot;:&quot;0.01&quot;,&quot;title&quot;:&quot;&quot;,&quot;orientation&quot;:&quot;0&quot;}\" data-image-title=\"ANDI0015_1200\" data-image-description=\"\" data-image-caption=\"\" data-large-file=\"https:\/\/i0.wp.com\/deltaimage.de\/wp\/wp-content\/uploads\/ANDI0015_1200.jpg?fit=890%2C470&amp;ssl=1\" class=\"wp-image-49122\" src=\"https:\/\/i0.wp.com\/deltaimage.de\/wp\/wp-content\/uploads\/ANDI0015_1200.jpg?resize=890%2C470&#038;ssl=1\" alt=\"\" width=\"890\" height=\"470\" srcset=\"https:\/\/i0.wp.com\/deltaimage.de\/wp\/wp-content\/uploads\/ANDI0015_1200.jpg?w=1200&amp;ssl=1 1200w, https:\/\/i0.wp.com\/deltaimage.de\/wp\/wp-content\/uploads\/ANDI0015_1200.jpg?resize=900%2C476&amp;ssl=1 900w, https:\/\/i0.wp.com\/deltaimage.de\/wp\/wp-content\/uploads\/ANDI0015_1200.jpg?resize=300%2C159&amp;ssl=1 300w, https:\/\/i0.wp.com\/deltaimage.de\/wp\/wp-content\/uploads\/ANDI0015_1200.jpg?resize=757%2C400&amp;ssl=1 757w\" sizes=\"auto, (max-width: 890px) 100vw, 890px\" \/><p id=\"caption-attachment-49122\" class=\"wp-caption-text\">Foto: Andi Pirchmoser, Dachau<\/p><\/div>\r\n<\/figure>\r\n\r\n\r\n\r\n<p>&nbsp;<\/p>\r\n<p>im Rahmen der <strong>Fest- und Foto-Ausstellung<\/strong> <strong>&#8222;50 Jahre Natur- und Moosschutz im Dachauer Moos&#8220;<\/strong>, zum <strong>50-Jahre-Jubil\u00e4um der Gr\u00fcndung<\/strong> der <a href=\"https:\/\/dachau.bund-naturschutz.de\"><strong>Kreisgruppe Dachau im BUND Naturschutz in Bayern e. V.<\/strong><\/a><\/p>\r\n\r\n\r\n\r\n<p><!--more--><\/p>\r\n\r\n\r\n\r\n<h2 class=\"wp-block-heading\">\u00a0<\/h2>\r\n<h2 class=\"wp-block-heading\">Eine Foto-Ausstellung in der h\u00f6chsten Galerie in Dachau<\/h2>\r\n\r\n\r\n\r\n<p>Seit 25 Jahren kenne ich nun den <a href=\"https:\/\/dachauerwasserturm.de\"><strong>Dachauer Wasserturm<\/strong><\/a> als fester Bestandteil des Kunstgeschehens in der <strong>K\u00fcnstlerstadt Dachau<\/strong>, hoch \u00fcber dem Dachauer Moos gelegen<strong>.<\/strong><\/p>\r\n\r\n\r\n\r\n<blockquote class=\"wp-block-quote is-layout-flow wp-block-quote-is-layout-flow\">\r\n<pre>Ebenso lange schleiche ich Jahr f\u00fcr Jahr um den Wasserturm herum, <br \/>stets die eigenen Gedanken kreisend, wie kann ich als Dachauer Fotograf <br \/>selbst einmal ein Teil des Dachauer Wasserturms werden oder sein?<\/pre>\r\n<\/blockquote>\r\n\r\n\r\n\r\n<p>&nbsp;<\/p>\r\n\r\n\r\n\r\n<h2 class=\"wp-block-heading\">Die Gelegenheit macht Kunst<\/h2>\r\n\r\n\r\n\r\n<p>Wo lasse ich die Geschichte beginnen:\u00a0 Seit drei\u00dfig Jahren habe ich das Dachauer Moos als eines meiner ganzj\u00e4hrigen Fotomotive. In den letzten f\u00fcnf Jahren hat sich das fotografische Thema Dachauer Moos auch immer mehr verdichtet. Dann ergab sich der Kontakt zum Kreisvorstand Dachau im BUND Naturschutz in Bayern, ich stellte mich als Fotograf einmal vor.<\/p>\r\n\r\n\r\n\r\n<blockquote class=\"wp-block-quote is-layout-flow wp-block-quote-is-layout-flow\">\r\n<pre>Mein Name ist Paul Eschbach aus Dachau und ich habe einen eigenen Traum, <br \/>einen Bildband \u00fcber das Dachauer Moos zu machen!<\/pre>\r\n<\/blockquote>\r\n\r\n\r\n\r\n<p>Der <strong>Kreisvorstandsvorsitzende Dr. Roderus Zauscher<\/strong> entgegnete spontan:<\/p>\r\n\r\n\r\n\r\n<blockquote class=\"wp-block-quote is-layout-flow wp-block-quote-is-layout-flow\">\r\n<pre>Da machen wir mit. <br \/>In zwei Jahren werden wir 50 Jahre und da passt das perfekt.<\/pre>\r\n<\/blockquote>\r\n\r\n\r\n\r\n<p>Gut, dann machen wir aber etwas im <a href=\"https:\/\/dachauerwasserturm.de\"><strong>Dachauer Wasserturm<\/strong><\/a>; eine <strong>Foto-Ausstellung<\/strong> zum <strong>Buch<\/strong> und eine <strong>Festausstellung zu 50 Jahre Kreisgruppe<\/strong>.<\/p>\r\n<p>&nbsp;<\/p>\r\n\r\n\r\n\r\n<figure class=\"wp-block-image size-large\">\r\n<div id=\"attachment_49126\" style=\"width: 900px\" class=\"wp-caption aligncenter\"><img data-recalc-dims=\"1\" loading=\"lazy\" decoding=\"async\" aria-describedby=\"caption-attachment-49126\" data-attachment-id=\"49126\" data-permalink=\"https:\/\/deltaimage.de\/wp\/?attachment_id=49126#main\" data-orig-file=\"https:\/\/i0.wp.com\/deltaimage.de\/wp\/wp-content\/uploads\/ANDI0017_900.jpg?fit=890%2C593&amp;ssl=1\" data-orig-size=\"890,593\" data-comments-opened=\"1\" data-image-meta=\"{&quot;aperture&quot;:&quot;5&quot;,&quot;credit&quot;:&quot;Andi Pirchmoser&quot;,&quot;camera&quot;:&quot;Canon EOS 5D Mark III&quot;,&quot;caption&quot;:&quot;&quot;,&quot;created_timestamp&quot;:&quot;1745249705&quot;,&quot;copyright&quot;:&quot;Andreas Pirchmoser&quot;,&quot;focal_length&quot;:&quot;24&quot;,&quot;iso&quot;:&quot;500&quot;,&quot;shutter_speed&quot;:&quot;0.01&quot;,&quot;title&quot;:&quot;&quot;,&quot;orientation&quot;:&quot;0&quot;}\" data-image-title=\"ANDI0017_900\" data-image-description=\"\" data-image-caption=\"\" data-large-file=\"https:\/\/i0.wp.com\/deltaimage.de\/wp\/wp-content\/uploads\/ANDI0017_900.jpg?fit=890%2C593&amp;ssl=1\" class=\"wp-image-49126 size-full\" src=\"https:\/\/i0.wp.com\/deltaimage.de\/wp\/wp-content\/uploads\/ANDI0017_900.jpg?resize=890%2C593&#038;ssl=1\" alt=\"\" width=\"890\" height=\"593\" srcset=\"https:\/\/i0.wp.com\/deltaimage.de\/wp\/wp-content\/uploads\/ANDI0017_900.jpg?w=890&amp;ssl=1 890w, https:\/\/i0.wp.com\/deltaimage.de\/wp\/wp-content\/uploads\/ANDI0017_900.jpg?resize=300%2C200&amp;ssl=1 300w, https:\/\/i0.wp.com\/deltaimage.de\/wp\/wp-content\/uploads\/ANDI0017_900.jpg?resize=600%2C400&amp;ssl=1 600w, https:\/\/i0.wp.com\/deltaimage.de\/wp\/wp-content\/uploads\/ANDI0017_900.jpg?resize=200%2C133&amp;ssl=1 200w\" sizes=\"auto, (max-width: 890px) 100vw, 890px\" \/><p id=\"caption-attachment-49126\" class=\"wp-caption-text\">Foto: Andi Pirchmoser, Dachau<\/p><\/div>\r\n<\/figure>\r\n\r\n\r\n\r\n<p>Das Ergebnis kennen jetzt die vielen BesucherInnen, Familien, die Gro\u00dfeltern mit ihren Enkeln und auch die zuf\u00e4lligen BesucherInnen im <a href=\"https:\/\/dachauerwasserturm.de\"><strong>Dachauer Wasserturm<\/strong><\/a>.<\/p>\r\n<blockquote>\r\n<pre>\u00dcber alle 16 Ausstellungstage war der Turm die meiste Zeit mit BeducherInnen gef\u00fcllt.<br \/>Die Besucherf\u00fchrungen haben die Ausstellungsbetreuung ganz ordentlich auf Trab gehalten.<br \/>So hatten wir es uns gew\u00fcnscht - so ist es auch gekommen.<\/pre>\r\n<\/blockquote>\r\n<p>So war die Ausstellung aus unserer Sicht ein sehr gro\u00dfer Erfolg. Den Natur- und Moosschutz konnten wir einem breiten Publikum nahebringen.<\/p>\r\n<p>&nbsp;<\/p>\r\n\r\n<figure><\/figure>\r\n<figure class=\"wp-block-image size-large\"><img data-recalc-dims=\"1\" loading=\"lazy\" decoding=\"async\" width=\"890\" height=\"590\" data-attachment-id=\"48347\" data-permalink=\"https:\/\/deltaimage.de\/wp\/?attachment_id=48347#main\" data-orig-file=\"https:\/\/i0.wp.com\/deltaimage.de\/wp\/wp-content\/uploads\/Dachauer-Nachrichten-Ausstellung-Wasserturm_20250316.jpg?fit=1054%2C699&amp;ssl=1\" data-orig-size=\"1054,699\" data-comments-opened=\"1\" data-image-meta=\"{&quot;aperture&quot;:&quot;0&quot;,&quot;credit&quot;:&quot;Paul Eschbach&quot;,&quot;camera&quot;:&quot;&quot;,&quot;caption&quot;:&quot;&quot;,&quot;created_timestamp&quot;:&quot;1742122744&quot;,&quot;copyright&quot;:&quot;&quot;,&quot;focal_length&quot;:&quot;0&quot;,&quot;iso&quot;:&quot;0&quot;,&quot;shutter_speed&quot;:&quot;0&quot;,&quot;title&quot;:&quot;&quot;,&quot;orientation&quot;:&quot;0&quot;}\" data-image-title=\"Dachauer-Nachrichten-Ausstellung-Wasserturm_20250316\" data-image-description=\"\" data-image-caption=\"\" data-large-file=\"https:\/\/i0.wp.com\/deltaimage.de\/wp\/wp-content\/uploads\/Dachauer-Nachrichten-Ausstellung-Wasserturm_20250316.jpg?fit=890%2C590&amp;ssl=1\" class=\"wp-image-48347 aligncenter\" src=\"https:\/\/i0.wp.com\/deltaimage.de\/wp\/wp-content\/uploads\/Dachauer-Nachrichten-Ausstellung-Wasserturm_20250316.jpg?resize=890%2C590&#038;ssl=1\" alt=\"\" srcset=\"https:\/\/i0.wp.com\/deltaimage.de\/wp\/wp-content\/uploads\/Dachauer-Nachrichten-Ausstellung-Wasserturm_20250316.jpg?w=1054&amp;ssl=1 1054w, https:\/\/i0.wp.com\/deltaimage.de\/wp\/wp-content\/uploads\/Dachauer-Nachrichten-Ausstellung-Wasserturm_20250316.jpg?resize=900%2C597&amp;ssl=1 900w, https:\/\/i0.wp.com\/deltaimage.de\/wp\/wp-content\/uploads\/Dachauer-Nachrichten-Ausstellung-Wasserturm_20250316.jpg?resize=300%2C200&amp;ssl=1 300w, https:\/\/i0.wp.com\/deltaimage.de\/wp\/wp-content\/uploads\/Dachauer-Nachrichten-Ausstellung-Wasserturm_20250316.jpg?resize=603%2C400&amp;ssl=1 603w, https:\/\/i0.wp.com\/deltaimage.de\/wp\/wp-content\/uploads\/Dachauer-Nachrichten-Ausstellung-Wasserturm_20250316.jpg?resize=200%2C133&amp;ssl=1 200w\" sizes=\"auto, (max-width: 890px) 100vw, 890px\" \/>\r\n<figcaption class=\"wp-element-caption\"><br \/>Auch die lokale Presse sorgte f\u00fcr das anhaltende Interesse an der Ausstellung im <a href=\"https:\/\/dachauerwasserturm.de\"><strong>Dachauer Wasserturm<\/strong><\/a>.<br \/><br \/><div class=\"su-row\"><div class=\"su-column su-column-size-1-2\"><div class=\"su-column-inner su-u-clearfix su-u-trim\"><img data-recalc-dims=\"1\" loading=\"lazy\" decoding=\"async\" width=\"890\" height=\"332\" data-attachment-id=\"47595\" data-permalink=\"https:\/\/deltaimage.de\/wp\/?attachment_id=47595#main\" data-orig-file=\"https:\/\/i0.wp.com\/deltaimage.de\/wp\/wp-content\/uploads\/Plakat_Fotoausstellung_V3_1200-450.jpg?fit=1200%2C448&amp;ssl=1\" data-orig-size=\"1200,448\" data-comments-opened=\"1\" data-image-meta=\"{&quot;aperture&quot;:&quot;0&quot;,&quot;credit&quot;:&quot;&quot;,&quot;camera&quot;:&quot;&quot;,&quot;caption&quot;:&quot;&quot;,&quot;created_timestamp&quot;:&quot;0&quot;,&quot;copyright&quot;:&quot;&quot;,&quot;focal_length&quot;:&quot;0&quot;,&quot;iso&quot;:&quot;0&quot;,&quot;shutter_speed&quot;:&quot;0&quot;,&quot;title&quot;:&quot;&quot;,&quot;orientation&quot;:&quot;1&quot;}\" data-image-title=\"Plakat_Fotoausstellung_V3_1200-450\" data-image-description=\"\" data-image-caption=\"\" data-large-file=\"https:\/\/i0.wp.com\/deltaimage.de\/wp\/wp-content\/uploads\/Plakat_Fotoausstellung_V3_1200-450.jpg?fit=890%2C332&amp;ssl=1\" class=\"wp-image-47595\" src=\"https:\/\/i0.wp.com\/deltaimage.de\/wp\/wp-content\/uploads\/Plakat_Fotoausstellung_V3_1200-450.jpg?resize=890%2C332&#038;ssl=1\" alt=\"\" srcset=\"https:\/\/i0.wp.com\/deltaimage.de\/wp\/wp-content\/uploads\/Plakat_Fotoausstellung_V3_1200-450.jpg?w=1200&amp;ssl=1 1200w, https:\/\/i0.wp.com\/deltaimage.de\/wp\/wp-content\/uploads\/Plakat_Fotoausstellung_V3_1200-450.jpg?resize=900%2C336&amp;ssl=1 900w, https:\/\/i0.wp.com\/deltaimage.de\/wp\/wp-content\/uploads\/Plakat_Fotoausstellung_V3_1200-450.jpg?resize=300%2C112&amp;ssl=1 300w, https:\/\/i0.wp.com\/deltaimage.de\/wp\/wp-content\/uploads\/Plakat_Fotoausstellung_V3_1200-450.jpg?resize=1071%2C400&amp;ssl=1 1071w\" sizes=\"auto, (max-width: 890px) 100vw, 890px\" \/><br \/><\/div><\/div> <div class=\"su-column su-column-size-1-2\"><div class=\"su-column-inner su-u-clearfix su-u-trim\"><img data-recalc-dims=\"1\" loading=\"lazy\" decoding=\"async\" width=\"890\" height=\"331\" data-attachment-id=\"47596\" data-permalink=\"https:\/\/deltaimage.de\/wp\/?attachment_id=47596#main\" data-orig-file=\"https:\/\/i0.wp.com\/deltaimage.de\/wp\/wp-content\/uploads\/Plakat_Wasserturm_V3_1200-450.jpg?fit=1200%2C446&amp;ssl=1\" data-orig-size=\"1200,446\" data-comments-opened=\"1\" data-image-meta=\"{&quot;aperture&quot;:&quot;0&quot;,&quot;credit&quot;:&quot;&quot;,&quot;camera&quot;:&quot;&quot;,&quot;caption&quot;:&quot;&quot;,&quot;created_timestamp&quot;:&quot;0&quot;,&quot;copyright&quot;:&quot;&quot;,&quot;focal_length&quot;:&quot;0&quot;,&quot;iso&quot;:&quot;0&quot;,&quot;shutter_speed&quot;:&quot;0&quot;,&quot;title&quot;:&quot;&quot;,&quot;orientation&quot;:&quot;1&quot;}\" data-image-title=\"Plakat_Wasserturm_V3_1200-450\" data-image-description=\"\" data-image-caption=\"\" data-large-file=\"https:\/\/i0.wp.com\/deltaimage.de\/wp\/wp-content\/uploads\/Plakat_Wasserturm_V3_1200-450.jpg?fit=890%2C331&amp;ssl=1\" class=\"wp-image-47596\" src=\"https:\/\/i0.wp.com\/deltaimage.de\/wp\/wp-content\/uploads\/Plakat_Wasserturm_V3_1200-450.jpg?resize=890%2C331&#038;ssl=1\" alt=\"\" srcset=\"https:\/\/i0.wp.com\/deltaimage.de\/wp\/wp-content\/uploads\/Plakat_Wasserturm_V3_1200-450.jpg?w=1200&amp;ssl=1 1200w, https:\/\/i0.wp.com\/deltaimage.de\/wp\/wp-content\/uploads\/Plakat_Wasserturm_V3_1200-450.jpg?resize=900%2C335&amp;ssl=1 900w, https:\/\/i0.wp.com\/deltaimage.de\/wp\/wp-content\/uploads\/Plakat_Wasserturm_V3_1200-450.jpg?resize=300%2C112&amp;ssl=1 300w, https:\/\/i0.wp.com\/deltaimage.de\/wp\/wp-content\/uploads\/Plakat_Wasserturm_V3_1200-450.jpg?resize=1076%2C400&amp;ssl=1 1076w\" sizes=\"auto, (max-width: 890px) 100vw, 890px\" \/><br \/><\/div><\/div> <\/div><\/figcaption>\r\n<\/figure>\r\n\r\n\r\n\r\n\r\n\r\n\r\n\r\n<p>&nbsp;<\/p>\r\n<p>Die beiden Titelbanner der <strong>Foto-Ausstellung von Paul Eschbach<\/strong> und der <strong>Festausstellung der Kreisgruppe Dachau<\/strong>.<\/p>\r\n\r\n\r\n\r\n<p>&nbsp;<\/p>\r\n\r\n\r\n\r\n<h2 class=\"wp-block-heading\">Leidenschaft Fotografie: Vortr\u00e4ge im 4. Stock<\/h2>\r\n\r\n\r\n\r\n<p>Im vierten Stock, dem Dachgarten des <a href=\"https:\/\/dachauerwasserturm.de\"><strong>Dachauer Wasserturms<\/strong><\/a>, richtete ich eine Veranstaltungsb\u00fchne ein. Insgesamt neun Vortr\u00e4ge erg\u00e4nzten die Ausstellung in den anderen drei Stockwerken. Wir sahen ganz tolle <strong>Multi-Media-Shows<\/strong> von <strong>Walter Drechsler<\/strong> und <strong>Erich Kuchling<\/strong>.<\/p>\r\n\r\n\r\n\r\n<p>&nbsp;<\/p>\r\n<div class=\"su-row\"><div class=\"su-column su-column-size-1-2\"><div class=\"su-column-inner su-u-clearfix su-u-trim\">\r\n<p><img data-recalc-dims=\"1\" loading=\"lazy\" decoding=\"async\" width=\"890\" height=\"593\" data-attachment-id=\"48821\" data-permalink=\"https:\/\/deltaimage.de\/wp\/?attachment_id=48821#main\" data-orig-file=\"https:\/\/i0.wp.com\/deltaimage.de\/wp\/wp-content\/uploads\/PE1S0021_900-5.jpg?fit=890%2C593&amp;ssl=1\" data-orig-size=\"890,593\" data-comments-opened=\"1\" data-image-meta=\"{&quot;aperture&quot;:&quot;2.2&quot;,&quot;credit&quot;:&quot;Paul Eschbach&quot;,&quot;camera&quot;:&quot;Canon EOS-1Ds Mark III&quot;,&quot;caption&quot;:&quot;&quot;,&quot;created_timestamp&quot;:&quot;1743870168&quot;,&quot;copyright&quot;:&quot;&quot;,&quot;focal_length&quot;:&quot;24&quot;,&quot;iso&quot;:&quot;200&quot;,&quot;shutter_speed&quot;:&quot;0.0125&quot;,&quot;title&quot;:&quot;&quot;,&quot;orientation&quot;:&quot;0&quot;}\" data-image-title=\"PE1S0021_900\" data-image-description=\"\" data-image-caption=\"\" data-large-file=\"https:\/\/i0.wp.com\/deltaimage.de\/wp\/wp-content\/uploads\/PE1S0021_900-5.jpg?fit=890%2C593&amp;ssl=1\" class=\"wp-image-48821 aligncenter\" src=\"https:\/\/i0.wp.com\/deltaimage.de\/wp\/wp-content\/uploads\/PE1S0021_900-5.jpg?resize=890%2C593&#038;ssl=1\" alt=\"\" srcset=\"https:\/\/i0.wp.com\/deltaimage.de\/wp\/wp-content\/uploads\/PE1S0021_900-5.jpg?w=890&amp;ssl=1 890w, https:\/\/i0.wp.com\/deltaimage.de\/wp\/wp-content\/uploads\/PE1S0021_900-5.jpg?resize=300%2C200&amp;ssl=1 300w, https:\/\/i0.wp.com\/deltaimage.de\/wp\/wp-content\/uploads\/PE1S0021_900-5.jpg?resize=600%2C400&amp;ssl=1 600w, https:\/\/i0.wp.com\/deltaimage.de\/wp\/wp-content\/uploads\/PE1S0021_900-5.jpg?resize=200%2C133&amp;ssl=1 200w\" sizes=\"auto, (max-width: 890px) 100vw, 890px\" \/><\/p>\r\n<p><strong>Erich Kuchling<\/strong> nimmt uns mit auf seine Reise zu den sch\u00f6nsten Naturfoto-Motiven in Europa, mit den thematischen Schwerpunkten im Wald, im Moos, im Wasser. <strong>Erich ist bereits mehrfach ausgezeichnet von renommierten Magazinen und Fotowettbewerben und <\/strong>ist auch allen Akteuren beim internationalen Naturfotowettbewerb - <a href=\"https:\/\/glanzlichter.com\"><strong>Glanzlichter der Naturfotografie<\/strong><\/a> im nahen F\u00fcrstenfeldbruck bekannt.<\/p>\r\n<blockquote>\r\n<pre>Erich; <br \/>Danke dass du zu uns gekommen bist.<\/pre>\r\n<\/blockquote>\r\n<\/div><\/div> <div class=\"su-column su-column-size-1-2\"><div class=\"su-column-inner su-u-clearfix su-u-trim\">\r\n<p><img data-recalc-dims=\"1\" loading=\"lazy\" decoding=\"async\" data-attachment-id=\"48740\" data-permalink=\"https:\/\/deltaimage.de\/wp\/?attachment_id=48740#main\" data-orig-file=\"https:\/\/i0.wp.com\/deltaimage.de\/wp\/wp-content\/uploads\/PE1S0042_900.jpg?fit=890%2C593&amp;ssl=1\" data-orig-size=\"890,593\" data-comments-opened=\"1\" data-image-meta=\"{&quot;aperture&quot;:&quot;1.4&quot;,&quot;credit&quot;:&quot;Paul Eschbach&quot;,&quot;camera&quot;:&quot;Canon EOS-1Ds Mark III&quot;,&quot;caption&quot;:&quot;&quot;,&quot;created_timestamp&quot;:&quot;1743268507&quot;,&quot;copyright&quot;:&quot;&quot;,&quot;focal_length&quot;:&quot;24&quot;,&quot;iso&quot;:&quot;800&quot;,&quot;shutter_speed&quot;:&quot;0.005&quot;,&quot;title&quot;:&quot;&quot;,&quot;orientation&quot;:&quot;0&quot;}\" data-image-title=\"PE1S0042_900\" data-image-description=\"\" data-image-caption=\"\" data-large-file=\"https:\/\/i0.wp.com\/deltaimage.de\/wp\/wp-content\/uploads\/PE1S0042_900.jpg?fit=890%2C593&amp;ssl=1\" class=\"aligncenter size-full wp-image-48740\" src=\"https:\/\/i0.wp.com\/deltaimage.de\/wp\/wp-content\/uploads\/PE1S0042_900.jpg?resize=890%2C593&#038;ssl=1\" alt=\"\" width=\"890\" height=\"593\" srcset=\"https:\/\/i0.wp.com\/deltaimage.de\/wp\/wp-content\/uploads\/PE1S0042_900.jpg?w=890&amp;ssl=1 890w, https:\/\/i0.wp.com\/deltaimage.de\/wp\/wp-content\/uploads\/PE1S0042_900.jpg?resize=300%2C200&amp;ssl=1 300w, https:\/\/i0.wp.com\/deltaimage.de\/wp\/wp-content\/uploads\/PE1S0042_900.jpg?resize=600%2C400&amp;ssl=1 600w, https:\/\/i0.wp.com\/deltaimage.de\/wp\/wp-content\/uploads\/PE1S0042_900.jpg?resize=200%2C133&amp;ssl=1 200w\" sizes=\"auto, (max-width: 890px) 100vw, 890px\" \/><\/p>\r\n<p><strong>Walter Drechsler<\/strong> aus <strong>Haimhausen<\/strong> nimmt uns mit in seine Welt an der <strong>Amper<\/strong>, beim <strong>Eisvogel<\/strong>. Es f\u00fchrt uns in das Verhalten des fliegenden blauen Edelsteins ebenso ein, wie seine zur\u00fcckhaltende Art der <strong>Naturfotografie<\/strong>. <strong>Walter<\/strong> ist auch bekannt durch seine Siegerbilder bei dem internationalen Naturfotowettbewerb - <a href=\"https:\/\/glanzlichter.com\"><strong>Glanzlichter der Naturfotografie<\/strong><\/a> im nahen F\u00fcrstenfeldbruck.<\/p>\r\n<blockquote>\r\n<pre>Walter; <br \/>Danke dass du zu uns gekommen bist.<\/pre>\r\n<\/blockquote>\r\n<\/div><\/div> <div class=\"su-column su-column-size-1-2\"><div class=\"su-column-inner su-u-clearfix su-u-trim\">\r\n<\/div><\/div> <\/div>\r\n<p>&nbsp;<\/p>\r\n<p>Andere Referenten widmeten sich auch fachlicher Themen im <strong>Dachauer Land<\/strong> und dem <strong>Naturschutz im Landkreis<\/strong>.<\/p>\r\n<p>&nbsp;<\/p>\r\n<div class=\"su-row\"><div class=\"su-column su-column-size-1-2\"><div class=\"su-column-inner su-u-clearfix su-u-trim\">\r\n<p><img data-recalc-dims=\"1\" loading=\"lazy\" decoding=\"async\" data-attachment-id=\"48735\" data-permalink=\"https:\/\/deltaimage.de\/wp\/?attachment_id=48735#main\" data-orig-file=\"https:\/\/i0.wp.com\/deltaimage.de\/wp\/wp-content\/uploads\/PE1S0027_900-3.jpg?fit=890%2C593&amp;ssl=1\" data-orig-size=\"890,593\" data-comments-opened=\"1\" data-image-meta=\"{&quot;aperture&quot;:&quot;3.2&quot;,&quot;credit&quot;:&quot;Paul Eschbach&quot;,&quot;camera&quot;:&quot;Canon EOS-1Ds Mark III&quot;,&quot;caption&quot;:&quot;&quot;,&quot;created_timestamp&quot;:&quot;1743192661&quot;,&quot;copyright&quot;:&quot;&quot;,&quot;focal_length&quot;:&quot;24&quot;,&quot;iso&quot;:&quot;400&quot;,&quot;shutter_speed&quot;:&quot;0.02&quot;,&quot;title&quot;:&quot;&quot;,&quot;orientation&quot;:&quot;0&quot;}\" data-image-title=\"PE1S0027_900\" data-image-description=\"\" data-image-caption=\"\" data-large-file=\"https:\/\/i0.wp.com\/deltaimage.de\/wp\/wp-content\/uploads\/PE1S0027_900-3.jpg?fit=890%2C593&amp;ssl=1\" class=\"aligncenter size-full wp-image-48735\" src=\"https:\/\/i0.wp.com\/deltaimage.de\/wp\/wp-content\/uploads\/PE1S0027_900-3.jpg?resize=890%2C593&#038;ssl=1\" alt=\"\" width=\"890\" height=\"593\" srcset=\"https:\/\/i0.wp.com\/deltaimage.de\/wp\/wp-content\/uploads\/PE1S0027_900-3.jpg?w=890&amp;ssl=1 890w, https:\/\/i0.wp.com\/deltaimage.de\/wp\/wp-content\/uploads\/PE1S0027_900-3.jpg?resize=300%2C200&amp;ssl=1 300w, https:\/\/i0.wp.com\/deltaimage.de\/wp\/wp-content\/uploads\/PE1S0027_900-3.jpg?resize=600%2C400&amp;ssl=1 600w, https:\/\/i0.wp.com\/deltaimage.de\/wp\/wp-content\/uploads\/PE1S0027_900-3.jpg?resize=200%2C133&amp;ssl=1 200w\" sizes=\"auto, (max-width: 890px) 100vw, 890px\" \/><\/p>\r\n<p><strong>Heinz Gibowski<\/strong> l\u00e4sst uns alle teilhaben an seiner Landschaftspflege im Dachauer Moos und zeigt uns seine Arbeit als zweiter Kreisvorsitzender anschaulich auf. Die besondere Kunst in der Landschaftspflege in der Kreisgruppe Dachau und ein sehr sorgsamer und pfleglicher Umgang mit der Natur bei den anfallenden Arbeiten im Jahreskreis der Natur.<\/p>\r\n<blockquote>\r\n<pre>Heinz; <br \/>Danke dass du zu uns gekommen bist.<\/pre>\r\n<\/blockquote>\r\n<\/div><\/div> <div class=\"su-column su-column-size-1-2\"><div class=\"su-column-inner su-u-clearfix su-u-trim\">\r\n<p><img data-recalc-dims=\"1\" loading=\"lazy\" decoding=\"async\" data-attachment-id=\"48898\" data-permalink=\"https:\/\/deltaimage.de\/wp\/?attachment_id=48898#main\" data-orig-file=\"https:\/\/i0.wp.com\/deltaimage.de\/wp\/wp-content\/uploads\/IMG_20250413_182916_900.jpg?fit=890%2C668&amp;ssl=1\" data-orig-size=\"890,668\" data-comments-opened=\"1\" data-image-meta=\"{&quot;aperture&quot;:&quot;1.9&quot;,&quot;credit&quot;:&quot;&quot;,&quot;camera&quot;:&quot;2201116SG&quot;,&quot;caption&quot;:&quot;&quot;,&quot;created_timestamp&quot;:&quot;1744568956&quot;,&quot;copyright&quot;:&quot;&quot;,&quot;focal_length&quot;:&quot;5.89&quot;,&quot;iso&quot;:&quot;210&quot;,&quot;shutter_speed&quot;:&quot;0.02&quot;,&quot;title&quot;:&quot;&quot;,&quot;orientation&quot;:&quot;0&quot;}\" data-image-title=\"IMG_20250413_182916_900\" data-image-description=\"\" data-image-caption=\"\" data-large-file=\"https:\/\/i0.wp.com\/deltaimage.de\/wp\/wp-content\/uploads\/IMG_20250413_182916_900.jpg?fit=890%2C668&amp;ssl=1\" class=\"aligncenter size-full wp-image-48898\" src=\"https:\/\/i0.wp.com\/deltaimage.de\/wp\/wp-content\/uploads\/IMG_20250413_182916_900.jpg?resize=890%2C668&#038;ssl=1\" alt=\"\" width=\"890\" height=\"668\" srcset=\"https:\/\/i0.wp.com\/deltaimage.de\/wp\/wp-content\/uploads\/IMG_20250413_182916_900.jpg?w=890&amp;ssl=1 890w, https:\/\/i0.wp.com\/deltaimage.de\/wp\/wp-content\/uploads\/IMG_20250413_182916_900.jpg?resize=799%2C600&amp;ssl=1 799w, https:\/\/i0.wp.com\/deltaimage.de\/wp\/wp-content\/uploads\/IMG_20250413_182916_900.jpg?resize=266%2C200&amp;ssl=1 266w, https:\/\/i0.wp.com\/deltaimage.de\/wp\/wp-content\/uploads\/IMG_20250413_182916_900.jpg?resize=533%2C400&amp;ssl=1 533w\" sizes=\"auto, (max-width: 890px) 100vw, 890px\" \/><\/p>\r\n<p><strong>Robert Rossa<\/strong> zeigt uns in einem \u00e4u\u00dferst gelungenen Vortrag \u00fcber die <strong>Geschichte des Dachauer Mooses<\/strong> und die unterschiedlichen <strong>Entwicklungsabschnitte<\/strong>, ausgehend vom Jahr 1802, dem Beginn der Mooskultivierung, bis in die j\u00fcngste Zeit.<\/p>\r\n<blockquote>\r\n<pre>Robert; <br \/>Danke dass du zu uns gekommen bist.<\/pre>\r\n<\/blockquote>\r\n<\/div><\/div> <\/div>\r\n<div class=\"su-row\"><div class=\"su-column su-column-size-1-2\"><div class=\"su-column-inner su-u-clearfix su-u-trim\">\r\n<p><img data-recalc-dims=\"1\" loading=\"lazy\" decoding=\"async\" data-attachment-id=\"48880\" data-permalink=\"https:\/\/deltaimage.de\/wp\/?attachment_id=48880#main\" data-orig-file=\"https:\/\/i0.wp.com\/deltaimage.de\/wp\/wp-content\/uploads\/IMG_20250413_171612_900.jpg?fit=890%2C668&amp;ssl=1\" data-orig-size=\"890,668\" data-comments-opened=\"1\" data-image-meta=\"{&quot;aperture&quot;:&quot;1.9&quot;,&quot;credit&quot;:&quot;&quot;,&quot;camera&quot;:&quot;2201116SG&quot;,&quot;caption&quot;:&quot;&quot;,&quot;created_timestamp&quot;:&quot;1744564573&quot;,&quot;copyright&quot;:&quot;&quot;,&quot;focal_length&quot;:&quot;5.89&quot;,&quot;iso&quot;:&quot;330&quot;,&quot;shutter_speed&quot;:&quot;0.02&quot;,&quot;title&quot;:&quot;&quot;,&quot;orientation&quot;:&quot;0&quot;}\" data-image-title=\"IMG_20250413_171612_900\" data-image-description=\"\" data-image-caption=\"\" data-large-file=\"https:\/\/i0.wp.com\/deltaimage.de\/wp\/wp-content\/uploads\/IMG_20250413_171612_900.jpg?fit=890%2C668&amp;ssl=1\" class=\"aligncenter size-full wp-image-48880\" src=\"https:\/\/i0.wp.com\/deltaimage.de\/wp\/wp-content\/uploads\/IMG_20250413_171612_900.jpg?resize=890%2C668&#038;ssl=1\" alt=\"\" width=\"890\" height=\"668\" srcset=\"https:\/\/i0.wp.com\/deltaimage.de\/wp\/wp-content\/uploads\/IMG_20250413_171612_900.jpg?w=890&amp;ssl=1 890w, https:\/\/i0.wp.com\/deltaimage.de\/wp\/wp-content\/uploads\/IMG_20250413_171612_900.jpg?resize=799%2C600&amp;ssl=1 799w, https:\/\/i0.wp.com\/deltaimage.de\/wp\/wp-content\/uploads\/IMG_20250413_171612_900.jpg?resize=266%2C200&amp;ssl=1 266w, https:\/\/i0.wp.com\/deltaimage.de\/wp\/wp-content\/uploads\/IMG_20250413_171612_900.jpg?resize=533%2C400&amp;ssl=1 533w\" sizes=\"auto, (max-width: 890px) 100vw, 890px\" \/><\/p>\r\n<p><strong>Lydia Thiel<\/strong> aus <strong>Petershausen<\/strong> f\u00fchrt uns ein in ihr Thema: <strong>Glonn<\/strong> und die <strong>Glonn-Regulierung<\/strong> vor 100 Jahren.<\/p>\r\n<blockquote>\r\n<pre>Frau Thiel; <br \/>Danke dass Sie zu uns gekommen sind.<\/pre>\r\n<\/blockquote>\r\n<\/div><\/div> <div class=\"su-column su-column-size-1-2\"><div class=\"su-column-inner su-u-clearfix su-u-trim\">\r\n<p><img data-recalc-dims=\"1\" loading=\"lazy\" decoding=\"async\" data-attachment-id=\"48739\" data-permalink=\"https:\/\/deltaimage.de\/wp\/?attachment_id=48739#main\" data-orig-file=\"https:\/\/i0.wp.com\/deltaimage.de\/wp\/wp-content\/uploads\/PE1S0038_900.jpg?fit=890%2C593&amp;ssl=1\" data-orig-size=\"890,593\" data-comments-opened=\"1\" data-image-meta=\"{&quot;aperture&quot;:&quot;1.4&quot;,&quot;credit&quot;:&quot;Paul Eschbach&quot;,&quot;camera&quot;:&quot;Canon EOS-1Ds Mark III&quot;,&quot;caption&quot;:&quot;&quot;,&quot;created_timestamp&quot;:&quot;1743265060&quot;,&quot;copyright&quot;:&quot;&quot;,&quot;focal_length&quot;:&quot;24&quot;,&quot;iso&quot;:&quot;800&quot;,&quot;shutter_speed&quot;:&quot;0.005&quot;,&quot;title&quot;:&quot;&quot;,&quot;orientation&quot;:&quot;0&quot;}\" data-image-title=\"PE1S0038_900\" data-image-description=\"\" data-image-caption=\"\" data-large-file=\"https:\/\/i0.wp.com\/deltaimage.de\/wp\/wp-content\/uploads\/PE1S0038_900.jpg?fit=890%2C593&amp;ssl=1\" class=\"aligncenter size-full wp-image-48739\" src=\"https:\/\/i0.wp.com\/deltaimage.de\/wp\/wp-content\/uploads\/PE1S0038_900.jpg?resize=890%2C593&#038;ssl=1\" alt=\"\" width=\"890\" height=\"593\" srcset=\"https:\/\/i0.wp.com\/deltaimage.de\/wp\/wp-content\/uploads\/PE1S0038_900.jpg?w=890&amp;ssl=1 890w, https:\/\/i0.wp.com\/deltaimage.de\/wp\/wp-content\/uploads\/PE1S0038_900.jpg?resize=300%2C200&amp;ssl=1 300w, https:\/\/i0.wp.com\/deltaimage.de\/wp\/wp-content\/uploads\/PE1S0038_900.jpg?resize=600%2C400&amp;ssl=1 600w, https:\/\/i0.wp.com\/deltaimage.de\/wp\/wp-content\/uploads\/PE1S0038_900.jpg?resize=200%2C133&amp;ssl=1 200w\" sizes=\"auto, (max-width: 890px) 100vw, 890px\" \/><\/p>\r\n<p><strong>Dr. Annegret Braun<\/strong> stellt als Herausgeberin zusammen mit einigen MitautorInnen das gerade erst in der Geschichtswerkstatt des Landkreises Dachau vorgestellte <strong>Begleitbuch<\/strong> und die <strong>Wanderausstellung<\/strong>:<\/p>\r\n<blockquote>\r\n<pre>NaturWandel<br \/>Eine Geschichte des Dachauer Landes. <\/pre>\r\n<\/blockquote>\r\n<p>Im Buch sind ganz wunderbare Aufs\u00e4tze und Bilder aus dem Wandel der <strong>Natur- und Kulturlandschaft<\/strong> \u00fcber Generationen hinweg im <strong>Dachauer Land<\/strong>, aus dem Blickwinkel der <strong>AutorInnen<\/strong>, die in der Landschaft des <strong>Dachauer Landes<\/strong> leben und erleben.<\/p>\r\n<blockquote>\r\n<pre>Frau Dr. Braun; <br \/>Danke dass Sie zu uns gekommen sind.<\/pre>\r\n<\/blockquote>\r\n<\/div><\/div> <\/div>\r\n<p>&nbsp;<\/p>\r\n<h2>Ein Dankesch\u00f6n an die Ausstellungsbetreuer aus der Kreisgruppe<\/h2>\r\n<p>An den meisten Ausstellungstagen wurde die Ausstellung im zweiten Stock zus\u00e4tzlich von Mitgliedern der <a href=\"https:\/\/dachau.bund-naturschutz.de\"><strong>Kreisgruppe Dachau<\/strong><\/a> und den einzelnen <strong>Ortsgruppen<\/strong> aus dem <strong>Landkreis Dachau<\/strong> betreut. Viele fachliche Gespr\u00e4che und noch mehr Informationen \u00fcber die <a href=\"https:\/\/dachau.bund-naturschutz.de\"><strong>Kreisgruppe Dachau<\/strong><\/a> und die Arbeit im <strong>Dachauer Land<\/strong> konnte so \u00fcbermittelt werden.<\/p>\r\n","protected":false},"excerpt":{"rendered":"<p>Vier Wochen Foto-Ausstellung im Dachauer Wasserturm sind nun vor\u00fcber &#8211; fast wie im Flug. Sechzehn Tage Foto-Ausstellung mit vierzig gro\u00dfformatigen Natur- und Landschaftsfotos zum Dachauer Moos. &#8222;Wo ist das Dachauer [&hellip;]<\/p>\n","protected":false},"author":1,"featured_media":49127,"comment_status":"open","ping_status":"closed","sticky":false,"template":"","format":"standard","meta":{"wpupg_custom_link":[],"wpupg_custom_link_behaviour":["default"],"wpupg_custom_link_nofollow":["default"],"wpupg_custom_image":[],"wpupg_custom_image_id":[],"jetpack_post_was_ever_published":false,"footnotes":""},"categories":[1189,3010,2523,3217,8,3800],"tags":[464,4224,4092,2904,4143,75,4223,2138,4181,1847,4222,4076,1204,4090,4180,4107,3183],"class_list":["post-49195","post","type-post","status-publish","format-standard","has-post-thumbnail","hentry","category-buch","category-dachauer-land","category-dachauer-moos","category-naturfotografie","category-news","category-projekt-dachauer-moos","tag-amper","tag-begleitbuch","tag-dr-annegret-braun","tag-eisvogel","tag-erich-kuchling","tag-geschichte","tag-geschichtswerkstatt-des-landkreises-dachau","tag-glanzlichter-der-naturfotografie","tag-glonnregulierung","tag-haimhausen","tag-heinz-gibowski","tag-landschaftspflege","tag-naturfotografie","tag-naturwandel","tag-robert-rossa","tag-walter-drechsler","tag-wanderausstellung"],"jetpack_featured_media_url":"https:\/\/i0.wp.com\/deltaimage.de\/wp\/wp-content\/uploads\/ANDI0017_1200.jpg?fit=1200%2C450&ssl=1","jetpack-related-posts":[{"id":48354,"url":"https:\/\/deltaimage.de\/wp\/?p=48354","url_meta":{"origin":49195,"position":0},"title":"Dachauer Kurier: Ausstellung im Wasserturm","author":"EschbacP","date":"16. M\u00e4rz 2025","format":false,"excerpt":"Ver\u00f6ffentlicht in der gedruckten Ausgabe des Dachauer Kurier am 16.3.202","rel":"","context":"In &quot;Ausstellung \/ Sonderausstellung&quot;","block_context":{"text":"Ausstellung \/ Sonderausstellung","link":"https:\/\/deltaimage.de\/wp\/?cat=860"},"img":{"alt_text":"","src":"https:\/\/i0.wp.com\/deltaimage.de\/wp\/wp-content\/uploads\/Logo_Dachau-Kurier.jpg?fit=1000%2C297&ssl=1&resize=350%2C200","width":350,"height":200,"srcset":"https:\/\/i0.wp.com\/deltaimage.de\/wp\/wp-content\/uploads\/Logo_Dachau-Kurier.jpg?fit=1000%2C297&ssl=1&resize=350%2C200 1x, https:\/\/i0.wp.com\/deltaimage.de\/wp\/wp-content\/uploads\/Logo_Dachau-Kurier.jpg?fit=1000%2C297&ssl=1&resize=525%2C300 1.5x, https:\/\/i0.wp.com\/deltaimage.de\/wp\/wp-content\/uploads\/Logo_Dachau-Kurier.jpg?fit=1000%2C297&ssl=1&resize=700%2C400 2x"},"classes":[]},{"id":48548,"url":"https:\/\/deltaimage.de\/wp\/?p=48548","url_meta":{"origin":49195,"position":1},"title":"Ein Blick in den zweiten Stock Ausstellung im Dachauer Wasserturm &#8211; &#8222;50 Jahre Natur- und Moosschutz im Dachauer Moos&#8220;","author":"EschbacP","date":"27. M\u00e4rz 2025","format":false,"excerpt":"\"50 Jahre Natur- und Moosschutz im Dachauer Moos\" \u00a0 Fest- und Foto-Ausstellung der Kreisgruppe Dachau im BUND Naturschutz in Bayern e. V. anl\u00e4sslich des 50-j\u00e4hrigen Bestehens der Kreisgruppe 1975 - 2025 im Dachauer Wasserturm. Die Ausstellung erstreckt sich \u00fcber vier Stockwerke im Dachauer Wasserturm, mit den folgenden Ausstellungsinhalten: \u00a0 Fachausstellung\u2026","rel":"","context":"In &quot;Buch&quot;","block_context":{"text":"Buch","link":"https:\/\/deltaimage.de\/wp\/?cat=1189"},"img":{"alt_text":"","src":"https:\/\/i0.wp.com\/deltaimage.de\/wp\/wp-content\/uploads\/PANO_20250327_113047_1200.jpg?fit=1200%2C602&ssl=1&resize=350%2C200","width":350,"height":200,"srcset":"https:\/\/i0.wp.com\/deltaimage.de\/wp\/wp-content\/uploads\/PANO_20250327_113047_1200.jpg?fit=1200%2C602&ssl=1&resize=350%2C200 1x, https:\/\/i0.wp.com\/deltaimage.de\/wp\/wp-content\/uploads\/PANO_20250327_113047_1200.jpg?fit=1200%2C602&ssl=1&resize=525%2C300 1.5x, https:\/\/i0.wp.com\/deltaimage.de\/wp\/wp-content\/uploads\/PANO_20250327_113047_1200.jpg?fit=1200%2C602&ssl=1&resize=700%2C400 2x, https:\/\/i0.wp.com\/deltaimage.de\/wp\/wp-content\/uploads\/PANO_20250327_113047_1200.jpg?fit=1200%2C602&ssl=1&resize=1050%2C600 3x"},"classes":[]},{"id":48500,"url":"https:\/\/deltaimage.de\/wp\/?p=48500","url_meta":{"origin":49195,"position":2},"title":"Ein Blick in die Foto-Ausstellung im Dachauer Wasserturm von Paul Eschbach","author":"EschbacP","date":"26. M\u00e4rz 2025","format":false,"excerpt":"Die Foto-Ausstellung im Dachauer Wasserturm ist im Beisein der vielen Vernissage-G\u00e4sten er\u00f6ffnet. Werfen wir doch einen Blick in die hellen Ausstellungsr\u00e4ume im ersten Stock des Dachauer Wasserturms. Gro\u00dfformatige Fotografien zeigen die Sch\u00f6nheiten der Natur im Dachauer Moos, mit dem thematischen Schwerpunkt im Palsweiser Moos und Fu\u00dfbergmoos. \u00a0 Fr\u00fchlingsbeginn am Dachauer\u2026","rel":"","context":"In &quot;Buch&quot;","block_context":{"text":"Buch","link":"https:\/\/deltaimage.de\/wp\/?cat=1189"},"img":{"alt_text":"","src":"https:\/\/i0.wp.com\/deltaimage.de\/wp\/wp-content\/uploads\/PE1X9943_1200.jpg?fit=1200%2C450&ssl=1&resize=350%2C200","width":350,"height":200,"srcset":"https:\/\/i0.wp.com\/deltaimage.de\/wp\/wp-content\/uploads\/PE1X9943_1200.jpg?fit=1200%2C450&ssl=1&resize=350%2C200 1x, https:\/\/i0.wp.com\/deltaimage.de\/wp\/wp-content\/uploads\/PE1X9943_1200.jpg?fit=1200%2C450&ssl=1&resize=525%2C300 1.5x, https:\/\/i0.wp.com\/deltaimage.de\/wp\/wp-content\/uploads\/PE1X9943_1200.jpg?fit=1200%2C450&ssl=1&resize=700%2C400 2x, https:\/\/i0.wp.com\/deltaimage.de\/wp\/wp-content\/uploads\/PE1X9943_1200.jpg?fit=1200%2C450&ssl=1&resize=1050%2C600 3x"},"classes":[]},{"id":48631,"url":"https:\/\/deltaimage.de\/wp\/?p=48631","url_meta":{"origin":49195,"position":3},"title":"Ein Blick in den dritten Stock Ausstellung im Dachauer Wasserturm &#8211; &#8222;50 Jahre Natur- und Moosschutz im Dachauer Moos&#8220;","author":"EschbacP","date":"27. M\u00e4rz 2025","format":false,"excerpt":"\"50 Jahre Natur- und Moosschutz im Dachauer Moos\" \u00a0 Fest- und Foto-Ausstellung der Kreisgruppe Dachau im BUND Naturschutz in Bayern e. V. anl\u00e4sslich des 50-j\u00e4hrigen Bestehens der Kreisgruppe 1975 - 2025 im Dachauer Wasserturm. Die Ausstellung erstreckt sich \u00fcber vier Stockwerke im Dachauer Wasserturm, mit den folgenden Ausstellungsinhalten: \u00a0 \u00a0\u2026","rel":"","context":"In &quot;Buch&quot;","block_context":{"text":"Buch","link":"https:\/\/deltaimage.de\/wp\/?cat=1189"},"img":{"alt_text":"","src":"https:\/\/i0.wp.com\/deltaimage.de\/wp\/wp-content\/uploads\/IMG_7950_1200.jpg?fit=1200%2C555&ssl=1&resize=350%2C200","width":350,"height":200,"srcset":"https:\/\/i0.wp.com\/deltaimage.de\/wp\/wp-content\/uploads\/IMG_7950_1200.jpg?fit=1200%2C555&ssl=1&resize=350%2C200 1x, https:\/\/i0.wp.com\/deltaimage.de\/wp\/wp-content\/uploads\/IMG_7950_1200.jpg?fit=1200%2C555&ssl=1&resize=525%2C300 1.5x, https:\/\/i0.wp.com\/deltaimage.de\/wp\/wp-content\/uploads\/IMG_7950_1200.jpg?fit=1200%2C555&ssl=1&resize=700%2C400 2x, https:\/\/i0.wp.com\/deltaimage.de\/wp\/wp-content\/uploads\/IMG_7950_1200.jpg?fit=1200%2C555&ssl=1&resize=1050%2C600 3x"},"classes":[]},{"id":48630,"url":"https:\/\/deltaimage.de\/wp\/?p=48630","url_meta":{"origin":49195,"position":4},"title":"Ein Blick in den ersten Stock Ausstellung im Dachauer Wasserturm &#8211; &#8222;50 Jahre Natur- und Moosschutz im Dachauer Moos&#8220;","author":"EschbacP","date":"27. M\u00e4rz 2025","format":false,"excerpt":"\"50 Jahre Natur- und Moosschutz im Dachauer Moos\" \u00a0 Fest- und Foto-Ausstellung der Kreisgruppe Dachau im BUND Naturschutz in Bayern e. V. anl\u00e4sslich des 50-j\u00e4hrigen Bestehens der Kreisgruppe 1975 - 2025 im Dachauer Wasserturm. Die Ausstellung erstreckt sich \u00fcber vier Stockwerke im Dachauer Wasserturm, mit den folgenden Ausstellungsinhalten: \u00a0 Foto-Ausstellung\u2026","rel":"","context":"In &quot;Buch&quot;","block_context":{"text":"Buch","link":"https:\/\/deltaimage.de\/wp\/?cat=1189"},"img":{"alt_text":"","src":"https:\/\/i0.wp.com\/deltaimage.de\/wp\/wp-content\/uploads\/IMG_7901_1200.jpg?fit=1200%2C609&ssl=1&resize=350%2C200","width":350,"height":200,"srcset":"https:\/\/i0.wp.com\/deltaimage.de\/wp\/wp-content\/uploads\/IMG_7901_1200.jpg?fit=1200%2C609&ssl=1&resize=350%2C200 1x, https:\/\/i0.wp.com\/deltaimage.de\/wp\/wp-content\/uploads\/IMG_7901_1200.jpg?fit=1200%2C609&ssl=1&resize=525%2C300 1.5x, https:\/\/i0.wp.com\/deltaimage.de\/wp\/wp-content\/uploads\/IMG_7901_1200.jpg?fit=1200%2C609&ssl=1&resize=700%2C400 2x, https:\/\/i0.wp.com\/deltaimage.de\/wp\/wp-content\/uploads\/IMG_7901_1200.jpg?fit=1200%2C609&ssl=1&resize=1050%2C600 3x"},"classes":[]},{"id":48303,"url":"https:\/\/deltaimage.de\/wp\/?p=48303","url_meta":{"origin":49195,"position":5},"title":"Schlei\u00dfheimer Zeitung: 50 Jahre BUND Naturschutz: Natur- und Moosschutz im Dachauer Moos","author":"EschbacP","date":"13. M\u00e4rz 2025","format":false,"excerpt":"Die Schlei\u00dfheimer Zeitung berichtet \u00fcber die Fest- und Foto-Ausstellung im Dachauer Wasserturm. --> Link 50 Jahre BUND Naturschutz: Natur- und Moosschutz im Dachauer Moos Jubil\u00e4ums-Ausstellung im Dachauer Wasserturm mit Fotos von Paul Eschbach Die\u00a0Kreisgruppe Dachau\u00a0des\u00a0BUND Naturschutz in Bayern e. V.\u00a0feiert im Jahr 2025 das 50-j\u00e4hrige Bestehen 1975 \u2014 2025 mit\u2026","rel":"","context":"In &quot;Ausstellung \/ Sonderausstellung&quot;","block_context":{"text":"Ausstellung \/ Sonderausstellung","link":"https:\/\/deltaimage.de\/wp\/?cat=860"},"img":{"alt_text":"","src":"https:\/\/i0.wp.com\/deltaimage.de\/wp\/wp-content\/uploads\/Logo_Schleissheimer-Zeitung-e1726945612862.jpg?fit=890%2C334&ssl=1&resize=350%2C200","width":350,"height":200,"srcset":"https:\/\/i0.wp.com\/deltaimage.de\/wp\/wp-content\/uploads\/Logo_Schleissheimer-Zeitung-e1726945612862.jpg?fit=890%2C334&ssl=1&resize=350%2C200 1x, https:\/\/i0.wp.com\/deltaimage.de\/wp\/wp-content\/uploads\/Logo_Schleissheimer-Zeitung-e1726945612862.jpg?fit=890%2C334&ssl=1&resize=525%2C300 1.5x, https:\/\/i0.wp.com\/deltaimage.de\/wp\/wp-content\/uploads\/Logo_Schleissheimer-Zeitung-e1726945612862.jpg?fit=890%2C334&ssl=1&resize=700%2C400 2x"},"classes":[]}],"jetpack_sharing_enabled":true,"_links":{"self":[{"href":"https:\/\/deltaimage.de\/wp\/index.php?rest_route=\/wp\/v2\/posts\/49195","targetHints":{"allow":["GET"]}}],"collection":[{"href":"https:\/\/deltaimage.de\/wp\/index.php?rest_route=\/wp\/v2\/posts"}],"about":[{"href":"https:\/\/deltaimage.de\/wp\/index.php?rest_route=\/wp\/v2\/types\/post"}],"author":[{"embeddable":true,"href":"https:\/\/deltaimage.de\/wp\/index.php?rest_route=\/wp\/v2\/users\/1"}],"replies":[{"embeddable":true,"href":"https:\/\/deltaimage.de\/wp\/index.php?rest_route=%2Fwp%2Fv2%2Fcomments&post=49195"}],"version-history":[{"count":18,"href":"https:\/\/deltaimage.de\/wp\/index.php?rest_route=\/wp\/v2\/posts\/49195\/revisions"}],"predecessor-version":[{"id":50433,"href":"https:\/\/deltaimage.de\/wp\/index.php?rest_route=\/wp\/v2\/posts\/49195\/revisions\/50433"}],"wp:featuredmedia":[{"embeddable":true,"href":"https:\/\/deltaimage.de\/wp\/index.php?rest_route=\/wp\/v2\/media\/49127"}],"wp:attachment":[{"href":"https:\/\/deltaimage.de\/wp\/index.php?rest_route=%2Fwp%2Fv2%2Fmedia&parent=49195"}],"wp:term":[{"taxonomy":"category","embeddable":true,"href":"https:\/\/deltaimage.de\/wp\/index.php?rest_route=%2Fwp%2Fv2%2Fcategories&post=49195"},{"taxonomy":"post_tag","embeddable":true,"href":"https:\/\/deltaimage.de\/wp\/index.php?rest_route=%2Fwp%2Fv2%2Ftags&post=49195"}],"curies":[{"name":"wp","href":"https:\/\/api.w.org\/{rel}","templated":true}]}}