{"id":49383,"date":"2025-05-14T15:21:18","date_gmt":"2025-05-14T13:21:18","guid":{"rendered":"https:\/\/deltaimage.de\/wp\/?p=49383"},"modified":"2025-08-28T20:13:50","modified_gmt":"2025-08-28T18:13:50","slug":"foto-ausstellung-in-maisach-wo-ist-das-maisacher-moos-heute-noch-zu-finden","status":"publish","type":"post","link":"https:\/\/deltaimage.de\/wp\/?p=49383","title":{"rendered":"Foto-Ausstellung in Maisach: &#8222;Wo ist das Maisacher Moos heute noch zu finden?&#8220;"},"content":{"rendered":"<p><a href=\"https:\/\/deltaimage.de\/wp\/?page_id=40118\"><img data-recalc-dims=\"1\" loading=\"lazy\" decoding=\"async\" data-attachment-id=\"40115\" data-permalink=\"https:\/\/deltaimage.de\/wp\/?attachment_id=40115#main\" data-orig-file=\"https:\/\/i0.wp.com\/deltaimage.de\/wp\/wp-content\/uploads\/Stempel_DELTA-IMAGE_Quality.png?fit=961%2C960&amp;ssl=1\" data-orig-size=\"961,960\" data-comments-opened=\"1\" data-image-meta=\"{&quot;aperture&quot;:&quot;0&quot;,&quot;credit&quot;:&quot;&quot;,&quot;camera&quot;:&quot;&quot;,&quot;caption&quot;:&quot;&quot;,&quot;created_timestamp&quot;:&quot;0&quot;,&quot;copyright&quot;:&quot;&quot;,&quot;focal_length&quot;:&quot;0&quot;,&quot;iso&quot;:&quot;0&quot;,&quot;shutter_speed&quot;:&quot;0&quot;,&quot;title&quot;:&quot;&quot;,&quot;orientation&quot;:&quot;0&quot;}\" data-image-title=\"Stempel_DELTA IMAGE_Quality\" data-image-description=\"\" data-image-caption=\"\" data-large-file=\"https:\/\/i0.wp.com\/deltaimage.de\/wp\/wp-content\/uploads\/Stempel_DELTA-IMAGE_Quality.png?fit=890%2C889&amp;ssl=1\" class=\"alignright wp-image-40115 size-thumbnail\" src=\"https:\/\/i0.wp.com\/deltaimage.de\/wp\/wp-content\/uploads\/Stempel_DELTA-IMAGE_Quality.png?resize=200%2C200&#038;ssl=1\" alt=\"\" width=\"200\" height=\"200\" srcset=\"https:\/\/i0.wp.com\/deltaimage.de\/wp\/wp-content\/uploads\/Stempel_DELTA-IMAGE_Quality.png?resize=200%2C200&amp;ssl=1 200w, https:\/\/i0.wp.com\/deltaimage.de\/wp\/wp-content\/uploads\/Stempel_DELTA-IMAGE_Quality.png?resize=601%2C600&amp;ssl=1 601w, https:\/\/i0.wp.com\/deltaimage.de\/wp\/wp-content\/uploads\/Stempel_DELTA-IMAGE_Quality.png?resize=594%2C593&amp;ssl=1 594w, https:\/\/i0.wp.com\/deltaimage.de\/wp\/wp-content\/uploads\/Stempel_DELTA-IMAGE_Quality.png?resize=450%2C450&amp;ssl=1 450w, https:\/\/i0.wp.com\/deltaimage.de\/wp\/wp-content\/uploads\/Stempel_DELTA-IMAGE_Quality.png?resize=75%2C75&amp;ssl=1 75w, https:\/\/i0.wp.com\/deltaimage.de\/wp\/wp-content\/uploads\/Stempel_DELTA-IMAGE_Quality.png?resize=400%2C400&amp;ssl=1 400w, https:\/\/i0.wp.com\/deltaimage.de\/wp\/wp-content\/uploads\/Stempel_DELTA-IMAGE_Quality.png?resize=50%2C50&amp;ssl=1 50w, https:\/\/i0.wp.com\/deltaimage.de\/wp\/wp-content\/uploads\/Stempel_DELTA-IMAGE_Quality.png?w=961&amp;ssl=1 961w\" sizes=\"auto, (max-width: 200px) 100vw, 200px\" \/><\/a>Nun ist schon die zweite <strong>FOTO-Ausstellung<\/strong> von <strong>Paul Eschbach<\/strong> in diesem Jahr 2025 zu Ende. Am Sonntag, 18.5. ging die Ausstellung von <strong>Paul Eschbach<\/strong> im <strong>Maisacher Gemeindezentrum<\/strong> zu Ende. Ein Grund genug, um auch einen R\u00fcckblick auf die Ausstellung zu unternehmen.<\/p>\n<div id=\"attachment_49304\" style=\"width: 900px\" class=\"wp-caption aligncenter\"><img data-recalc-dims=\"1\" loading=\"lazy\" decoding=\"async\" aria-describedby=\"caption-attachment-49304\" data-attachment-id=\"49304\" data-permalink=\"https:\/\/deltaimage.de\/wp\/?attachment_id=49304#main\" data-orig-file=\"https:\/\/i0.wp.com\/deltaimage.de\/wp\/wp-content\/uploads\/ANDI0197_900.jpg?fit=890%2C593&amp;ssl=1\" data-orig-size=\"890,593\" data-comments-opened=\"1\" data-image-meta=\"{&quot;aperture&quot;:&quot;4.5&quot;,&quot;credit&quot;:&quot;Andi Pirchmoser&quot;,&quot;camera&quot;:&quot;Canon EOS 5D Mark III&quot;,&quot;caption&quot;:&quot;&quot;,&quot;created_timestamp&quot;:&quot;1746813132&quot;,&quot;copyright&quot;:&quot;Andreas Pirchmoser&quot;,&quot;focal_length&quot;:&quot;24&quot;,&quot;iso&quot;:&quot;500&quot;,&quot;shutter_speed&quot;:&quot;0.016666666666667&quot;,&quot;title&quot;:&quot;&quot;,&quot;orientation&quot;:&quot;0&quot;}\" data-image-title=\"ANDI0197_900\" data-image-description=\"\" data-image-caption=\"&lt;p&gt;Foto: Andi Pirchmoser&lt;\/p&gt;\n\" data-large-file=\"https:\/\/i0.wp.com\/deltaimage.de\/wp\/wp-content\/uploads\/ANDI0197_900.jpg?fit=890%2C593&amp;ssl=1\" class=\"size-full wp-image-49304\" src=\"https:\/\/i0.wp.com\/deltaimage.de\/wp\/wp-content\/uploads\/ANDI0197_900.jpg?resize=890%2C593&#038;ssl=1\" alt=\"\" width=\"890\" height=\"593\" srcset=\"https:\/\/i0.wp.com\/deltaimage.de\/wp\/wp-content\/uploads\/ANDI0197_900.jpg?w=890&amp;ssl=1 890w, https:\/\/i0.wp.com\/deltaimage.de\/wp\/wp-content\/uploads\/ANDI0197_900.jpg?resize=300%2C200&amp;ssl=1 300w, https:\/\/i0.wp.com\/deltaimage.de\/wp\/wp-content\/uploads\/ANDI0197_900.jpg?resize=600%2C400&amp;ssl=1 600w, https:\/\/i0.wp.com\/deltaimage.de\/wp\/wp-content\/uploads\/ANDI0197_900.jpg?resize=200%2C133&amp;ssl=1 200w\" sizes=\"auto, (max-width: 890px) 100vw, 890px\" \/><p id=\"caption-attachment-49304\" class=\"wp-caption-text\">Foto: Andi Pirchmoser<\/p><\/div>\n<p>Am 9.5. er\u00f6ffnete <strong>Hans Seidl<\/strong> als <strong>erster B\u00fcrgermeister<\/strong> der <strong>Gemeinde Maisach<\/strong> und der <strong>Fotograf der Ausstellung Paul Eschbach<\/strong> das Gemeindezentrum Maisach f\u00fcr die folgenden neun Tagen den BesucherInnen an 4-5 Stunden am Tag. Im Beisein von vielen BesucherInnen und noch mehr geladenen G\u00e4sten aus nah und fern, w\u00fcnschten wir der Ausstellung viel Erfolg.<\/p>\n<p><!--more--><\/p>\n<p>&nbsp;<\/p>\n<h2>Viele BesucherInnen und noch mehr Gespr\u00e4che zum Maisacher Moos<\/h2>\n<p><img data-recalc-dims=\"1\" loading=\"lazy\" decoding=\"async\" class=\"size-full wp-image-48948 alignright\" src=\"https:\/\/i0.wp.com\/deltaimage.de\/wp\/wp-content\/uploads\/Einladung_Karte_Maisach_2025-900.jpg?resize=638%2C900&#038;ssl=1\" alt=\"\" width=\"638\" height=\"900\" \/><\/p>\n<p>Mit dem Thema <strong>&#8222;Maisacher Moos&#8220;<\/strong> haben wir auf jeden Fall den Nerv der vielen BesucherInnen getroffen. Die Resonanz der BesucherInnen wahr ausnahmslos positiv und durchweg begeistert. Unser Konzept nahm die Bildmotive in die Mitte der Pr\u00e4sentation und zeigte die <strong>Sch\u00f6nheiten dieser Naturlandschaft<\/strong> vor den Toren der <strong>Gemeinde Maisach<\/strong> mit gro\u00dfformatigen Bildern und Bildmotiven in einem herrlichen capri-blauen Passepartout und silbernen Alurahmen. In der Pr\u00e4sentation im Raum hingen die Bilder nicht nur einfach an der Wand entlang, sondern bildeten mit den transparenten Rahmen einen thematischen Reigen in den beiden R\u00e4umen und luden durch die Anordnung zum Entdecken der Bildergeschichten ein.<\/p>\n<p>Erg\u00e4nzt wurden alle Bilder mit thematisch passenden Bildtiteln und ausf\u00fchrlichen Bildbeschreibungen dazu, sodass sich die BesucherInnen auch ohne eine F\u00fchrung selbst die Gedanken des Fotografen nahebringen konnten. Die Bildtitel und Bildbeschreibungen durften dabei auch immer wieder mit den manchmal humorvollen Texten mit einem Augenzwinkern betrachtet werden.<\/p>\n<p>Die Ausstellung war mehr als nur eine <strong>K\u00fcnstlerausstellung<\/strong>, die Vermittlung der Zusammenh\u00e4nge und das Verst\u00e4ndnis f\u00f6rderte der Fotograf mit seiner wohl ausgewogenen Mischung aus <strong>Information<\/strong> und <strong>Pr\u00e4sentation<\/strong> in den Bildern. Solch eine <strong>Foto-Ausstellung<\/strong> kann auch immer nur ein kleiner Ausschnitt aus dem Moos selbst sein, ein Ausschnitt aus den 400 Bildern des Buches selbst und auch das nur ein kleiner Ausriss der wundervollen Natur selbst.<\/p>\n<p>&nbsp;<\/p>\n<h2>Die Sch\u00f6nheit dieser Moos-Landschaft im Dialog<\/h2>\n<p>Der <strong>Fotograf Paul Eschbach<\/strong> baute seine <strong>Foto-Ausstellung<\/strong> auf die Kraft seiner etwa 45 Bilder und den 12 Text- und Infotafeln auf, auf die richtige Mischung kommt es an. Die Bildauswahl folgte dabei dem Bildkonzept seiner <strong>FOTO-Bildb\u00e4nde<\/strong>: Nur sch\u00f6ne und emotional positive Bilder wurden ausgesucht &#8211; nur so lassen sich positive Erlebnisse in der Ausstellung verbinden.<\/p>\n<p>&nbsp;<\/p>\n<h2>H\u00f6ren wir den BesucherInnen mit Ihren spontanen Wortmeldungen einmal zu!<\/h2>\n<p>Die Ausstellungsbetreuung hat sehr genau aufgemerkt und die spontanen Reaktionen der BesucherInnen aufmerksam aufgenommen &#8211; so ergibt sich ein ganz gutes Meinungsbild der durchgehend positiven R\u00fcckmeldung \u00fcber 9 Tage hinweg.<\/p>\n<div class=\"su-pullquote su-pullquote-align-left\">So sch\u00f6n habe ich es z.B. mir nicht vorgestellt.<\/div>\n<div class=\"su-pullquote su-pullquote-align-left\">Das hat sich gelohnt.<\/div>\n<div class=\"su-pullquote su-pullquote-align-left\">Da kommen Kindheitserinnerungen auf.<\/div>\n<div class=\"su-pullquote su-pullquote-align-left\">Man sieht die sch\u00f6nen Dinge meist gar nicht.<\/div>\n<div class=\"su-pullquote su-pullquote-align-left\">Die Informationen und Erlebnisse in lebendiger Form, die der Fotograf Herr Eschbach vermittelte, wurden gerne angenommen.<\/div>\n<div class=\"su-pullquote su-pullquote-align-left\">Viele Fragen sogleich beantwortet und plausibel erkl\u00e4rt.<\/div>\n<div class=\"su-pullquote su-pullquote-align-left\">Solche Bilder tun einfach gut! Vielen Dank.<\/div>\n<div class=\"su-pullquote su-pullquote-align-left\">Die gro\u00dfformatigen Bilder wirken erst recht beeindruckend, sehr passend zu den Einsichten in die Sch\u00f6nheiten der Naturlandschaft.<\/div>\n<div class=\"su-pullquote su-pullquote-align-left\">Die einf\u00fchrenden Texte sind so herrlich gut zu lesen, sehr informativ in einer sehr gut verst\u00e4ndlichen Sprache geschrieben.<\/div>\n<div class=\"su-pullquote su-pullquote-align-left\">Man sieht regelrecht, wie der Fotograf mit dieser Landschaft verbunden ist.<\/div>\n<div class=\"su-pullquote su-pullquote-align-left\">Das R\u00e4tsel &#8211; ein gro\u00dfformatiges Bild &#8211; und die Aufl\u00f6sung dazu ist eine herrliche Erkl\u00e4rung des Werdens und des Seins der Moos-Landschaft.<\/div>\n<div class=\"su-pullquote su-pullquote-align-left\">Die Bilder sind so herrlich in diesem wundersch\u00f6nen Raum der Gemeinde pr\u00e4sentiert.<\/div>\n<div class=\"su-pullquote su-pullquote-align-left\">Die unaufdringliche F\u00fchrung des Fotografen Eschbach durch die Ausstellung gab uns noch so viel mehr als die tollen Bilder es alleine vermochten.<\/div>\n","protected":false},"excerpt":{"rendered":"<p>Nun ist schon die zweite FOTO-Ausstellung von Paul Eschbach in diesem Jahr 2025 zu Ende. Am Sonntag, 18.5. ging die Ausstellung von Paul Eschbach im Maisacher Gemeindezentrum zu Ende. Ein [&hellip;]<\/p>\n","protected":false},"author":1,"featured_media":49250,"comment_status":"open","ping_status":"closed","sticky":false,"template":"","format":"standard","meta":{"wpupg_custom_link":[],"wpupg_custom_link_behaviour":["default"],"wpupg_custom_link_nofollow":["default"],"wpupg_custom_image":[],"wpupg_custom_image_id":[],"jetpack_post_was_ever_published":false,"footnotes":""},"categories":[3010,2523,3217,8,3800],"tags":[],"class_list":["post-49383","post","type-post","status-publish","format-standard","has-post-thumbnail","hentry","category-dachauer-land","category-dachauer-moos","category-naturfotografie","category-news","category-projekt-dachauer-moos"],"jetpack_featured_media_url":"https:\/\/i0.wp.com\/deltaimage.de\/wp\/wp-content\/uploads\/PANO_20250507_145248_1200.jpg?fit=1200%2C447&ssl=1","jetpack-related-posts":[{"id":49248,"url":"https:\/\/deltaimage.de\/wp\/?p=49248","url_meta":{"origin":49383,"position":0},"title":"FOTO-Ausstellung zum Maisacher Moos von Paul Eschbach ist im Gemeindezentrum Maisach aufgebaut","author":"EschbacP","date":"7. Mai 2025","format":false,"excerpt":"Am kommenden Freitag, 9.5.2025 beginnt die Foto-Ausstellung vom Dachauer Fotografen Paul Eschbach mit der \u00f6ffentlichen Vernissage, alle Interessierten sind ganz herzlich zur Vernissage eingeladen. Die Vernissage und Ausstellungser\u00f6ffnung durch den B\u00fcrgermeister von Maisach und dem Fotografen Paul Eschbach beginnt um 18:00 Uhr. Dann h\u00e4ngen die Bilder bis einschlie\u00dflich Sonntag, 18.5.2025\u2026","rel":"","context":"In &quot;Buch&quot;","block_context":{"text":"Buch","link":"https:\/\/deltaimage.de\/wp\/?cat=1189"},"img":{"alt_text":"","src":"https:\/\/i0.wp.com\/deltaimage.de\/wp\/wp-content\/uploads\/PANO_20250507_145248_1200.jpg?fit=1200%2C447&ssl=1&resize=350%2C200","width":350,"height":200,"srcset":"https:\/\/i0.wp.com\/deltaimage.de\/wp\/wp-content\/uploads\/PANO_20250507_145248_1200.jpg?fit=1200%2C447&ssl=1&resize=350%2C200 1x, https:\/\/i0.wp.com\/deltaimage.de\/wp\/wp-content\/uploads\/PANO_20250507_145248_1200.jpg?fit=1200%2C447&ssl=1&resize=525%2C300 1.5x, https:\/\/i0.wp.com\/deltaimage.de\/wp\/wp-content\/uploads\/PANO_20250507_145248_1200.jpg?fit=1200%2C447&ssl=1&resize=700%2C400 2x, https:\/\/i0.wp.com\/deltaimage.de\/wp\/wp-content\/uploads\/PANO_20250507_145248_1200.jpg?fit=1200%2C447&ssl=1&resize=1050%2C600 3x"},"classes":[]},{"id":47834,"url":"https:\/\/deltaimage.de\/wp\/?p=47834","url_meta":{"origin":49383,"position":1},"title":"Foto-Ausstellung in Maisach zum Maisacher Moos im Mai 2025","author":"EschbacP","date":"16. Februar 2025","format":false,"excerpt":"Die Gemeinde Maisach zeigt im Gemeindezentrum an der Riedlstra\u00dfe eine Fotoausstellung vom Dachauer Fotografen Paul Eschbach zum Maisacher Moos. \"Wo ist das Maisacher Moos heute noch zu sehen?\" \u00a0 Neun Tage lang werden die fotografischen Sch\u00f6nheiten dieser Niedermoor-Landschaft in gro\u00dfformatigen Bildmotiven und Informationstafeln ausgestellt. Das zweitgr\u00f6\u00dfte Niedermoor in Bayern wird\u2026","rel":"","context":"In &quot;Buch&quot;","block_context":{"text":"Buch","link":"https:\/\/deltaimage.de\/wp\/?cat=1189"},"img":{"alt_text":"","src":"https:\/\/i0.wp.com\/deltaimage.de\/wp\/wp-content\/uploads\/IMG_1199_1200.jpg?fit=1200%2C450&ssl=1&resize=350%2C200","width":350,"height":200,"srcset":"https:\/\/i0.wp.com\/deltaimage.de\/wp\/wp-content\/uploads\/IMG_1199_1200.jpg?fit=1200%2C450&ssl=1&resize=350%2C200 1x, https:\/\/i0.wp.com\/deltaimage.de\/wp\/wp-content\/uploads\/IMG_1199_1200.jpg?fit=1200%2C450&ssl=1&resize=525%2C300 1.5x, https:\/\/i0.wp.com\/deltaimage.de\/wp\/wp-content\/uploads\/IMG_1199_1200.jpg?fit=1200%2C450&ssl=1&resize=700%2C400 2x, https:\/\/i0.wp.com\/deltaimage.de\/wp\/wp-content\/uploads\/IMG_1199_1200.jpg?fit=1200%2C450&ssl=1&resize=1050%2C600 3x"},"classes":[]},{"id":48924,"url":"https:\/\/deltaimage.de\/wp\/?p=48924","url_meta":{"origin":49383,"position":2},"title":"Einladung zur \u00f6ffentlichen Vernissage im Gemeindezentrum Maisach zur Foto-Ausstellung von Paul Eschbach","author":"EschbacP","date":"16. April 2025","format":false,"excerpt":"Gemeinschaftsausstellung der Gemeinden Maisach und Bergkirchen zum Palsweiser Moos & Fu\u00dfbergmoos Das Maisacher Moos (Palsweiser Moos & Fu\u00dfbergmoos) liegt in den Landkreisen F\u00fcrstenfeldbruck und Dachau. Es besteht im Landkreis F\u00fcrstenfeldbruck aus der Niedermoor-Landschaft des Fu\u00dfbergmooses. Im Landkreis Dachau grenzt die Niedermoor-Landschaft des Palsweiser Mooses unmittelbar an das Fu\u00dfbergmoos an. Zwei\u2026","rel":"","context":"In &quot;Buch&quot;","block_context":{"text":"Buch","link":"https:\/\/deltaimage.de\/wp\/?cat=1189"},"img":{"alt_text":"","src":"https:\/\/i0.wp.com\/deltaimage.de\/wp\/wp-content\/uploads\/Plakat_Maisach_Vernissage-1200.jpg?fit=1200%2C449&ssl=1&resize=350%2C200","width":350,"height":200,"srcset":"https:\/\/i0.wp.com\/deltaimage.de\/wp\/wp-content\/uploads\/Plakat_Maisach_Vernissage-1200.jpg?fit=1200%2C449&ssl=1&resize=350%2C200 1x, https:\/\/i0.wp.com\/deltaimage.de\/wp\/wp-content\/uploads\/Plakat_Maisach_Vernissage-1200.jpg?fit=1200%2C449&ssl=1&resize=525%2C300 1.5x, https:\/\/i0.wp.com\/deltaimage.de\/wp\/wp-content\/uploads\/Plakat_Maisach_Vernissage-1200.jpg?fit=1200%2C449&ssl=1&resize=700%2C400 2x, https:\/\/i0.wp.com\/deltaimage.de\/wp\/wp-content\/uploads\/Plakat_Maisach_Vernissage-1200.jpg?fit=1200%2C449&ssl=1&resize=1050%2C600 3x"},"classes":[]},{"id":49532,"url":"https:\/\/deltaimage.de\/wp\/?p=49532","url_meta":{"origin":49383,"position":3},"title":"Mitteilungsblatt der Gemeinde Maisach: Foto-Ausstellung von Paul Eschbach im Gemeindezentrum","author":"EschbacP","date":"11. Juni 2025","format":false,"excerpt":"Wundersch\u00f6nes Moos vor der Haust\u00fcr Die sch\u00f6nsten Niedermoorfl\u00e4chen liegen direkt bei uns vor der Haust\u00fcr: Das Fu\u00dfbergmoos und das Palsweiser Moos bilden mit rund sieben Quadratkilometern eines der gr\u00f6\u00dften Niedermoorgebiete in Oberbayern. Mit den Heckrindern, Kiebitzen, Bibern, Libellen und vielem mehr ist es der perfekte Entdeckungsort, der zum Wandern und\u2026","rel":"","context":"In &quot;Dachauer Land&quot;","block_context":{"text":"Dachauer Land","link":"https:\/\/deltaimage.de\/wp\/?cat=3010"},"img":{"alt_text":"","src":"https:\/\/i0.wp.com\/deltaimage.de\/wp\/wp-content\/uploads\/Logo_Mitteilungsblatt_Maisach.png?fit=1200%2C453&ssl=1&resize=350%2C200","width":350,"height":200,"srcset":"https:\/\/i0.wp.com\/deltaimage.de\/wp\/wp-content\/uploads\/Logo_Mitteilungsblatt_Maisach.png?fit=1200%2C453&ssl=1&resize=350%2C200 1x, https:\/\/i0.wp.com\/deltaimage.de\/wp\/wp-content\/uploads\/Logo_Mitteilungsblatt_Maisach.png?fit=1200%2C453&ssl=1&resize=525%2C300 1.5x, https:\/\/i0.wp.com\/deltaimage.de\/wp\/wp-content\/uploads\/Logo_Mitteilungsblatt_Maisach.png?fit=1200%2C453&ssl=1&resize=700%2C400 2x, https:\/\/i0.wp.com\/deltaimage.de\/wp\/wp-content\/uploads\/Logo_Mitteilungsblatt_Maisach.png?fit=1200%2C453&ssl=1&resize=1050%2C600 3x"},"classes":[]},{"id":49364,"url":"https:\/\/deltaimage.de\/wp\/?p=49364","url_meta":{"origin":49383,"position":4},"title":"Foto-Ausstellung zum Maisacher Moos von Paul Eschbach: IG-Moos e. V.","author":"EschbacP","date":"12. Mai 2025","format":false,"excerpt":"Ich bin immer f\u00fcr neue \u00dcberraschungen offen und positiv gegen\u00fcber eingestellt. So auch im Umfeld meiner FOTO-Ausstellung zum Maisacher Moos: \"Wo ist das Maisacher Moos heute noch zu finden?\" im Gemeindezentrum Maisach vom 9.5. - 18.5.2025, von mir als Dachauer Fotografen organisiert und umgesetzt. Zur Ausstellung hatte ich mit dem\u2026","rel":"","context":"In &quot;Dachauer Land&quot;","block_context":{"text":"Dachauer Land","link":"https:\/\/deltaimage.de\/wp\/?cat=3010"},"img":{"alt_text":"","src":"https:\/\/i0.wp.com\/deltaimage.de\/wp\/wp-content\/uploads\/Webseite-IG-Moos-Foto-Ausstellung_1200.jpg?fit=1200%2C450&ssl=1&resize=350%2C200","width":350,"height":200,"srcset":"https:\/\/i0.wp.com\/deltaimage.de\/wp\/wp-content\/uploads\/Webseite-IG-Moos-Foto-Ausstellung_1200.jpg?fit=1200%2C450&ssl=1&resize=350%2C200 1x, https:\/\/i0.wp.com\/deltaimage.de\/wp\/wp-content\/uploads\/Webseite-IG-Moos-Foto-Ausstellung_1200.jpg?fit=1200%2C450&ssl=1&resize=525%2C300 1.5x, https:\/\/i0.wp.com\/deltaimage.de\/wp\/wp-content\/uploads\/Webseite-IG-Moos-Foto-Ausstellung_1200.jpg?fit=1200%2C450&ssl=1&resize=700%2C400 2x, https:\/\/i0.wp.com\/deltaimage.de\/wp\/wp-content\/uploads\/Webseite-IG-Moos-Foto-Ausstellung_1200.jpg?fit=1200%2C450&ssl=1&resize=1050%2C600 3x"},"classes":[]},{"id":48910,"url":"https:\/\/deltaimage.de\/wp\/?p=48910","url_meta":{"origin":49383,"position":5},"title":"Pressemitteilung: Gemeinde Maisach","author":"EschbacP","date":"16. April 2025","format":false,"excerpt":"Liebe Redaktionen, \u00a0 im Maisacher Gemeindezentrum (Riedelstra\u00dfe 3, Maisach) wird vom Freitag 9. Mai 2025 bis Sonntag 18. Mai 2025 eine Fotoausstellung des Fotografen Paul Eschbach gezeigt. Bitte ver\u00f6ffentlichen Sie daher unsere Pressemitteilung unten. Einige Fotografien k\u00f6nnen Sie \u00fcber die Bayernbox herunterladen. \u00a0 Wir freuen uns \u00fcber eine m\u00f6glichst gro\u00dfe\u2026","rel":"","context":"In &quot;Dachauer Land&quot;","block_context":{"text":"Dachauer Land","link":"https:\/\/deltaimage.de\/wp\/?cat=3010"},"img":{"alt_text":"","src":"https:\/\/i0.wp.com\/deltaimage.de\/wp\/wp-content\/uploads\/IMG_20250416_073553_1200.jpg?fit=1200%2C450&ssl=1&resize=350%2C200","width":350,"height":200,"srcset":"https:\/\/i0.wp.com\/deltaimage.de\/wp\/wp-content\/uploads\/IMG_20250416_073553_1200.jpg?fit=1200%2C450&ssl=1&resize=350%2C200 1x, https:\/\/i0.wp.com\/deltaimage.de\/wp\/wp-content\/uploads\/IMG_20250416_073553_1200.jpg?fit=1200%2C450&ssl=1&resize=525%2C300 1.5x, https:\/\/i0.wp.com\/deltaimage.de\/wp\/wp-content\/uploads\/IMG_20250416_073553_1200.jpg?fit=1200%2C450&ssl=1&resize=700%2C400 2x, https:\/\/i0.wp.com\/deltaimage.de\/wp\/wp-content\/uploads\/IMG_20250416_073553_1200.jpg?fit=1200%2C450&ssl=1&resize=1050%2C600 3x"},"classes":[]}],"jetpack_sharing_enabled":true,"_links":{"self":[{"href":"https:\/\/deltaimage.de\/wp\/index.php?rest_route=\/wp\/v2\/posts\/49383","targetHints":{"allow":["GET"]}}],"collection":[{"href":"https:\/\/deltaimage.de\/wp\/index.php?rest_route=\/wp\/v2\/posts"}],"about":[{"href":"https:\/\/deltaimage.de\/wp\/index.php?rest_route=\/wp\/v2\/types\/post"}],"author":[{"embeddable":true,"href":"https:\/\/deltaimage.de\/wp\/index.php?rest_route=\/wp\/v2\/users\/1"}],"replies":[{"embeddable":true,"href":"https:\/\/deltaimage.de\/wp\/index.php?rest_route=%2Fwp%2Fv2%2Fcomments&post=49383"}],"version-history":[{"count":13,"href":"https:\/\/deltaimage.de\/wp\/index.php?rest_route=\/wp\/v2\/posts\/49383\/revisions"}],"predecessor-version":[{"id":51876,"href":"https:\/\/deltaimage.de\/wp\/index.php?rest_route=\/wp\/v2\/posts\/49383\/revisions\/51876"}],"wp:featuredmedia":[{"embeddable":true,"href":"https:\/\/deltaimage.de\/wp\/index.php?rest_route=\/wp\/v2\/media\/49250"}],"wp:attachment":[{"href":"https:\/\/deltaimage.de\/wp\/index.php?rest_route=%2Fwp%2Fv2%2Fmedia&parent=49383"}],"wp:term":[{"taxonomy":"category","embeddable":true,"href":"https:\/\/deltaimage.de\/wp\/index.php?rest_route=%2Fwp%2Fv2%2Fcategories&post=49383"},{"taxonomy":"post_tag","embeddable":true,"href":"https:\/\/deltaimage.de\/wp\/index.php?rest_route=%2Fwp%2Fv2%2Ftags&post=49383"}],"curies":[{"name":"wp","href":"https:\/\/api.w.org\/{rel}","templated":true}]}}