{"id":49532,"date":"2025-06-11T16:31:49","date_gmt":"2025-06-11T14:31:49","guid":{"rendered":"https:\/\/deltaimage.de\/wp\/?p=49532"},"modified":"2025-08-13T16:31:43","modified_gmt":"2025-08-13T14:31:43","slug":"mitteilungsblatt-der-gemeinde-maisach-foto-ausstellung-von-paul-eschbach-im-gemeindezentrum","status":"publish","type":"post","link":"https:\/\/deltaimage.de\/wp\/?p=49532","title":{"rendered":"Mitteilungsblatt der Gemeinde Maisach: Foto-Ausstellung von Paul Eschbach im Gemeindezentrum"},"content":{"rendered":"<p><img data-recalc-dims=\"1\" loading=\"lazy\" decoding=\"async\" data-attachment-id=\"49535\" data-permalink=\"https:\/\/deltaimage.de\/wp\/?attachment_id=49535#main\" data-orig-file=\"https:\/\/i0.wp.com\/deltaimage.de\/wp\/wp-content\/uploads\/PE1S0112-900.jpg?fit=900%2C600&amp;ssl=1\" data-orig-size=\"900,600\" data-comments-opened=\"1\" data-image-meta=\"{&quot;aperture&quot;:&quot;5.6&quot;,&quot;credit&quot;:&quot;Paul Eschbach&quot;,&quot;camera&quot;:&quot;Canon EOS-1Ds Mark III&quot;,&quot;caption&quot;:&quot;&quot;,&quot;created_timestamp&quot;:&quot;1665920906&quot;,&quot;copyright&quot;:&quot;&quot;,&quot;focal_length&quot;:&quot;24&quot;,&quot;iso&quot;:&quot;200&quot;,&quot;shutter_speed&quot;:&quot;0.005&quot;,&quot;title&quot;:&quot;&quot;,&quot;orientation&quot;:&quot;1&quot;}\" data-image-title=\"PE1S0112-900\" data-image-description=\"\" data-image-caption=\"\" data-large-file=\"https:\/\/i0.wp.com\/deltaimage.de\/wp\/wp-content\/uploads\/PE1S0112-900.jpg?fit=890%2C593&amp;ssl=1\" class=\"aligncenter size-full wp-image-49535\" src=\"https:\/\/i0.wp.com\/deltaimage.de\/wp\/wp-content\/uploads\/PE1S0112-900.jpg?resize=890%2C593&#038;ssl=1\" alt=\"\" width=\"890\" height=\"593\" srcset=\"https:\/\/i0.wp.com\/deltaimage.de\/wp\/wp-content\/uploads\/PE1S0112-900.jpg?w=900&amp;ssl=1 900w, https:\/\/i0.wp.com\/deltaimage.de\/wp\/wp-content\/uploads\/PE1S0112-900.jpg?resize=300%2C200&amp;ssl=1 300w, https:\/\/i0.wp.com\/deltaimage.de\/wp\/wp-content\/uploads\/PE1S0112-900.jpg?resize=600%2C400&amp;ssl=1 600w, https:\/\/i0.wp.com\/deltaimage.de\/wp\/wp-content\/uploads\/PE1S0112-900.jpg?resize=200%2C133&amp;ssl=1 200w\" sizes=\"auto, (max-width: 890px) 100vw, 890px\" \/><\/p>\n<h2>Wundersch\u00f6nes Moos vor der Haust\u00fcr<\/h2>\n<p>Die sch\u00f6nsten <strong>Niedermoorfl\u00e4chen<\/strong> liegen direkt bei uns vor der Haust\u00fcr: Das <strong>Fu\u00dfbergmoos<\/strong> und das <strong>Palsweiser Moos<\/strong> bilden mit rund sieben Quadratkilometern eines der gr\u00f6\u00dften <strong>Niedermoorgebiete<\/strong> in Oberbayern. Mit den Heckrindern, Kiebitzen, Bibern, Libellen und vielem mehr ist es der perfekte Entdeckungsort, der zum Wandern und Spazieren einl\u00e4dt. Hier sollte man die befestigten Wege zum Schutz der Tiere nutzen, und bei Trockenheit auf Brandgefahr, etwa durch Zigaretten, achten . Im 20. Jahrhundert bis in die 1960er-Jahre hinein wurden die Fl\u00e4chen teilweise trockengelegt, bebaut, <strong>Torf<\/strong> gestochen, und die <strong>Landwirte<\/strong> bestreiten noch heute ihren <strong>Lebensunterhalt<\/strong> mit den Feldern.<\/p>\n<p>Es gibt einige Diskussionen um dieses <strong>Naturjuwel<\/strong>. Einig sind sich allerdings alle darin: Das Moos ist wundersch\u00f6n. Die <strong>Gemeinde Maisach<\/strong> hat k\u00fcrzlich im <strong>Gemeindezentrum<\/strong> einige detaillierte <strong>Naturaufnahmen<\/strong> des <strong>Fotografen<\/strong> <strong>Paul Eschbach<\/strong> ausgestellt, darunter das aktuelle Titelbild \u201e<strong>Brauereiwald<\/strong>\u201c, ein Entw\u00e4sserungsgraben Richtung Maisacher Brauerei. Einen R\u00fcckblick erhalten Sie auf Seite 9.<\/p>\n<p><em>Text: Gemeinde\/Foto: Paul Eschbach<\/em><\/p>\n<p><!--more--><\/p>\n<h2>R\u00fcckblick auf Seite 9<\/h2>\n<p><img data-recalc-dims=\"1\" loading=\"lazy\" decoding=\"async\" data-attachment-id=\"49537\" data-permalink=\"https:\/\/deltaimage.de\/wp\/?attachment_id=49537#main\" data-orig-file=\"https:\/\/i0.wp.com\/deltaimage.de\/wp\/wp-content\/uploads\/Maisach_Mitteilungsblatt_Vernissage_Fotoausstellung_20250509.png?fit=900%2C704&amp;ssl=1\" data-orig-size=\"900,704\" data-comments-opened=\"1\" data-image-meta=\"{&quot;aperture&quot;:&quot;0&quot;,&quot;credit&quot;:&quot;&quot;,&quot;camera&quot;:&quot;&quot;,&quot;caption&quot;:&quot;&quot;,&quot;created_timestamp&quot;:&quot;0&quot;,&quot;copyright&quot;:&quot;&quot;,&quot;focal_length&quot;:&quot;0&quot;,&quot;iso&quot;:&quot;0&quot;,&quot;shutter_speed&quot;:&quot;0&quot;,&quot;title&quot;:&quot;&quot;,&quot;orientation&quot;:&quot;0&quot;}\" data-image-title=\"Maisach_Mitteilungsblatt_Vernissage_Fotoausstellung_20250509\" data-image-description=\"\" data-image-caption=\"\" data-large-file=\"https:\/\/i0.wp.com\/deltaimage.de\/wp\/wp-content\/uploads\/Maisach_Mitteilungsblatt_Vernissage_Fotoausstellung_20250509.png?fit=890%2C696&amp;ssl=1\" class=\"aligncenter size-full wp-image-49537\" src=\"https:\/\/i0.wp.com\/deltaimage.de\/wp\/wp-content\/uploads\/Maisach_Mitteilungsblatt_Vernissage_Fotoausstellung_20250509.png?resize=890%2C696&#038;ssl=1\" alt=\"\" width=\"890\" height=\"696\" srcset=\"https:\/\/i0.wp.com\/deltaimage.de\/wp\/wp-content\/uploads\/Maisach_Mitteilungsblatt_Vernissage_Fotoausstellung_20250509.png?w=900&amp;ssl=1 900w, https:\/\/i0.wp.com\/deltaimage.de\/wp\/wp-content\/uploads\/Maisach_Mitteilungsblatt_Vernissage_Fotoausstellung_20250509.png?resize=767%2C600&amp;ssl=1 767w, https:\/\/i0.wp.com\/deltaimage.de\/wp\/wp-content\/uploads\/Maisach_Mitteilungsblatt_Vernissage_Fotoausstellung_20250509.png?resize=256%2C200&amp;ssl=1 256w, https:\/\/i0.wp.com\/deltaimage.de\/wp\/wp-content\/uploads\/Maisach_Mitteilungsblatt_Vernissage_Fotoausstellung_20250509.png?resize=511%2C400&amp;ssl=1 511w\" sizes=\"auto, (max-width: 890px) 100vw, 890px\" \/> <img data-recalc-dims=\"1\" loading=\"lazy\" decoding=\"async\" data-attachment-id=\"49538\" data-permalink=\"https:\/\/deltaimage.de\/wp\/?attachment_id=49538#main\" data-orig-file=\"https:\/\/i0.wp.com\/deltaimage.de\/wp\/wp-content\/uploads\/Maisach_Mitteilungsboeatt_Vernissage_Fotoausstellung_Teil2-900.png?fit=633%2C900&amp;ssl=1\" data-orig-size=\"633,900\" data-comments-opened=\"1\" data-image-meta=\"{&quot;aperture&quot;:&quot;0&quot;,&quot;credit&quot;:&quot;&quot;,&quot;camera&quot;:&quot;&quot;,&quot;caption&quot;:&quot;&quot;,&quot;created_timestamp&quot;:&quot;0&quot;,&quot;copyright&quot;:&quot;&quot;,&quot;focal_length&quot;:&quot;0&quot;,&quot;iso&quot;:&quot;0&quot;,&quot;shutter_speed&quot;:&quot;0&quot;,&quot;title&quot;:&quot;&quot;,&quot;orientation&quot;:&quot;0&quot;}\" data-image-title=\"Maisach_Mitteilungsb\u00f6att_Vernissage_Fotoausstellung_Teil2-900\" data-image-description=\"\" data-image-caption=\"\" data-large-file=\"https:\/\/i0.wp.com\/deltaimage.de\/wp\/wp-content\/uploads\/Maisach_Mitteilungsboeatt_Vernissage_Fotoausstellung_Teil2-900.png?fit=633%2C900&amp;ssl=1\" class=\"aligncenter size-full wp-image-49538\" src=\"https:\/\/i0.wp.com\/deltaimage.de\/wp\/wp-content\/uploads\/Maisach_Mitteilungsboeatt_Vernissage_Fotoausstellung_Teil2-900.png?resize=633%2C900&#038;ssl=1\" alt=\"\" width=\"633\" height=\"900\" srcset=\"https:\/\/i0.wp.com\/deltaimage.de\/wp\/wp-content\/uploads\/Maisach_Mitteilungsboeatt_Vernissage_Fotoausstellung_Teil2-900.png?w=633&amp;ssl=1 633w, https:\/\/i0.wp.com\/deltaimage.de\/wp\/wp-content\/uploads\/Maisach_Mitteilungsboeatt_Vernissage_Fotoausstellung_Teil2-900.png?resize=422%2C600&amp;ssl=1 422w, https:\/\/i0.wp.com\/deltaimage.de\/wp\/wp-content\/uploads\/Maisach_Mitteilungsboeatt_Vernissage_Fotoausstellung_Teil2-900.png?resize=141%2C200&amp;ssl=1 141w, https:\/\/i0.wp.com\/deltaimage.de\/wp\/wp-content\/uploads\/Maisach_Mitteilungsboeatt_Vernissage_Fotoausstellung_Teil2-900.png?resize=281%2C400&amp;ssl=1 281w\" sizes=\"auto, (max-width: 633px) 100vw, 633px\" \/><\/p>\n<p style=\"text-align: center;\"><em>Der erste B\u00fcrgermeister der Gemeinde Maisach (links: Hans Seidl) <\/em><br \/>\n<em>mit dem Fotografen der Ausstellung (mitte: Paul Eschbach) <\/em><br \/>\n<em>und dem dritten B\u00fcrgermeister (rechts: Alfred Hirsch) beim Prosecco\u00a0\u00a0<\/em><br \/>\n<em>w\u00e4hrend der Vernissage im Gemeindezentrum Maisach.<\/em><\/p>\n","protected":false},"excerpt":{"rendered":"<p>Wundersch\u00f6nes Moos vor der Haust\u00fcr Die sch\u00f6nsten Niedermoorfl\u00e4chen liegen direkt bei uns vor der Haust\u00fcr: Das Fu\u00dfbergmoos und das Palsweiser Moos bilden mit rund sieben Quadratkilometern eines der gr\u00f6\u00dften Niedermoorgebiete [&hellip;]<\/p>\n","protected":false},"author":1,"featured_media":49534,"comment_status":"open","ping_status":"closed","sticky":false,"template":"","format":"standard","meta":{"wpupg_custom_link":[],"wpupg_custom_link_behaviour":["default"],"wpupg_custom_link_nofollow":["default"],"wpupg_custom_image":[],"wpupg_custom_image_id":[],"jetpack_post_was_ever_published":false,"footnotes":""},"categories":[3010,2523,4227,3217,8,3832,3800],"tags":[3983,3349,4192,4100,3746,1204,4246,3346,67,630],"class_list":["post-49532","post","type-post","status-publish","format-standard","has-post-thumbnail","hentry","category-dachauer-land","category-dachauer-moos","category-fuerstenfeldbrucker-land","category-naturfotografie","category-news","category-presseschau","category-projekt-dachauer-moos","tag-foto-ausstellung","tag-fussbergmoos","tag-gemeinde-maisach","tag-gemeindezentrum-maisach","tag-maisacher-moos","tag-naturfotografie","tag-oeandschaftsfotografie","tag-palsweiser-moos","tag-paul-eschbach","tag-vernissage"],"jetpack_featured_media_url":"https:\/\/i0.wp.com\/deltaimage.de\/wp\/wp-content\/uploads\/Logo_Mitteilungsblatt_Maisach.png?fit=1200%2C453&ssl=1","jetpack-related-posts":[{"id":49351,"url":"https:\/\/deltaimage.de\/wp\/?p=49351","url_meta":{"origin":49532,"position":0},"title":"Gemeinde Maisach: Fotografische Entdeckungsreise","author":"EschbacP","date":"12. Mai 2025","format":false,"excerpt":"Link zum Originalbeitrag der Gemeinde Maisach \u201eWo ist das Maisacher Moos heute noch zu finden?\u201c \u2013 unter diesem Titel sind vom 9. bis 18. Mai gro\u00dfformatige Fotos des Dachauer Fotografen Paul Eschbach im Gemeindezentrum, Riedlstra\u00dfe 3, zu sehen. \u00a0 Paul Eschbachs Naturaufnahmen sehen Sie vom 9. Mai bis zum 18.\u2026","rel":"","context":"In &quot;Buch&quot;","block_context":{"text":"Buch","link":"https:\/\/deltaimage.de\/wp\/?cat=1189"},"img":{"alt_text":"","src":"https:\/\/i0.wp.com\/deltaimage.de\/wp\/wp-content\/uploads\/PANO_20250507_151104_1200.jpg?fit=1200%2C378&ssl=1&resize=350%2C200","width":350,"height":200,"srcset":"https:\/\/i0.wp.com\/deltaimage.de\/wp\/wp-content\/uploads\/PANO_20250507_151104_1200.jpg?fit=1200%2C378&ssl=1&resize=350%2C200 1x, https:\/\/i0.wp.com\/deltaimage.de\/wp\/wp-content\/uploads\/PANO_20250507_151104_1200.jpg?fit=1200%2C378&ssl=1&resize=525%2C300 1.5x, https:\/\/i0.wp.com\/deltaimage.de\/wp\/wp-content\/uploads\/PANO_20250507_151104_1200.jpg?fit=1200%2C378&ssl=1&resize=700%2C400 2x, https:\/\/i0.wp.com\/deltaimage.de\/wp\/wp-content\/uploads\/PANO_20250507_151104_1200.jpg?fit=1200%2C378&ssl=1&resize=1050%2C600 3x"},"classes":[]},{"id":49248,"url":"https:\/\/deltaimage.de\/wp\/?p=49248","url_meta":{"origin":49532,"position":1},"title":"FOTO-Ausstellung zum Maisacher Moos von Paul Eschbach ist im Gemeindezentrum Maisach aufgebaut","author":"EschbacP","date":"7. Mai 2025","format":false,"excerpt":"Am kommenden Freitag, 9.5.2025 beginnt die Foto-Ausstellung vom Dachauer Fotografen Paul Eschbach mit der \u00f6ffentlichen Vernissage, alle Interessierten sind ganz herzlich zur Vernissage eingeladen. Die Vernissage und Ausstellungser\u00f6ffnung durch den B\u00fcrgermeister von Maisach und dem Fotografen Paul Eschbach beginnt um 18:00 Uhr. Dann h\u00e4ngen die Bilder bis einschlie\u00dflich Sonntag, 18.5.2025\u2026","rel":"","context":"In &quot;Buch&quot;","block_context":{"text":"Buch","link":"https:\/\/deltaimage.de\/wp\/?cat=1189"},"img":{"alt_text":"","src":"https:\/\/i0.wp.com\/deltaimage.de\/wp\/wp-content\/uploads\/PANO_20250507_145248_1200.jpg?fit=1200%2C447&ssl=1&resize=350%2C200","width":350,"height":200,"srcset":"https:\/\/i0.wp.com\/deltaimage.de\/wp\/wp-content\/uploads\/PANO_20250507_145248_1200.jpg?fit=1200%2C447&ssl=1&resize=350%2C200 1x, https:\/\/i0.wp.com\/deltaimage.de\/wp\/wp-content\/uploads\/PANO_20250507_145248_1200.jpg?fit=1200%2C447&ssl=1&resize=525%2C300 1.5x, https:\/\/i0.wp.com\/deltaimage.de\/wp\/wp-content\/uploads\/PANO_20250507_145248_1200.jpg?fit=1200%2C447&ssl=1&resize=700%2C400 2x, https:\/\/i0.wp.com\/deltaimage.de\/wp\/wp-content\/uploads\/PANO_20250507_145248_1200.jpg?fit=1200%2C447&ssl=1&resize=1050%2C600 3x"},"classes":[]},{"id":47834,"url":"https:\/\/deltaimage.de\/wp\/?p=47834","url_meta":{"origin":49532,"position":2},"title":"Foto-Ausstellung in Maisach zum Maisacher Moos im Mai 2025","author":"EschbacP","date":"16. Februar 2025","format":false,"excerpt":"Die Gemeinde Maisach zeigt im Gemeindezentrum an der Riedlstra\u00dfe eine Fotoausstellung vom Dachauer Fotografen Paul Eschbach zum Maisacher Moos. \"Wo ist das Maisacher Moos heute noch zu sehen?\" \u00a0 Neun Tage lang werden die fotografischen Sch\u00f6nheiten dieser Niedermoor-Landschaft in gro\u00dfformatigen Bildmotiven und Informationstafeln ausgestellt. Das zweitgr\u00f6\u00dfte Niedermoor in Bayern wird\u2026","rel":"","context":"In &quot;Buch&quot;","block_context":{"text":"Buch","link":"https:\/\/deltaimage.de\/wp\/?cat=1189"},"img":{"alt_text":"","src":"https:\/\/i0.wp.com\/deltaimage.de\/wp\/wp-content\/uploads\/IMG_1199_1200.jpg?fit=1200%2C450&ssl=1&resize=350%2C200","width":350,"height":200,"srcset":"https:\/\/i0.wp.com\/deltaimage.de\/wp\/wp-content\/uploads\/IMG_1199_1200.jpg?fit=1200%2C450&ssl=1&resize=350%2C200 1x, https:\/\/i0.wp.com\/deltaimage.de\/wp\/wp-content\/uploads\/IMG_1199_1200.jpg?fit=1200%2C450&ssl=1&resize=525%2C300 1.5x, https:\/\/i0.wp.com\/deltaimage.de\/wp\/wp-content\/uploads\/IMG_1199_1200.jpg?fit=1200%2C450&ssl=1&resize=700%2C400 2x, https:\/\/i0.wp.com\/deltaimage.de\/wp\/wp-content\/uploads\/IMG_1199_1200.jpg?fit=1200%2C450&ssl=1&resize=1050%2C600 3x"},"classes":[]},{"id":48924,"url":"https:\/\/deltaimage.de\/wp\/?p=48924","url_meta":{"origin":49532,"position":3},"title":"Einladung zur \u00f6ffentlichen Vernissage im Gemeindezentrum Maisach zur Foto-Ausstellung von Paul Eschbach","author":"EschbacP","date":"16. April 2025","format":false,"excerpt":"Gemeinschaftsausstellung der Gemeinden Maisach und Bergkirchen zum Palsweiser Moos & Fu\u00dfbergmoos Das Maisacher Moos (Palsweiser Moos & Fu\u00dfbergmoos) liegt in den Landkreisen F\u00fcrstenfeldbruck und Dachau. Es besteht im Landkreis F\u00fcrstenfeldbruck aus der Niedermoor-Landschaft des Fu\u00dfbergmooses. Im Landkreis Dachau grenzt die Niedermoor-Landschaft des Palsweiser Mooses unmittelbar an das Fu\u00dfbergmoos an. Zwei\u2026","rel":"","context":"In &quot;Buch&quot;","block_context":{"text":"Buch","link":"https:\/\/deltaimage.de\/wp\/?cat=1189"},"img":{"alt_text":"","src":"https:\/\/i0.wp.com\/deltaimage.de\/wp\/wp-content\/uploads\/Plakat_Maisach_Vernissage-1200.jpg?fit=1200%2C449&ssl=1&resize=350%2C200","width":350,"height":200,"srcset":"https:\/\/i0.wp.com\/deltaimage.de\/wp\/wp-content\/uploads\/Plakat_Maisach_Vernissage-1200.jpg?fit=1200%2C449&ssl=1&resize=350%2C200 1x, https:\/\/i0.wp.com\/deltaimage.de\/wp\/wp-content\/uploads\/Plakat_Maisach_Vernissage-1200.jpg?fit=1200%2C449&ssl=1&resize=525%2C300 1.5x, https:\/\/i0.wp.com\/deltaimage.de\/wp\/wp-content\/uploads\/Plakat_Maisach_Vernissage-1200.jpg?fit=1200%2C449&ssl=1&resize=700%2C400 2x, https:\/\/i0.wp.com\/deltaimage.de\/wp\/wp-content\/uploads\/Plakat_Maisach_Vernissage-1200.jpg?fit=1200%2C449&ssl=1&resize=1050%2C600 3x"},"classes":[]},{"id":48910,"url":"https:\/\/deltaimage.de\/wp\/?p=48910","url_meta":{"origin":49532,"position":4},"title":"Pressemitteilung: Gemeinde Maisach","author":"EschbacP","date":"16. April 2025","format":false,"excerpt":"Liebe Redaktionen, \u00a0 im Maisacher Gemeindezentrum (Riedelstra\u00dfe 3, Maisach) wird vom Freitag 9. Mai 2025 bis Sonntag 18. Mai 2025 eine Fotoausstellung des Fotografen Paul Eschbach gezeigt. Bitte ver\u00f6ffentlichen Sie daher unsere Pressemitteilung unten. Einige Fotografien k\u00f6nnen Sie \u00fcber die Bayernbox herunterladen. \u00a0 Wir freuen uns \u00fcber eine m\u00f6glichst gro\u00dfe\u2026","rel":"","context":"In &quot;Dachauer Land&quot;","block_context":{"text":"Dachauer Land","link":"https:\/\/deltaimage.de\/wp\/?cat=3010"},"img":{"alt_text":"","src":"https:\/\/i0.wp.com\/deltaimage.de\/wp\/wp-content\/uploads\/IMG_20250416_073553_1200.jpg?fit=1200%2C450&ssl=1&resize=350%2C200","width":350,"height":200,"srcset":"https:\/\/i0.wp.com\/deltaimage.de\/wp\/wp-content\/uploads\/IMG_20250416_073553_1200.jpg?fit=1200%2C450&ssl=1&resize=350%2C200 1x, https:\/\/i0.wp.com\/deltaimage.de\/wp\/wp-content\/uploads\/IMG_20250416_073553_1200.jpg?fit=1200%2C450&ssl=1&resize=525%2C300 1.5x, https:\/\/i0.wp.com\/deltaimage.de\/wp\/wp-content\/uploads\/IMG_20250416_073553_1200.jpg?fit=1200%2C450&ssl=1&resize=700%2C400 2x, https:\/\/i0.wp.com\/deltaimage.de\/wp\/wp-content\/uploads\/IMG_20250416_073553_1200.jpg?fit=1200%2C450&ssl=1&resize=1050%2C600 3x"},"classes":[]},{"id":49364,"url":"https:\/\/deltaimage.de\/wp\/?p=49364","url_meta":{"origin":49532,"position":5},"title":"Foto-Ausstellung zum Maisacher Moos von Paul Eschbach: IG-Moos e. V.","author":"EschbacP","date":"12. Mai 2025","format":false,"excerpt":"Ich bin immer f\u00fcr neue \u00dcberraschungen offen und positiv gegen\u00fcber eingestellt. So auch im Umfeld meiner FOTO-Ausstellung zum Maisacher Moos: \"Wo ist das Maisacher Moos heute noch zu finden?\" im Gemeindezentrum Maisach vom 9.5. - 18.5.2025, von mir als Dachauer Fotografen organisiert und umgesetzt. Zur Ausstellung hatte ich mit dem\u2026","rel":"","context":"In &quot;Dachauer Land&quot;","block_context":{"text":"Dachauer Land","link":"https:\/\/deltaimage.de\/wp\/?cat=3010"},"img":{"alt_text":"","src":"https:\/\/i0.wp.com\/deltaimage.de\/wp\/wp-content\/uploads\/Webseite-IG-Moos-Foto-Ausstellung_1200.jpg?fit=1200%2C450&ssl=1&resize=350%2C200","width":350,"height":200,"srcset":"https:\/\/i0.wp.com\/deltaimage.de\/wp\/wp-content\/uploads\/Webseite-IG-Moos-Foto-Ausstellung_1200.jpg?fit=1200%2C450&ssl=1&resize=350%2C200 1x, https:\/\/i0.wp.com\/deltaimage.de\/wp\/wp-content\/uploads\/Webseite-IG-Moos-Foto-Ausstellung_1200.jpg?fit=1200%2C450&ssl=1&resize=525%2C300 1.5x, https:\/\/i0.wp.com\/deltaimage.de\/wp\/wp-content\/uploads\/Webseite-IG-Moos-Foto-Ausstellung_1200.jpg?fit=1200%2C450&ssl=1&resize=700%2C400 2x, https:\/\/i0.wp.com\/deltaimage.de\/wp\/wp-content\/uploads\/Webseite-IG-Moos-Foto-Ausstellung_1200.jpg?fit=1200%2C450&ssl=1&resize=1050%2C600 3x"},"classes":[]}],"jetpack_sharing_enabled":true,"_links":{"self":[{"href":"https:\/\/deltaimage.de\/wp\/index.php?rest_route=\/wp\/v2\/posts\/49532","targetHints":{"allow":["GET"]}}],"collection":[{"href":"https:\/\/deltaimage.de\/wp\/index.php?rest_route=\/wp\/v2\/posts"}],"about":[{"href":"https:\/\/deltaimage.de\/wp\/index.php?rest_route=\/wp\/v2\/types\/post"}],"author":[{"embeddable":true,"href":"https:\/\/deltaimage.de\/wp\/index.php?rest_route=\/wp\/v2\/users\/1"}],"replies":[{"embeddable":true,"href":"https:\/\/deltaimage.de\/wp\/index.php?rest_route=%2Fwp%2Fv2%2Fcomments&post=49532"}],"version-history":[{"count":7,"href":"https:\/\/deltaimage.de\/wp\/index.php?rest_route=\/wp\/v2\/posts\/49532\/revisions"}],"predecessor-version":[{"id":50403,"href":"https:\/\/deltaimage.de\/wp\/index.php?rest_route=\/wp\/v2\/posts\/49532\/revisions\/50403"}],"wp:featuredmedia":[{"embeddable":true,"href":"https:\/\/deltaimage.de\/wp\/index.php?rest_route=\/wp\/v2\/media\/49534"}],"wp:attachment":[{"href":"https:\/\/deltaimage.de\/wp\/index.php?rest_route=%2Fwp%2Fv2%2Fmedia&parent=49532"}],"wp:term":[{"taxonomy":"category","embeddable":true,"href":"https:\/\/deltaimage.de\/wp\/index.php?rest_route=%2Fwp%2Fv2%2Fcategories&post=49532"},{"taxonomy":"post_tag","embeddable":true,"href":"https:\/\/deltaimage.de\/wp\/index.php?rest_route=%2Fwp%2Fv2%2Ftags&post=49532"}],"curies":[{"name":"wp","href":"https:\/\/api.w.org\/{rel}","templated":true}]}}