{"id":49651,"date":"2025-07-01T16:32:59","date_gmt":"2025-07-01T14:32:59","guid":{"rendered":"https:\/\/deltaimage.de\/wp\/?p=49651"},"modified":"2025-08-14T17:42:59","modified_gmt":"2025-08-14T15:42:59","slug":"br2-radio-podcast-mit-dr-marcus-junkelmann-am-1-7-2025","status":"publish","type":"post","link":"https:\/\/deltaimage.de\/wp\/?p=49651","title":{"rendered":"BR2: Radio-Podcast mit Dr. Marcus Junkelmann am 1.7.2025"},"content":{"rendered":"<section>\n<div id=\"content\">\n<div class=\"detail bcast media_broadcast contenttype_broadcast site_brde sendung-4342766 channel_28401\">\n<article>\n<div class=\"detail_inlay\">\n<div class=\"bcast_head\">\n<div class=\"bcast_info\">\n<p class=\"bcast_date\">Sendetermin im Radio BR2 und im <a href=\"https:\/\/www.br.de\/radio\/bayern2\/programmkalender\/ausstrahlung-3843728.html\">Web<\/a>: Dienstag, 01.07.2025, 16:04 bis 17:00 Uhr<\/p>\n<p>&nbsp;<\/p>\n<p><iframe loading=\"lazy\" src=\"https:\/\/www.br.de\/mediathek\/podcast\/embed?episode=2108024\" width=\"320px\" height=\"120px\"><\/iframe><\/p>\n<p>&nbsp;<\/p>\n<h1><strong>Norbert Joa<\/strong> im Gespr\u00e4ch mit <strong>Dr. Marcus Junkelmann<\/strong>, Historiker und Experimentalarch\u00e4ologe.<\/h1>\n<\/div>\n<\/div>\n<p class=\"copytext\"><em>Quelle: BR 2 Vor 40 Jahren gelang Dr. Marcus Junkelmann mit einer Alpen\u00fcberquerung eine spektakul\u00e4re Aktion: Als Experimentalarch\u00e4ologe stellte er in m\u00f6glichst originalgetreuer Legion\u00e4rsausstattung die historischen Bedingungen der alten R\u00f6mer nach. Sp\u00e4ter arbeitete er mit vielen arch\u00e4ologischen Parks und Museen zusammen und betrieb auch Feldforschung f\u00fcr andere Epochen der Weltgeschichte.<\/em><\/p>\n<h2><em>Eins zu Eins. Der Talk<\/em><\/h2>\n<p class=\"copytext\"><em>Erfahrungen und Einsichten, einschneidende Erlebnisse und gro\u00dfe Erfolge: Biografische Gespr\u00e4che mit Menschen, die eine spannende Lebensgeschichte oder einen au\u00dfergew\u00f6hnlichen Beruf haben.<\/em><\/p>\n<div id=\"attachment_1840\" style=\"width: 1210px\" class=\"wp-caption aligncenter\"><img data-recalc-dims=\"1\" loading=\"lazy\" decoding=\"async\" aria-describedby=\"caption-attachment-1840\" class=\"wp-image-1840 size-full\" src=\"https:\/\/i0.wp.com\/marcus-junkelmann.de\/wp-content\/uploads\/2025\/06\/DELTA-IMAGE-Paul-Eschbach-PE1S0144_1200.jpg?resize=890%2C593&#038;ssl=1\" alt=\"\" width=\"890\" height=\"593\" \/><p id=\"caption-attachment-1840\" class=\"wp-caption-text\">Dr. Marcus Silvester Junkelmann; Foto: Paul Eschbach<\/p><\/div>\n<h2>Eins zu Eins. Der Talk<\/h2>\n<p class=\"copytext\">Erfahrungen und Einsichten, einschneidende Erlebnisse und gro\u00dfe Erfolge: Biografische Gespr\u00e4che mit Menschen, die eine spannende Lebensgeschichte oder einen au\u00dfergew\u00f6hnlichen Beruf haben.<\/p>\n<p><img data-recalc-dims=\"1\" loading=\"lazy\" decoding=\"async\" class=\"size-full wp-image-1930 aligncenter\" src=\"https:\/\/i0.wp.com\/marcus-junkelmann.de\/wp-content\/uploads\/2025\/06\/BR-2-EINS-zu-EINS-Junkelmann.png?resize=777%2C930&#038;ssl=1\" alt=\"\" width=\"777\" height=\"930\" \/><\/p>\n<\/div>\n<\/article>\n<\/div>\n<\/div>\n<\/section>\n","protected":false},"excerpt":{"rendered":"<p>Sendetermin im Radio BR2 und im Web: Dienstag, 01.07.2025, 16:04 bis 17:00 Uhr &nbsp; &nbsp; Norbert Joa im Gespr\u00e4ch mit Dr. Marcus Junkelmann, Historiker und Experimentalarch\u00e4ologe. Quelle: BR 2 Vor [&hellip;]<\/p>\n","protected":false},"author":1,"featured_media":49653,"comment_status":"open","ping_status":"closed","sticky":false,"template":"","format":"standard","meta":{"wpupg_custom_link":[],"wpupg_custom_link_behaviour":["default"],"wpupg_custom_link_nofollow":["default"],"wpupg_custom_image":[],"wpupg_custom_image_id":[],"jetpack_post_was_ever_published":false,"footnotes":""},"categories":[8],"tags":[],"class_list":["post-49651","post","type-post","status-publish","format-standard","has-post-thumbnail","hentry","category-news"],"jetpack_featured_media_url":"https:\/\/i0.wp.com\/deltaimage.de\/wp\/wp-content\/uploads\/Logo_BR_2.jpg?fit=1200%2C450&ssl=1","jetpack-related-posts":[{"id":49652,"url":"https:\/\/deltaimage.de\/wp\/?p=49652","url_meta":{"origin":49651,"position":0},"title":"Bayern 2 Radio Eins zu Eins. Der TalkGast: Markus Junkelmann, Historiker und Experimentalarch\u00e4ologe","author":"EschbacP","date":"1. Juli 2025","format":false,"excerpt":"Sendetermin im Radio BR2 und im Web: Dienstag, 01.07.2025, 16:04 bis 17:00 Uhr \u00a0 Norbert Joa im Gespr\u00e4ch mit Dr. Marcus Junkelmann, Historiker und Experimentalarch\u00e4ologe. Quelle: BR 2\u00a0\u00a0Vor 40 Jahren gelang Dr. Marcus Junkelmann mit einer Alpen\u00fcberquerung eine spektakul\u00e4re Aktion: Als Experimentalarch\u00e4ologe stellte er in m\u00f6glichst originalgetreuer Legion\u00e4rsausstattung die historischen\u2026","rel":"","context":"In &quot;Geschichte als Fest - Dr. Marcus Junkelmann&quot;","block_context":{"text":"Geschichte als Fest - Dr. Marcus Junkelmann","link":"https:\/\/deltaimage.de\/wp\/?cat=3831"},"img":{"alt_text":"","src":"https:\/\/i0.wp.com\/deltaimage.de\/wp\/wp-content\/uploads\/Logo_BR_2.jpg?fit=1200%2C450&ssl=1&resize=350%2C200","width":350,"height":200,"srcset":"https:\/\/i0.wp.com\/deltaimage.de\/wp\/wp-content\/uploads\/Logo_BR_2.jpg?fit=1200%2C450&ssl=1&resize=350%2C200 1x, https:\/\/i0.wp.com\/deltaimage.de\/wp\/wp-content\/uploads\/Logo_BR_2.jpg?fit=1200%2C450&ssl=1&resize=525%2C300 1.5x, https:\/\/i0.wp.com\/deltaimage.de\/wp\/wp-content\/uploads\/Logo_BR_2.jpg?fit=1200%2C450&ssl=1&resize=700%2C400 2x, https:\/\/i0.wp.com\/deltaimage.de\/wp\/wp-content\/uploads\/Logo_BR_2.jpg?fit=1200%2C450&ssl=1&resize=1050%2C600 3x"},"classes":[]},{"id":46001,"url":"https:\/\/deltaimage.de\/wp\/?p=46001","url_meta":{"origin":49651,"position":1},"title":"M\u00fcnchener Merkur: Feuergefecht vor Schloss Schlei\u00dfheim &#8211; Dreissigj\u00e4hriger Krieg 1618-1648","author":"EschbacP","date":"14. Oktober 2024","format":false,"excerpt":"Von: Andreas Sachse im Originalbeitrag im M\u00fcnchener Merkur Landkreis M\u00fcnchen vom 14.10.2024 Auszug aus Beitrag \u00a0 Feuergefecht vor Schloss Schlei\u00dfheim Besucher des Schlei\u00dfheimer Schlossparks erlebten am Wochenende ein Feldlager wie zur Zeit des Drei\u00dfigj\u00e4hrigen Kriegs mit Experimentalarch\u00e4ologe Marcus Junkelmann. Oberschlei\u00dfheim\u00a0\u2013 Im Jahre des Herrn 1611 ist ein gewisser Philipp Hainhofer\u2026","rel":"","context":"In &quot;Geschichte als Fest - Dr. Marcus Junkelmann&quot;","block_context":{"text":"Geschichte als Fest - Dr. Marcus Junkelmann","link":"https:\/\/deltaimage.de\/wp\/?cat=3831"},"img":{"alt_text":"","src":"https:\/\/i0.wp.com\/deltaimage.de\/wp\/wp-content\/uploads\/Logo_Merkur.png?fit=1200%2C450&ssl=1&resize=350%2C200","width":350,"height":200,"srcset":"https:\/\/i0.wp.com\/deltaimage.de\/wp\/wp-content\/uploads\/Logo_Merkur.png?fit=1200%2C450&ssl=1&resize=350%2C200 1x, https:\/\/i0.wp.com\/deltaimage.de\/wp\/wp-content\/uploads\/Logo_Merkur.png?fit=1200%2C450&ssl=1&resize=525%2C300 1.5x, https:\/\/i0.wp.com\/deltaimage.de\/wp\/wp-content\/uploads\/Logo_Merkur.png?fit=1200%2C450&ssl=1&resize=700%2C400 2x, https:\/\/i0.wp.com\/deltaimage.de\/wp\/wp-content\/uploads\/Logo_Merkur.png?fit=1200%2C450&ssl=1&resize=1050%2C600 3x"},"classes":[]},{"id":45776,"url":"https:\/\/deltaimage.de\/wp\/?p=45776","url_meta":{"origin":49651,"position":2},"title":"Schlei\u00dfheimer Zeitung: Herzlichen Gl\u00fcckwunsch, Marcus Junkelmann!","author":"EschbacP","date":"3. Oktober 2024","format":false,"excerpt":"Herzlichen Gl\u00fcckwunsch, Dr. Marcus Silvester Junkelmann Originalbeitrag auf www.schleissheimer-zeitung.de \u00a0 Wie einer, der in Oberschlei\u00dfheim aufwuchs, Geschichte machte Geschichte wird von den Leuten manchmal als ein trockener, irgendwie uninteressanter Stoff empfunden, den man in sich in Schulzeiten mehr oder weniger freiwillig aneignen muss. Das ist ein Missverst\u00e4ndnis, denn je eher\u2026","rel":"","context":"In &quot;Geschichte als Fest - Dr. Marcus Junkelmann&quot;","block_context":{"text":"Geschichte als Fest - Dr. Marcus Junkelmann","link":"https:\/\/deltaimage.de\/wp\/?cat=3831"},"img":{"alt_text":"","src":"https:\/\/i0.wp.com\/deltaimage.de\/wp\/wp-content\/uploads\/Logo_Schleissheimer-Zeitung-e1726945612862.jpg?fit=890%2C334&ssl=1&resize=350%2C200","width":350,"height":200,"srcset":"https:\/\/i0.wp.com\/deltaimage.de\/wp\/wp-content\/uploads\/Logo_Schleissheimer-Zeitung-e1726945612862.jpg?fit=890%2C334&ssl=1&resize=350%2C200 1x, https:\/\/i0.wp.com\/deltaimage.de\/wp\/wp-content\/uploads\/Logo_Schleissheimer-Zeitung-e1726945612862.jpg?fit=890%2C334&ssl=1&resize=525%2C300 1.5x, https:\/\/i0.wp.com\/deltaimage.de\/wp\/wp-content\/uploads\/Logo_Schleissheimer-Zeitung-e1726945612862.jpg?fit=890%2C334&ssl=1&resize=700%2C400 2x"},"classes":[]},{"id":53634,"url":"https:\/\/deltaimage.de\/wp\/?p=53634","url_meta":{"origin":49651,"position":3},"title":"Vortrag Dr. Marcus Junkelmann: Gladiatorum Paria. Gattungen, Ausr\u00fcstung, Experiment","author":"EschbacP","date":"23. Januar 2026","format":false,"excerpt":"Dr. Marcus Junkelmann mit Vortrag in der Arch\u00e4ologische Staatssammlung in M\u00fcnchen im Rahmenprogramm zur Sonderausstellung: Gladiatoren - Helden des Kolosseums \u00a0 \u00bbGladiatorum Paria. Gattungen, Ausr\u00fcstung und Fechtweise der Gladiatoren. Forschung und Experiment\u00ab \u00a0 Der in Europa weithin bekannte Historiker und Experimental-Arch\u00e4ologe Dr. Marcus Junkelmann hat vierzig Jahren die experimentale Arch\u00e4ologie\u2026","rel":"","context":"In &quot;Geschichte als Fest - Dr. Marcus Junkelmann&quot;","block_context":{"text":"Geschichte als Fest - Dr. Marcus Junkelmann","link":"https:\/\/deltaimage.de\/wp\/?cat=3831"},"img":{"alt_text":"","src":"https:\/\/i0.wp.com\/deltaimage.de\/wp\/wp-content\/uploads\/PE1S0065_1200-1.jpg?fit=1200%2C450&ssl=1&resize=350%2C200","width":350,"height":200,"srcset":"https:\/\/i0.wp.com\/deltaimage.de\/wp\/wp-content\/uploads\/PE1S0065_1200-1.jpg?fit=1200%2C450&ssl=1&resize=350%2C200 1x, https:\/\/i0.wp.com\/deltaimage.de\/wp\/wp-content\/uploads\/PE1S0065_1200-1.jpg?fit=1200%2C450&ssl=1&resize=525%2C300 1.5x, https:\/\/i0.wp.com\/deltaimage.de\/wp\/wp-content\/uploads\/PE1S0065_1200-1.jpg?fit=1200%2C450&ssl=1&resize=700%2C400 2x, https:\/\/i0.wp.com\/deltaimage.de\/wp\/wp-content\/uploads\/PE1S0065_1200-1.jpg?fit=1200%2C450&ssl=1&resize=1050%2C600 3x"},"classes":[]},{"id":43073,"url":"https:\/\/deltaimage.de\/wp\/?p=43073","url_meta":{"origin":49651,"position":4},"title":"Dr. Junkelmann pr\u00e4sentiert Carl Ernst von Gravenreuth im Schloss Affing","author":"EschbacP","date":"4. Juli 2024","format":false,"excerpt":"Das Schloss Affing ist einer der spannendsten Schaupl\u00e4tze im Leben und Wirken des bayerischen Diplomaten und Verwaltungsadministrators Graf Carl Ernst von Gravenreuth zu Beginn des 19. Jahrhunderts. Der Historiker und Experimentalarch\u00e4ologe Dr. Marcus Junkelmann hat eine umfassende und fesselnde Biografie des Lebens und Wirkens des Gravenreuth verfasst. Im Schloss Affing\u2026","rel":"","context":"In &quot;Geschichte als Fest - Dr. Marcus Junkelmann&quot;","block_context":{"text":"Geschichte als Fest - Dr. Marcus Junkelmann","link":"https:\/\/deltaimage.de\/wp\/?cat=3831"},"img":{"alt_text":"","src":"https:\/\/i0.wp.com\/deltaimage.de\/wp\/wp-content\/uploads\/1718903195612_1200.jpg?fit=1200%2C450&ssl=1&resize=350%2C200","width":350,"height":200,"srcset":"https:\/\/i0.wp.com\/deltaimage.de\/wp\/wp-content\/uploads\/1718903195612_1200.jpg?fit=1200%2C450&ssl=1&resize=350%2C200 1x, https:\/\/i0.wp.com\/deltaimage.de\/wp\/wp-content\/uploads\/1718903195612_1200.jpg?fit=1200%2C450&ssl=1&resize=525%2C300 1.5x, https:\/\/i0.wp.com\/deltaimage.de\/wp\/wp-content\/uploads\/1718903195612_1200.jpg?fit=1200%2C450&ssl=1&resize=700%2C400 2x, https:\/\/i0.wp.com\/deltaimage.de\/wp\/wp-content\/uploads\/1718903195612_1200.jpg?fit=1200%2C450&ssl=1&resize=1050%2C600 3x"},"classes":[]},{"id":42963,"url":"https:\/\/deltaimage.de\/wp\/?p=42963","url_meta":{"origin":49651,"position":5},"title":"Dr. Marcus Junkelmann: CASTELL PF\u00dcNZ UND DIE R\u00d6MISCHE KAVALLERIE in Eichst\u00e4tt","author":"EschbacP","date":"12. Juni 2024","format":false,"excerpt":"Der weit \u00fcber Bayern hinaus bekannte Historiker und Experimentalarch\u00e4ologe Dr. Marcus Junkelmann wird in einem Fachvortrag die r\u00f6mische Kavallerie im R\u00f6merkastell Pf\u00fcnz bei Eichst\u00e4tt vortragen. Er wird auch Rekonstruktionen r\u00f6mischer Waffen und Ausr\u00fcstungsgegenst\u00e4nde und deren Gebrauch und Verwendung zeigen. Der Vortrag ist \u00f6ffentlich. Mehr zur Veranstaltung. \u00a0 CASTELL PF\u00dcNZ UND\u2026","rel":"","context":"In &quot;Geschichte als Fest - Dr. Marcus Junkelmann&quot;","block_context":{"text":"Geschichte als Fest - Dr. Marcus Junkelmann","link":"https:\/\/deltaimage.de\/wp\/?cat=3831"},"img":{"alt_text":"","src":"https:\/\/i0.wp.com\/deltaimage.de\/wp\/wp-content\/uploads\/IMG_8849_1200.jpg?fit=1200%2C450&ssl=1&resize=350%2C200","width":350,"height":200,"srcset":"https:\/\/i0.wp.com\/deltaimage.de\/wp\/wp-content\/uploads\/IMG_8849_1200.jpg?fit=1200%2C450&ssl=1&resize=350%2C200 1x, https:\/\/i0.wp.com\/deltaimage.de\/wp\/wp-content\/uploads\/IMG_8849_1200.jpg?fit=1200%2C450&ssl=1&resize=525%2C300 1.5x, https:\/\/i0.wp.com\/deltaimage.de\/wp\/wp-content\/uploads\/IMG_8849_1200.jpg?fit=1200%2C450&ssl=1&resize=700%2C400 2x, https:\/\/i0.wp.com\/deltaimage.de\/wp\/wp-content\/uploads\/IMG_8849_1200.jpg?fit=1200%2C450&ssl=1&resize=1050%2C600 3x"},"classes":[]}],"jetpack_sharing_enabled":true,"_links":{"self":[{"href":"https:\/\/deltaimage.de\/wp\/index.php?rest_route=\/wp\/v2\/posts\/49651","targetHints":{"allow":["GET"]}}],"collection":[{"href":"https:\/\/deltaimage.de\/wp\/index.php?rest_route=\/wp\/v2\/posts"}],"about":[{"href":"https:\/\/deltaimage.de\/wp\/index.php?rest_route=\/wp\/v2\/types\/post"}],"author":[{"embeddable":true,"href":"https:\/\/deltaimage.de\/wp\/index.php?rest_route=\/wp\/v2\/users\/1"}],"replies":[{"embeddable":true,"href":"https:\/\/deltaimage.de\/wp\/index.php?rest_route=%2Fwp%2Fv2%2Fcomments&post=49651"}],"version-history":[{"count":1,"href":"https:\/\/deltaimage.de\/wp\/index.php?rest_route=\/wp\/v2\/posts\/49651\/revisions"}],"predecessor-version":[{"id":50404,"href":"https:\/\/deltaimage.de\/wp\/index.php?rest_route=\/wp\/v2\/posts\/49651\/revisions\/50404"}],"wp:featuredmedia":[{"embeddable":true,"href":"https:\/\/deltaimage.de\/wp\/index.php?rest_route=\/wp\/v2\/media\/49653"}],"wp:attachment":[{"href":"https:\/\/deltaimage.de\/wp\/index.php?rest_route=%2Fwp%2Fv2%2Fmedia&parent=49651"}],"wp:term":[{"taxonomy":"category","embeddable":true,"href":"https:\/\/deltaimage.de\/wp\/index.php?rest_route=%2Fwp%2Fv2%2Fcategories&post=49651"},{"taxonomy":"post_tag","embeddable":true,"href":"https:\/\/deltaimage.de\/wp\/index.php?rest_route=%2Fwp%2Fv2%2Ftags&post=49651"}],"curies":[{"name":"wp","href":"https:\/\/api.w.org\/{rel}","templated":true}]}}