{"id":49652,"date":"2025-07-01T17:38:23","date_gmt":"2025-07-01T15:38:23","guid":{"rendered":"https:\/\/deltaimage.de\/wp\/?p=49652"},"modified":"2025-07-01T20:56:20","modified_gmt":"2025-07-01T18:56:20","slug":"49652","status":"publish","type":"post","link":"https:\/\/deltaimage.de\/wp\/?p=49652","title":{"rendered":"Bayern 2 Radio Eins zu Eins. Der TalkGast: Markus Junkelmann, Historiker und Experimentalarch\u00e4ologe"},"content":{"rendered":"<section>\n<div id=\"content\">\n<div class=\"detail bcast media_broadcast contenttype_broadcast site_brde sendung-4342766 channel_28401\">\n<article>\n<div class=\"detail_inlay\">\n<div class=\"bcast_head\">\n<div class=\"bcast_info\">\n<p class=\"bcast_date\">Sendetermin im Radio BR2 und im <a href=\"https:\/\/www.br.de\/radio\/bayern2\/programmkalender\/ausstrahlung-3843728.html\">Web<\/a>: Dienstag, 01.07.2025, 16:04 bis 17:00 Uhr<\/p>\n<p><iframe loading=\"lazy\" src=\"https:\/\/www.br.de\/mediathek\/podcast\/embed?episode=2108024\" width=\"320px\" height=\"120px\"><\/iframe><\/p>\n<p>&nbsp;<\/p>\n<h1><strong>Norbert Joa<\/strong> im Gespr\u00e4ch mit <strong>Dr. Marcus Junkelmann<\/strong>, Historiker und Experimentalarch\u00e4ologe.<\/h1>\n<\/div>\n<\/div>\n<p class=\"copytext\"><em>Quelle: BR 2\u00a0\u00a0Vor 40 Jahren gelang Dr. Marcus Junkelmann mit einer Alpen\u00fcberquerung eine spektakul\u00e4re Aktion: Als Experimentalarch\u00e4ologe stellte er in m\u00f6glichst originalgetreuer Legion\u00e4rsausstattung die historischen Bedingungen der alten R\u00f6mer nach. Sp\u00e4ter arbeitete er mit vielen arch\u00e4ologischen Parks und Museen zusammen und betrieb auch Feldforschung f\u00fcr andere Epochen der Weltgeschichte.<\/em><\/p>\n<h2><em>Eins zu Eins. Der Talk<\/em><\/h2>\n<p class=\"copytext\"><em>Erfahrungen und Einsichten, einschneidende Erlebnisse und gro\u00dfe Erfolge: Biografische Gespr\u00e4che mit Menschen, die eine spannende Lebensgeschichte oder einen au\u00dfergew\u00f6hnlichen Beruf haben.<\/em><\/p>\n<div id=\"attachment_1840\" style=\"width: 1210px\" class=\"wp-caption aligncenter\"><img data-recalc-dims=\"1\" loading=\"lazy\" decoding=\"async\" aria-describedby=\"caption-attachment-1840\" class=\"wp-image-1840 size-full\" src=\"https:\/\/i0.wp.com\/marcus-junkelmann.de\/wp-content\/uploads\/2025\/06\/DELTA-IMAGE-Paul-Eschbach-PE1S0144_1200.jpg?resize=890%2C593&#038;ssl=1\" alt=\"\" width=\"890\" height=\"593\" \/><p id=\"caption-attachment-1840\" class=\"wp-caption-text\">Dr. Marcus Silvester Junkelmann; Foto: Paul Eschbach<\/p><\/div>\n<h2>Eins zu Eins. Der Talk<\/h2>\n<p class=\"copytext\">Erfahrungen und Einsichten, einschneidende Erlebnisse und gro\u00dfe Erfolge: Biografische Gespr\u00e4che mit Menschen, die eine spannende Lebensgeschichte oder einen au\u00dfergew\u00f6hnlichen Beruf haben.<\/p>\n<p><a href=\"https:\/\/www.br.de\/radio\/bayern2\/index.html\"><img data-recalc-dims=\"1\" loading=\"lazy\" decoding=\"async\" class=\"size-full wp-image-1930 aligncenter\" src=\"https:\/\/i0.wp.com\/marcus-junkelmann.de\/wp-content\/uploads\/2025\/06\/BR-2-EINS-zu-EINS-Junkelmann.png?resize=777%2C930&#038;ssl=1\" alt=\"\" width=\"777\" height=\"930\" \/><\/a><\/p>\n<\/div>\n<\/article>\n<\/div>\n<\/div>\n<\/section>\n<h2>Mehr zu Dr. Marcus Junkelmann<\/h2>\n<p>auf der von <strong>DELTA IMAGE<\/strong> betriebenen speziellen Webseite <a href=\"https:\/\/marcus-junkelmann.de\"><strong>https:\/\/marcus-junkelmann.de<\/strong><\/a>.<\/p>\n","protected":false},"excerpt":{"rendered":"<p>Sendetermin im Radio BR2 und im Web: Dienstag, 01.07.2025, 16:04 bis 17:00 Uhr &nbsp; Norbert Joa im Gespr\u00e4ch mit Dr. Marcus Junkelmann, Historiker und Experimentalarch\u00e4ologe. Quelle: BR 2\u00a0\u00a0Vor 40 Jahren [&hellip;]<\/p>\n","protected":false},"author":1,"featured_media":49653,"comment_status":"open","ping_status":"closed","sticky":false,"template":"","format":"standard","meta":{"wpupg_custom_link":[],"wpupg_custom_link_behaviour":["default"],"wpupg_custom_link_nofollow":["default"],"wpupg_custom_image":[],"wpupg_custom_image_id":[],"jetpack_post_was_ever_published":false,"footnotes":""},"categories":[3831,8],"tags":[858,3249,4260,2377,4261,3731,4242,403,473,4262,4263,475,2365],"class_list":["post-49652","post","type-post","status-publish","format-standard","has-post-thumbnail","hentry","category-geschichte-als-fest-dr-marcus-junkelmann","category-news","tag-bayeriche-flugzeug-historiker","tag-buchautor","tag-der-talk","tag-dr-marcus-junkelmann","tag-ein-zu-eins","tag-experimentalarchaeologe","tag-gladiatur","tag-historiker","tag-lustheim","tag-mainburg","tag-norbert-joa","tag-schloss-lustheim","tag-schloss-schleissheim-2"],"jetpack_featured_media_url":"https:\/\/i0.wp.com\/deltaimage.de\/wp\/wp-content\/uploads\/Logo_BR_2.jpg?fit=1200%2C450&ssl=1","jetpack-related-posts":[{"id":49651,"url":"https:\/\/deltaimage.de\/wp\/?p=49651","url_meta":{"origin":49652,"position":0},"title":"BR2: Radio-Podcast mit Dr. Marcus Junkelmann am 1.7.2025","author":"EschbacP","date":"1. Juli 2025","format":false,"excerpt":"Sendetermin im Radio BR2 und im Web: Dienstag, 01.07.2025, 16:04 bis 17:00 Uhr \u00a0 \u00a0 Norbert Joa im Gespr\u00e4ch mit Dr. Marcus Junkelmann, Historiker und Experimentalarch\u00e4ologe. Quelle: BR 2 Vor 40 Jahren gelang Dr. Marcus Junkelmann mit einer Alpen\u00fcberquerung eine spektakul\u00e4re Aktion: Als Experimentalarch\u00e4ologe stellte er in m\u00f6glichst originalgetreuer Legion\u00e4rsausstattung\u2026","rel":"","context":"In &quot;News Blog&quot;","block_context":{"text":"News Blog","link":"https:\/\/deltaimage.de\/wp\/?cat=8"},"img":{"alt_text":"","src":"https:\/\/i0.wp.com\/deltaimage.de\/wp\/wp-content\/uploads\/Logo_BR_2.jpg?fit=1200%2C450&ssl=1&resize=350%2C200","width":350,"height":200,"srcset":"https:\/\/i0.wp.com\/deltaimage.de\/wp\/wp-content\/uploads\/Logo_BR_2.jpg?fit=1200%2C450&ssl=1&resize=350%2C200 1x, https:\/\/i0.wp.com\/deltaimage.de\/wp\/wp-content\/uploads\/Logo_BR_2.jpg?fit=1200%2C450&ssl=1&resize=525%2C300 1.5x, https:\/\/i0.wp.com\/deltaimage.de\/wp\/wp-content\/uploads\/Logo_BR_2.jpg?fit=1200%2C450&ssl=1&resize=700%2C400 2x, https:\/\/i0.wp.com\/deltaimage.de\/wp\/wp-content\/uploads\/Logo_BR_2.jpg?fit=1200%2C450&ssl=1&resize=1050%2C600 3x"},"classes":[]},{"id":46001,"url":"https:\/\/deltaimage.de\/wp\/?p=46001","url_meta":{"origin":49652,"position":1},"title":"M\u00fcnchener Merkur: Feuergefecht vor Schloss Schlei\u00dfheim &#8211; Dreissigj\u00e4hriger Krieg 1618-1648","author":"EschbacP","date":"14. Oktober 2024","format":false,"excerpt":"Von: Andreas Sachse im Originalbeitrag im M\u00fcnchener Merkur Landkreis M\u00fcnchen vom 14.10.2024 Auszug aus Beitrag \u00a0 Feuergefecht vor Schloss Schlei\u00dfheim Besucher des Schlei\u00dfheimer Schlossparks erlebten am Wochenende ein Feldlager wie zur Zeit des Drei\u00dfigj\u00e4hrigen Kriegs mit Experimentalarch\u00e4ologe Marcus Junkelmann. Oberschlei\u00dfheim\u00a0\u2013 Im Jahre des Herrn 1611 ist ein gewisser Philipp Hainhofer\u2026","rel":"","context":"In &quot;Geschichte als Fest - Dr. Marcus Junkelmann&quot;","block_context":{"text":"Geschichte als Fest - Dr. Marcus Junkelmann","link":"https:\/\/deltaimage.de\/wp\/?cat=3831"},"img":{"alt_text":"","src":"https:\/\/i0.wp.com\/deltaimage.de\/wp\/wp-content\/uploads\/Logo_Merkur.png?fit=1200%2C450&ssl=1&resize=350%2C200","width":350,"height":200,"srcset":"https:\/\/i0.wp.com\/deltaimage.de\/wp\/wp-content\/uploads\/Logo_Merkur.png?fit=1200%2C450&ssl=1&resize=350%2C200 1x, https:\/\/i0.wp.com\/deltaimage.de\/wp\/wp-content\/uploads\/Logo_Merkur.png?fit=1200%2C450&ssl=1&resize=525%2C300 1.5x, https:\/\/i0.wp.com\/deltaimage.de\/wp\/wp-content\/uploads\/Logo_Merkur.png?fit=1200%2C450&ssl=1&resize=700%2C400 2x, https:\/\/i0.wp.com\/deltaimage.de\/wp\/wp-content\/uploads\/Logo_Merkur.png?fit=1200%2C450&ssl=1&resize=1050%2C600 3x"},"classes":[]},{"id":45776,"url":"https:\/\/deltaimage.de\/wp\/?p=45776","url_meta":{"origin":49652,"position":2},"title":"Schlei\u00dfheimer Zeitung: Herzlichen Gl\u00fcckwunsch, Marcus Junkelmann!","author":"EschbacP","date":"3. Oktober 2024","format":false,"excerpt":"Herzlichen Gl\u00fcckwunsch, Dr. Marcus Silvester Junkelmann Originalbeitrag auf www.schleissheimer-zeitung.de \u00a0 Wie einer, der in Oberschlei\u00dfheim aufwuchs, Geschichte machte Geschichte wird von den Leuten manchmal als ein trockener, irgendwie uninteressanter Stoff empfunden, den man in sich in Schulzeiten mehr oder weniger freiwillig aneignen muss. Das ist ein Missverst\u00e4ndnis, denn je eher\u2026","rel":"","context":"In &quot;Geschichte als Fest - Dr. Marcus Junkelmann&quot;","block_context":{"text":"Geschichte als Fest - Dr. Marcus Junkelmann","link":"https:\/\/deltaimage.de\/wp\/?cat=3831"},"img":{"alt_text":"","src":"https:\/\/i0.wp.com\/deltaimage.de\/wp\/wp-content\/uploads\/Logo_Schleissheimer-Zeitung-e1726945612862.jpg?fit=890%2C334&ssl=1&resize=350%2C200","width":350,"height":200,"srcset":"https:\/\/i0.wp.com\/deltaimage.de\/wp\/wp-content\/uploads\/Logo_Schleissheimer-Zeitung-e1726945612862.jpg?fit=890%2C334&ssl=1&resize=350%2C200 1x, https:\/\/i0.wp.com\/deltaimage.de\/wp\/wp-content\/uploads\/Logo_Schleissheimer-Zeitung-e1726945612862.jpg?fit=890%2C334&ssl=1&resize=525%2C300 1.5x, https:\/\/i0.wp.com\/deltaimage.de\/wp\/wp-content\/uploads\/Logo_Schleissheimer-Zeitung-e1726945612862.jpg?fit=890%2C334&ssl=1&resize=700%2C400 2x"},"classes":[]},{"id":28414,"url":"https:\/\/deltaimage.de\/wp\/?p=28414","url_meta":{"origin":49652,"position":3},"title":"Forschung zu Carl Ernst von Gravenreuth in Affing &#8211; Dr. Marcus Junkelmann","author":"EschbacP","date":"18. Mai 2021","format":false,"excerpt":"Dr. Marcus Junkelmann \u00fcber sein Buchprojekt \u00fcber den Grafen Carl Ernst von Gravenreuth \"Nicht viele schaffen es, sich gegen dominante m\u00e4chtige Herrscher zu stellen. Carl Ernst von Gravenreuth aus Affing hat jedoch genau das getan. Anfang des 19. Jahrhunderts hat er in einer entscheidenden Situation Napoleon die Stirn geboten, und\u2026","rel":"","context":"In &quot;Geschichte als Fest - Dr. Marcus Junkelmann&quot;","block_context":{"text":"Geschichte als Fest - Dr. Marcus Junkelmann","link":"https:\/\/deltaimage.de\/wp\/?cat=3831"},"img":{"alt_text":"","src":"https:\/\/i0.wp.com\/deltaimage.de\/wp\/wp-content\/uploads\/atv_Junkelmann_Affing_03_1200.jpg?fit=1199%2C451&ssl=1&resize=350%2C200","width":350,"height":200,"srcset":"https:\/\/i0.wp.com\/deltaimage.de\/wp\/wp-content\/uploads\/atv_Junkelmann_Affing_03_1200.jpg?fit=1199%2C451&ssl=1&resize=350%2C200 1x, https:\/\/i0.wp.com\/deltaimage.de\/wp\/wp-content\/uploads\/atv_Junkelmann_Affing_03_1200.jpg?fit=1199%2C451&ssl=1&resize=525%2C300 1.5x, https:\/\/i0.wp.com\/deltaimage.de\/wp\/wp-content\/uploads\/atv_Junkelmann_Affing_03_1200.jpg?fit=1199%2C451&ssl=1&resize=700%2C400 2x, https:\/\/i0.wp.com\/deltaimage.de\/wp\/wp-content\/uploads\/atv_Junkelmann_Affing_03_1200.jpg?fit=1199%2C451&ssl=1&resize=1050%2C600 3x"},"classes":[]},{"id":43073,"url":"https:\/\/deltaimage.de\/wp\/?p=43073","url_meta":{"origin":49652,"position":4},"title":"Dr. Junkelmann pr\u00e4sentiert Carl Ernst von Gravenreuth im Schloss Affing","author":"EschbacP","date":"4. Juli 2024","format":false,"excerpt":"Das Schloss Affing ist einer der spannendsten Schaupl\u00e4tze im Leben und Wirken des bayerischen Diplomaten und Verwaltungsadministrators Graf Carl Ernst von Gravenreuth zu Beginn des 19. Jahrhunderts. Der Historiker und Experimentalarch\u00e4ologe Dr. Marcus Junkelmann hat eine umfassende und fesselnde Biografie des Lebens und Wirkens des Gravenreuth verfasst. Im Schloss Affing\u2026","rel":"","context":"In &quot;Geschichte als Fest - Dr. Marcus Junkelmann&quot;","block_context":{"text":"Geschichte als Fest - Dr. Marcus Junkelmann","link":"https:\/\/deltaimage.de\/wp\/?cat=3831"},"img":{"alt_text":"","src":"https:\/\/i0.wp.com\/deltaimage.de\/wp\/wp-content\/uploads\/1718903195612_1200.jpg?fit=1200%2C450&ssl=1&resize=350%2C200","width":350,"height":200,"srcset":"https:\/\/i0.wp.com\/deltaimage.de\/wp\/wp-content\/uploads\/1718903195612_1200.jpg?fit=1200%2C450&ssl=1&resize=350%2C200 1x, https:\/\/i0.wp.com\/deltaimage.de\/wp\/wp-content\/uploads\/1718903195612_1200.jpg?fit=1200%2C450&ssl=1&resize=525%2C300 1.5x, https:\/\/i0.wp.com\/deltaimage.de\/wp\/wp-content\/uploads\/1718903195612_1200.jpg?fit=1200%2C450&ssl=1&resize=700%2C400 2x, https:\/\/i0.wp.com\/deltaimage.de\/wp\/wp-content\/uploads\/1718903195612_1200.jpg?fit=1200%2C450&ssl=1&resize=1050%2C600 3x"},"classes":[]},{"id":53154,"url":"https:\/\/deltaimage.de\/wp\/?p=53154","url_meta":{"origin":49652,"position":5},"title":"Gladiator gegen Gladiator; Essedarius vs. Essedarius: Live-Kampf in der Arch\u00e4ologischen Staatssammlung M\u00fcnchen","author":"EschbacP","date":"25. November 2025","format":false,"excerpt":"Die Gladiatoren sind in M\u00fcnchen! In der Arch\u00e4ologischen Staatssammlung in M\u00fcnchen am Englischen Garten wird ganz aktuell eine Sonderausstellung \"Gladiatoren - Helden des Kolosseums\"\u00a0gezeigt. Im Rahmenprogramm dieser am letzten Donnerstag erst er\u00f6ffneten Sonderausstellung zeigt der Historiker und Experimentalarch\u00e4ologe Dr. Marcus Junkelmann zusammen mit seiner Gruppe \"Familia Gladiatoria Pulli Cornicinis\" live-Gladiatorenk\u00e4mpfe\u2026","rel":"","context":"In &quot;Geschichte als Fest - Dr. Marcus Junkelmann&quot;","block_context":{"text":"Geschichte als Fest - Dr. Marcus Junkelmann","link":"https:\/\/deltaimage.de\/wp\/?cat=3831"},"img":{"alt_text":"","src":"https:\/\/i0.wp.com\/deltaimage.de\/wp\/wp-content\/uploads\/PE1X1604_1200.jpg?fit=1200%2C450&ssl=1&resize=350%2C200","width":350,"height":200,"srcset":"https:\/\/i0.wp.com\/deltaimage.de\/wp\/wp-content\/uploads\/PE1X1604_1200.jpg?fit=1200%2C450&ssl=1&resize=350%2C200 1x, https:\/\/i0.wp.com\/deltaimage.de\/wp\/wp-content\/uploads\/PE1X1604_1200.jpg?fit=1200%2C450&ssl=1&resize=525%2C300 1.5x, https:\/\/i0.wp.com\/deltaimage.de\/wp\/wp-content\/uploads\/PE1X1604_1200.jpg?fit=1200%2C450&ssl=1&resize=700%2C400 2x, https:\/\/i0.wp.com\/deltaimage.de\/wp\/wp-content\/uploads\/PE1X1604_1200.jpg?fit=1200%2C450&ssl=1&resize=1050%2C600 3x"},"classes":[]}],"jetpack_sharing_enabled":true,"_links":{"self":[{"href":"https:\/\/deltaimage.de\/wp\/index.php?rest_route=\/wp\/v2\/posts\/49652","targetHints":{"allow":["GET"]}}],"collection":[{"href":"https:\/\/deltaimage.de\/wp\/index.php?rest_route=\/wp\/v2\/posts"}],"about":[{"href":"https:\/\/deltaimage.de\/wp\/index.php?rest_route=\/wp\/v2\/types\/post"}],"author":[{"embeddable":true,"href":"https:\/\/deltaimage.de\/wp\/index.php?rest_route=\/wp\/v2\/users\/1"}],"replies":[{"embeddable":true,"href":"https:\/\/deltaimage.de\/wp\/index.php?rest_route=%2Fwp%2Fv2%2Fcomments&post=49652"}],"version-history":[{"count":5,"href":"https:\/\/deltaimage.de\/wp\/index.php?rest_route=\/wp\/v2\/posts\/49652\/revisions"}],"predecessor-version":[{"id":49660,"href":"https:\/\/deltaimage.de\/wp\/index.php?rest_route=\/wp\/v2\/posts\/49652\/revisions\/49660"}],"wp:featuredmedia":[{"embeddable":true,"href":"https:\/\/deltaimage.de\/wp\/index.php?rest_route=\/wp\/v2\/media\/49653"}],"wp:attachment":[{"href":"https:\/\/deltaimage.de\/wp\/index.php?rest_route=%2Fwp%2Fv2%2Fmedia&parent=49652"}],"wp:term":[{"taxonomy":"category","embeddable":true,"href":"https:\/\/deltaimage.de\/wp\/index.php?rest_route=%2Fwp%2Fv2%2Fcategories&post=49652"},{"taxonomy":"post_tag","embeddable":true,"href":"https:\/\/deltaimage.de\/wp\/index.php?rest_route=%2Fwp%2Fv2%2Ftags&post=49652"}],"curies":[{"name":"wp","href":"https:\/\/api.w.org\/{rel}","templated":true}]}}