{"id":49711,"date":"2025-07-24T20:04:52","date_gmt":"2025-07-24T18:04:52","guid":{"rendered":"https:\/\/deltaimage.de\/wp\/?p=49711"},"modified":"2025-08-28T20:10:48","modified_gmt":"2025-08-28T18:10:48","slug":"ein-ausflug-in-die-natur-um-uns-herum-die-makro-welt-der-natur","status":"publish","type":"post","link":"https:\/\/deltaimage.de\/wp\/?p=49711","title":{"rendered":"Ein Ausflug in die Natur um uns herum &#8211; Die Makro-Welt der Natur"},"content":{"rendered":"<p><a href=\"https:\/\/deltaimage.de\/wp\/?page_id=40118\"><img data-recalc-dims=\"1\" loading=\"lazy\" decoding=\"async\" data-attachment-id=\"40115\" data-permalink=\"https:\/\/deltaimage.de\/wp\/?attachment_id=40115#main\" data-orig-file=\"https:\/\/i0.wp.com\/deltaimage.de\/wp\/wp-content\/uploads\/Stempel_DELTA-IMAGE_Quality.png?fit=961%2C960&amp;ssl=1\" data-orig-size=\"961,960\" data-comments-opened=\"1\" data-image-meta=\"{&quot;aperture&quot;:&quot;0&quot;,&quot;credit&quot;:&quot;&quot;,&quot;camera&quot;:&quot;&quot;,&quot;caption&quot;:&quot;&quot;,&quot;created_timestamp&quot;:&quot;0&quot;,&quot;copyright&quot;:&quot;&quot;,&quot;focal_length&quot;:&quot;0&quot;,&quot;iso&quot;:&quot;0&quot;,&quot;shutter_speed&quot;:&quot;0&quot;,&quot;title&quot;:&quot;&quot;,&quot;orientation&quot;:&quot;0&quot;}\" data-image-title=\"Stempel_DELTA IMAGE_Quality\" data-image-description=\"\" data-image-caption=\"\" data-large-file=\"https:\/\/i0.wp.com\/deltaimage.de\/wp\/wp-content\/uploads\/Stempel_DELTA-IMAGE_Quality.png?fit=890%2C889&amp;ssl=1\" class=\"alignright wp-image-40115 size-thumbnail\" src=\"https:\/\/i0.wp.com\/deltaimage.de\/wp\/wp-content\/uploads\/Stempel_DELTA-IMAGE_Quality.png?resize=200%2C200&#038;ssl=1\" alt=\"\" width=\"200\" height=\"200\" srcset=\"https:\/\/i0.wp.com\/deltaimage.de\/wp\/wp-content\/uploads\/Stempel_DELTA-IMAGE_Quality.png?resize=200%2C200&amp;ssl=1 200w, https:\/\/i0.wp.com\/deltaimage.de\/wp\/wp-content\/uploads\/Stempel_DELTA-IMAGE_Quality.png?resize=601%2C600&amp;ssl=1 601w, https:\/\/i0.wp.com\/deltaimage.de\/wp\/wp-content\/uploads\/Stempel_DELTA-IMAGE_Quality.png?resize=594%2C593&amp;ssl=1 594w, https:\/\/i0.wp.com\/deltaimage.de\/wp\/wp-content\/uploads\/Stempel_DELTA-IMAGE_Quality.png?resize=450%2C450&amp;ssl=1 450w, https:\/\/i0.wp.com\/deltaimage.de\/wp\/wp-content\/uploads\/Stempel_DELTA-IMAGE_Quality.png?resize=75%2C75&amp;ssl=1 75w, https:\/\/i0.wp.com\/deltaimage.de\/wp\/wp-content\/uploads\/Stempel_DELTA-IMAGE_Quality.png?resize=400%2C400&amp;ssl=1 400w, https:\/\/i0.wp.com\/deltaimage.de\/wp\/wp-content\/uploads\/Stempel_DELTA-IMAGE_Quality.png?resize=50%2C50&amp;ssl=1 50w, https:\/\/i0.wp.com\/deltaimage.de\/wp\/wp-content\/uploads\/Stempel_DELTA-IMAGE_Quality.png?w=961&amp;ssl=1 961w\" sizes=\"auto, (max-width: 200px) 100vw, 200px\" \/><\/a><\/p>\n<ul>\n<li>Was zeigt das Titelbild?<\/li>\n<li>Ist das Titelbild eine <strong>normale Fotografie<\/strong> oder schon eine <strong>Nahaufnahme<\/strong>?<\/li>\n<li>Oder ist das eine viel gr\u00f6\u00dfere <strong>Makroaufnahme<\/strong> oder schon etwa eine extreme <strong>Makroaufnahme<\/strong> &#8211; eine <strong>Microfotografie<\/strong>?<\/li>\n<\/ul>\n<p>Wir besprechen die unterschiedlichen Abbildungsgr\u00f6\u00dfen in der <strong>Natur- und Landschaftsfotografie<\/strong> und dann k\u00f6nnen Sie die Frage sich selbst beantworten. Los geht&#8217;s.<\/p>\n<p>&nbsp;<\/p>\n<h2>Natur- und Landschaftsfotografie ist mein fotografischer Schwerpunkt<\/h2>\n<p>Fotografisch besch\u00e4ftige ich mich mit vielen Genres der Fotografie, mit durchaus unterschiedlicher Intensit\u00e4t. Mein Hauptthema ist die <strong>Natur- und Landschaftsfotografie<\/strong>, das zeigte sich auch in den letzten Monaten mit den Ver\u00f6ffentlichungen der neuen <strong>FOTO-Bildb\u00e4nde<\/strong> zum <strong>Dachauer Moos<\/strong>. Die Natur und die Landschaften zeigen sich in immer anderen Gesichtern und Bildmotiven. Immer neu und immer anders kann die fotografische Sicht auf das sein, was um uns herum ist.<\/p>\n<blockquote>\n<pre>Ein-Mal in der Natur gewesen zu sein, ist so viel wie kein-Mal in der Natur zu sein.<\/pre>\n<\/blockquote>\n<div id=\"attachment_49733\" style=\"width: 900px\" class=\"wp-caption aligncenter\"><img data-recalc-dims=\"1\" loading=\"lazy\" decoding=\"async\" aria-describedby=\"caption-attachment-49733\" data-attachment-id=\"49733\" data-permalink=\"https:\/\/deltaimage.de\/wp\/?attachment_id=49733#main\" data-orig-file=\"https:\/\/i0.wp.com\/deltaimage.de\/wp\/wp-content\/uploads\/PE5D8793_900.jpg?fit=890%2C593&amp;ssl=1\" data-orig-size=\"890,593\" data-comments-opened=\"1\" data-image-meta=\"{&quot;aperture&quot;:&quot;2&quot;,&quot;credit&quot;:&quot;Paul Eschbach&quot;,&quot;camera&quot;:&quot;Canon EOS 5DS R&quot;,&quot;caption&quot;:&quot;&quot;,&quot;created_timestamp&quot;:&quot;1752259465&quot;,&quot;copyright&quot;:&quot;DELTA IMAGE www.deltaimage.de&quot;,&quot;focal_length&quot;:&quot;50&quot;,&quot;iso&quot;:&quot;200&quot;,&quot;shutter_speed&quot;:&quot;0.005&quot;,&quot;title&quot;:&quot;&quot;,&quot;orientation&quot;:&quot;0&quot;}\" data-image-title=\"PE5D8793_900\" data-image-description=\"\" data-image-caption=\"\" data-large-file=\"https:\/\/i0.wp.com\/deltaimage.de\/wp\/wp-content\/uploads\/PE5D8793_900.jpg?fit=890%2C593&amp;ssl=1\" class=\"wp-image-49733 size-full\" src=\"https:\/\/i0.wp.com\/deltaimage.de\/wp\/wp-content\/uploads\/PE5D8793_900.jpg?resize=890%2C593&#038;ssl=1\" alt=\"\" width=\"890\" height=\"593\" srcset=\"https:\/\/i0.wp.com\/deltaimage.de\/wp\/wp-content\/uploads\/PE5D8793_900.jpg?w=890&amp;ssl=1 890w, https:\/\/i0.wp.com\/deltaimage.de\/wp\/wp-content\/uploads\/PE5D8793_900.jpg?resize=300%2C200&amp;ssl=1 300w, https:\/\/i0.wp.com\/deltaimage.de\/wp\/wp-content\/uploads\/PE5D8793_900.jpg?resize=600%2C400&amp;ssl=1 600w, https:\/\/i0.wp.com\/deltaimage.de\/wp\/wp-content\/uploads\/PE5D8793_900.jpg?resize=200%2C133&amp;ssl=1 200w\" sizes=\"auto, (max-width: 890px) 100vw, 890px\" \/><p id=\"caption-attachment-49733\" class=\"wp-caption-text\">Eine Mikrofotografie Aufnahme zeigt die kleinen Details in den Farben, den Mustern und den Strukturen des Fl\u00fcgels und die \u00e4u\u00dferst kleinen, farbigen Schuppen auf dem Fl\u00fcgel eines Tagpfauenauges im Abbildungsma\u00dfstab von etwa 5:1 (5x) im heimischen Makro-Studio. Der Schmetterling ist \u00fcber Nacht gestorben, so konnte ich ihn fotografieren ohne dem lebenden Tier etwas antun zu m\u00fcssen.<\/p><\/div>\n<p><!--more--><\/p>\n<p>&nbsp;<\/p>\n<h2>Makrofotografie als Erweiterung und Intensivierung des hinreichend bekannten Motivraumes<\/h2>\n<p>Je n\u00e4her man als BetrachterIn oder als FotografIn an ein bestimmtes Bildmotiv herantritt, umso mehr er\u00f6ffnen sich andere Bildmotive, und dies f\u00f6rdert auch andere Betrachtungsweisen bis in die Details der Natur- und Landschaftsr\u00e4ume hinein. Es treten viele Details in den Farben, den Formen und den Strukturen auf und er\u00f6ffnen einen ganz neuen Kosmos des Entdeckens und des Erlebens.<\/p>\n<p>Die Abbildungsma\u00dfst\u00e4be bezeichnen wir auf zwei sinngleichen Schreibweisen \u03b2 = Bildgr\u00f6\u00dfe : Gegenstandsgr\u00f6\u00dfe = B:G. Alternativ kann dieser Bruch aus ausdividiert werden und als Vergr\u00f6\u00dferungszahl angegeben werden.<\/p>\n<blockquote><p>Beispiel: Gegenstandsgr\u00f6\u00dfe des Objektes sei 10 mm, die Bildgr\u00f6\u00dfe auf dem Sensor entspreche 1 mm. Dann ist der Abbildungsma\u00dfstab 1 : 10, oder 0,1x.<\/p><\/blockquote>\n<p>Der Nahbereich in der Fotografie beginnt bei Abbildungsgr\u00f6\u00dfen, die jenseits des Ma\u00dfstabes von 1:10 (0,1x) sind: Das bedeutet, ein Motivdetail, welches in der Realit\u00e4t 10 mm an Ausdehnung hat, ist in der fotografischen Abbildung auf dem Bildsensor oder dem Filmmaterial lediglich einen Millimeter gro\u00df \u2013 eben 1:10 (0,1x) verkleinert.<\/p>\n<ul>\n<li>Davor, z. B. bei einem Abbildungsma\u00dfstab von 1:50 (0,02x), ist die normale fotografische Abbildung im Fernbereich angesiedelt.<\/li>\n<li>Dahinter, z. B. bei einem Abbildungsma\u00dfstab von 1:5 (0,2x), beginnt der fotografische Nahbereich.<\/li>\n<\/ul>\n<div id=\"attachment_49734\" style=\"width: 900px\" class=\"wp-caption aligncenter\"><img data-recalc-dims=\"1\" loading=\"lazy\" decoding=\"async\" aria-describedby=\"caption-attachment-49734\" data-attachment-id=\"49734\" data-permalink=\"https:\/\/deltaimage.de\/wp\/?attachment_id=49734#main\" data-orig-file=\"https:\/\/i0.wp.com\/deltaimage.de\/wp\/wp-content\/uploads\/PE5D8768_900.jpg?fit=890%2C593&amp;ssl=1\" data-orig-size=\"890,593\" data-comments-opened=\"1\" data-image-meta=\"{&quot;aperture&quot;:&quot;2&quot;,&quot;credit&quot;:&quot;Paul Eschbach&quot;,&quot;camera&quot;:&quot;Canon EOS 5DS R&quot;,&quot;caption&quot;:&quot;&quot;,&quot;created_timestamp&quot;:&quot;1752243343&quot;,&quot;copyright&quot;:&quot;DELTA IMAGE www.deltaimage.de&quot;,&quot;focal_length&quot;:&quot;50&quot;,&quot;iso&quot;:&quot;200&quot;,&quot;shutter_speed&quot;:&quot;0.5&quot;,&quot;title&quot;:&quot;&quot;,&quot;orientation&quot;:&quot;0&quot;}\" data-image-title=\"PE5D8768_900\" data-image-description=\"&lt;p&gt;Makro-Struktur einer Vogelfeder im Abbildungsma\u00dfstab deutlich gr\u00f6\u00dfer als 1:1&lt;\/p&gt;\n\" data-image-caption=\"\" data-large-file=\"https:\/\/i0.wp.com\/deltaimage.de\/wp\/wp-content\/uploads\/PE5D8768_900.jpg?fit=890%2C593&amp;ssl=1\" class=\"wp-image-49734 size-full\" src=\"https:\/\/i0.wp.com\/deltaimage.de\/wp\/wp-content\/uploads\/PE5D8768_900.jpg?resize=890%2C593&#038;ssl=1\" alt=\"\" width=\"890\" height=\"593\" srcset=\"https:\/\/i0.wp.com\/deltaimage.de\/wp\/wp-content\/uploads\/PE5D8768_900.jpg?w=890&amp;ssl=1 890w, https:\/\/i0.wp.com\/deltaimage.de\/wp\/wp-content\/uploads\/PE5D8768_900.jpg?resize=300%2C200&amp;ssl=1 300w, https:\/\/i0.wp.com\/deltaimage.de\/wp\/wp-content\/uploads\/PE5D8768_900.jpg?resize=600%2C400&amp;ssl=1 600w, https:\/\/i0.wp.com\/deltaimage.de\/wp\/wp-content\/uploads\/PE5D8768_900.jpg?resize=200%2C133&amp;ssl=1 200w\" sizes=\"auto, (max-width: 890px) 100vw, 890px\" \/><p id=\"caption-attachment-49734\" class=\"wp-caption-text\">Eine verlorene Feder einer Graugans liegt am Boden und dient fortan f\u00fcr meine Mikrofotografie Studien als Aufnahmeobjekt im Abbildungsma\u00dfstab von etwa 6:1 (6x). Es er\u00f6ffnen sich viele noch kaum gesehenen Details einer so gew\u00f6hnlichen Vogelfeder, mit den Strukturen, in welchen sich die einzelnen Elemente einer einzelnen Feder ineinander verhaken, um eine glatte Oberfl\u00e4che zu ergeben.<\/p><\/div>\n<p>F\u00fcr einen gr\u00f6\u00dferen Abbildungsma\u00dfstab m\u00fcssen die Kamera und der Sensor entsprechend n\u00e4her an das Objekt heranr\u00fccken. Bei vielen Objektiven endet die nutzbare Naheinstellgrenze bei Abbildungsma\u00dfst\u00e4ben von etwa 1:10 (0,1x).<\/p>\n<blockquote>\n<pre>Schon in den 1980er Jahren, geh\u00f6rte zu meiner (analogen) Fotoausr\u00fcstung ein Makroobjektiv.<\/pre>\n<\/blockquote>\n<p>Geht man mit speziellen Objektiven noch n\u00e4her an das Objekt heran, r\u00fcckt die lebensgro\u00dfe Abbildung im Ma\u00dfstab 1:1 (1x) immer n\u00e4her. Mit diesem Abbildungsma\u00dfstab (1:2 &#8211; 1:1) (0,5x &#8211; 1x) beginnt die faszinierende Welt der Makrofotografie mit einer ganz andersartigen Sicht auf die Natur und die uns umgebende Welt in den kleinen und so meist verborgenen Details.<\/p>\n<p>&nbsp;<\/p>\n<h2>Irgendwann ist das Interesse da, wie unsere Welt in den noch kleineren Details aussieht.<\/h2>\n<p>Mein Zugang dazu wurde auch ganz besonders durch mein allererstes Kamerasystem von <strong>OLYMPUS<\/strong>, mit der <strong>OLYMPUS OM-4<\/strong> und <strong>OM-4TI<\/strong>, geweckt. So war OLYMPUS mit seiner langen Tradition in der Mikroskopie ein pr\u00e4destinierter Hersteller von Systemen in beiden Welten:<\/p>\n<blockquote>\n<pre>Die Mikroskopie und die Fotografie.<\/pre>\n<\/blockquote>\n<div id=\"attachment_49735\" style=\"width: 900px\" class=\"wp-caption aligncenter\"><img data-recalc-dims=\"1\" loading=\"lazy\" decoding=\"async\" aria-describedby=\"caption-attachment-49735\" data-attachment-id=\"49735\" data-permalink=\"https:\/\/deltaimage.de\/wp\/?attachment_id=49735#main\" data-orig-file=\"https:\/\/i0.wp.com\/deltaimage.de\/wp\/wp-content\/uploads\/PE5D8862_900.jpg?fit=890%2C593&amp;ssl=1\" data-orig-size=\"890,593\" data-comments-opened=\"1\" data-image-meta=\"{&quot;aperture&quot;:&quot;2&quot;,&quot;credit&quot;:&quot;Paul Eschbach&quot;,&quot;camera&quot;:&quot;Canon EOS 5DS R&quot;,&quot;caption&quot;:&quot;&quot;,&quot;created_timestamp&quot;:&quot;1752437398&quot;,&quot;copyright&quot;:&quot;DELTA IMAGE www.deltaimage.de&quot;,&quot;focal_length&quot;:&quot;50&quot;,&quot;iso&quot;:&quot;200&quot;,&quot;shutter_speed&quot;:&quot;0.005&quot;,&quot;title&quot;:&quot;&quot;,&quot;orientation&quot;:&quot;0&quot;}\" data-image-title=\"PE5D8862_900\" data-image-description=\"\" data-image-caption=\"\" data-large-file=\"https:\/\/i0.wp.com\/deltaimage.de\/wp\/wp-content\/uploads\/PE5D8862_900.jpg?fit=890%2C593&amp;ssl=1\" class=\"wp-image-49735 size-full\" src=\"https:\/\/i0.wp.com\/deltaimage.de\/wp\/wp-content\/uploads\/PE5D8862_900.jpg?resize=890%2C593&#038;ssl=1\" alt=\"\" width=\"890\" height=\"593\" srcset=\"https:\/\/i0.wp.com\/deltaimage.de\/wp\/wp-content\/uploads\/PE5D8862_900.jpg?w=890&amp;ssl=1 890w, https:\/\/i0.wp.com\/deltaimage.de\/wp\/wp-content\/uploads\/PE5D8862_900.jpg?resize=300%2C200&amp;ssl=1 300w, https:\/\/i0.wp.com\/deltaimage.de\/wp\/wp-content\/uploads\/PE5D8862_900.jpg?resize=600%2C400&amp;ssl=1 600w, https:\/\/i0.wp.com\/deltaimage.de\/wp\/wp-content\/uploads\/PE5D8862_900.jpg?resize=200%2C133&amp;ssl=1 200w\" sizes=\"auto, (max-width: 890px) 100vw, 890px\" \/><p id=\"caption-attachment-49735\" class=\"wp-caption-text\">Mit einem Abbildungsma\u00dfstab von 10:1 (10x) l\u00f6sen sich aus dem herrlichen Fl\u00fcgel des Tagpfauenauges die tausenden kleinen Schuppenpl\u00e4ttchen als einzeln wahrnehmbare Bildmotive heraus und werden sichtbar f\u00fcr die BetrachterIn.<\/p><\/div>\n<p>F\u00fcrwahr, kaum ein anderes SLR-System war so leistungsf\u00e4hig und vielseitig auf der Jagd nach Licht in den Abbildungsma\u00dfst\u00e4ben gr\u00f6\u00dfer als 1:10 (0,1x).<\/p>\n<blockquote>\n<pre>Noch n\u00e4her ran an das Motiv - die Mikrofotografie beginnt.<\/pre>\n<\/blockquote>\n<p>Beim Abbildungsma\u00dfstab 1:1 (1x) ist die Welt aber noch nicht zu Ende, da kann es auch fotografisch noch mit speziellen und noch \u00fcberschaubaren Techniken weitergehen, um die Welt in den kleinen Details immer weiter fotografisch zu erkunden.<\/p>\n<p>&nbsp;<\/p>\n<h2>Die analoge Welt der Mikroskopie mit der digitalen Fotografie neu kombiniert<\/h2>\n<p>Das Vorsto\u00dfen in die Welt der <strong>Mikroskopie<\/strong> und der Abbildungsma\u00dfst\u00e4be gr\u00f6\u00dfer als 1:1 (1x) ist in der digitalen Welt gar nicht mehr so einfach. Jenseits des Abbildungsma\u00dfstabes von 1:1 (1x) beginnt die fotografische Vergr\u00f6\u00dferung der kleinsten Details in der Abbildung. Vom Abbildungsma\u00dfstab von 1:1 (1x; lebensgro\u00df) wird das Bild auf dem Sensor oder dem Film immer gr\u00f6\u00dfer dargestellt und wird dann \u00fcberlebensgro\u00df fotografisch abgebildet. Ein Abbildungsma\u00dfstab von 2:1 (2x) ist schon doppelt so gro\u00df als das Ausgangsmotiv. Die Mikrofotografie reicht dann bis hin zu Abbildungsma\u00dfst\u00e4ben von 10:1 (10x) und 15:1 (15x). Diese Vergr\u00f6\u00dferungen sind nicht zu verwechseln mit einer Abbildung von 1:10 (0,1x) oder 1:15 (0,07x) im Fernbereich.<\/p>\n<div id=\"attachment_49736\" style=\"width: 900px\" class=\"wp-caption aligncenter\"><img data-recalc-dims=\"1\" loading=\"lazy\" decoding=\"async\" aria-describedby=\"caption-attachment-49736\" data-attachment-id=\"49736\" data-permalink=\"https:\/\/deltaimage.de\/wp\/?attachment_id=49736#main\" data-orig-file=\"https:\/\/i0.wp.com\/deltaimage.de\/wp\/wp-content\/uploads\/IMG_9355_900.jpg?fit=890%2C593&amp;ssl=1\" data-orig-size=\"890,593\" data-comments-opened=\"1\" data-image-meta=\"{&quot;aperture&quot;:&quot;2&quot;,&quot;credit&quot;:&quot;PAUL ESCHBACH&quot;,&quot;camera&quot;:&quot;Canon EOS 80D&quot;,&quot;caption&quot;:&quot;&quot;,&quot;created_timestamp&quot;:&quot;1749312859&quot;,&quot;copyright&quot;:&quot;Paul Eschbach @ DELTA IMAGE&quot;,&quot;focal_length&quot;:&quot;50&quot;,&quot;iso&quot;:&quot;100&quot;,&quot;shutter_speed&quot;:&quot;0.25&quot;,&quot;title&quot;:&quot;&quot;,&quot;orientation&quot;:&quot;0&quot;}\" data-image-title=\"IMG_9355_900\" data-image-description=\"\" data-image-caption=\"\" data-large-file=\"https:\/\/i0.wp.com\/deltaimage.de\/wp\/wp-content\/uploads\/IMG_9355_900.jpg?fit=890%2C593&amp;ssl=1\" class=\"wp-image-49736 size-full\" src=\"https:\/\/i0.wp.com\/deltaimage.de\/wp\/wp-content\/uploads\/IMG_9355_900.jpg?resize=890%2C593&#038;ssl=1\" alt=\"\" width=\"890\" height=\"593\" srcset=\"https:\/\/i0.wp.com\/deltaimage.de\/wp\/wp-content\/uploads\/IMG_9355_900.jpg?w=890&amp;ssl=1 890w, https:\/\/i0.wp.com\/deltaimage.de\/wp\/wp-content\/uploads\/IMG_9355_900.jpg?resize=300%2C200&amp;ssl=1 300w, https:\/\/i0.wp.com\/deltaimage.de\/wp\/wp-content\/uploads\/IMG_9355_900.jpg?resize=600%2C400&amp;ssl=1 600w, https:\/\/i0.wp.com\/deltaimage.de\/wp\/wp-content\/uploads\/IMG_9355_900.jpg?resize=200%2C133&amp;ssl=1 200w\" sizes=\"auto, (max-width: 890px) 100vw, 890px\" \/><p id=\"caption-attachment-49736\" class=\"wp-caption-text\">Durchlicht durch ein Bl\u00fctenblatt der Sibirischen Schwertlilie aus meinem Garten im Abbildungsma\u00dfstab von etwa 6:1 (6x). Die einzelnen Zellen des Blattes sind bereits gut zu erkennen.<\/p><\/div>\n<p>Die weltweiten M\u00e4rkte in der Fotografie sind durch die letzten Krisen immer weiter geschrumpft und der Markt f\u00fcr die Mikrofotografie ist daher weltweit nur noch ein Nischenmarkt f\u00fcr ganz wenige Spezialisten und Enthusiasten. Das bringt keine gro\u00dfen St\u00fcckzahlen mehr und das Sortiment wird an anderen Stellen ausgebaut, eben nicht mehr in der Suche nach den kleinsten Strukturen.<\/p>\n<blockquote>\n<pre>Mit dem Canon-EOS-EF-System nutze ich eine leistungsf\u00e4hige und vielf\u00e4ltige Systembasis.<\/pre>\n<\/blockquote>\n<p>Mit meinen noch vorhandenen Ausr\u00fcstungsteilen des analogen <strong>OLYMPUS-OM-Systems<\/strong> habe ich die wohl leistungsf\u00e4higste Mikrofotografie-Basis bereit und in Teilen noch zu Hause. Was lag da n\u00e4her, als diese beiden Systeme in einer geschickten Art und Weise zu kombinieren und so gegenseitig zu erweitern und auszubauen? Das habe ich auch gemacht und bestaune nun die ersten Ergebnisse.<\/p>\n<div id=\"attachment_49740\" style=\"width: 900px\" class=\"wp-caption aligncenter\"><img data-recalc-dims=\"1\" loading=\"lazy\" decoding=\"async\" aria-describedby=\"caption-attachment-49740\" data-attachment-id=\"49740\" data-permalink=\"https:\/\/deltaimage.de\/wp\/?attachment_id=49740#main\" data-orig-file=\"https:\/\/i0.wp.com\/deltaimage.de\/wp\/wp-content\/uploads\/IMG_9272_900.jpg?fit=890%2C593&amp;ssl=1\" data-orig-size=\"890,593\" data-comments-opened=\"1\" data-image-meta=\"{&quot;aperture&quot;:&quot;2&quot;,&quot;credit&quot;:&quot;PAUL ESCHBACH&quot;,&quot;camera&quot;:&quot;Canon EOS 80D&quot;,&quot;caption&quot;:&quot;&quot;,&quot;created_timestamp&quot;:&quot;1749235325&quot;,&quot;copyright&quot;:&quot;Paul Eschbach @ DELTA IMAGE&quot;,&quot;focal_length&quot;:&quot;50&quot;,&quot;iso&quot;:&quot;400&quot;,&quot;shutter_speed&quot;:&quot;0.005&quot;,&quot;title&quot;:&quot;&quot;,&quot;orientation&quot;:&quot;0&quot;}\" data-image-title=\"IMG_9272_900\" data-image-description=\"\" data-image-caption=\"\" data-large-file=\"https:\/\/i0.wp.com\/deltaimage.de\/wp\/wp-content\/uploads\/IMG_9272_900.jpg?fit=890%2C593&amp;ssl=1\" class=\"wp-image-49740 size-full\" src=\"https:\/\/i0.wp.com\/deltaimage.de\/wp\/wp-content\/uploads\/IMG_9272_900.jpg?resize=890%2C593&#038;ssl=1\" alt=\"\" width=\"890\" height=\"593\" srcset=\"https:\/\/i0.wp.com\/deltaimage.de\/wp\/wp-content\/uploads\/IMG_9272_900.jpg?w=890&amp;ssl=1 890w, https:\/\/i0.wp.com\/deltaimage.de\/wp\/wp-content\/uploads\/IMG_9272_900.jpg?resize=300%2C200&amp;ssl=1 300w, https:\/\/i0.wp.com\/deltaimage.de\/wp\/wp-content\/uploads\/IMG_9272_900.jpg?resize=600%2C400&amp;ssl=1 600w, https:\/\/i0.wp.com\/deltaimage.de\/wp\/wp-content\/uploads\/IMG_9272_900.jpg?resize=200%2C133&amp;ssl=1 200w\" sizes=\"auto, (max-width: 890px) 100vw, 890px\" \/><p id=\"caption-attachment-49740\" class=\"wp-caption-text\">Details der Mikrofotografie im Bl\u00fctenkelch einer Bl\u00fcte der Sibirischen Schwertlilie mit den Staubbl\u00e4ttern oder Staubf\u00e4den mit dem Bl\u00fctenstaub im Abbildungsma\u00dfstab von etwa 6:1 (6x) in meinem heimischen Garten.<\/p><\/div>\n<p>&nbsp;<\/p>\n<p>Die Kombination aus <strong>Canon EOS-EF<\/strong> und <strong>OLYMPUS OM-System<\/strong> hat ganz hervorragend geklappt, ich bin begeistert. In der Mikrofotografie besteht die Fotografie in vielen Elementen aus manuellen Einstellungen, da die Automatiken bei diesen besonderen Anforderungen nur noch mit starken Einschr\u00e4nkungen funktionieren. Das ist nicht weiter schlimm, das erm\u00f6glicht ja gerade eine Kombination von fotografischen Systemen, die nie f\u00fcr eine Zusammenarbeit gedacht waren.<\/p>\n<p>&nbsp;<\/p>\n<h2>In der Mikrofotografie ist so manches fotografisch ganz anders<\/h2>\n<p>Die Fotografie unterliegt den gleichen Regeln und Gesetzm\u00e4\u00dfigkeiten der technischen Optik als im Fernbereich, die Auswirkungen und Konsequenzen sind jedoch fotografisch bedeutend und k\u00f6nnen das Ergebnis auch sehr schnell aufw\u00e4ndig und schwierig machen.<\/p>\n<ul>\n<li><strong>Sch\u00e4rfentiefe<\/strong><br \/>\nDie optischen Abbildungsgesetze bedingen bei Abbildungsma\u00dfst\u00e4ben gr\u00f6\u00dfer als 1:1, dass die verf\u00fcgbare Sch\u00e4rfentiefe immer geringer wird. Der vordere Sch\u00e4rfepunkt und der hintere Sch\u00e4rfepunkt liegen dann unter einem Millimeter weit auseinander. Bei noch gr\u00f6\u00dferen Abbildungsma\u00dfst\u00e4ben ist die Sch\u00e4rfentiefe nur noch Bruchteile eines Millimeters gro\u00df.<\/li>\n<li><strong>Beugungsunsch\u00e4rfen<\/strong><br \/>\nIn diesen kleinen Dimensionen tritt ein optischer Effekt der Beugung immer mehr bildwirksam zu Tage, je st\u00e4rker das Objektiv abgeblendet wird und je gr\u00f6\u00dfer der Abbildungsma\u00dfstab ist. Dann bringt ein weiteres Abblenden etwas mehr Sch\u00e4rfentiefe, wird aber durch die zunehmende Unsch\u00e4rfe durch die Beugung immer weniger ein nutzbares Bild.<\/li>\n<li><strong>effektive Blende<\/strong><br \/>\nIn der normalen Fotografie arbeiten die Fotografen mit Blenden zwischen 1:1,2 und 1:32. In der Microfotografie ist die effektive Blende durch den Abbildungsma\u00dfstab und den zunehmenden Objektivauszug zus\u00e4tzlich beeinflusst und liegt jenseits von 1:50 bis 1:200. Entsprechend wenig Licht kommt auf dem Sensor oder dem Film an. Die effektive Blende begrenzt das nutzbare Abblenden des Objektivs in extremen Abbildungsma\u00dfst\u00e4ben. Die hohe effektive Blendenzahl f\u00fchrt auch zu einer sehr sichtbaren Abbildung von allem Staub auf dem Bildsensor im sp\u00e4teren Bild. Da hilft nur, mit \u00e4u\u00dferster Sauberkeit in der Mikrofotografie vorzugehen.<\/li>\n<li><strong>ganz wenig Licht<\/strong><br \/>\nDie kleinen effektiven Blenden bedingen ganz wenig nutzbares Licht in der fotografischen Belichtung, entsprechend lang sind die Belichtungszeiten. Damit ist eine Abbildung ohne Verwackelungsunsch\u00e4rfen immer schwieriger zu erreichen, denn bereits kleinste Ersch\u00fctterungen im Boden werden entsprechend optisch vergr\u00f6\u00dfert bildwirksam. Ein Ausweg ist die Verwendung von Blitzlicht mit entsprechend kurzen Blitzzeiten.<\/li>\n<li><strong>Arbeitsabst\u00e4nde<br \/>\n<\/strong>Die verf\u00fcgbaren Arbeitsabst\u00e4nde zwischen dem Objekt und dem Objektiv ist sehr gering, meist nur 30-40 mm. Manchmal zu wenig und das ben\u00f6tigte Licht in einer passenden Form an dem Objektiv vorbei auf das Objekt zu leiten. Da sind im Makro- und speziell im Mikrobereich spezielle Beleuchtungstechniken mit einer speziellen Ausr\u00fcstung sinnvoll.<\/li>\n<li><strong>Pr\u00e4zises und sorgf\u00e4ltiges Arbeiten<\/strong><br \/>\nSchnell und mal so funktioniert in der Mikrofotografie eigentlich gar nicht. Viel Geduld und ein wohl\u00fcberlegtes Vorgehen sind angesagt, damit das Bildergebnis den W\u00fcnschen auch entsprechen kann.<\/li>\n<\/ul>\n","protected":false},"excerpt":{"rendered":"<p>Was zeigt das Titelbild? Ist das Titelbild eine normale Fotografie oder schon eine Nahaufnahme? Oder ist das eine viel gr\u00f6\u00dfere Makroaufnahme oder schon etwa eine extreme Makroaufnahme &#8211; eine Microfotografie? [&hellip;]<\/p>\n","protected":false},"author":1,"featured_media":49712,"comment_status":"open","ping_status":"closed","sticky":false,"template":"","format":"standard","meta":{"wpupg_custom_link":[],"wpupg_custom_link_behaviour":["default"],"wpupg_custom_link_nofollow":["default"],"wpupg_custom_image":[],"wpupg_custom_image_id":[],"jetpack_post_was_ever_published":false,"footnotes":""},"categories":[610,3217,8],"tags":[4265,4266,87,4267,89,2309,4264,88,4268],"class_list":["post-49711","post","type-post","status-publish","format-standard","has-post-thumbnail","hentry","category-kameratechnik","category-naturfotografie","category-news","tag-abbildungsmassstab","tag-bildgroesse","tag-fotografie","tag-gegenstandsgroesse","tag-landschaft","tag-makrofotografie","tag-mikrofotografie","tag-natur","tag-vergroesserung"],"jetpack_featured_media_url":"https:\/\/i0.wp.com\/deltaimage.de\/wp\/wp-content\/uploads\/PE5D8850_1200.jpg?fit=1200%2C450&ssl=1","jetpack-related-posts":[{"id":11693,"url":"https:\/\/deltaimage.de\/wp\/?p=11693","url_meta":{"origin":49711,"position":0},"title":"Foto Walk in den Leiten (Klamm) des Bayerischen Waldes &#8211; Landschaftsfotografie der langsamen Art","author":"EschbacP","date":"22. Juli 2016","format":false,"excerpt":"Bei sch\u00f6nem Wetter gibt es fast nichts sch\u00f6neres als auf den Gipfeln des Bayerischen Waldes zu stehen und die grenzenlose Weite der W\u00e4lder im bayerisch - b\u00f6hmischen Grenzgebirge zu sehen und zu fotografieren. Von den Gipfeln ohne Bergbahn, wie dem Falkenstein oder dem Osser kann man in den T\u00e4lern nur\u2026","rel":"","context":"In &quot;BAYERWALDTEAM&quot;","block_context":{"text":"BAYERWALDTEAM","link":"https:\/\/deltaimage.de\/wp\/?cat=861"},"img":{"alt_text":"","src":"https:\/\/i0.wp.com\/deltaimage.de\/wp\/wp-content\/uploads\/IMG_4093_1200.jpg?fit=1200%2C450&ssl=1&resize=350%2C200","width":350,"height":200,"srcset":"https:\/\/i0.wp.com\/deltaimage.de\/wp\/wp-content\/uploads\/IMG_4093_1200.jpg?fit=1200%2C450&ssl=1&resize=350%2C200 1x, https:\/\/i0.wp.com\/deltaimage.de\/wp\/wp-content\/uploads\/IMG_4093_1200.jpg?fit=1200%2C450&ssl=1&resize=525%2C300 1.5x, https:\/\/i0.wp.com\/deltaimage.de\/wp\/wp-content\/uploads\/IMG_4093_1200.jpg?fit=1200%2C450&ssl=1&resize=700%2C400 2x, https:\/\/i0.wp.com\/deltaimage.de\/wp\/wp-content\/uploads\/IMG_4093_1200.jpg?fit=1200%2C450&ssl=1&resize=1050%2C600 3x"},"classes":[]},{"id":49979,"url":"https:\/\/deltaimage.de\/wp\/?p=49979","url_meta":{"origin":49711,"position":1},"title":"Landschaftsfotografie &#8211; Nahbereich &#8211; Makro &#8211; Micro","author":"EschbacP","date":"1. August 2025","format":false,"excerpt":"Die Natur h\u00e4lt an jedem Tag f\u00fcr jeden von uns tausende \u00dcberraschungen und ebensoviele R\u00e4tsel bereit, wir machen uns nur oft nicht einmal die M\u00fche, sie sehen zu wollen. Jenseits der von uns wahrgenommenen Welt, die uns umgibt, steckt die Natur voller \u00dcberraschungen in den unz\u00e4hligen Details. Wir betrachten die\u2026","rel":"","context":"In &quot;Fotografie&quot;","block_context":{"text":"Fotografie","link":"https:\/\/deltaimage.de\/wp\/?cat=848"},"img":{"alt_text":"","src":"https:\/\/i0.wp.com\/deltaimage.de\/wp\/wp-content\/uploads\/IMG_9731_1200.jpg?fit=1200%2C450&ssl=1&resize=350%2C200","width":350,"height":200,"srcset":"https:\/\/i0.wp.com\/deltaimage.de\/wp\/wp-content\/uploads\/IMG_9731_1200.jpg?fit=1200%2C450&ssl=1&resize=350%2C200 1x, https:\/\/i0.wp.com\/deltaimage.de\/wp\/wp-content\/uploads\/IMG_9731_1200.jpg?fit=1200%2C450&ssl=1&resize=525%2C300 1.5x, https:\/\/i0.wp.com\/deltaimage.de\/wp\/wp-content\/uploads\/IMG_9731_1200.jpg?fit=1200%2C450&ssl=1&resize=700%2C400 2x, https:\/\/i0.wp.com\/deltaimage.de\/wp\/wp-content\/uploads\/IMG_9731_1200.jpg?fit=1200%2C450&ssl=1&resize=1050%2C600 3x"},"classes":[]},{"id":54537,"url":"https:\/\/deltaimage.de\/wp\/?p=54537","url_meta":{"origin":49711,"position":2},"title":"Naturfototage F\u00fcrstenfeld: WorkshopteilnehmerInnen &#8222;Natur im Niedermoor&#8220; im Moos","author":"EschbacP","date":"28. April 2026","format":false,"excerpt":"Mit neun TeilnehmerInnen im Workshop \u00bbNatur im Niedermoor\u00ab war ich am letzten Freitag im Maisacher Moos fotografisch unterwegs. Im Rahmen der 28. Internationalen Naturfototage F\u00fcrstenfeld kommen viele Interessierte der Natur- und Landschaftsfotografie auf dieser gr\u00f6\u00dften Fotoveranstaltung in S\u00fcddeutschland zusammen. Seit vielen Jahren f\u00fchre ich Fotoworkshops in die Natur hinaus und\u2026","rel":"","context":"In &quot;Dachauer Land&quot;","block_context":{"text":"Dachauer Land","link":"https:\/\/deltaimage.de\/wp\/?cat=3010"},"img":{"alt_text":"","src":"https:\/\/i0.wp.com\/deltaimage.de\/wp\/wp-content\/uploads\/PED41594_1200.jpg?fit=1200%2C450&ssl=1&resize=350%2C200","width":350,"height":200,"srcset":"https:\/\/i0.wp.com\/deltaimage.de\/wp\/wp-content\/uploads\/PED41594_1200.jpg?fit=1200%2C450&ssl=1&resize=350%2C200 1x, https:\/\/i0.wp.com\/deltaimage.de\/wp\/wp-content\/uploads\/PED41594_1200.jpg?fit=1200%2C450&ssl=1&resize=525%2C300 1.5x, https:\/\/i0.wp.com\/deltaimage.de\/wp\/wp-content\/uploads\/PED41594_1200.jpg?fit=1200%2C450&ssl=1&resize=700%2C400 2x, https:\/\/i0.wp.com\/deltaimage.de\/wp\/wp-content\/uploads\/PED41594_1200.jpg?fit=1200%2C450&ssl=1&resize=1050%2C600 3x"},"classes":[]},{"id":35051,"url":"https:\/\/deltaimage.de\/wp\/?p=35051","url_meta":{"origin":49711,"position":3},"title":"Regen im Wald &#8211; &#8222;Gro\u00dftiere&#8220; im Bayerischen Wald als Fotomotiv","author":"EschbacP","date":"13. Juli 2022","format":false,"excerpt":"Auch in der sch\u00f6nsten Fotoreise in den Bayerischen Wald kann es einmal (Gott sei Dank) regnen und die Landschaftsfotografie ist deutlich eingeschr\u00e4nkt. So auch bei unserem Ausflug auf den Lusen, an einem Nachmittag beginnt es zu regnen - wir entscheiden uns trotzdem (oder genau deswegen) das Schutzhaus am Gipfel zu\u2026","rel":"","context":"In &quot;BAYERWALDTEAM&quot;","block_context":{"text":"BAYERWALDTEAM","link":"https:\/\/deltaimage.de\/wp\/?cat=861"},"img":{"alt_text":"","src":"https:\/\/i0.wp.com\/deltaimage.de\/wp\/wp-content\/uploads\/PE5D4095_1200.jpg?fit=1200%2C450&ssl=1&resize=350%2C200","width":350,"height":200,"srcset":"https:\/\/i0.wp.com\/deltaimage.de\/wp\/wp-content\/uploads\/PE5D4095_1200.jpg?fit=1200%2C450&ssl=1&resize=350%2C200 1x, https:\/\/i0.wp.com\/deltaimage.de\/wp\/wp-content\/uploads\/PE5D4095_1200.jpg?fit=1200%2C450&ssl=1&resize=525%2C300 1.5x, https:\/\/i0.wp.com\/deltaimage.de\/wp\/wp-content\/uploads\/PE5D4095_1200.jpg?fit=1200%2C450&ssl=1&resize=700%2C400 2x, https:\/\/i0.wp.com\/deltaimage.de\/wp\/wp-content\/uploads\/PE5D4095_1200.jpg?fit=1200%2C450&ssl=1&resize=1050%2C600 3x"},"classes":[]},{"id":54436,"url":"https:\/\/deltaimage.de\/wp\/?p=54436","url_meta":{"origin":49711,"position":4},"title":"28. Naturfototage F\u00fcrstenfeld: Das Mekka der Naturfotografie in S\u00fcddeutschland","author":"EschbacP","date":"27. April 2026","format":false,"excerpt":"Das letzte Aprilwochenende 2026 stand in F\u00fcrstenfeldbruck auf dem Forumsgel\u00e4nde F\u00fcrstenfeld ganz im Zeichen der Landschafts- und Naturfotografie. Die 28. Auflage der Naturfototage war wieder einmal ein Treffpunkt und Austausch zwischen Fotografen-Amateuren und den bekannten Profis der Fotobranche vor der malerischen Kulisse des ehemaligen Klosters F\u00fcrstenfeld. Neben den atemberaubenden Bildern\u2026","rel":"","context":"In &quot;Fotografie&quot;","block_context":{"text":"Fotografie","link":"https:\/\/deltaimage.de\/wp\/?cat=848"},"img":{"alt_text":"","src":"https:\/\/i0.wp.com\/deltaimage.de\/wp\/wp-content\/uploads\/1777309207336_1200.jpg?fit=1200%2C450&ssl=1&resize=350%2C200","width":350,"height":200,"srcset":"https:\/\/i0.wp.com\/deltaimage.de\/wp\/wp-content\/uploads\/1777309207336_1200.jpg?fit=1200%2C450&ssl=1&resize=350%2C200 1x, https:\/\/i0.wp.com\/deltaimage.de\/wp\/wp-content\/uploads\/1777309207336_1200.jpg?fit=1200%2C450&ssl=1&resize=525%2C300 1.5x, https:\/\/i0.wp.com\/deltaimage.de\/wp\/wp-content\/uploads\/1777309207336_1200.jpg?fit=1200%2C450&ssl=1&resize=700%2C400 2x, https:\/\/i0.wp.com\/deltaimage.de\/wp\/wp-content\/uploads\/1777309207336_1200.jpg?fit=1200%2C450&ssl=1&resize=1050%2C600 3x"},"classes":[]},{"id":52345,"url":"https:\/\/deltaimage.de\/wp\/?p=52345","url_meta":{"origin":49711,"position":5},"title":"Foto-Ausstellung in Bergkirchen: Palsweiser Moos im Maisacher Moos &#8211; Paul Eschbach &#8211; 17.10.2025 &#8211; 13.2.2026","author":"EschbacP","date":"12. September 2025","format":false,"excerpt":"Wo ist das Maisacher Moos heute noch zu finden? \u00a0 Eine Foto-Ausstellung in Bergkirchen, in den R\u00e4umen der Volkshochschule VHS Bergkirchen, \u00fcber die fotografischen Sch\u00f6nheiten in der Niedermoor-Landschaft im Palsweiser Moos - dem Dachauer Teil des Maisacher Mooses; von und mit dem Dachauer Fotografen Paul Eschbach. Pr\u00e4sentiert von der Gemeinde\u2026","rel":"","context":"In &quot;Dachauer Land&quot;","block_context":{"text":"Dachauer Land","link":"https:\/\/deltaimage.de\/wp\/?cat=3010"},"img":{"alt_text":"","src":"https:\/\/i0.wp.com\/deltaimage.de\/wp\/wp-content\/uploads\/Plakat_Bergkirchen_Ausstellung-1200.jpg?fit=1200%2C450&ssl=1&resize=350%2C200","width":350,"height":200,"srcset":"https:\/\/i0.wp.com\/deltaimage.de\/wp\/wp-content\/uploads\/Plakat_Bergkirchen_Ausstellung-1200.jpg?fit=1200%2C450&ssl=1&resize=350%2C200 1x, https:\/\/i0.wp.com\/deltaimage.de\/wp\/wp-content\/uploads\/Plakat_Bergkirchen_Ausstellung-1200.jpg?fit=1200%2C450&ssl=1&resize=525%2C300 1.5x, https:\/\/i0.wp.com\/deltaimage.de\/wp\/wp-content\/uploads\/Plakat_Bergkirchen_Ausstellung-1200.jpg?fit=1200%2C450&ssl=1&resize=700%2C400 2x, https:\/\/i0.wp.com\/deltaimage.de\/wp\/wp-content\/uploads\/Plakat_Bergkirchen_Ausstellung-1200.jpg?fit=1200%2C450&ssl=1&resize=1050%2C600 3x"},"classes":[]}],"jetpack_sharing_enabled":true,"_links":{"self":[{"href":"https:\/\/deltaimage.de\/wp\/index.php?rest_route=\/wp\/v2\/posts\/49711","targetHints":{"allow":["GET"]}}],"collection":[{"href":"https:\/\/deltaimage.de\/wp\/index.php?rest_route=\/wp\/v2\/posts"}],"about":[{"href":"https:\/\/deltaimage.de\/wp\/index.php?rest_route=\/wp\/v2\/types\/post"}],"author":[{"embeddable":true,"href":"https:\/\/deltaimage.de\/wp\/index.php?rest_route=\/wp\/v2\/users\/1"}],"replies":[{"embeddable":true,"href":"https:\/\/deltaimage.de\/wp\/index.php?rest_route=%2Fwp%2Fv2%2Fcomments&post=49711"}],"version-history":[{"count":38,"href":"https:\/\/deltaimage.de\/wp\/index.php?rest_route=\/wp\/v2\/posts\/49711\/revisions"}],"predecessor-version":[{"id":51875,"href":"https:\/\/deltaimage.de\/wp\/index.php?rest_route=\/wp\/v2\/posts\/49711\/revisions\/51875"}],"wp:featuredmedia":[{"embeddable":true,"href":"https:\/\/deltaimage.de\/wp\/index.php?rest_route=\/wp\/v2\/media\/49712"}],"wp:attachment":[{"href":"https:\/\/deltaimage.de\/wp\/index.php?rest_route=%2Fwp%2Fv2%2Fmedia&parent=49711"}],"wp:term":[{"taxonomy":"category","embeddable":true,"href":"https:\/\/deltaimage.de\/wp\/index.php?rest_route=%2Fwp%2Fv2%2Fcategories&post=49711"},{"taxonomy":"post_tag","embeddable":true,"href":"https:\/\/deltaimage.de\/wp\/index.php?rest_route=%2Fwp%2Fv2%2Ftags&post=49711"}],"curies":[{"name":"wp","href":"https:\/\/api.w.org\/{rel}","templated":true}]}}