{"id":49979,"date":"2025-08-01T17:59:08","date_gmt":"2025-08-01T15:59:08","guid":{"rendered":"https:\/\/deltaimage.de\/wp\/?p=49979"},"modified":"2025-08-05T16:48:24","modified_gmt":"2025-08-05T14:48:24","slug":"landschaftsfotografie-nahbereich-makro-micro","status":"publish","type":"post","link":"https:\/\/deltaimage.de\/wp\/?p=49979","title":{"rendered":"Landschaftsfotografie &#8211; Nahbereich &#8211; Makro &#8211; Micro"},"content":{"rendered":"<p>Die Natur h\u00e4lt an jedem Tag f\u00fcr jeden von uns tausende \u00dcberraschungen und ebensoviele R\u00e4tsel bereit, wir machen uns nur oft nicht einmal die M\u00fche, sie sehen zu wollen. Jenseits der von uns wahrgenommenen Welt, die uns umgibt, steckt die Natur voller \u00dcberraschungen in den unz\u00e4hligen Details. Wir betrachten die Welt meist nur aus einer normalen Entfernung und Perspektive heraus \u2013 ich nenne sie einmal:<\/p>\n<p>&nbsp;<\/p>\n<blockquote>\n<pre>Ist das schon ein volles Bildnis von unserer Welt und unserer Natur?<\/pre>\n<\/blockquote>\n<div class=\"su-row\"><div class=\"su-column su-column-size-1-2\"><div class=\"su-column-inner su-u-clearfix su-u-trim\">\n<h2><strong>\u201eNormale Entfernung Landschaftsfotografie.\u201c<\/strong><\/h2>\n<p>Die Medien \u00fcberschwemmen uns dauernd mit tausenden und Millionen von Bildern mit dieser Perspektive eines Smartphones.\u00a0Gehen wir doch einmal deutlich n\u00e4her an die Natur heran, um auch Details erkennen zu k\u00f6nnen und um aus der Oberfl\u00e4chlichkeit abzutauchen. Auch mit der Kamera ist das meist m\u00f6glich, nahezu alle Objektive erm\u00f6glichen eine Naheinstellung mit einem Abbildungsma\u00dfstab von 1:10 (0.1x).<\/p>\n<\/div><\/div><div class=\"su-column su-column-size-1-2\"><div class=\"su-column-inner su-u-clearfix su-u-trim\">\n<h2><strong>\u201eNahbereich\"<\/strong><\/h2>\n<p>Erste Details und Elemente der Natur k\u00f6nnen wir erkennen und auch fotografieren, das ist aber noch bei weitem nicht alles. Viel weiter drin stecken noch so viel mehr Details, die man auch erforschen und entdecken kann.<\/p>\n<\/div><\/div><\/div>\n<div class=\"su-row\"><div class=\"su-column su-column-size-1-2\"><div class=\"su-column-inner su-u-clearfix su-u-trim\">\n<h2><strong>\u201eMakro-Bereich\u201c<\/strong><\/h2>\n<p>Die ersten Strukturen l\u00f6sen sich in immer mehr Details auf, die Farben und Strukturen werden erkennbar und k\u00f6nnen die BetrachterIn genauso faszinieren wie die FotografIn selbst.<\/p>\n<\/div><\/div><div class=\"su-column su-column-size-1-2\"><div class=\"su-column-inner su-u-clearfix su-u-trim\">\n<h2><strong>\u201eMicro-Bereich\u201c<\/strong><\/h2>\n<p>Auch da ist noch nicht Schluss. Ein jedes bislang erkannte Element besitzt wiederum eine Struktur und einen Aufbau als eine kleine Welt f\u00fcr sich. Gehen wir mit der richtigen Technik immer noch n\u00e4her heran, sehen wir eine Welt hinter der gerade noch gesehenen Welt. Das ist der Bauplan der Natur\u00a0\u2013 es geht immer weiter und weiter.<\/p>\n<\/div><\/div> <\/div>\n<p><!--more--><\/p>\n<p><img data-recalc-dims=\"1\" loading=\"lazy\" decoding=\"async\" data-attachment-id=\"50022\" data-permalink=\"https:\/\/deltaimage.de\/wp\/?attachment_id=50022#main\" data-orig-file=\"https:\/\/i0.wp.com\/deltaimage.de\/wp\/wp-content\/uploads\/capture000193_900.jpg?fit=890%2C593&amp;ssl=1\" data-orig-size=\"890,593\" data-comments-opened=\"1\" data-image-meta=\"{&quot;aperture&quot;:&quot;2&quot;,&quot;credit&quot;:&quot;PAUL ESCHBACH&quot;,&quot;camera&quot;:&quot;Canon EOS 80D&quot;,&quot;caption&quot;:&quot;&quot;,&quot;created_timestamp&quot;:&quot;1753546612&quot;,&quot;copyright&quot;:&quot;Paul Eschbach @ DELTA IMAGE&quot;,&quot;focal_length&quot;:&quot;50&quot;,&quot;iso&quot;:&quot;100&quot;,&quot;shutter_speed&quot;:&quot;0.004&quot;,&quot;title&quot;:&quot;&quot;,&quot;orientation&quot;:&quot;0&quot;}\" data-image-title=\"capture000193_900\" data-image-description=\"\" data-image-caption=\"\" data-large-file=\"https:\/\/i0.wp.com\/deltaimage.de\/wp\/wp-content\/uploads\/capture000193_900.jpg?fit=890%2C593&amp;ssl=1\" class=\"size-full wp-image-50022 aligncenter\" src=\"https:\/\/i0.wp.com\/deltaimage.de\/wp\/wp-content\/uploads\/capture000193_900.jpg?resize=890%2C593&#038;ssl=1\" alt=\"\" width=\"890\" height=\"593\" srcset=\"https:\/\/i0.wp.com\/deltaimage.de\/wp\/wp-content\/uploads\/capture000193_900.jpg?w=890&amp;ssl=1 890w, https:\/\/i0.wp.com\/deltaimage.de\/wp\/wp-content\/uploads\/capture000193_900.jpg?resize=300%2C200&amp;ssl=1 300w, https:\/\/i0.wp.com\/deltaimage.de\/wp\/wp-content\/uploads\/capture000193_900.jpg?resize=600%2C400&amp;ssl=1 600w, https:\/\/i0.wp.com\/deltaimage.de\/wp\/wp-content\/uploads\/capture000193_900.jpg?resize=200%2C133&amp;ssl=1 200w\" sizes=\"auto, (max-width: 890px) 100vw, 890px\" \/><\/p>\n<p>Dieses Bild des Fl\u00fcgels eines Schmetterlings ist schon ein sehr abstraktes Bildmotiv in der Natur. Losgel\u00f6st von jedem Kontext zeigen sich vorwiegend nur noch die fotografischen Basiselemente:<\/p>\n<ul>\n<li>Licht und Schatten<\/li>\n<li>Farben<\/li>\n<li>Linien<\/li>\n<li>Strukturen<\/li>\n<li>Muster<\/li>\n<li>Kontraste<\/li>\n<li>Wiederholungen<\/li>\n<\/ul>\n<p>F\u00fcrwahr, eine vollkommen andere und neue Welt wird ersichtlich. Und das nur weil wir mit der richtigen Technik einfach nur immer n\u00e4her an den Fl\u00fcgel des Schmetterlings herangetreten sind und damit sich der Blick auf ebendiese Details ge\u00f6ffnet hat.<\/p>\n<p>Da will ich Sie mitnehmen und diesen spannenden Weg in diesem und in folgenden Beitr\u00e4gen einmal gehen.<\/p>\n<blockquote>\n<pre>Augen auf\u00a0\u2013 jetzt kommen die Details in der Natur!<\/pre>\n<\/blockquote>\n<p><!--more--><\/p>\n<p>&nbsp;<\/p>\n<h2>Was sind die fotografischen Unterschiede zwischen diesen vier unterschiedlichen Entfernungsbereichen?<\/h2>\n<p>Einer der bekanntesten <strong>Tagfalter<\/strong> in Bayern ist vermutlich als ein Vertreter der Edelfalter das <strong>Tagpfauenauge<\/strong> (<strong>Schmetterling<\/strong>). Er ist h\u00e4ufig anzutreffen und seine farbenfrohe Gestalt l\u00e4sst ihn auch sehr leicht erkennen und bestimmen. In diesem Beitrag m\u00f6chte ich den so bekannten <strong>Schmetterling<\/strong> in vollkommen verschiedenen Bildmotiven fotografieren. Sehen wir einmal, wie sich die Sicht auf den <strong>Schmetterling<\/strong> dabei ver\u00e4ndert.<\/p>\n<p>Das ausgewachsene <strong>Tagpfauenauge<\/strong> an meinem <strong>Sommerfliederbaum<\/strong>, der auch als <strong>Schmetterlingsflieder<\/strong> bezeichnet wird. Von Mai bis Oktober ist das <strong>Tagpfauenauge<\/strong> in der Landschaft aktiv und kann sich besonders auf die modernen Formen der Landwirtschaft gut anpassen, da stickstoffreiche B\u00f6den das Wachstum der Wirtspflanze <strong>Brennnessel<\/strong> f\u00f6rdert.<\/p>\n<p>&nbsp;<\/p>\n<div class=\"su-row\"><div class=\"su-column su-column-size-1-2\"><div class=\"su-column-inner su-u-clearfix su-u-trim\">\n<h2><img data-recalc-dims=\"1\" loading=\"lazy\" decoding=\"async\" data-attachment-id=\"49981\" data-permalink=\"https:\/\/deltaimage.de\/wp\/?attachment_id=49981#main\" data-orig-file=\"https:\/\/i0.wp.com\/deltaimage.de\/wp\/wp-content\/uploads\/PE1S1201_900.jpg?fit=890%2C593&amp;ssl=1\" data-orig-size=\"890,593\" data-comments-opened=\"1\" data-image-meta=\"{&quot;aperture&quot;:&quot;6.3&quot;,&quot;credit&quot;:&quot;Paul Eschbach&quot;,&quot;camera&quot;:&quot;Canon EOS-1Ds Mark III&quot;,&quot;caption&quot;:&quot;&quot;,&quot;created_timestamp&quot;:&quot;1567339965&quot;,&quot;copyright&quot;:&quot;&quot;,&quot;focal_length&quot;:&quot;100&quot;,&quot;iso&quot;:&quot;800&quot;,&quot;shutter_speed&quot;:&quot;0.005&quot;,&quot;title&quot;:&quot;&quot;,&quot;orientation&quot;:&quot;0&quot;}\" data-image-title=\"PE1S1201_900\" data-image-description=\"\" data-image-caption=\"\" data-large-file=\"https:\/\/i0.wp.com\/deltaimage.de\/wp\/wp-content\/uploads\/PE1S1201_900.jpg?fit=890%2C593&amp;ssl=1\" class=\"aligncenter size-full wp-image-49981\" src=\"https:\/\/i0.wp.com\/deltaimage.de\/wp\/wp-content\/uploads\/PE1S1201_900.jpg?resize=890%2C593&#038;ssl=1\" alt=\"\" width=\"890\" height=\"593\" srcset=\"https:\/\/i0.wp.com\/deltaimage.de\/wp\/wp-content\/uploads\/PE1S1201_900.jpg?w=890&amp;ssl=1 890w, https:\/\/i0.wp.com\/deltaimage.de\/wp\/wp-content\/uploads\/PE1S1201_900.jpg?resize=300%2C200&amp;ssl=1 300w, https:\/\/i0.wp.com\/deltaimage.de\/wp\/wp-content\/uploads\/PE1S1201_900.jpg?resize=600%2C400&amp;ssl=1 600w, https:\/\/i0.wp.com\/deltaimage.de\/wp\/wp-content\/uploads\/PE1S1201_900.jpg?resize=200%2C133&amp;ssl=1 200w\" sizes=\"auto, (max-width: 890px) 100vw, 890px\" \/><\/h2>\n<h2>Normale Entfernungen - Landschaftsfotografie<\/h2>\n<blockquote><p><em>In der weiten Landschaft entdeckt die Fotografie eine wundersch\u00f6ne Raupe und kann diese in der Form und der Struktur abbilden. Weitere Details sind kaum ersichtlich, aber daf\u00fcr ist der Kontext ersichtlich\u00a0\u2013 hier die Brennnesselstaude als Fress- und Wirtspflanze der Raupe. <\/em><\/p><\/blockquote>\n<p>Das Tagpfauenauge (Schmetterling) als Raupe auf Brennnessel-Bl\u00e4ttern: Besonders eindrucksvoll, ist das Tagpfauenauge bereits als Raupe, \u00e4u\u00dferst eindrucksvoll in der tiefschwarzen Gestalt mit den eleganten wei\u00dfen Punkten und Dornen am ganzen K\u00f6rper. Die Raupen sch\u00fctzen sich auch durch ihren bevorzugten Fressplatz, die Brennnesselstauden. Da hat es jede FotografIn und jeder Fotograf schon etwas schwerer, nahe genug an die Tiere heranzukommen, um sie in der Gr\u00f6\u00dfe von mehreren Zentimetern entsprechend abbilden zu k\u00f6nnen. Im Raupenstadium k\u00f6nnen die Raupen nicht davonfliegen und sind auch nicht besonders schnell in der Flucht\u00a0\u2013 alles gute Voraussetzungen zum Fotografieren. Dazu ist eigentlich nichts Besonderes erforderlich.<\/p>\n<p><strong>In den normalen Entfernungen und fotografischen Abbildungsma\u00dfst\u00e4ben:<\/strong><\/p>\n<ul>\n<li><strong> verh\u00e4lt sich die Fotografie so wie gewohnt<\/strong><\/li>\n<li><strong>typische Kameras aller Typen und Konstruktionen<\/strong><\/li>\n<li><strong>mit allen Objektiven<\/strong><\/li>\n<\/ul>\n<p>In diesem Entfernungsbereich werden die meisten der fast 5 Milliarden Fotos pro Tag weltweit aufgenommen und umfasst damit alle Motivbereiche und Fotogenres der Menschheit. Nur wenige Fotos werden einen gr\u00f6\u00dferen Abbildungsma\u00dfstab aufweisen und die Sicht auf unsere Welt und die Natur weiter vertiefen, indem sich die FotografIn noch mehr auf die Details in dem Bildmotiv fokussieren wird.<\/p>\n<blockquote>\n<pre>Details und einzelne Elemente der Natur sind\r\ngr\u00f6\u00dftenteils nur als ganzes Objekt im Bild zu \r\nerkennen. Details sind nicht erkennbar.<\/pre>\n<\/blockquote>\n<\/div><\/div> <div class=\"su-column su-column-size-1-2\"><div class=\"su-column-inner su-u-clearfix su-u-trim\">\n<h2><img data-recalc-dims=\"1\" loading=\"lazy\" decoding=\"async\" data-attachment-id=\"49976\" data-permalink=\"https:\/\/deltaimage.de\/wp\/?attachment_id=49976#main\" data-orig-file=\"https:\/\/i0.wp.com\/deltaimage.de\/wp\/wp-content\/uploads\/PE1X0713_900.jpg?fit=890%2C593&amp;ssl=1\" data-orig-size=\"890,593\" data-comments-opened=\"1\" data-image-meta=\"{&quot;aperture&quot;:&quot;9&quot;,&quot;credit&quot;:&quot;Paul Eschbach&quot;,&quot;camera&quot;:&quot;Canon EOS-1D X Mark II&quot;,&quot;caption&quot;:&quot;&quot;,&quot;created_timestamp&quot;:&quot;1752317003&quot;,&quot;copyright&quot;:&quot;DELTA IMAGE www.deltaimage.de&quot;,&quot;focal_length&quot;:&quot;180&quot;,&quot;iso&quot;:&quot;250&quot;,&quot;shutter_speed&quot;:&quot;0.004&quot;,&quot;title&quot;:&quot;&quot;,&quot;orientation&quot;:&quot;0&quot;}\" data-image-title=\"PE1X0713_900\" data-image-description=\"\" data-image-caption=\"\" data-large-file=\"https:\/\/i0.wp.com\/deltaimage.de\/wp\/wp-content\/uploads\/PE1X0713_900.jpg?fit=890%2C593&amp;ssl=1\" class=\"aligncenter size-full wp-image-49976\" src=\"https:\/\/i0.wp.com\/deltaimage.de\/wp\/wp-content\/uploads\/PE1X0713_900.jpg?resize=890%2C593&#038;ssl=1\" alt=\"\" width=\"890\" height=\"593\" srcset=\"https:\/\/i0.wp.com\/deltaimage.de\/wp\/wp-content\/uploads\/PE1X0713_900.jpg?w=890&amp;ssl=1 890w, https:\/\/i0.wp.com\/deltaimage.de\/wp\/wp-content\/uploads\/PE1X0713_900.jpg?resize=300%2C200&amp;ssl=1 300w, https:\/\/i0.wp.com\/deltaimage.de\/wp\/wp-content\/uploads\/PE1X0713_900.jpg?resize=600%2C400&amp;ssl=1 600w, https:\/\/i0.wp.com\/deltaimage.de\/wp\/wp-content\/uploads\/PE1X0713_900.jpg?resize=200%2C133&amp;ssl=1 200w\" sizes=\"auto, (max-width: 890px) 100vw, 890px\" \/><\/h2>\n<h2>Fotografischer Nahbereich - Abbildungsma\u00dfstab\u00a01:10 (0.1x)<\/h2>\n<blockquote><p><em>Um die Details in der Landschaftsfotografie und der Naturfotografie entdecken zu k\u00f6nnen, muss die FotografIn deutlich n\u00e4her als \u00fcblich an das Objekt herangehen, um es damit gr\u00f6\u00dfer im Bild aufnehmen zu k\u00f6nnen. An dem Schmetterling erkennt man schon scharf und pr\u00e4zise die Gestalt, die Gr\u00f6\u00dfe, die Farben, die Muster und kann damit das Objekt einordnen.<\/em><\/p><\/blockquote>\n<p>Die sehr flugaktiven Schmetterlinge sind auch relativ scheu. Das Fotografieren im Nahbereich der Kameras erfordert keine besonderen Objektive\u00a0\u2013 eigentlich. Im Bereich von Abbildungsma\u00dfst\u00e4ben von etwa 1:10 (0.1x) und gr\u00f6\u00dfer (=n\u00e4her) haben alle moderneren Objektive einen ausreichenden Nahbereich mit einer k\u00fcrzeren Einstellentfernung. Die Herausforderung ist wie so oft in der Fotografie, die fotografische Abbildung mit dem Fluchtverhalten der Tiere in Einklang zu bringen. Daher sind l\u00e4ngere Brennweiten von gro\u00dfem Vorteil. Ein Abstand au\u00dferhalb der Fluchtdistanz erh\u00f6ht die Erfolgsquote an guten Bildern sehr. Da eignen sich die eher weitwinkeligen Smartphones eher weniger, besser sind Objektive mit l\u00e4ngerer Brennweite.<\/p>\n<blockquote>\n<pre>Normale Objektive bezeichnen den Nahbereich.\r\noft mit der Bezeichnung Macro\u00a0\u2013 auch wenn \r\nes nur den Nahbereich umfasst. \r\nKleinere Objekte sind bereits klar zu \r\nerkennen und sind bildwirksam dargestellt, \r\nErste Details treten in dem Bildmotiv \r\nbereits hervor.\r\n\r\n<\/pre>\n<\/blockquote>\n<p><strong>Nahbereich der Fotografie und gr\u00f6\u00dferen fotografischen Abbildungsma\u00dfst\u00e4be:<\/strong><\/p>\n<ul>\n<li><strong>Beginnt beim Abbildungsma\u00dfstab von etwa 1:10 (0.1x) und reicht bis zum Makrobereich und Abbildungsma\u00dfstab 1:2 (0.5x), oder 1:1 (1x),<\/strong><\/li>\n<li><strong>erfordert verk\u00fcrzte Naheinstellgrenzen der Objektive bei vergleichbarer Brennweite,<\/strong><\/li>\n<li><strong>bringt objektivseitige Korrektur von Abbildungsfehlern durch spezielle Optik-Elemente, sog. \u201efloating elements\u201c, mit,<\/strong><\/li>\n<li><strong>er\u00f6ffnet die Sch\u00f6nheit der Bildmotive im Nahbereich unserer Umgebung.<\/strong><\/li>\n<\/ul>\n<\/div><\/div> <\/div>\n<div class=\"su-row\"><div class=\"su-column su-column-size-1-2\"><div class=\"su-column-inner su-u-clearfix su-u-trim\">\n<h2><img data-recalc-dims=\"1\" loading=\"lazy\" decoding=\"async\" data-attachment-id=\"49733\" data-permalink=\"https:\/\/deltaimage.de\/wp\/?attachment_id=49733#main\" data-orig-file=\"https:\/\/i0.wp.com\/deltaimage.de\/wp\/wp-content\/uploads\/PE5D8793_900.jpg?fit=890%2C593&amp;ssl=1\" data-orig-size=\"890,593\" data-comments-opened=\"1\" data-image-meta=\"{&quot;aperture&quot;:&quot;2&quot;,&quot;credit&quot;:&quot;Paul Eschbach&quot;,&quot;camera&quot;:&quot;Canon EOS 5DS R&quot;,&quot;caption&quot;:&quot;&quot;,&quot;created_timestamp&quot;:&quot;1752259465&quot;,&quot;copyright&quot;:&quot;DELTA IMAGE www.deltaimage.de&quot;,&quot;focal_length&quot;:&quot;50&quot;,&quot;iso&quot;:&quot;200&quot;,&quot;shutter_speed&quot;:&quot;0.005&quot;,&quot;title&quot;:&quot;&quot;,&quot;orientation&quot;:&quot;0&quot;}\" data-image-title=\"PE5D8793_900\" data-image-description=\"\" data-image-caption=\"\" data-large-file=\"https:\/\/i0.wp.com\/deltaimage.de\/wp\/wp-content\/uploads\/PE5D8793_900.jpg?fit=890%2C593&amp;ssl=1\" class=\"aligncenter size-full wp-image-49733\" src=\"https:\/\/i0.wp.com\/deltaimage.de\/wp\/wp-content\/uploads\/PE5D8793_900.jpg?resize=890%2C593&#038;ssl=1\" alt=\"\" width=\"890\" height=\"593\" srcset=\"https:\/\/i0.wp.com\/deltaimage.de\/wp\/wp-content\/uploads\/PE5D8793_900.jpg?w=890&amp;ssl=1 890w, https:\/\/i0.wp.com\/deltaimage.de\/wp\/wp-content\/uploads\/PE5D8793_900.jpg?resize=300%2C200&amp;ssl=1 300w, https:\/\/i0.wp.com\/deltaimage.de\/wp\/wp-content\/uploads\/PE5D8793_900.jpg?resize=600%2C400&amp;ssl=1 600w, https:\/\/i0.wp.com\/deltaimage.de\/wp\/wp-content\/uploads\/PE5D8793_900.jpg?resize=200%2C133&amp;ssl=1 200w\" sizes=\"auto, (max-width: 890px) 100vw, 890px\" \/><\/h2>\n<h2>Makrofotografie - Abbildungsma\u00dfstab 1:1 (1.0x)<\/h2>\n<blockquote><p><em>Eine lebensgro\u00dfe Abbildung zeigt schon viele Details in der Natur. Das Muster des Schmetterlings zerf\u00e4llt in ein Muster an einzelnen Farbpixeln mit jeweils klar abgegrenzten Farbfl\u00e4chen\u00a0\u2013 daraus entsteht das bekannte Farbkleid des Tagpfauenauges. <\/em><\/p><\/blockquote>\n<p>Die Makrofotografie beginnt an den Entfernungsbereichen und Abbildungsma\u00dfst\u00e4ben, an welchen der Nahbereich eines normalen Objektivs endet. Der Makrobereich wird mit speziell daf\u00fcr gebauten Objektiven fotografisch erschlossen und reicht vom Abbildungsma\u00dfstab von 1:2 (0.5x) - der halben Lebensgr\u00f6\u00dfe \u2013 bis zum Abbildungsma\u00dfstab von 2:1 (2x). Die Makroobjektive sind alle f\u00fcr einen Entfernungsbereich bis nach unendlich bef\u00e4higt, k\u00f6nnen also alle Motive zwischen dem Horizont und der lebensgro\u00dfen Abbildungsgr\u00f6\u00dfe fotografisch aufnehmen.<\/p>\n<p>Beim Abbildungsma\u00dfstab von 1:1 wird ein Objekt in seiner Abmessung gleichgro\u00df auf dem Sensor (fr\u00fcher auf dem Film) projiziert und bildwirksam aufgenommen. Der Abbildungsma\u00dfstab 1:1 am Vollformatsensor bedeutet, dass das Objekt eine Abmessung von 36 x 24 mm besitzt. Ist es kleiner, wird es im Bild bereits vergr\u00f6\u00dfert. Diese lebensgro\u00dfe Abbildung ist der Standard im Makrobereich und der Makrofotografie. Dieser Abbildungsbereich kann in der Fotografie auch noch freihandfotografiert werden und ist bei FotografInnen \u00fcberaus beliebt.<\/p>\n<blockquote><p><em>Ich verwende f\u00fcr diesen Abbildungsma\u00dfstab um 1:1 sehr gerne das EOS EF 100mm f\/2.8 USM Macro und das SIGMA 180mm f\/3.5 APO EX HSM f\u00fcr gr\u00f6\u00dfere Arbeitsabst\u00e4nde und den Umgang mit der Fluchtdistanz von Insekten.<\/em><\/p><\/blockquote>\n<p><strong>Die Makrofotografie erfordert spezielle Objektive f\u00fcr die lebensgro\u00dfe Abbildung der kleinen Details der Natur:<\/strong><\/p>\n<ul>\n<li><strong>k\u00fcrzere Einstellentfernungen erfordern mechanisch l\u00e4ngere Ausz\u00fcge im Objektiv,<\/strong><\/li>\n<li><strong>speziell f\u00fcr den Nahbereich korrigierte Optik<\/strong><\/li>\n<li><strong>hohes Ma\u00df an optischer Abbildungsqualit\u00e4t in feinen Details und der Farbwiedergabe des Objektivs,<\/strong><\/li>\n<li><strong>deutlich verkleinerte Sch\u00e4rfentiefe entsprechend den Abbildungsgesetzen in der technischen Optik.<\/strong><\/li>\n<\/ul>\n<p>Makro-Objektive sind Spezialobjektive und haben ihren Preis, da der konstruktive Aufwand deutlich gr\u00f6\u00dfer und gleichzeitig die St\u00fcckzahl deutlich niedriger als bei anderen Objektiven ist. Sie sind diesen erh\u00f6hten Kaufpreis fotografisch aber wert. Ein Makrobild eines Objektes begeistert jede BetrachterIn viel mehr, als tausend Schnappsch\u00fcsse mit dem Smartphone. In der Makrofotografie lernt die FotografIn auch wie selbstverst\u00e4ndlich, die Bildmotive zu vereinfachen und eine klarere Gestaltung zu praktizieren. Die deutlich verringerte Sch\u00e4rfentiefe wird nicht alle Bildteile gleichm\u00e4\u00dfig scharf im Foto aufnehmen k\u00f6nnen. Da ist die FotografIn gefragt.<\/p>\n<blockquote>\n<pre>In der lebensgro\u00dfen Abbildung gelten \r\nzus\u00e4tzliche Gesetzm\u00e4\u00dfigkeiten, die zu \r\nbeachtet werden. Die Sicht auf die \r\nDetails in der Welt \u00f6ffnen sich, die\r\nDetails sind bereits eigenst\u00e4ndig im\r\nBildmotiv zu erkennen.<\/pre>\n<\/blockquote>\n<\/div><\/div> <div class=\"su-column su-column-size-1-2\"><div class=\"su-column-inner su-u-clearfix su-u-trim\">\n<h2><img data-recalc-dims=\"1\" loading=\"lazy\" decoding=\"async\" data-attachment-id=\"49977\" data-permalink=\"https:\/\/deltaimage.de\/wp\/?attachment_id=49977#main\" data-orig-file=\"https:\/\/i0.wp.com\/deltaimage.de\/wp\/wp-content\/uploads\/capture000084_900.jpg?fit=890%2C593&amp;ssl=1\" data-orig-size=\"890,593\" data-comments-opened=\"1\" data-image-meta=\"{&quot;aperture&quot;:&quot;2&quot;,&quot;credit&quot;:&quot;PAUL ESCHBACH&quot;,&quot;camera&quot;:&quot;Canon EOS 80D&quot;,&quot;caption&quot;:&quot;&quot;,&quot;created_timestamp&quot;:&quot;1753544948&quot;,&quot;copyright&quot;:&quot;Paul Eschbach @ DELTA IMAGE&quot;,&quot;focal_length&quot;:&quot;50&quot;,&quot;iso&quot;:&quot;100&quot;,&quot;shutter_speed&quot;:&quot;0.004&quot;,&quot;title&quot;:&quot;&quot;,&quot;orientation&quot;:&quot;0&quot;}\" data-image-title=\"capture000084_900\" data-image-description=\"\" data-image-caption=\"\" data-large-file=\"https:\/\/i0.wp.com\/deltaimage.de\/wp\/wp-content\/uploads\/capture000084_900.jpg?fit=890%2C593&amp;ssl=1\" class=\"aligncenter size-full wp-image-49977\" src=\"https:\/\/i0.wp.com\/deltaimage.de\/wp\/wp-content\/uploads\/capture000084_900.jpg?resize=890%2C593&#038;ssl=1\" alt=\"\" width=\"890\" height=\"593\" srcset=\"https:\/\/i0.wp.com\/deltaimage.de\/wp\/wp-content\/uploads\/capture000084_900.jpg?w=890&amp;ssl=1 890w, https:\/\/i0.wp.com\/deltaimage.de\/wp\/wp-content\/uploads\/capture000084_900.jpg?resize=300%2C200&amp;ssl=1 300w, https:\/\/i0.wp.com\/deltaimage.de\/wp\/wp-content\/uploads\/capture000084_900.jpg?resize=600%2C400&amp;ssl=1 600w, https:\/\/i0.wp.com\/deltaimage.de\/wp\/wp-content\/uploads\/capture000084_900.jpg?resize=200%2C133&amp;ssl=1 200w\" sizes=\"auto, (max-width: 890px) 100vw, 890px\" \/><\/h2>\n<h2>Microfotografie \u2013 extreme Makrofotografie, Abbildungsma\u00dfstab 10:1 (10x)<\/h2>\n<blockquote><p><em>Der Fl\u00fcgel eines Schmetterlings wird bei einem noch deutlich gr\u00f6\u00dferen Abbildungsma\u00dfstab von deutlich \u00fcber 10:1 (10x) aus dem Mosaik-Muster in seine einzelnen Schuppen aufgel\u00f6st. Jedes der Schuppen hat eine eigene Farbe und ist durchsichtig. Aus diesen Schuppen setzt sich das herrliche Muster auf dem Schmetterlingsfl\u00fcgel zusammen.<br \/>\nDie Natur in ihren Bestandteilen sehen und erleben.<\/em><\/p><\/blockquote>\n<p>Alles scheint anders zu sein, die Fotografie in der \u00fcberlebensgro\u00dfen Abbildung ist eine st\u00e4ndige Herausforderung gegen die optischen Gesetzm\u00e4\u00dfigkeiten.\u00a0Die Mikrofotografie beginnt jenseits der \u00fcberlebensgro\u00dfen Abbildung (2:1 (2.0x) und reicht weit bis zum Abbildungsma\u00dfstab von 20:1 (20x) heran. Diese Art der Fotografie wird fast ausschlie\u00dflich noch im Studio betrieben. Dar\u00fcber hinaus werden die optischen Einschr\u00e4nkungen zu gro\u00df werden - die Fotografie bedient sich dann anderer Techniken, die dann einfacher werden.<\/p>\n<blockquote><p><em>F\u00fcr die Mikrofotografie greife ich auf analoge Lupenobjektive von OLYMPUS OM aus der analogen Fotografie zur\u00fcck. Da steht ein vollst\u00e4ndiges System f\u00fcr die Mikroskopie und die Fotografie zur Verf\u00fcgung. OLYMPUS war ein f\u00fchrender Hersteller beider Optikbereiche und hat die Synergien dazwischen durch innovative Konstruktionen genutzt. So k\u00f6nnen auch heute noch bestehende L\u00fccken bei den digitalen Systemen geschlossen werden.<\/em><\/p><\/blockquote>\n<p><strong>Die extreme Makro- und Mikrofotografie erfordert eine erweiterte und hochgradig spezielle Ausr\u00fcstung f\u00fcr die \u00fcberlebensgro\u00dfe Abbildung der kleinsten Details der Natur:<\/strong><\/p>\n<ul>\n<li><strong>K\u00fcrzeste Einstellentfernungen erfordern mechanisch noch viel l\u00e4ngere Ausz\u00fcge im Objektiv, <\/strong><\/li>\n<li><strong>die Abbildungsgesetze drehen sich scheinbar um, das Bild wird im Objektiv vergr\u00f6\u00dfert,<\/strong><\/li>\n<li><strong> darauf sind die speziellen Lupenobjektive f\u00fcr den extremen Nahbereich korrigiert,<\/strong><\/li>\n<li><strong>die scharf abgebildeten Motivbereiche sind nur noch Bruchteile eines Millimeters gro\u00df,<\/strong><\/li>\n<li><strong>nahezu alles ist au\u00dferhalb der Sch\u00e4rfenebene,<\/strong><\/li>\n<li><strong>die optisch auftretenden Beugungseffekte ver\u00e4ndern die Abbildungsqualit\u00e4t bei hohen Vergr\u00f6\u00dferungen,<\/strong><\/li>\n<li><strong>nur wenige Hersteller \u2013 manches bleibt eine fotografische Improvisation,<\/strong><\/li>\n<li><strong>immer ein gro\u00dfer Mangel an verf\u00fcgbarem Licht, durch die kleinen Arbeitsabst\u00e4nde auch noch schwer an das Objekt zu bringen,<\/strong><\/li>\n<li><strong>Die Mikrofotografie ist eine \u00e4u\u00dferst anspruchsvolle Besch\u00e4ftigung mit den allerkleinsten Dingen auf unserer Welt.<\/strong><\/li>\n<\/ul>\n<blockquote>\n<pre>Die \u00fcberlebensgro\u00dfe Abbildung ist \r\neine gro\u00dfe Herausforderung und ist \r\ndurch die optischen Gesetze begrenzt.\r\nDie unendliche Welt der kleinsten \r\nDetails \u00f6ffnen sich, die FotografIn \r\nkann eine vollkommen neue Welt mit \r\nden sch\u00f6nsten Bildmotiven erschlie\u00dfen.\r\nDie Sch\u00f6nheit der Natur liegt oft \r\nin ihren Details.<\/pre>\n<\/blockquote>\n<\/div><\/div> <\/div>\n<p>In zuk\u00fcnftigen Beitr\u00e4gen werde ich weiter \u00fcber die zauberhafte Welt der Mikrofotografie in meinem Micro-Studio berichten und Sie als LeserIn und als FotografIn dabei mitnehmen. Nehmen Sie sich etwas eigene Zeit f\u00fcr die Details in unserer Welt und in der Natur. Es lohnt sich!<\/p>\n<p>&nbsp;<\/p>\n","protected":false},"excerpt":{"rendered":"<p>Die Natur h\u00e4lt an jedem Tag f\u00fcr jeden von uns tausende \u00dcberraschungen und ebensoviele R\u00e4tsel bereit, wir machen uns nur oft nicht einmal die M\u00fche, sie sehen zu wollen. Jenseits [&hellip;]<\/p>\n","protected":false},"author":1,"featured_media":50019,"comment_status":"open","ping_status":"closed","sticky":false,"template":"","format":"standard","meta":{"wpupg_custom_link":[],"wpupg_custom_link_behaviour":["default"],"wpupg_custom_link_nofollow":["default"],"wpupg_custom_image":[],"wpupg_custom_image_id":[],"jetpack_post_was_ever_published":true,"footnotes":""},"categories":[848,610,3217,8],"tags":[87,2309,4274,4283,88,1691,3624,4282],"class_list":["post-49979","post","type-post","status-publish","format-standard","has-post-thumbnail","hentry","category-fotografie","category-kameratechnik","category-naturfotografie","category-news","tag-fotografie","tag-makrofotografie","tag-micro-fotografie","tag-nahbereich","tag-natur","tag-schmetterling","tag-tagfalter","tag-tagpfauenauge"],"jetpack_featured_media_url":"https:\/\/i0.wp.com\/deltaimage.de\/wp\/wp-content\/uploads\/IMG_9731_1200.jpg?fit=1200%2C450&ssl=1","jetpack-related-posts":[{"id":49711,"url":"https:\/\/deltaimage.de\/wp\/?p=49711","url_meta":{"origin":49979,"position":0},"title":"Ein Ausflug in die Natur um uns herum &#8211; Die Makro-Welt der Natur","author":"EschbacP","date":"24. Juli 2025","format":false,"excerpt":"Was zeigt das Titelbild? Ist das Titelbild eine normale Fotografie oder schon eine Nahaufnahme? Oder ist das eine viel gr\u00f6\u00dfere Makroaufnahme oder schon etwa eine extreme Makroaufnahme - eine Microfotografie? Wir besprechen die unterschiedlichen Abbildungsgr\u00f6\u00dfen in der Natur- und Landschaftsfotografie und dann k\u00f6nnen Sie die Frage sich selbst beantworten. Los\u2026","rel":"","context":"In &quot;Kameratechnik&quot;","block_context":{"text":"Kameratechnik","link":"https:\/\/deltaimage.de\/wp\/?cat=610"},"img":{"alt_text":"","src":"https:\/\/i0.wp.com\/deltaimage.de\/wp\/wp-content\/uploads\/PE5D8850_1200.jpg?fit=1200%2C450&ssl=1&resize=350%2C200","width":350,"height":200,"srcset":"https:\/\/i0.wp.com\/deltaimage.de\/wp\/wp-content\/uploads\/PE5D8850_1200.jpg?fit=1200%2C450&ssl=1&resize=350%2C200 1x, https:\/\/i0.wp.com\/deltaimage.de\/wp\/wp-content\/uploads\/PE5D8850_1200.jpg?fit=1200%2C450&ssl=1&resize=525%2C300 1.5x, https:\/\/i0.wp.com\/deltaimage.de\/wp\/wp-content\/uploads\/PE5D8850_1200.jpg?fit=1200%2C450&ssl=1&resize=700%2C400 2x, https:\/\/i0.wp.com\/deltaimage.de\/wp\/wp-content\/uploads\/PE5D8850_1200.jpg?fit=1200%2C450&ssl=1&resize=1050%2C600 3x"},"classes":[]},{"id":8502,"url":"https:\/\/deltaimage.de\/wp\/?p=8502","url_meta":{"origin":49979,"position":1},"title":"Image Video DELTA IMAGE f\u00fcr Fotogipfel Oberstdorf","author":"EschbacP","date":"9. Juni 2015","format":false,"excerpt":"Der h\u00f6chste und s\u00fcdlichste Fotoevent in Deutschland 2015 Zum dritten Mal findet der Fotogipfel Oberstdorf am s\u00fcdlichsten Ende Deutschlands auf 813 m \u00fcNN vor beeindruckender Gebirgskulisse der Allg\u00e4uer Alpen statt. Dieses Jahr steht der Fotogipfel unter der Schirmherrschaft von F.C. Gundlach - es zeigt auch mit Gro\u00dfformatbildern die wohl ber\u00fchmtesten\u2026","rel":"","context":"In &quot;Fotografie&quot;","block_context":{"text":"Fotografie","link":"https:\/\/deltaimage.de\/wp\/?cat=848"},"img":{"alt_text":"","src":"https:\/\/i0.wp.com\/deltaimage.de\/wp\/wp-content\/uploads\/Fotogipfel-Oberstdorf-2016.jpg?fit=1200%2C680&ssl=1&resize=350%2C200","width":350,"height":200,"srcset":"https:\/\/i0.wp.com\/deltaimage.de\/wp\/wp-content\/uploads\/Fotogipfel-Oberstdorf-2016.jpg?fit=1200%2C680&ssl=1&resize=350%2C200 1x, https:\/\/i0.wp.com\/deltaimage.de\/wp\/wp-content\/uploads\/Fotogipfel-Oberstdorf-2016.jpg?fit=1200%2C680&ssl=1&resize=525%2C300 1.5x, https:\/\/i0.wp.com\/deltaimage.de\/wp\/wp-content\/uploads\/Fotogipfel-Oberstdorf-2016.jpg?fit=1200%2C680&ssl=1&resize=700%2C400 2x, https:\/\/i0.wp.com\/deltaimage.de\/wp\/wp-content\/uploads\/Fotogipfel-Oberstdorf-2016.jpg?fit=1200%2C680&ssl=1&resize=1050%2C600 3x"},"classes":[]},{"id":35051,"url":"https:\/\/deltaimage.de\/wp\/?p=35051","url_meta":{"origin":49979,"position":2},"title":"Regen im Wald &#8211; &#8222;Gro\u00dftiere&#8220; im Bayerischen Wald als Fotomotiv","author":"EschbacP","date":"13. Juli 2022","format":false,"excerpt":"Auch in der sch\u00f6nsten Fotoreise in den Bayerischen Wald kann es einmal (Gott sei Dank) regnen und die Landschaftsfotografie ist deutlich eingeschr\u00e4nkt. So auch bei unserem Ausflug auf den Lusen, an einem Nachmittag beginnt es zu regnen - wir entscheiden uns trotzdem (oder genau deswegen) das Schutzhaus am Gipfel zu\u2026","rel":"","context":"In &quot;BAYERWALDTEAM&quot;","block_context":{"text":"BAYERWALDTEAM","link":"https:\/\/deltaimage.de\/wp\/?cat=861"},"img":{"alt_text":"","src":"https:\/\/i0.wp.com\/deltaimage.de\/wp\/wp-content\/uploads\/PE5D4095_1200.jpg?fit=1200%2C450&ssl=1&resize=350%2C200","width":350,"height":200,"srcset":"https:\/\/i0.wp.com\/deltaimage.de\/wp\/wp-content\/uploads\/PE5D4095_1200.jpg?fit=1200%2C450&ssl=1&resize=350%2C200 1x, https:\/\/i0.wp.com\/deltaimage.de\/wp\/wp-content\/uploads\/PE5D4095_1200.jpg?fit=1200%2C450&ssl=1&resize=525%2C300 1.5x, https:\/\/i0.wp.com\/deltaimage.de\/wp\/wp-content\/uploads\/PE5D4095_1200.jpg?fit=1200%2C450&ssl=1&resize=700%2C400 2x, https:\/\/i0.wp.com\/deltaimage.de\/wp\/wp-content\/uploads\/PE5D4095_1200.jpg?fit=1200%2C450&ssl=1&resize=1050%2C600 3x"},"classes":[]},{"id":11635,"url":"https:\/\/deltaimage.de\/wp\/?p=11635","url_meta":{"origin":49979,"position":3},"title":"Gro\u00dfe Baden-W\u00fcrttemberg Rundfahrt \u2013 Im Land der St\u00f6rche","author":"EschbacP","date":"12. Juli 2016","format":false,"excerpt":"Wer eine Reise tut - kann so manches erleben. Bei unserer Reise durch Baden-W\u00fcrttemberg f\u00fchrte uns die Natur in das Land der St\u00f6rche. Im Breisgau, zwischen Schwarzwald und Rhein gelegen, beherrschen die St\u00f6rche das Bild der Landschaft. Meister Adebar nistet sich seit einiger Zeit sehr gerne auf dem Kirchendach ein\u2026","rel":"","context":"In &quot;Fotografie&quot;","block_context":{"text":"Fotografie","link":"https:\/\/deltaimage.de\/wp\/?cat=848"},"img":{"alt_text":"","src":"https:\/\/i0.wp.com\/deltaimage.de\/wp\/wp-content\/uploads\/IMG_1376_900.jpg?resize=350%2C200&ssl=1","width":350,"height":200,"srcset":"https:\/\/i0.wp.com\/deltaimage.de\/wp\/wp-content\/uploads\/IMG_1376_900.jpg?resize=350%2C200&ssl=1 1x, https:\/\/i0.wp.com\/deltaimage.de\/wp\/wp-content\/uploads\/IMG_1376_900.jpg?resize=525%2C300&ssl=1 1.5x, https:\/\/i0.wp.com\/deltaimage.de\/wp\/wp-content\/uploads\/IMG_1376_900.jpg?resize=700%2C400&ssl=1 2x"},"classes":[]},{"id":39621,"url":"https:\/\/deltaimage.de\/wp\/?p=39621","url_meta":{"origin":49979,"position":4},"title":"25. Naturfototage F\u00fcrstenfeldbruck waren ein gro\u00dfer Erfolg","author":"EschbacP","date":"20. April 2023","format":false,"excerpt":"Deutschlands gr\u00f6\u00dfte Fotoveranstaltung mit freiem Eintritt fand wieder auf dem herrlichen Forum F\u00fcrstenfeldbruck, einer wundersch\u00f6nen barocken Klosteranlage statt. Bis zu 15.000 BesucherInnen str\u00f6men an dem Wochenende in das \u00fcberregionale Mekka der Fotografie. Die 25. Naturfototage F\u00fcrstenfeldbruck 2023 waren nun wieder ohne Beschr\u00e4nkungen durch COVID im vollen Umfang dargeboten worden. Sch\u00f6n\u2026","rel":"","context":"In &quot;BAYERWALDTEAM&quot;","block_context":{"text":"BAYERWALDTEAM","link":"https:\/\/deltaimage.de\/wp\/?cat=861"},"img":{"alt_text":"","src":"https:\/\/i0.wp.com\/deltaimage.de\/wp\/wp-content\/uploads\/PE5D5309_1200.jpg?fit=1200%2C450&ssl=1&resize=350%2C200","width":350,"height":200,"srcset":"https:\/\/i0.wp.com\/deltaimage.de\/wp\/wp-content\/uploads\/PE5D5309_1200.jpg?fit=1200%2C450&ssl=1&resize=350%2C200 1x, https:\/\/i0.wp.com\/deltaimage.de\/wp\/wp-content\/uploads\/PE5D5309_1200.jpg?fit=1200%2C450&ssl=1&resize=525%2C300 1.5x, https:\/\/i0.wp.com\/deltaimage.de\/wp\/wp-content\/uploads\/PE5D5309_1200.jpg?fit=1200%2C450&ssl=1&resize=700%2C400 2x, https:\/\/i0.wp.com\/deltaimage.de\/wp\/wp-content\/uploads\/PE5D5309_1200.jpg?fit=1200%2C450&ssl=1&resize=1050%2C600 3x"},"classes":[]},{"id":11693,"url":"https:\/\/deltaimage.de\/wp\/?p=11693","url_meta":{"origin":49979,"position":5},"title":"Foto Walk in den Leiten (Klamm) des Bayerischen Waldes &#8211; Landschaftsfotografie der langsamen Art","author":"EschbacP","date":"22. Juli 2016","format":false,"excerpt":"Bei sch\u00f6nem Wetter gibt es fast nichts sch\u00f6neres als auf den Gipfeln des Bayerischen Waldes zu stehen und die grenzenlose Weite der W\u00e4lder im bayerisch - b\u00f6hmischen Grenzgebirge zu sehen und zu fotografieren. Von den Gipfeln ohne Bergbahn, wie dem Falkenstein oder dem Osser kann man in den T\u00e4lern nur\u2026","rel":"","context":"In &quot;BAYERWALDTEAM&quot;","block_context":{"text":"BAYERWALDTEAM","link":"https:\/\/deltaimage.de\/wp\/?cat=861"},"img":{"alt_text":"","src":"https:\/\/i0.wp.com\/deltaimage.de\/wp\/wp-content\/uploads\/IMG_4093_1200.jpg?fit=1200%2C450&ssl=1&resize=350%2C200","width":350,"height":200,"srcset":"https:\/\/i0.wp.com\/deltaimage.de\/wp\/wp-content\/uploads\/IMG_4093_1200.jpg?fit=1200%2C450&ssl=1&resize=350%2C200 1x, https:\/\/i0.wp.com\/deltaimage.de\/wp\/wp-content\/uploads\/IMG_4093_1200.jpg?fit=1200%2C450&ssl=1&resize=525%2C300 1.5x, https:\/\/i0.wp.com\/deltaimage.de\/wp\/wp-content\/uploads\/IMG_4093_1200.jpg?fit=1200%2C450&ssl=1&resize=700%2C400 2x, https:\/\/i0.wp.com\/deltaimage.de\/wp\/wp-content\/uploads\/IMG_4093_1200.jpg?fit=1200%2C450&ssl=1&resize=1050%2C600 3x"},"classes":[]}],"jetpack_sharing_enabled":true,"_links":{"self":[{"href":"https:\/\/deltaimage.de\/wp\/index.php?rest_route=\/wp\/v2\/posts\/49979","targetHints":{"allow":["GET"]}}],"collection":[{"href":"https:\/\/deltaimage.de\/wp\/index.php?rest_route=\/wp\/v2\/posts"}],"about":[{"href":"https:\/\/deltaimage.de\/wp\/index.php?rest_route=\/wp\/v2\/types\/post"}],"author":[{"embeddable":true,"href":"https:\/\/deltaimage.de\/wp\/index.php?rest_route=\/wp\/v2\/users\/1"}],"replies":[{"embeddable":true,"href":"https:\/\/deltaimage.de\/wp\/index.php?rest_route=%2Fwp%2Fv2%2Fcomments&post=49979"}],"version-history":[{"count":59,"href":"https:\/\/deltaimage.de\/wp\/index.php?rest_route=\/wp\/v2\/posts\/49979\/revisions"}],"predecessor-version":[{"id":50027,"href":"https:\/\/deltaimage.de\/wp\/index.php?rest_route=\/wp\/v2\/posts\/49979\/revisions\/50027"}],"wp:featuredmedia":[{"embeddable":true,"href":"https:\/\/deltaimage.de\/wp\/index.php?rest_route=\/wp\/v2\/media\/50019"}],"wp:attachment":[{"href":"https:\/\/deltaimage.de\/wp\/index.php?rest_route=%2Fwp%2Fv2%2Fmedia&parent=49979"}],"wp:term":[{"taxonomy":"category","embeddable":true,"href":"https:\/\/deltaimage.de\/wp\/index.php?rest_route=%2Fwp%2Fv2%2Fcategories&post=49979"},{"taxonomy":"post_tag","embeddable":true,"href":"https:\/\/deltaimage.de\/wp\/index.php?rest_route=%2Fwp%2Fv2%2Ftags&post=49979"}],"curies":[{"name":"wp","href":"https:\/\/api.w.org\/{rel}","templated":true}]}}