{"id":53207,"date":"2025-11-28T10:28:00","date_gmt":"2025-11-28T09:28:00","guid":{"rendered":"https:\/\/deltaimage.de\/wp\/?p=53207"},"modified":"2025-11-28T19:42:32","modified_gmt":"2025-11-28T18:42:32","slug":"zdf-morgenmagazin-gladiatoren-helden-des-kolosseums-dr-marcus-junkelmann","status":"publish","type":"post","link":"https:\/\/deltaimage.de\/wp\/?p=53207","title":{"rendered":"ZDF-MORGENMAGAZIN: Gladiatoren \u2013 Helden des Kolosseums: Dr. Marcus Junkelmann"},"content":{"rendered":"<h2 class=\"h1u5g7fl\"><span class=\"tevc803 hhhtovw\">Gladiatoren \u2013 Helden des Kolosseums<\/span><\/h2>\n<p>Das <strong>ZDF Morgenmagazin<\/strong> berichtet am <span class=\"dmwqba4 m211382\">27.11.2025 um 05:30 \u00fcber die Veranstaltung im Rahmenprogramm zur <strong>Sonderausstellung<\/strong> &#8222;<strong>Gladiatoren &#8211; Helden des Kolosseums<\/strong>&#8220; in der <a href=\"https:\/\/archaeologie.bayern\"><strong>Arch\u00e4ologischen Staatssammlung<\/strong><\/a> in M\u00fcnchen.<\/span><\/p>\n<blockquote><p>Beitragsunterschrift: &#8222;Die Arch\u00e4ologische Staatssammlung M\u00fcnchen erweckt in ihrer neuen Ausstellung die Geschichte der r\u00f6mischen Gladiatoren zum Leben. Geschichte zum Anfassen f\u00fcr Gro\u00df und Klein.&#8220;<\/p><\/blockquote>\n<div id=\"attachment_53211\" style=\"width: 1929px\" class=\"wp-caption aligncenter\"><a href=\"https:\/\/www.zdfheute.de\/video\/zdf-morgenmagazin\/gladiatoren-104.html\"><img data-recalc-dims=\"1\" loading=\"lazy\" decoding=\"async\" aria-describedby=\"caption-attachment-53211\" data-attachment-id=\"53211\" data-permalink=\"https:\/\/deltaimage.de\/wp\/?attachment_id=53211#main\" data-orig-file=\"https:\/\/i0.wp.com\/deltaimage.de\/wp\/wp-content\/uploads\/ZDF-Morgenmagazin-Beitrag-Standbild-900.png?fit=1919%2C1078&amp;ssl=1\" data-orig-size=\"1919,1078\" data-comments-opened=\"1\" data-image-meta=\"{&quot;aperture&quot;:&quot;0&quot;,&quot;credit&quot;:&quot;&quot;,&quot;camera&quot;:&quot;&quot;,&quot;caption&quot;:&quot;&quot;,&quot;created_timestamp&quot;:&quot;0&quot;,&quot;copyright&quot;:&quot;&quot;,&quot;focal_length&quot;:&quot;0&quot;,&quot;iso&quot;:&quot;0&quot;,&quot;shutter_speed&quot;:&quot;0&quot;,&quot;title&quot;:&quot;&quot;,&quot;orientation&quot;:&quot;0&quot;}\" data-image-title=\"ZDF Morgenmagazin Beitrag Standbild-900\" data-image-description=\"\" data-image-caption=\"\" data-large-file=\"https:\/\/i0.wp.com\/deltaimage.de\/wp\/wp-content\/uploads\/ZDF-Morgenmagazin-Beitrag-Standbild-900.png?fit=890%2C500&amp;ssl=1\" class=\"wp-image-53211 size-full\" src=\"https:\/\/i0.wp.com\/deltaimage.de\/wp\/wp-content\/uploads\/ZDF-Morgenmagazin-Beitrag-Standbild-900.png?resize=890%2C500&#038;ssl=1\" alt=\"\" width=\"890\" height=\"500\" srcset=\"https:\/\/i0.wp.com\/deltaimage.de\/wp\/wp-content\/uploads\/ZDF-Morgenmagazin-Beitrag-Standbild-900.png?w=1919&amp;ssl=1 1919w, https:\/\/i0.wp.com\/deltaimage.de\/wp\/wp-content\/uploads\/ZDF-Morgenmagazin-Beitrag-Standbild-900.png?resize=900%2C506&amp;ssl=1 900w, https:\/\/i0.wp.com\/deltaimage.de\/wp\/wp-content\/uploads\/ZDF-Morgenmagazin-Beitrag-Standbild-900.png?resize=1200%2C674&amp;ssl=1 1200w, https:\/\/i0.wp.com\/deltaimage.de\/wp\/wp-content\/uploads\/ZDF-Morgenmagazin-Beitrag-Standbild-900.png?resize=300%2C169&amp;ssl=1 300w, https:\/\/i0.wp.com\/deltaimage.de\/wp\/wp-content\/uploads\/ZDF-Morgenmagazin-Beitrag-Standbild-900.png?resize=1536%2C863&amp;ssl=1 1536w, https:\/\/i0.wp.com\/deltaimage.de\/wp\/wp-content\/uploads\/ZDF-Morgenmagazin-Beitrag-Standbild-900.png?resize=712%2C400&amp;ssl=1 712w, https:\/\/i0.wp.com\/deltaimage.de\/wp\/wp-content\/uploads\/ZDF-Morgenmagazin-Beitrag-Standbild-900.png?w=1780&amp;ssl=1 1780w\" sizes=\"auto, (max-width: 890px) 100vw, 890px\" \/><\/a><p id=\"caption-attachment-53211\" class=\"wp-caption-text\">Videobeitrag des ZDF Morgenmagazins zur Veranstaltung Live-Gladiatorenkampf im Rahmen der Sonderausstellung in der Arch\u00e4ologischen Staatssammlung.<\/p><\/div>\n<p>&nbsp;<\/p>\n<p>Der Beitrag erscheint beim Klicken auf das Aufmacherbild und ist unter dem folgenden Link verf\u00fcgbar.<\/p>\n<h2 class=\"h1u5g7fl\"><span class=\"tevc803 hhhtovw\"><img data-recalc-dims=\"1\" loading=\"lazy\" decoding=\"async\" data-attachment-id=\"53000\" data-permalink=\"https:\/\/deltaimage.de\/wp\/?attachment_id=53000\" data-orig-file=\"https:\/\/i0.wp.com\/deltaimage.de\/wp\/wp-content\/uploads\/Plakat_Junkelmann_Gladiatoren_Kampf_2025-11-23.png?fit=673%2C954&amp;ssl=1\" data-orig-size=\"673,954\" data-comments-opened=\"1\" data-image-meta=\"{&quot;aperture&quot;:&quot;0&quot;,&quot;credit&quot;:&quot;&quot;,&quot;camera&quot;:&quot;&quot;,&quot;caption&quot;:&quot;&quot;,&quot;created_timestamp&quot;:&quot;0&quot;,&quot;copyright&quot;:&quot;&quot;,&quot;focal_length&quot;:&quot;0&quot;,&quot;iso&quot;:&quot;0&quot;,&quot;shutter_speed&quot;:&quot;0&quot;,&quot;title&quot;:&quot;&quot;,&quot;orientation&quot;:&quot;0&quot;}\" data-image-title=\"Plakat_Junkelmann_Gladiatoren_Kampf_2025-11-23\" data-image-description=\"\" data-image-caption=\"\" data-large-file=\"https:\/\/i0.wp.com\/deltaimage.de\/wp\/wp-content\/uploads\/Plakat_Junkelmann_Gladiatoren_Kampf_2025-11-23.png?fit=673%2C954&amp;ssl=1\" class=\"alignright wp-image-53000 size-stay-logo\" src=\"https:\/\/i0.wp.com\/deltaimage.de\/wp\/wp-content\/uploads\/Plakat_Junkelmann_Gladiatoren_Kampf_2025-11-23.png?resize=282%2C400&#038;ssl=1\" alt=\"\" width=\"282\" height=\"400\" srcset=\"https:\/\/i0.wp.com\/deltaimage.de\/wp\/wp-content\/uploads\/Plakat_Junkelmann_Gladiatoren_Kampf_2025-11-23.png?resize=282%2C400&amp;ssl=1 282w, https:\/\/i0.wp.com\/deltaimage.de\/wp\/wp-content\/uploads\/Plakat_Junkelmann_Gladiatoren_Kampf_2025-11-23.png?resize=423%2C600&amp;ssl=1 423w, https:\/\/i0.wp.com\/deltaimage.de\/wp\/wp-content\/uploads\/Plakat_Junkelmann_Gladiatoren_Kampf_2025-11-23.png?resize=141%2C200&amp;ssl=1 141w, https:\/\/i0.wp.com\/deltaimage.de\/wp\/wp-content\/uploads\/Plakat_Junkelmann_Gladiatoren_Kampf_2025-11-23.png?w=673&amp;ssl=1 673w\" sizes=\"auto, (max-width: 282px) 100vw, 282px\" \/><\/span><\/h2>\n<p><strong><a href=\"https:\/\/www.zdfheute.de\/video\/zdf-morgenmagazin\/gladiatoren-104.html\">https:\/\/www.zdfheute.de\/video\/zdf-morgenmagazin\/gladiatoren-104.html<\/a><\/strong><\/p>\n<blockquote>\n<pre>Da geht ein Museum mit der Zeit und l\u00e4sst diese gleichzeitig aufleben!\r\nGeschichte zum Anfassen ...\r\n... in der Arch\u00e4ologischen Staatssammlung<\/pre>\n<\/blockquote>\n","protected":false},"excerpt":{"rendered":"<p>Gladiatoren \u2013 Helden des Kolosseums Das ZDF Morgenmagazin berichtet am 27.11.2025 um 05:30 \u00fcber die Veranstaltung im Rahmenprogramm zur Sonderausstellung &#8222;Gladiatoren &#8211; Helden des Kolosseums&#8220; in der Arch\u00e4ologischen Staatssammlung in [&hellip;]<\/p>\n","protected":false},"author":1,"featured_media":53210,"comment_status":"open","ping_status":"closed","sticky":false,"template":"","format":"standard","meta":{"wpupg_custom_link":[],"wpupg_custom_link_behaviour":["default"],"wpupg_custom_link_nofollow":["default"],"wpupg_custom_image":[],"wpupg_custom_image_id":[],"jetpack_post_was_ever_published":false,"footnotes":""},"categories":[3831,8,3832],"tags":[4309,2377,4243,4366,199,154,4367],"class_list":["post-53207","post","type-post","status-publish","format-standard","has-post-thumbnail","hentry","category-geschichte-als-fest-dr-marcus-junkelmann","category-news","category-presseschau","tag-archaeologische-staatssammlung","tag-dr-marcus-junkelmann","tag-gladiatoren","tag-live-gladiatorenkampf","tag-muenchen","tag-sonderausstellung","tag-zdf-morgenmagazin"],"jetpack_featured_media_url":"https:\/\/i0.wp.com\/deltaimage.de\/wp\/wp-content\/uploads\/Logo_ZDF-Morgenmagazin-1200.jpg?fit=1200%2C450&ssl=1","jetpack-related-posts":[{"id":53404,"url":"https:\/\/deltaimage.de\/wp\/?p=53404","url_meta":{"origin":53207,"position":0},"title":"Arch\u00e4ologie42: Live-Gladiatorenkampf in der Arch\u00e4ologischen Staatssammlung M\u00fcnchen am 23.11.2025","author":"EschbacP","date":"3. Dezember 2025","format":false,"excerpt":"Im Herbst 2025 verwandelt sich die Arch\u00e4ologische Staatssammlung M\u00fcnchen in eine Arena. Mit der neuen Sonderausstellung \u201eGladiatoren \u2013 Helden des Kolosseums\u201c ziehen die Gladiatoren ins Museum ein. Und das nicht nur im unterirdischen Ausstellungsraum. Erfahrene Reenactmentk\u00e4mpfer entf\u00fchren Museumsg\u00e4ste am 23. November 2025 auf eine Zeitreise und zeigen, warum die Gladiatoren\u2026","rel":"","context":"In &quot;Geschichte als Fest - Dr. Marcus Junkelmann&quot;","block_context":{"text":"Geschichte als Fest - Dr. Marcus Junkelmann","link":"https:\/\/deltaimage.de\/wp\/?cat=3831"},"img":{"alt_text":"","src":"https:\/\/i0.wp.com\/deltaimage.de\/wp\/wp-content\/uploads\/Visual-Archaeologie42.png?fit=962%2C269&ssl=1&resize=350%2C200","width":350,"height":200,"srcset":"https:\/\/i0.wp.com\/deltaimage.de\/wp\/wp-content\/uploads\/Visual-Archaeologie42.png?fit=962%2C269&ssl=1&resize=350%2C200 1x, https:\/\/i0.wp.com\/deltaimage.de\/wp\/wp-content\/uploads\/Visual-Archaeologie42.png?fit=962%2C269&ssl=1&resize=525%2C300 1.5x, https:\/\/i0.wp.com\/deltaimage.de\/wp\/wp-content\/uploads\/Visual-Archaeologie42.png?fit=962%2C269&ssl=1&resize=700%2C400 2x"},"classes":[]},{"id":53403,"url":"https:\/\/deltaimage.de\/wp\/?p=53403","url_meta":{"origin":53207,"position":1},"title":"Aktuelles aus dem Institut f\u00fcr Kunstgeschichte der LMU: Live-Gladiatorenkampf in der Arch\u00e4ologischen Staatssammlung","author":"EschbacP","date":"3. Dezember 2025","format":false,"excerpt":"Originalbeitrag: Montag, 17.11.2025 von Christina Hollerith am 23. November, 15 Uhr Im Herbst verwandelt sich die Arch\u00e4ologische Staatssammlung in eine Arena. Mit der neuen Sonderausstellung \u201eGladiatoren \u2013 Helden des Kolosseums\u201c ziehen die Gladiatoren ins Museum ein. Und das nicht nur im unterirdischen Ausstellungsraum! Erfahrene Reenactmentk\u00e4mpfer entf\u00fchren Museumsg\u00e4ste am 23. November\u2026","rel":"","context":"In &quot;Geschichte als Fest - Dr. Marcus Junkelmann&quot;","block_context":{"text":"Geschichte als Fest - Dr. Marcus Junkelmann","link":"https:\/\/deltaimage.de\/wp\/?cat=3831"},"img":{"alt_text":"","src":"https:\/\/i0.wp.com\/deltaimage.de\/wp\/wp-content\/uploads\/Visual_Institut-Kunstgeschichte-LMU.png?fit=1200%2C287&ssl=1&resize=350%2C200","width":350,"height":200,"srcset":"https:\/\/i0.wp.com\/deltaimage.de\/wp\/wp-content\/uploads\/Visual_Institut-Kunstgeschichte-LMU.png?fit=1200%2C287&ssl=1&resize=350%2C200 1x, https:\/\/i0.wp.com\/deltaimage.de\/wp\/wp-content\/uploads\/Visual_Institut-Kunstgeschichte-LMU.png?fit=1200%2C287&ssl=1&resize=525%2C300 1.5x, https:\/\/i0.wp.com\/deltaimage.de\/wp\/wp-content\/uploads\/Visual_Institut-Kunstgeschichte-LMU.png?fit=1200%2C287&ssl=1&resize=700%2C400 2x, https:\/\/i0.wp.com\/deltaimage.de\/wp\/wp-content\/uploads\/Visual_Institut-Kunstgeschichte-LMU.png?fit=1200%2C287&ssl=1&resize=1050%2C600 3x"},"classes":[]},{"id":53124,"url":"https:\/\/deltaimage.de\/wp\/?p=53124","url_meta":{"origin":53207,"position":2},"title":"BR Kurzfilm-Bericht \u00fcber live-Gladiatorenkampf in der Arch\u00e4ologischen Staatssammlung M\u00fcnchen","author":"EschbacP","date":"24. November 2025","format":false,"excerpt":"Die Gladiatoren sind in M\u00fcnchen! In der Arch\u00e4ologischen Staatssammlung in M\u00fcnchen am Englischen Garten wird ganz aktuell eine Sonderausstellung \"Gladiatoren - Helden des Kolosseums\"\u00a0gezeigt. Im Rahmenprogramm dieser am letzten Donnerstag erst er\u00f6ffneten Sonderausstellung zeigt der Historiker und Experimentalarch\u00e4ologe Dr. Marcus Junkelmann zusammen mit seiner Gruppe \"Familia Gladiatoria Pulli Cornicinis\" live-Gladiatorenk\u00e4mpfe\u2026","rel":"","context":"In &quot;Geschichte als Fest - Dr. Marcus Junkelmann&quot;","block_context":{"text":"Geschichte als Fest - Dr. Marcus Junkelmann","link":"https:\/\/deltaimage.de\/wp\/?cat=3831"},"img":{"alt_text":"","src":"https:\/\/i0.wp.com\/deltaimage.de\/wp\/wp-content\/uploads\/PE1X1504_1200.jpg?fit=1200%2C450&ssl=1&resize=350%2C200","width":350,"height":200,"srcset":"https:\/\/i0.wp.com\/deltaimage.de\/wp\/wp-content\/uploads\/PE1X1504_1200.jpg?fit=1200%2C450&ssl=1&resize=350%2C200 1x, https:\/\/i0.wp.com\/deltaimage.de\/wp\/wp-content\/uploads\/PE1X1504_1200.jpg?fit=1200%2C450&ssl=1&resize=525%2C300 1.5x, https:\/\/i0.wp.com\/deltaimage.de\/wp\/wp-content\/uploads\/PE1X1504_1200.jpg?fit=1200%2C450&ssl=1&resize=700%2C400 2x, https:\/\/i0.wp.com\/deltaimage.de\/wp\/wp-content\/uploads\/PE1X1504_1200.jpg?fit=1200%2C450&ssl=1&resize=1050%2C600 3x"},"classes":[]},{"id":53434,"url":"https:\/\/deltaimage.de\/wp\/?p=53434","url_meta":{"origin":53207,"position":3},"title":"Mein Besuch in der Sonderausstellung: &#8222;Gladiatoren &#8211; Helden des Kolosseums&#8220; in M\u00fcnchen","author":"EschbacP","date":"5. Dezember 2025","format":false,"excerpt":"Die BesucherInnen werden am Eingang zur Arch\u00e4ologischen Staatssammlung in M\u00fcnchen bereits von zwei Gladiatoren in rekonstruierten Ausr\u00fcstungen empfangen und thematisch eingef\u00fchrt. In der Arch\u00e4ologischen Staatssammlung, gleich hinter dem Englischen Garten, findet bis Mai 2026 eine Sonderausstellung: \"Gladiatoren - Helden des Kolosseums\" statt. Die beiden Provocatores vertreten einen identischen Gladiatoren-Typus und\u2026","rel":"","context":"In &quot;Geschichte als Fest - Dr. Marcus Junkelmann&quot;","block_context":{"text":"Geschichte als Fest - Dr. Marcus Junkelmann","link":"https:\/\/deltaimage.de\/wp\/?cat=3831"},"img":{"alt_text":"","src":"https:\/\/i0.wp.com\/deltaimage.de\/wp\/wp-content\/uploads\/PE1S0051_1200.jpg?fit=1200%2C450&ssl=1&resize=350%2C200","width":350,"height":200,"srcset":"https:\/\/i0.wp.com\/deltaimage.de\/wp\/wp-content\/uploads\/PE1S0051_1200.jpg?fit=1200%2C450&ssl=1&resize=350%2C200 1x, https:\/\/i0.wp.com\/deltaimage.de\/wp\/wp-content\/uploads\/PE1S0051_1200.jpg?fit=1200%2C450&ssl=1&resize=525%2C300 1.5x, https:\/\/i0.wp.com\/deltaimage.de\/wp\/wp-content\/uploads\/PE1S0051_1200.jpg?fit=1200%2C450&ssl=1&resize=700%2C400 2x, https:\/\/i0.wp.com\/deltaimage.de\/wp\/wp-content\/uploads\/PE1S0051_1200.jpg?fit=1200%2C450&ssl=1&resize=1050%2C600 3x"},"classes":[]},{"id":53413,"url":"https:\/\/deltaimage.de\/wp\/?p=53413","url_meta":{"origin":53207,"position":4},"title":"M\u00fcnchen online: Gladiatoren \u2013 Helden des Kolosseums","author":"EschbacP","date":"3. Dezember 2025","format":false,"excerpt":"Originalbeitrag vom 19.11.2025 Neue Sonderausstellung in der Arch\u00e4ologischen Staatssammlung Im Herbst verwandelt sich die Arch\u00e4ologische Staatssammlung in eine Arena. Mit der neuen Sonderausstellung ziehen die Gladiatoren ins Museum ein. Vom 21. November 2025 bis 3. Mai 2026 erwarten Besucherinnen und Besucher Originale aus dem Arch\u00e4ologischen Nationalmuseum in Neapel sowie ein\u2026","rel":"","context":"In &quot;Geschichte als Fest - Dr. Marcus Junkelmann&quot;","block_context":{"text":"Geschichte als Fest - Dr. Marcus Junkelmann","link":"https:\/\/deltaimage.de\/wp\/?cat=3831"},"img":{"alt_text":"Gladiatoren Ausstellung M\u00fcnchen, TT_11_25_Gladiatoren_DSC_9987 a_LP_400","src":"https:\/\/i0.wp.com\/www.muenchen-online.de\/wp-content\/uploads\/2025\/11\/TT_11_25_Gladiatoren_DSC_9987-a_LP_400.jpg?resize=350%2C200&ssl=1","width":350,"height":200},"classes":[]},{"id":53154,"url":"https:\/\/deltaimage.de\/wp\/?p=53154","url_meta":{"origin":53207,"position":5},"title":"Gladiator gegen Gladiator; Essedarius vs. Essedarius: Live-Kampf in der Arch\u00e4ologischen Staatssammlung M\u00fcnchen","author":"EschbacP","date":"25. November 2025","format":false,"excerpt":"Die Gladiatoren sind in M\u00fcnchen! In der Arch\u00e4ologischen Staatssammlung in M\u00fcnchen am Englischen Garten wird ganz aktuell eine Sonderausstellung \"Gladiatoren - Helden des Kolosseums\"\u00a0gezeigt. Im Rahmenprogramm dieser am letzten Donnerstag erst er\u00f6ffneten Sonderausstellung zeigt der Historiker und Experimentalarch\u00e4ologe Dr. Marcus Junkelmann zusammen mit seiner Gruppe \"Familia Gladiatoria Pulli Cornicinis\" live-Gladiatorenk\u00e4mpfe\u2026","rel":"","context":"In &quot;Geschichte als Fest - Dr. Marcus Junkelmann&quot;","block_context":{"text":"Geschichte als Fest - Dr. Marcus Junkelmann","link":"https:\/\/deltaimage.de\/wp\/?cat=3831"},"img":{"alt_text":"","src":"https:\/\/i0.wp.com\/deltaimage.de\/wp\/wp-content\/uploads\/PE1X1604_1200.jpg?fit=1200%2C450&ssl=1&resize=350%2C200","width":350,"height":200,"srcset":"https:\/\/i0.wp.com\/deltaimage.de\/wp\/wp-content\/uploads\/PE1X1604_1200.jpg?fit=1200%2C450&ssl=1&resize=350%2C200 1x, https:\/\/i0.wp.com\/deltaimage.de\/wp\/wp-content\/uploads\/PE1X1604_1200.jpg?fit=1200%2C450&ssl=1&resize=525%2C300 1.5x, https:\/\/i0.wp.com\/deltaimage.de\/wp\/wp-content\/uploads\/PE1X1604_1200.jpg?fit=1200%2C450&ssl=1&resize=700%2C400 2x, https:\/\/i0.wp.com\/deltaimage.de\/wp\/wp-content\/uploads\/PE1X1604_1200.jpg?fit=1200%2C450&ssl=1&resize=1050%2C600 3x"},"classes":[]}],"jetpack_sharing_enabled":true,"_links":{"self":[{"href":"https:\/\/deltaimage.de\/wp\/index.php?rest_route=\/wp\/v2\/posts\/53207","targetHints":{"allow":["GET"]}}],"collection":[{"href":"https:\/\/deltaimage.de\/wp\/index.php?rest_route=\/wp\/v2\/posts"}],"about":[{"href":"https:\/\/deltaimage.de\/wp\/index.php?rest_route=\/wp\/v2\/types\/post"}],"author":[{"embeddable":true,"href":"https:\/\/deltaimage.de\/wp\/index.php?rest_route=\/wp\/v2\/users\/1"}],"replies":[{"embeddable":true,"href":"https:\/\/deltaimage.de\/wp\/index.php?rest_route=%2Fwp%2Fv2%2Fcomments&post=53207"}],"version-history":[{"count":8,"href":"https:\/\/deltaimage.de\/wp\/index.php?rest_route=\/wp\/v2\/posts\/53207\/revisions"}],"predecessor-version":[{"id":53234,"href":"https:\/\/deltaimage.de\/wp\/index.php?rest_route=\/wp\/v2\/posts\/53207\/revisions\/53234"}],"wp:featuredmedia":[{"embeddable":true,"href":"https:\/\/deltaimage.de\/wp\/index.php?rest_route=\/wp\/v2\/media\/53210"}],"wp:attachment":[{"href":"https:\/\/deltaimage.de\/wp\/index.php?rest_route=%2Fwp%2Fv2%2Fmedia&parent=53207"}],"wp:term":[{"taxonomy":"category","embeddable":true,"href":"https:\/\/deltaimage.de\/wp\/index.php?rest_route=%2Fwp%2Fv2%2Fcategories&post=53207"},{"taxonomy":"post_tag","embeddable":true,"href":"https:\/\/deltaimage.de\/wp\/index.php?rest_route=%2Fwp%2Fv2%2Ftags&post=53207"}],"curies":[{"name":"wp","href":"https:\/\/api.w.org\/{rel}","templated":true}]}}