{"id":53378,"date":"2025-11-30T20:14:22","date_gmt":"2025-11-30T19:14:22","guid":{"rendered":"https:\/\/deltaimage.de\/wp\/?p=53378"},"modified":"2025-12-01T22:27:25","modified_gmt":"2025-12-01T21:27:25","slug":"gladiator-gegen-gladiator-retiarius-vs-secutor-live-kampf-in-der-archaeologischen-staatssammlung-muenchen","status":"publish","type":"post","link":"https:\/\/deltaimage.de\/wp\/?p=53378","title":{"rendered":"Gladiator gegen Gladiator; Retiarius vs. Secutor: Live-Kampf in der Arch\u00e4ologischen Staatssammlung M\u00fcnchen"},"content":{"rendered":"<p><img data-recalc-dims=\"1\" loading=\"lazy\" decoding=\"async\" data-attachment-id=\"53000\" data-permalink=\"https:\/\/deltaimage.de\/wp\/?attachment_id=53000\" data-orig-file=\"https:\/\/i0.wp.com\/deltaimage.de\/wp\/wp-content\/uploads\/Plakat_Junkelmann_Gladiatoren_Kampf_2025-11-23.png?fit=673%2C954&amp;ssl=1\" data-orig-size=\"673,954\" data-comments-opened=\"1\" data-image-meta=\"{&quot;aperture&quot;:&quot;0&quot;,&quot;credit&quot;:&quot;&quot;,&quot;camera&quot;:&quot;&quot;,&quot;caption&quot;:&quot;&quot;,&quot;created_timestamp&quot;:&quot;0&quot;,&quot;copyright&quot;:&quot;&quot;,&quot;focal_length&quot;:&quot;0&quot;,&quot;iso&quot;:&quot;0&quot;,&quot;shutter_speed&quot;:&quot;0&quot;,&quot;title&quot;:&quot;&quot;,&quot;orientation&quot;:&quot;0&quot;}\" data-image-title=\"Plakat_Junkelmann_Gladiatoren_Kampf_2025-11-23\" data-image-description=\"\" data-image-caption=\"\" data-large-file=\"https:\/\/i0.wp.com\/deltaimage.de\/wp\/wp-content\/uploads\/Plakat_Junkelmann_Gladiatoren_Kampf_2025-11-23.png?fit=673%2C954&amp;ssl=1\" class=\"alignright wp-image-53000 size-stay-logo\" src=\"https:\/\/i0.wp.com\/deltaimage.de\/wp\/wp-content\/uploads\/Plakat_Junkelmann_Gladiatoren_Kampf_2025-11-23.png?resize=282%2C400&#038;ssl=1\" alt=\"\" width=\"282\" height=\"400\" srcset=\"https:\/\/i0.wp.com\/deltaimage.de\/wp\/wp-content\/uploads\/Plakat_Junkelmann_Gladiatoren_Kampf_2025-11-23.png?resize=282%2C400&amp;ssl=1 282w, https:\/\/i0.wp.com\/deltaimage.de\/wp\/wp-content\/uploads\/Plakat_Junkelmann_Gladiatoren_Kampf_2025-11-23.png?resize=423%2C600&amp;ssl=1 423w, https:\/\/i0.wp.com\/deltaimage.de\/wp\/wp-content\/uploads\/Plakat_Junkelmann_Gladiatoren_Kampf_2025-11-23.png?resize=141%2C200&amp;ssl=1 141w, https:\/\/i0.wp.com\/deltaimage.de\/wp\/wp-content\/uploads\/Plakat_Junkelmann_Gladiatoren_Kampf_2025-11-23.png?w=673&amp;ssl=1 673w\" sizes=\"auto, (max-width: 282px) 100vw, 282px\" \/><\/p>\n<blockquote>\n<pre>Die Gladiatoren sind in M\u00fcnchen!<\/pre>\n<\/blockquote>\n<p>In der <strong>Arch\u00e4ologischen Staatssammlung in M\u00fcnchen<\/strong> am Englischen Garten wird ganz aktuell eine Sonderausstellung &#8222;<strong>Gladiatoren &#8211; Helden des Kolosseums&#8220;\u00a0<\/strong>gezeigt. Im Rahmenprogramm dieser am letzten Donnerstag erst er\u00f6ffneten Sonderausstellung zeigt der <strong>Historiker<\/strong> und <strong>Experimentalarch\u00e4ologe<\/strong> <strong>Dr. Marcus Junkelmann<\/strong> zusammen mit seiner Gruppe &#8222;<strong>Familia Gladiatoria Pulli Cornicinis&#8220; <\/strong>live-Gladiatorenk\u00e4mpfe in den Ausstellungsr\u00e4umen der Staatssammlung.<\/p>\n<p>&nbsp;<\/p>\n<h2>H\u00f6hepunkt der Veranstaltung waren die Gladiator-Zweik\u00e4mpfe<\/h2>\n<p>Gladiator gegen Gladiator in den historisch \u00fcberlieferten und vom Historiker und Experimentalarch\u00e4ologen Dr. Marcus Junkelmann in vielen Jahren seiner Forschungsarbeiten wiederentdeckten Gladiator-Typen bringen die aktionsgeladenen Zweik\u00e4mpfe in Verbindung mit der wissenschaftlichen Forschungssicht auf die Gladiatur in M\u00fcnchen wieder zum Leben. Die Gladiatur bestand aus Zweik\u00e4mpfen, die einem Regelwerk unterworfen waren, \u00e4hnlich den heutigen Regeln in anderen Sport-Wettbewerben. Sie sind nicht aus der Antike \u00fcberliefert, sondern wurden in wissenschaftlicher Kleinstarbeit teilweise rekonstruiert und in der experimentellen Arch\u00e4ologie \u00fcberpr\u00fcft und ausgeformt.<\/p>\n<p>&nbsp;<\/p>\n<p><img data-recalc-dims=\"1\" loading=\"lazy\" decoding=\"async\" class=\"size-full wp-image-2062 aligncenter\" src=\"https:\/\/i0.wp.com\/marcus-junkelmann.de\/wp-content\/uploads\/2025\/11\/PE1X1634_900.jpg?resize=890%2C593&#038;ssl=1\" alt=\"\" width=\"890\" height=\"593\" \/><\/p>\n<p><!--more--><\/p>\n<p>Im Folgenden zeige ich einige Szenen aus dem f\u00fcnften Zweikampf mit dieser Gladiatoren-Paarung.<\/p>\n<p><img data-recalc-dims=\"1\" loading=\"lazy\" decoding=\"async\" class=\"size-full wp-image-2063 aligncenter\" src=\"https:\/\/i0.wp.com\/marcus-junkelmann.de\/wp-content\/uploads\/2025\/11\/PE1X1636_900.jpg?resize=890%2C593&#038;ssl=1\" alt=\"\" width=\"890\" height=\"593\" \/><\/p>\n<h2>Retiarius &#8211; Secutor<\/h2>\n<p>Die n\u00e4chste Paarung ist der Kampf des Retiarius gegen den Secutor, die weitaus beliebteste und noch heute die bekannteste Paarung der Kaiserzeit.<\/p>\n<p><img data-recalc-dims=\"1\" loading=\"lazy\" decoding=\"async\" class=\"size-full wp-image-2064 aligncenter\" src=\"https:\/\/i0.wp.com\/marcus-junkelmann.de\/wp-content\/uploads\/2025\/11\/PE1X1645_900.jpg?resize=890%2C593&#038;ssl=1\" alt=\"\" width=\"890\" height=\"593\" \/><\/p>\n<p>Der retiarius hat mit seinem Dreizack getroffen, der secutor ist dabei, seinen Schild zum Zeichen der Kapitulation abzusetzen.<\/p>\n<h2>Retiarius<\/h2>\n<blockquote><p>Der retiarius (\u201eNetzk\u00e4mpfer\u201c) ist der leichtestbewaffnete Gladiatorentyp. Er hat weder Schild noch Helm noch Beinschienen, nur eine Bandage und einen hohen Schulterschirm am linken Arm. Bewaffnet ist er mit Netz (rete), dreizinkiger Gabel (tridens oder fuscina) und Dolch (pugio), womit er an einen Fischer erinnert. Er mu\u00df den Gegner auf Distanz halten und seine Schnelligkeit, bessere \u00dcbersicht\u00a0 und sein l\u00e4ngeres Durchhalteverm\u00f6gen ausspielen, was ihm in der kleinen Arena der Staatssammlung allerdings schwerfiel.<\/p><\/blockquote>\n<p>Nach Experimenten mit verschiedenen Gegnern spezialisierte sich der sehr sp\u00e4t auftauchende Retiarius um die Mitte des 1. Jahrhunderts n. Chr. auf den Zweikampf gegen den Secutor. Daneben gab es auch den im folgenden Duell gleichfalls gezeigten Kampf des Retiarius gegen den Scissor.<\/p>\n<p><img data-recalc-dims=\"1\" loading=\"lazy\" decoding=\"async\" class=\"size-full wp-image-2065 aligncenter\" src=\"https:\/\/i0.wp.com\/marcus-junkelmann.de\/wp-content\/uploads\/2025\/11\/PE1X1638_900.jpg?resize=890%2C593&#038;ssl=1\" alt=\"\" width=\"890\" height=\"593\" \/><\/p>\n<h2>Secutor<\/h2>\n<blockquote><p>Der Standardgegner des retiarius ist der Secutor (\u201eVerfolger\u201c) oder contraretiarius, eine auf den Kampf gegen den Retiarius spezialisierte Abart des Murmillo, von dem er sich nur durch den eif\u00f6rmigen Helm mit abgerundetem Kamm und kleinen Augenl\u00f6chern statt des Gittervisiers unterscheidet. Die kleinen L\u00f6cher sollen das Eindringen einer Dreizackzinke verhindern, schr\u00e4nken aber den Gesichtskreis und die Luftzufuhr ein. Es ist der beschwerlichste der Gladiatorenhelme und veranla\u00dft den Secutor, durch aggressive Vorgehensweise den Nahkampf zu suchen, f\u00fcr den er besser ger\u00fcstet war, und so eine rasche Entscheidung zu erzwingen \u2013 daher der Name \u201eVerfolger\u201c. Er mu\u00df aber aufpassen, da\u00df er sich dabei nicht ersch\u00f6pft.<\/p><\/blockquote>\n<p>Die Akteure von heute hatten bei dieser Veranstaltung die Aufgabe, unterschiedliche Gladiatoren in ihrer typischen und historisch rekonstruierten Ausr\u00fcstung in den Zweikampf zu gehen. In der Zeit zwischen den Zweik\u00e4mpfen, in welchen sich die Gladiatoren f\u00fcr die n\u00e4chste Paarung umkleiden mussten und die Ausr\u00fcstung wechseln, stellte <strong>Dr. Marcus Junkelmann<\/strong> die jeweilige Ausr\u00fcstung und die Besonderheiten der <strong>&#8222;Helden des Kolosseums&#8220;<\/strong> den ZuschauerInnen vor.<\/p>\n<blockquote>\n<pre>Und dann kommt schon der n\u00e4chste Zweikampf!<\/pre>\n<\/blockquote>\n","protected":false},"excerpt":{"rendered":"<p>Die Gladiatoren sind in M\u00fcnchen! In der Arch\u00e4ologischen Staatssammlung in M\u00fcnchen am Englischen Garten wird ganz aktuell eine Sonderausstellung &#8222;Gladiatoren &#8211; Helden des Kolosseums&#8220;\u00a0gezeigt. Im Rahmenprogramm dieser am letzten Donnerstag [&hellip;]<\/p>\n","protected":false},"author":1,"featured_media":53379,"comment_status":"open","ping_status":"closed","sticky":false,"template":"","format":"standard","meta":{"wpupg_custom_link":[],"wpupg_custom_link_behaviour":["default"],"wpupg_custom_link_nofollow":["default"],"wpupg_custom_image":[],"wpupg_custom_image_id":[],"jetpack_post_was_ever_published":false,"footnotes":""},"categories":[3831,8],"tags":[4309,2377,3743,4311,4362,4242,403,199,154],"class_list":["post-53378","post","type-post","status-publish","format-standard","has-post-thumbnail","hentry","category-geschichte-als-fest-dr-marcus-junkelmann","category-news","tag-archaeologische-staatssammlung","tag-dr-marcus-junkelmann","tag-experimental-archaeologe","tag-gladiator","tag-gladiatoren-helden-des-kolosseums","tag-gladiatur","tag-historiker","tag-muenchen","tag-sonderausstellung"],"jetpack_featured_media_url":"https:\/\/i0.wp.com\/deltaimage.de\/wp\/wp-content\/uploads\/PE1X1645_1200.jpg?fit=1200%2C450&ssl=1","jetpack-related-posts":[{"id":53434,"url":"https:\/\/deltaimage.de\/wp\/?p=53434","url_meta":{"origin":53378,"position":0},"title":"Mein Besuch in der Sonderausstellung: &#8222;Gladiatoren &#8211; Helden des Kolosseums&#8220; in M\u00fcnchen","author":"EschbacP","date":"5. Dezember 2025","format":false,"excerpt":"Die BesucherInnen werden am Eingang zur Arch\u00e4ologischen Staatssammlung in M\u00fcnchen bereits von zwei Gladiatoren in rekonstruierten Ausr\u00fcstungen empfangen und thematisch eingef\u00fchrt. In der Arch\u00e4ologischen Staatssammlung, gleich hinter dem Englischen Garten, findet bis Mai 2026 eine Sonderausstellung: \"Gladiatoren - Helden des Kolosseums\" statt. Die beiden Provocatores vertreten einen identischen Gladiatoren-Typus und\u2026","rel":"","context":"In &quot;Geschichte als Fest - Dr. Marcus Junkelmann&quot;","block_context":{"text":"Geschichte als Fest - Dr. Marcus Junkelmann","link":"https:\/\/deltaimage.de\/wp\/?cat=3831"},"img":{"alt_text":"","src":"https:\/\/i0.wp.com\/deltaimage.de\/wp\/wp-content\/uploads\/PE1S0051_1200.jpg?fit=1200%2C450&ssl=1&resize=350%2C200","width":350,"height":200,"srcset":"https:\/\/i0.wp.com\/deltaimage.de\/wp\/wp-content\/uploads\/PE1S0051_1200.jpg?fit=1200%2C450&ssl=1&resize=350%2C200 1x, https:\/\/i0.wp.com\/deltaimage.de\/wp\/wp-content\/uploads\/PE1S0051_1200.jpg?fit=1200%2C450&ssl=1&resize=525%2C300 1.5x, https:\/\/i0.wp.com\/deltaimage.de\/wp\/wp-content\/uploads\/PE1S0051_1200.jpg?fit=1200%2C450&ssl=1&resize=700%2C400 2x, https:\/\/i0.wp.com\/deltaimage.de\/wp\/wp-content\/uploads\/PE1S0051_1200.jpg?fit=1200%2C450&ssl=1&resize=1050%2C600 3x"},"classes":[]},{"id":53154,"url":"https:\/\/deltaimage.de\/wp\/?p=53154","url_meta":{"origin":53378,"position":1},"title":"Gladiator gegen Gladiator; Essedarius vs. Essedarius: Live-Kampf in der Arch\u00e4ologischen Staatssammlung M\u00fcnchen","author":"EschbacP","date":"25. November 2025","format":false,"excerpt":"Die Gladiatoren sind in M\u00fcnchen! In der Arch\u00e4ologischen Staatssammlung in M\u00fcnchen am Englischen Garten wird ganz aktuell eine Sonderausstellung \"Gladiatoren - Helden des Kolosseums\"\u00a0gezeigt. Im Rahmenprogramm dieser am letzten Donnerstag erst er\u00f6ffneten Sonderausstellung zeigt der Historiker und Experimentalarch\u00e4ologe Dr. Marcus Junkelmann zusammen mit seiner Gruppe \"Familia Gladiatoria Pulli Cornicinis\" live-Gladiatorenk\u00e4mpfe\u2026","rel":"","context":"In &quot;Geschichte als Fest - Dr. Marcus Junkelmann&quot;","block_context":{"text":"Geschichte als Fest - Dr. Marcus Junkelmann","link":"https:\/\/deltaimage.de\/wp\/?cat=3831"},"img":{"alt_text":"","src":"https:\/\/i0.wp.com\/deltaimage.de\/wp\/wp-content\/uploads\/PE1X1604_1200.jpg?fit=1200%2C450&ssl=1&resize=350%2C200","width":350,"height":200,"srcset":"https:\/\/i0.wp.com\/deltaimage.de\/wp\/wp-content\/uploads\/PE1X1604_1200.jpg?fit=1200%2C450&ssl=1&resize=350%2C200 1x, https:\/\/i0.wp.com\/deltaimage.de\/wp\/wp-content\/uploads\/PE1X1604_1200.jpg?fit=1200%2C450&ssl=1&resize=525%2C300 1.5x, https:\/\/i0.wp.com\/deltaimage.de\/wp\/wp-content\/uploads\/PE1X1604_1200.jpg?fit=1200%2C450&ssl=1&resize=700%2C400 2x, https:\/\/i0.wp.com\/deltaimage.de\/wp\/wp-content\/uploads\/PE1X1604_1200.jpg?fit=1200%2C450&ssl=1&resize=1050%2C600 3x"},"classes":[]},{"id":53124,"url":"https:\/\/deltaimage.de\/wp\/?p=53124","url_meta":{"origin":53378,"position":2},"title":"BR Kurzfilm-Bericht \u00fcber live-Gladiatorenkampf in der Arch\u00e4ologischen Staatssammlung M\u00fcnchen","author":"EschbacP","date":"24. November 2025","format":false,"excerpt":"Die Gladiatoren sind in M\u00fcnchen! In der Arch\u00e4ologischen Staatssammlung in M\u00fcnchen am Englischen Garten wird ganz aktuell eine Sonderausstellung \"Gladiatoren - Helden des Kolosseums\"\u00a0gezeigt. Im Rahmenprogramm dieser am letzten Donnerstag erst er\u00f6ffneten Sonderausstellung zeigt der Historiker und Experimentalarch\u00e4ologe Dr. Marcus Junkelmann zusammen mit seiner Gruppe \"Familia Gladiatoria Pulli Cornicinis\" live-Gladiatorenk\u00e4mpfe\u2026","rel":"","context":"In &quot;Geschichte als Fest - Dr. Marcus Junkelmann&quot;","block_context":{"text":"Geschichte als Fest - Dr. Marcus Junkelmann","link":"https:\/\/deltaimage.de\/wp\/?cat=3831"},"img":{"alt_text":"","src":"https:\/\/i0.wp.com\/deltaimage.de\/wp\/wp-content\/uploads\/PE1X1504_1200.jpg?fit=1200%2C450&ssl=1&resize=350%2C200","width":350,"height":200,"srcset":"https:\/\/i0.wp.com\/deltaimage.de\/wp\/wp-content\/uploads\/PE1X1504_1200.jpg?fit=1200%2C450&ssl=1&resize=350%2C200 1x, https:\/\/i0.wp.com\/deltaimage.de\/wp\/wp-content\/uploads\/PE1X1504_1200.jpg?fit=1200%2C450&ssl=1&resize=525%2C300 1.5x, https:\/\/i0.wp.com\/deltaimage.de\/wp\/wp-content\/uploads\/PE1X1504_1200.jpg?fit=1200%2C450&ssl=1&resize=700%2C400 2x, https:\/\/i0.wp.com\/deltaimage.de\/wp\/wp-content\/uploads\/PE1X1504_1200.jpg?fit=1200%2C450&ssl=1&resize=1050%2C600 3x"},"classes":[]},{"id":53045,"url":"https:\/\/deltaimage.de\/wp\/?p=53045","url_meta":{"origin":53378,"position":3},"title":"Gladiator gegen Gladiator; Eques vs. Eques: Live-Kampf in der Arch\u00e4ologischen Staatssammlung M\u00fcnchen","author":"EschbacP","date":"25. November 2025","format":false,"excerpt":"Die Gladiatoren sind in M\u00fcnchen! In der Arch\u00e4ologischen Staatssammlung in M\u00fcnchen am Englischen Garten wird ganz aktuell eine Sonderausstellung \"Gladiatoren - Helden des Kolosseums\"\u00a0gezeigt. Im Rahmenprogramm dieser am letzten Donnerstag erst er\u00f6ffneten Sonderausstellung zeigt der Historiker und Experimentalarch\u00e4ologe Dr. Marcus Junkelmann zusammen mit seiner Gruppe \"Familia Gladiatoria Pulli Cornicinis\" (Gladiatorentruppe\u2026","rel":"","context":"In &quot;Geschichte als Fest - Dr. Marcus Junkelmann&quot;","block_context":{"text":"Geschichte als Fest - Dr. Marcus Junkelmann","link":"https:\/\/deltaimage.de\/wp\/?cat=3831"},"img":{"alt_text":"","src":"https:\/\/i0.wp.com\/deltaimage.de\/wp\/wp-content\/uploads\/PE1X1493_1200.jpg?fit=1200%2C450&ssl=1&resize=350%2C200","width":350,"height":200,"srcset":"https:\/\/i0.wp.com\/deltaimage.de\/wp\/wp-content\/uploads\/PE1X1493_1200.jpg?fit=1200%2C450&ssl=1&resize=350%2C200 1x, https:\/\/i0.wp.com\/deltaimage.de\/wp\/wp-content\/uploads\/PE1X1493_1200.jpg?fit=1200%2C450&ssl=1&resize=525%2C300 1.5x, https:\/\/i0.wp.com\/deltaimage.de\/wp\/wp-content\/uploads\/PE1X1493_1200.jpg?fit=1200%2C450&ssl=1&resize=700%2C400 2x, https:\/\/i0.wp.com\/deltaimage.de\/wp\/wp-content\/uploads\/PE1X1493_1200.jpg?fit=1200%2C450&ssl=1&resize=1050%2C600 3x"},"classes":[]},{"id":51818,"url":"https:\/\/deltaimage.de\/wp\/?p=51818","url_meta":{"origin":53378,"position":4},"title":"gladiatoren &#8211; helden des kolosseums &#8211; Behind the scenes des Begleitprogrammes mit Dr. Junkelmann","author":"EschbacP","date":"27. August 2025","format":false,"excerpt":"Eine gro\u00dfe Sonderausstellung kommt zum Ende des Jahres 2025 nach M\u00fcnchen und gibt uns einen Einblick in die spannende Welt der Gladiatoren im r\u00f6mischen Reich um die Zeitenwende des Jahres Null. Die Arch\u00e4ologische Staatssammlung zeigt in ihren Museumsr\u00e4umen am Englischen Garten diese Sonderausstellung dem Publikum. Zur Sonderausstellung \"Gladiatoren\" ist auch\u2026","rel":"","context":"In &quot;Geschichte als Fest - Dr. Marcus Junkelmann&quot;","block_context":{"text":"Geschichte als Fest - Dr. Marcus Junkelmann","link":"https:\/\/deltaimage.de\/wp\/?cat=3831"},"img":{"alt_text":"","src":"https:\/\/i0.wp.com\/deltaimage.de\/wp\/wp-content\/uploads\/1756318970710_1200.jpg?fit=1200%2C450&ssl=1&resize=350%2C200","width":350,"height":200,"srcset":"https:\/\/i0.wp.com\/deltaimage.de\/wp\/wp-content\/uploads\/1756318970710_1200.jpg?fit=1200%2C450&ssl=1&resize=350%2C200 1x, https:\/\/i0.wp.com\/deltaimage.de\/wp\/wp-content\/uploads\/1756318970710_1200.jpg?fit=1200%2C450&ssl=1&resize=525%2C300 1.5x, https:\/\/i0.wp.com\/deltaimage.de\/wp\/wp-content\/uploads\/1756318970710_1200.jpg?fit=1200%2C450&ssl=1&resize=700%2C400 2x, https:\/\/i0.wp.com\/deltaimage.de\/wp\/wp-content\/uploads\/1756318970710_1200.jpg?fit=1200%2C450&ssl=1&resize=1050%2C600 3x"},"classes":[]},{"id":53162,"url":"https:\/\/deltaimage.de\/wp\/?p=53162","url_meta":{"origin":53378,"position":5},"title":"Gladiator gegen Gladiator; Retiarius vs. Scissor: Live-Kampf in der Arch\u00e4ologischen Staatssammlung M\u00fcnchen","author":"EschbacP","date":"25. November 2025","format":false,"excerpt":"Die Gladiatoren sind in M\u00fcnchen! In der Arch\u00e4ologischen Staatssammlung in M\u00fcnchen am Englischen Garten wird ganz aktuell eine Sonderausstellung \"Gladiatoren - Helden des Kolosseums\"\u00a0gezeigt. Im Rahmenprogramm dieser am letzten Donnerstag erst er\u00f6ffneten Sonderausstellung zeigt der Historiker und Experimentalarch\u00e4ologe Dr. Marcus Junkelmann zusammen mit seiner Gruppe \"Familia Gladiatoria Pulli Cornicinis\" live-Gladiatorenk\u00e4mpfe\u2026","rel":"","context":"In &quot;Geschichte als Fest - Dr. Marcus Junkelmann&quot;","block_context":{"text":"Geschichte als Fest - Dr. Marcus Junkelmann","link":"https:\/\/deltaimage.de\/wp\/?cat=3831"},"img":{"alt_text":"","src":"https:\/\/i0.wp.com\/deltaimage.de\/wp\/wp-content\/uploads\/PE1X1655_1200.jpg?fit=1200%2C450&ssl=1&resize=350%2C200","width":350,"height":200,"srcset":"https:\/\/i0.wp.com\/deltaimage.de\/wp\/wp-content\/uploads\/PE1X1655_1200.jpg?fit=1200%2C450&ssl=1&resize=350%2C200 1x, https:\/\/i0.wp.com\/deltaimage.de\/wp\/wp-content\/uploads\/PE1X1655_1200.jpg?fit=1200%2C450&ssl=1&resize=525%2C300 1.5x, https:\/\/i0.wp.com\/deltaimage.de\/wp\/wp-content\/uploads\/PE1X1655_1200.jpg?fit=1200%2C450&ssl=1&resize=700%2C400 2x, https:\/\/i0.wp.com\/deltaimage.de\/wp\/wp-content\/uploads\/PE1X1655_1200.jpg?fit=1200%2C450&ssl=1&resize=1050%2C600 3x"},"classes":[]}],"jetpack_sharing_enabled":true,"_links":{"self":[{"href":"https:\/\/deltaimage.de\/wp\/index.php?rest_route=\/wp\/v2\/posts\/53378","targetHints":{"allow":["GET"]}}],"collection":[{"href":"https:\/\/deltaimage.de\/wp\/index.php?rest_route=\/wp\/v2\/posts"}],"about":[{"href":"https:\/\/deltaimage.de\/wp\/index.php?rest_route=\/wp\/v2\/types\/post"}],"author":[{"embeddable":true,"href":"https:\/\/deltaimage.de\/wp\/index.php?rest_route=\/wp\/v2\/users\/1"}],"replies":[{"embeddable":true,"href":"https:\/\/deltaimage.de\/wp\/index.php?rest_route=%2Fwp%2Fv2%2Fcomments&post=53378"}],"version-history":[{"count":3,"href":"https:\/\/deltaimage.de\/wp\/index.php?rest_route=\/wp\/v2\/posts\/53378\/revisions"}],"predecessor-version":[{"id":53393,"href":"https:\/\/deltaimage.de\/wp\/index.php?rest_route=\/wp\/v2\/posts\/53378\/revisions\/53393"}],"wp:featuredmedia":[{"embeddable":true,"href":"https:\/\/deltaimage.de\/wp\/index.php?rest_route=\/wp\/v2\/media\/53379"}],"wp:attachment":[{"href":"https:\/\/deltaimage.de\/wp\/index.php?rest_route=%2Fwp%2Fv2%2Fmedia&parent=53378"}],"wp:term":[{"taxonomy":"category","embeddable":true,"href":"https:\/\/deltaimage.de\/wp\/index.php?rest_route=%2Fwp%2Fv2%2Fcategories&post=53378"},{"taxonomy":"post_tag","embeddable":true,"href":"https:\/\/deltaimage.de\/wp\/index.php?rest_route=%2Fwp%2Fv2%2Ftags&post=53378"}],"curies":[{"name":"wp","href":"https:\/\/api.w.org\/{rel}","templated":true}]}}