{"id":53402,"date":"2025-12-03T19:50:51","date_gmt":"2025-12-03T18:50:51","guid":{"rendered":"https:\/\/deltaimage.de\/wp\/?p=53402"},"modified":"2025-12-03T19:50:51","modified_gmt":"2025-12-03T18:50:51","slug":"wochenanzeiger-de-gladiatorenkampf-live-erleben","status":"publish","type":"post","link":"https:\/\/deltaimage.de\/wp\/?p=53402","title":{"rendered":"Wochenanzeiger.de: Gladiatorenkampf live erleben"},"content":{"rendered":"<p><a href=\"https:\/\/www.wochenanzeiger.de\/gladiatorenkampf-live-erleben\/cnt-id-ps-4cebb38b-2f99-4981-99e7-7d7e08932619\">Originalbeitrag<\/a> vom 17.11.2025<\/p>\n<div class=\"mb-3 asset-slider asset-slider--desktop-two-lines-within-image asset-slider--mobile-underneath-image\">\n<div class=\"swiper swiper-initialized swiper-horizontal swiper-backface-hidden\">\n<div id=\"swiper-wrapper-2126735101a624744\" class=\"swiper-wrapper\" aria-live=\"polite\">\n<div class=\"asset-slider__image-wrapper\" data-asset-text=\"Einen Gladiatorenkampf, wie er zur Zeit der alten R\u00f6mer stattgefunden hat, kann man am Sonntag in der Arch\u00e4ologischen Staatssammlung live erleben. (Foto: Johannes Breyer )\" data-asset-display-id=\"5f6b3e3c-1c56-4dc3-8a5d-6912ca108aef\">\n<div style=\"width: 1610px\" class=\"wp-caption alignnone\"><img loading=\"lazy\" decoding=\"async\" class=\"asset-slider__image\" src=\"https:\/\/www.wochenanzeiger.de\/api\/asset\/public\/media\/TWpWa05qTmhOakF0WW1KaFi9s2FSE46AtVzQWxF2Fr_qduDo0w1Le7KdSqTn87v0YJk95sYA34MQJfaWzSzlWjWuk9x7nfp7ZB66rzwHVxD-IgKYgZrwqbE3zqab5se2wWAQopmFQACO4jpSx2fmJpV1GjXEMOWArVCZwTX1Eb8=?preset=large16x9&amp;format=webp\" alt=\"\" width=\"1600\" height=\"900\" \/><p class=\"wp-caption-text\">Einen Gladiatorenkampf, wie er zur Zeit der alten R\u00f6mer stattgefunden hat, kann man am Sonntag in der Arch\u00e4ologischen Staatssammlung live erleben. (Foto: Johannes Breyer )<\/p><\/div>\n<\/div>\n<\/div>\n<\/div>\n<\/div>\n<div class=\"mb-3 asset-slider asset-slider--desktop-two-lines-within-image asset-slider--mobile-underneath-image\">\n<div class=\"swiper swiper-initialized swiper-horizontal swiper-backface-hidden\">\n<div class=\"swiper-pagination swiper-pagination-clickable swiper-pagination-bullets swiper-pagination-horizontal\"><\/div>\n<\/div>\n<\/div>\n<p class=\"article-text\">F\u00fcr Sonntag, 23. November, l\u00e4dt die <strong>Arch\u00e4ologische Staatssammlung<\/strong>, Lerchenfeldstra\u00dfe 2, zu echten Gladiatorenk\u00e4mpfen auf ihr Forum im Erdgescho\u00df ein. Ab 15 Uhr nehmen die erfahrenen Reenactmentk\u00e4mpfer der <strong>Familia Gladiatoria Pulli Cornicinis<\/strong> die Besucher mit auf eine Zeitreise und lassen sie live erleben, warum die Gladiatoren gleichsam die Fu\u00dfballstars von damals waren. Der Milit\u00e4rhistoriker, Experimentalarch\u00e4ologe und Schriftsteller <strong>Dr. Marcus Junkelmann<\/strong> kommentiert den Kampf. Der Eintritt ist frei. Man kann ohne Anmeldung vorbeikommen; allerdings sind die Pl\u00e4tze begrenzt. Die Veranstaltung ist auch f\u00fcr Familien geeignet.<\/p>\n<div class=\"container g-0 spacing-area pb-3\">\n<div class=\"mb-3 asset-slider asset-slider--desktop-two-lines-within-image asset-slider--mobile-underneath-image\">\n<div class=\"swiper swiper-initialized swiper-horizontal swiper-backface-hidden\">\n<div id=\"swiper-wrapper-2126735101a624744\" class=\"swiper-wrapper\" aria-live=\"polite\">\n<div class=\"asset-slider__image-wrapper\" data-asset-text=\"Einen Gladiatorenkampf, wie er zur Zeit der alten R\u00f6mer stattgefunden hat, kann man am Sonntag in der Arch\u00e4ologischen Staatssammlung live erleben. (Foto: Johannes Breyer )\" data-asset-display-id=\"5f6b3e3c-1c56-4dc3-8a5d-6912ca108aef\">\n<div class=\"mceTemp\"><\/div>\n<\/div>\n<\/div>\n<\/div>\n<\/div>\n<div class=\"asset-slider__image-wrapper\" data-asset-text=\"Erfahrene Reenactmentk\u00e4mpfer zeigen, wie ein Gladiatorenkampf ablief. (Foto: Johannes Breyer)\" data-asset-display-id=\"0d9c1768-7217-473d-8a0f-a2b3769a3265\">\n<div style=\"width: 1610px\" class=\"wp-caption alignnone\"><img loading=\"lazy\" decoding=\"async\" class=\"asset-slider__image\" src=\"https:\/\/www.wochenanzeiger.de\/api\/asset\/public\/media\/TUdOaFpUVXlORE10TVdJd9OunbZpx6wCMS8Er-2qXiekni0qs6mRVUD160XzL6pPfYfxv4AiKaL3y7Ni1x8WkCV0F1Fy6Ebgm6wQlHLxR13c6u2HUKin7Plm1Hm_aEmJYso5ZyhpV4oU7EknUmd5-d29kh9tVQRwI-vZ-2IsLuU=?preset=large16x9&amp;format=webp\" alt=\"\" width=\"1600\" height=\"900\" \/><p class=\"wp-caption-text\">Erfahrene Reenactmentk\u00e4mpfer zeigen, wie ein Gladiatorenkampf ablief. (Foto: Johannes Breyer)<\/p><\/div>\n<\/div>\n<\/div>\n<p class=\"article-text\">Professionelle Gladiatorenk\u00e4mpfe waren keine wilden Gemetzel, sondern Duelle zwischen ausgebildeten Spezialisten, die unter Musikbegleitung stattfanden und im Vorfeld genau geplant wurden. Angestrebt wurde gr\u00f6\u00dftm\u00f6gliche Chancengleichheit. Ihren Namen erhielten die Gladiatoren vom Schwert der Legion\u00e4re, dem \u201e<strong>Gladius<\/strong>\u201d \u2013 sie waren also M\u00e4nner des Schwertes. Neben der Ausstattung der Gladiatoren waren auch die Disziplin und die Trainingsmethoden nach milit\u00e4rischem Vorbild ausgerichtet. Wie ein solcher Kampf konkret abgelaufen ist, k\u00f6nnen kleine wie gro\u00dfe G\u00e4ste nun live erleben. Demonstriert wird sowohl die Tragweise der R\u00fcstungen als auch die Kampftechnik. Zudem besteht die Gelegenheit, R\u00fcstungsteile selbst in die Hand zu nehmen.<\/p>\n","protected":false},"excerpt":{"rendered":"<p>Originalbeitrag vom 17.11.2025 F\u00fcr Sonntag, 23. November, l\u00e4dt die Arch\u00e4ologische Staatssammlung, Lerchenfeldstra\u00dfe 2, zu echten Gladiatorenk\u00e4mpfen auf ihr Forum im Erdgescho\u00df ein. Ab 15 Uhr nehmen die erfahrenen Reenactmentk\u00e4mpfer der [&hellip;]<\/p>\n","protected":false},"author":1,"featured_media":53405,"comment_status":"open","ping_status":"closed","sticky":false,"template":"","format":"standard","meta":{"wpupg_custom_link":[],"wpupg_custom_link_behaviour":["default"],"wpupg_custom_link_nofollow":["default"],"wpupg_custom_image":[],"wpupg_custom_image_id":[],"jetpack_post_was_ever_published":false,"footnotes":""},"categories":[3831,8,3832],"tags":[4309,2377,4363,4311,4366,199],"class_list":["post-53402","post","type-post","status-publish","format-standard","has-post-thumbnail","hentry","category-geschichte-als-fest-dr-marcus-junkelmann","category-news","category-presseschau","tag-archaeologische-staatssammlung","tag-dr-marcus-junkelmann","tag-familia-gladiatoria-pulli-cornicinis","tag-gladiator","tag-live-gladiatorenkampf","tag-muenchen"],"jetpack_featured_media_url":"https:\/\/i0.wp.com\/deltaimage.de\/wp\/wp-content\/uploads\/Visual_Wochenanzeiger-de.png?fit=1798%2C153&ssl=1","jetpack-related-posts":[{"id":53207,"url":"https:\/\/deltaimage.de\/wp\/?p=53207","url_meta":{"origin":53402,"position":0},"title":"ZDF-MORGENMAGAZIN: Gladiatoren \u2013 Helden des Kolosseums: Dr. Marcus Junkelmann","author":"EschbacP","date":"28. November 2025","format":false,"excerpt":"Gladiatoren \u2013 Helden des Kolosseums Das ZDF Morgenmagazin berichtet am 27.11.2025 um 05:30 \u00fcber die Veranstaltung im Rahmenprogramm zur Sonderausstellung \"Gladiatoren - Helden des Kolosseums\" in der Arch\u00e4ologischen Staatssammlung in M\u00fcnchen. Beitragsunterschrift: \"Die Arch\u00e4ologische Staatssammlung M\u00fcnchen erweckt in ihrer neuen Ausstellung die Geschichte der r\u00f6mischen Gladiatoren zum Leben. Geschichte zum\u2026","rel":"","context":"In &quot;Geschichte als Fest - Dr. Marcus Junkelmann&quot;","block_context":{"text":"Geschichte als Fest - Dr. Marcus Junkelmann","link":"https:\/\/deltaimage.de\/wp\/?cat=3831"},"img":{"alt_text":"","src":"https:\/\/i0.wp.com\/deltaimage.de\/wp\/wp-content\/uploads\/Logo_ZDF-Morgenmagazin-1200.jpg?fit=1200%2C450&ssl=1&resize=350%2C200","width":350,"height":200,"srcset":"https:\/\/i0.wp.com\/deltaimage.de\/wp\/wp-content\/uploads\/Logo_ZDF-Morgenmagazin-1200.jpg?fit=1200%2C450&ssl=1&resize=350%2C200 1x, https:\/\/i0.wp.com\/deltaimage.de\/wp\/wp-content\/uploads\/Logo_ZDF-Morgenmagazin-1200.jpg?fit=1200%2C450&ssl=1&resize=525%2C300 1.5x, https:\/\/i0.wp.com\/deltaimage.de\/wp\/wp-content\/uploads\/Logo_ZDF-Morgenmagazin-1200.jpg?fit=1200%2C450&ssl=1&resize=700%2C400 2x, https:\/\/i0.wp.com\/deltaimage.de\/wp\/wp-content\/uploads\/Logo_ZDF-Morgenmagazin-1200.jpg?fit=1200%2C450&ssl=1&resize=1050%2C600 3x"},"classes":[]},{"id":53124,"url":"https:\/\/deltaimage.de\/wp\/?p=53124","url_meta":{"origin":53402,"position":1},"title":"BR Kurzfilm-Bericht \u00fcber live-Gladiatorenkampf in der Arch\u00e4ologischen Staatssammlung M\u00fcnchen","author":"EschbacP","date":"24. November 2025","format":false,"excerpt":"Die Gladiatoren sind in M\u00fcnchen! In der Arch\u00e4ologischen Staatssammlung in M\u00fcnchen am Englischen Garten wird ganz aktuell eine Sonderausstellung \"Gladiatoren - Helden des Kolosseums\"\u00a0gezeigt. Im Rahmenprogramm dieser am letzten Donnerstag erst er\u00f6ffneten Sonderausstellung zeigt der Historiker und Experimentalarch\u00e4ologe Dr. Marcus Junkelmann zusammen mit seiner Gruppe \"Familia Gladiatoria Pulli Cornicinis\" live-Gladiatorenk\u00e4mpfe\u2026","rel":"","context":"In &quot;Geschichte als Fest - Dr. Marcus Junkelmann&quot;","block_context":{"text":"Geschichte als Fest - Dr. Marcus Junkelmann","link":"https:\/\/deltaimage.de\/wp\/?cat=3831"},"img":{"alt_text":"","src":"https:\/\/i0.wp.com\/deltaimage.de\/wp\/wp-content\/uploads\/PE1X1504_1200.jpg?fit=1200%2C450&ssl=1&resize=350%2C200","width":350,"height":200,"srcset":"https:\/\/i0.wp.com\/deltaimage.de\/wp\/wp-content\/uploads\/PE1X1504_1200.jpg?fit=1200%2C450&ssl=1&resize=350%2C200 1x, https:\/\/i0.wp.com\/deltaimage.de\/wp\/wp-content\/uploads\/PE1X1504_1200.jpg?fit=1200%2C450&ssl=1&resize=525%2C300 1.5x, https:\/\/i0.wp.com\/deltaimage.de\/wp\/wp-content\/uploads\/PE1X1504_1200.jpg?fit=1200%2C450&ssl=1&resize=700%2C400 2x, https:\/\/i0.wp.com\/deltaimage.de\/wp\/wp-content\/uploads\/PE1X1504_1200.jpg?fit=1200%2C450&ssl=1&resize=1050%2C600 3x"},"classes":[]},{"id":53404,"url":"https:\/\/deltaimage.de\/wp\/?p=53404","url_meta":{"origin":53402,"position":2},"title":"Arch\u00e4ologie42: Live-Gladiatorenkampf in der Arch\u00e4ologischen Staatssammlung M\u00fcnchen am 23.11.2025","author":"EschbacP","date":"3. Dezember 2025","format":false,"excerpt":"Im Herbst 2025 verwandelt sich die Arch\u00e4ologische Staatssammlung M\u00fcnchen in eine Arena. Mit der neuen Sonderausstellung \u201eGladiatoren \u2013 Helden des Kolosseums\u201c ziehen die Gladiatoren ins Museum ein. Und das nicht nur im unterirdischen Ausstellungsraum. Erfahrene Reenactmentk\u00e4mpfer entf\u00fchren Museumsg\u00e4ste am 23. November 2025 auf eine Zeitreise und zeigen, warum die Gladiatoren\u2026","rel":"","context":"In &quot;Geschichte als Fest - Dr. Marcus Junkelmann&quot;","block_context":{"text":"Geschichte als Fest - Dr. Marcus Junkelmann","link":"https:\/\/deltaimage.de\/wp\/?cat=3831"},"img":{"alt_text":"","src":"https:\/\/i0.wp.com\/deltaimage.de\/wp\/wp-content\/uploads\/Visual-Archaeologie42.png?fit=962%2C269&ssl=1&resize=350%2C200","width":350,"height":200,"srcset":"https:\/\/i0.wp.com\/deltaimage.de\/wp\/wp-content\/uploads\/Visual-Archaeologie42.png?fit=962%2C269&ssl=1&resize=350%2C200 1x, https:\/\/i0.wp.com\/deltaimage.de\/wp\/wp-content\/uploads\/Visual-Archaeologie42.png?fit=962%2C269&ssl=1&resize=525%2C300 1.5x, https:\/\/i0.wp.com\/deltaimage.de\/wp\/wp-content\/uploads\/Visual-Archaeologie42.png?fit=962%2C269&ssl=1&resize=700%2C400 2x"},"classes":[]},{"id":53403,"url":"https:\/\/deltaimage.de\/wp\/?p=53403","url_meta":{"origin":53402,"position":3},"title":"Aktuelles aus dem Institut f\u00fcr Kunstgeschichte der LMU: Live-Gladiatorenkampf in der Arch\u00e4ologischen Staatssammlung","author":"EschbacP","date":"3. Dezember 2025","format":false,"excerpt":"Originalbeitrag: Montag, 17.11.2025 von Christina Hollerith am 23. November, 15 Uhr Im Herbst verwandelt sich die Arch\u00e4ologische Staatssammlung in eine Arena. Mit der neuen Sonderausstellung \u201eGladiatoren \u2013 Helden des Kolosseums\u201c ziehen die Gladiatoren ins Museum ein. Und das nicht nur im unterirdischen Ausstellungsraum! Erfahrene Reenactmentk\u00e4mpfer entf\u00fchren Museumsg\u00e4ste am 23. November\u2026","rel":"","context":"In &quot;Geschichte als Fest - Dr. Marcus Junkelmann&quot;","block_context":{"text":"Geschichte als Fest - Dr. Marcus Junkelmann","link":"https:\/\/deltaimage.de\/wp\/?cat=3831"},"img":{"alt_text":"","src":"https:\/\/i0.wp.com\/deltaimage.de\/wp\/wp-content\/uploads\/Visual_Institut-Kunstgeschichte-LMU.png?fit=1200%2C287&ssl=1&resize=350%2C200","width":350,"height":200,"srcset":"https:\/\/i0.wp.com\/deltaimage.de\/wp\/wp-content\/uploads\/Visual_Institut-Kunstgeschichte-LMU.png?fit=1200%2C287&ssl=1&resize=350%2C200 1x, https:\/\/i0.wp.com\/deltaimage.de\/wp\/wp-content\/uploads\/Visual_Institut-Kunstgeschichte-LMU.png?fit=1200%2C287&ssl=1&resize=525%2C300 1.5x, https:\/\/i0.wp.com\/deltaimage.de\/wp\/wp-content\/uploads\/Visual_Institut-Kunstgeschichte-LMU.png?fit=1200%2C287&ssl=1&resize=700%2C400 2x, https:\/\/i0.wp.com\/deltaimage.de\/wp\/wp-content\/uploads\/Visual_Institut-Kunstgeschichte-LMU.png?fit=1200%2C287&ssl=1&resize=1050%2C600 3x"},"classes":[]},{"id":53413,"url":"https:\/\/deltaimage.de\/wp\/?p=53413","url_meta":{"origin":53402,"position":4},"title":"M\u00fcnchen online: Gladiatoren \u2013 Helden des Kolosseums","author":"EschbacP","date":"3. Dezember 2025","format":false,"excerpt":"Originalbeitrag vom 19.11.2025 Neue Sonderausstellung in der Arch\u00e4ologischen Staatssammlung Im Herbst verwandelt sich die Arch\u00e4ologische Staatssammlung in eine Arena. Mit der neuen Sonderausstellung ziehen die Gladiatoren ins Museum ein. Vom 21. November 2025 bis 3. Mai 2026 erwarten Besucherinnen und Besucher Originale aus dem Arch\u00e4ologischen Nationalmuseum in Neapel sowie ein\u2026","rel":"","context":"In &quot;Geschichte als Fest - Dr. Marcus Junkelmann&quot;","block_context":{"text":"Geschichte als Fest - Dr. Marcus Junkelmann","link":"https:\/\/deltaimage.de\/wp\/?cat=3831"},"img":{"alt_text":"Gladiatoren Ausstellung M\u00fcnchen, TT_11_25_Gladiatoren_DSC_9987 a_LP_400","src":"https:\/\/i0.wp.com\/www.muenchen-online.de\/wp-content\/uploads\/2025\/11\/TT_11_25_Gladiatoren_DSC_9987-a_LP_400.jpg?resize=350%2C200&ssl=1","width":350,"height":200},"classes":[]},{"id":53154,"url":"https:\/\/deltaimage.de\/wp\/?p=53154","url_meta":{"origin":53402,"position":5},"title":"Gladiator gegen Gladiator; Essedarius vs. Essedarius: Live-Kampf in der Arch\u00e4ologischen Staatssammlung M\u00fcnchen","author":"EschbacP","date":"25. November 2025","format":false,"excerpt":"Die Gladiatoren sind in M\u00fcnchen! In der Arch\u00e4ologischen Staatssammlung in M\u00fcnchen am Englischen Garten wird ganz aktuell eine Sonderausstellung \"Gladiatoren - Helden des Kolosseums\"\u00a0gezeigt. Im Rahmenprogramm dieser am letzten Donnerstag erst er\u00f6ffneten Sonderausstellung zeigt der Historiker und Experimentalarch\u00e4ologe Dr. Marcus Junkelmann zusammen mit seiner Gruppe \"Familia Gladiatoria Pulli Cornicinis\" live-Gladiatorenk\u00e4mpfe\u2026","rel":"","context":"In &quot;Geschichte als Fest - Dr. Marcus Junkelmann&quot;","block_context":{"text":"Geschichte als Fest - Dr. Marcus Junkelmann","link":"https:\/\/deltaimage.de\/wp\/?cat=3831"},"img":{"alt_text":"","src":"https:\/\/i0.wp.com\/deltaimage.de\/wp\/wp-content\/uploads\/PE1X1604_1200.jpg?fit=1200%2C450&ssl=1&resize=350%2C200","width":350,"height":200,"srcset":"https:\/\/i0.wp.com\/deltaimage.de\/wp\/wp-content\/uploads\/PE1X1604_1200.jpg?fit=1200%2C450&ssl=1&resize=350%2C200 1x, https:\/\/i0.wp.com\/deltaimage.de\/wp\/wp-content\/uploads\/PE1X1604_1200.jpg?fit=1200%2C450&ssl=1&resize=525%2C300 1.5x, https:\/\/i0.wp.com\/deltaimage.de\/wp\/wp-content\/uploads\/PE1X1604_1200.jpg?fit=1200%2C450&ssl=1&resize=700%2C400 2x, https:\/\/i0.wp.com\/deltaimage.de\/wp\/wp-content\/uploads\/PE1X1604_1200.jpg?fit=1200%2C450&ssl=1&resize=1050%2C600 3x"},"classes":[]}],"jetpack_sharing_enabled":true,"_links":{"self":[{"href":"https:\/\/deltaimage.de\/wp\/index.php?rest_route=\/wp\/v2\/posts\/53402","targetHints":{"allow":["GET"]}}],"collection":[{"href":"https:\/\/deltaimage.de\/wp\/index.php?rest_route=\/wp\/v2\/posts"}],"about":[{"href":"https:\/\/deltaimage.de\/wp\/index.php?rest_route=\/wp\/v2\/types\/post"}],"author":[{"embeddable":true,"href":"https:\/\/deltaimage.de\/wp\/index.php?rest_route=\/wp\/v2\/users\/1"}],"replies":[{"embeddable":true,"href":"https:\/\/deltaimage.de\/wp\/index.php?rest_route=%2Fwp%2Fv2%2Fcomments&post=53402"}],"version-history":[{"count":1,"href":"https:\/\/deltaimage.de\/wp\/index.php?rest_route=\/wp\/v2\/posts\/53402\/revisions"}],"predecessor-version":[{"id":53411,"href":"https:\/\/deltaimage.de\/wp\/index.php?rest_route=\/wp\/v2\/posts\/53402\/revisions\/53411"}],"wp:featuredmedia":[{"embeddable":true,"href":"https:\/\/deltaimage.de\/wp\/index.php?rest_route=\/wp\/v2\/media\/53405"}],"wp:attachment":[{"href":"https:\/\/deltaimage.de\/wp\/index.php?rest_route=%2Fwp%2Fv2%2Fmedia&parent=53402"}],"wp:term":[{"taxonomy":"category","embeddable":true,"href":"https:\/\/deltaimage.de\/wp\/index.php?rest_route=%2Fwp%2Fv2%2Fcategories&post=53402"},{"taxonomy":"post_tag","embeddable":true,"href":"https:\/\/deltaimage.de\/wp\/index.php?rest_route=%2Fwp%2Fv2%2Ftags&post=53402"}],"curies":[{"name":"wp","href":"https:\/\/api.w.org\/{rel}","templated":true}]}}