{"id":53486,"date":"2025-12-14T19:46:07","date_gmt":"2025-12-14T18:46:07","guid":{"rendered":"https:\/\/deltaimage.de\/wp\/?p=53486"},"modified":"2025-12-14T19:54:49","modified_gmt":"2025-12-14T18:54:49","slug":"das-dachauer-moos-naturwandel-in-bildern-im-rathaus-sulzemoos","status":"publish","type":"post","link":"https:\/\/deltaimage.de\/wp\/?p=53486","title":{"rendered":"Das Dachauer Moos: NaturWandel in Bildern im Rathaus Sulzemoos"},"content":{"rendered":"<p><img data-recalc-dims=\"1\" loading=\"lazy\" decoding=\"async\" data-attachment-id=\"47702\" data-permalink=\"https:\/\/deltaimage.de\/wp\/?attachment_id=47702\" data-orig-file=\"https:\/\/i0.wp.com\/deltaimage.de\/wp\/wp-content\/uploads\/GW_Logo-600.jpg?fit=821%2C590&amp;ssl=1\" data-orig-size=\"821,590\" data-comments-opened=\"1\" data-image-meta=\"{&quot;aperture&quot;:&quot;0&quot;,&quot;credit&quot;:&quot;Paul Eschbach&quot;,&quot;camera&quot;:&quot;&quot;,&quot;caption&quot;:&quot;&quot;,&quot;created_timestamp&quot;:&quot;1737489888&quot;,&quot;copyright&quot;:&quot;&quot;,&quot;focal_length&quot;:&quot;0&quot;,&quot;iso&quot;:&quot;0&quot;,&quot;shutter_speed&quot;:&quot;0&quot;,&quot;title&quot;:&quot;&quot;,&quot;orientation&quot;:&quot;0&quot;}\" data-image-title=\"GW_Logo -600\" data-image-description=\"\" data-image-caption=\"\" data-large-file=\"https:\/\/i0.wp.com\/deltaimage.de\/wp\/wp-content\/uploads\/GW_Logo-600.jpg?fit=821%2C590&amp;ssl=1\" class=\"wp-image-47702 size-thumbnail alignright\" src=\"https:\/\/i0.wp.com\/deltaimage.de\/wp\/wp-content\/uploads\/GW_Logo-600.jpg?resize=278%2C200&#038;ssl=1\" alt=\"\" width=\"278\" height=\"200\" srcset=\"https:\/\/i0.wp.com\/deltaimage.de\/wp\/wp-content\/uploads\/GW_Logo-600.jpg?resize=278%2C200&amp;ssl=1 278w, https:\/\/i0.wp.com\/deltaimage.de\/wp\/wp-content\/uploads\/GW_Logo-600.jpg?resize=557%2C400&amp;ssl=1 557w, https:\/\/i0.wp.com\/deltaimage.de\/wp\/wp-content\/uploads\/GW_Logo-600.jpg?w=821&amp;ssl=1 821w\" sizes=\"auto, (max-width: 278px) 100vw, 278px\" \/>Das Projekt des <strong>Dachauer Forum<\/strong>s und der <strong>Geschichtswerkstatt Dachau<\/strong> \u00fcber den Wandel der Natur (=<strong>NaturWandel<\/strong>) im <strong>Dachauer Land<\/strong> und <strong>Dachauer Moos<\/strong> geht als Wanderausstellung im Landkreis Dachau umher. In den letzten Wochen war die Ausstellung im <strong>Rathaus Sulzemoos<\/strong> f\u00fcr die B\u00fcrgerInnen und BesucherInnen \u00f6ffentlich ausgestellt und wird am 13. Dezember 2025 auch schon wieder abgebaut werden (sein).<\/p>\n<p>Die Ausstellung geht nun ins<\/p>\n<h2 style=\"text-align: center;\">Heimatmuseum Karlsfeld<\/h2>\n<p>und wird dort den ganzen Sommer \u00fcber<\/p>\n<h2 class=\"su-post-title\" style=\"text-align: center;\">vom 17.5. bis 18.10.2026<\/h2>\n<p>zu sehen sein. Mehr Informationen zur Ausstellung &#8222;<strong>NaturWandel &#8211; Eine Geschichte im Dachauer Land<\/strong>&#8220; im Heimatmuseum Karlsfeld in unseren <a href=\"https:\/\/deltaimage.de\/wp\/?tribe_events=ausstellung-naturwandel-eine-geschichte-des-dachauer-landes-in-heimatmuseum-karlsfeld\"><strong>Veranstaltungshinweisen zum Termin<\/strong><\/a>.<\/p>\n<div id=\"attachment_53491\" style=\"width: 900px\" class=\"wp-caption aligncenter\"><img data-recalc-dims=\"1\" loading=\"lazy\" decoding=\"async\" aria-describedby=\"caption-attachment-53491\" data-attachment-id=\"53491\" data-permalink=\"https:\/\/deltaimage.de\/wp\/?attachment_id=53491#main\" data-orig-file=\"https:\/\/i0.wp.com\/deltaimage.de\/wp\/wp-content\/uploads\/PE1S0023_900-1.jpg?fit=890%2C593&amp;ssl=1\" data-orig-size=\"890,593\" data-comments-opened=\"1\" data-image-meta=\"{&quot;aperture&quot;:&quot;4.5&quot;,&quot;credit&quot;:&quot;Paul Eschbach&quot;,&quot;camera&quot;:&quot;Canon EOS-1Ds Mark III&quot;,&quot;caption&quot;:&quot;&quot;,&quot;created_timestamp&quot;:&quot;1765470205&quot;,&quot;copyright&quot;:&quot;&quot;,&quot;focal_length&quot;:&quot;27&quot;,&quot;iso&quot;:&quot;1600&quot;,&quot;shutter_speed&quot;:&quot;0.016666666666667&quot;,&quot;title&quot;:&quot;&quot;,&quot;orientation&quot;:&quot;0&quot;}\" data-image-title=\"PE1S0023_900\" data-image-description=\"\" data-image-caption=\"\" data-large-file=\"https:\/\/i0.wp.com\/deltaimage.de\/wp\/wp-content\/uploads\/PE1S0023_900-1.jpg?fit=890%2C593&amp;ssl=1\" class=\"wp-image-53491 size-full\" src=\"https:\/\/i0.wp.com\/deltaimage.de\/wp\/wp-content\/uploads\/PE1S0023_900-1.jpg?resize=890%2C593&#038;ssl=1\" alt=\"\" width=\"890\" height=\"593\" srcset=\"https:\/\/i0.wp.com\/deltaimage.de\/wp\/wp-content\/uploads\/PE1S0023_900-1.jpg?w=890&amp;ssl=1 890w, https:\/\/i0.wp.com\/deltaimage.de\/wp\/wp-content\/uploads\/PE1S0023_900-1.jpg?resize=300%2C200&amp;ssl=1 300w, https:\/\/i0.wp.com\/deltaimage.de\/wp\/wp-content\/uploads\/PE1S0023_900-1.jpg?resize=600%2C400&amp;ssl=1 600w, https:\/\/i0.wp.com\/deltaimage.de\/wp\/wp-content\/uploads\/PE1S0023_900-1.jpg?resize=200%2C133&amp;ssl=1 200w\" sizes=\"auto, (max-width: 890px) 100vw, 890px\" \/><p id=\"caption-attachment-53491\" class=\"wp-caption-text\">Rathaus in Sulzemoos ist der Ausstellungsort der Ausstellung &#8222;NaturWandel &#8211; Eine Geschichte im Dachauer Land&#8220;. Die Lichtstimmung im Advent macht das Geb\u00e4ude besonders stimmungsvoll.<\/p><\/div>\n<p>Das Rathaus Sulzemoos ist ein Neubau und wurde ab 2016 mit der Gemeindeverwaltung erweitert, nachdem die Verwaltungsgemeinschaft mit Odelzhausen und Pfaffenhofen a.d. Glonn beendet wurde.<\/p>\n<blockquote>\n<pre>Ich war noch nie im Rathaus in Sulzemoos. \r\nDie Ausstellung ist ein guter Grund, mir das Geb\u00e4ude und die Ausstellung ansehen zu k\u00f6nnen.<\/pre>\n<\/blockquote>\n<p><!--more--><\/p>\n<p>&nbsp;<\/p>\n<h2>Dokumentation zur Ausstellung &#8222;NaturWandel &#8211; Eine Geschichte im Dachauer Land&#8220;<\/h2>\n<p><img data-recalc-dims=\"1\" loading=\"lazy\" decoding=\"async\" data-attachment-id=\"47944\" data-permalink=\"https:\/\/deltaimage.de\/wp\/?attachment_id=47944#main\" data-orig-file=\"https:\/\/i0.wp.com\/deltaimage.de\/wp\/wp-content\/uploads\/NaturWandel-Dachauer-Land_II-600.jpg?fit=422%2C600&amp;ssl=1\" data-orig-size=\"422,600\" data-comments-opened=\"1\" data-image-meta=\"{&quot;aperture&quot;:&quot;0&quot;,&quot;credit&quot;:&quot;Paul Eschbach&quot;,&quot;camera&quot;:&quot;&quot;,&quot;caption&quot;:&quot;&quot;,&quot;created_timestamp&quot;:&quot;1740595097&quot;,&quot;copyright&quot;:&quot;&quot;,&quot;focal_length&quot;:&quot;0&quot;,&quot;iso&quot;:&quot;0&quot;,&quot;shutter_speed&quot;:&quot;0&quot;,&quot;title&quot;:&quot;&quot;,&quot;orientation&quot;:&quot;1&quot;}\" data-image-title=\"NaturWandel Dachauer Land_II-600\" data-image-description=\"\" data-image-caption=\"\" data-large-file=\"https:\/\/i0.wp.com\/deltaimage.de\/wp\/wp-content\/uploads\/NaturWandel-Dachauer-Land_II-600.jpg?fit=422%2C600&amp;ssl=1\" class=\"size-full wp-image-47944 alignright\" src=\"https:\/\/i0.wp.com\/deltaimage.de\/wp\/wp-content\/uploads\/NaturWandel-Dachauer-Land_II-600.jpg?resize=422%2C600&#038;ssl=1\" alt=\"\" width=\"422\" height=\"600\" srcset=\"https:\/\/i0.wp.com\/deltaimage.de\/wp\/wp-content\/uploads\/NaturWandel-Dachauer-Land_II-600.jpg?w=422&amp;ssl=1 422w, https:\/\/i0.wp.com\/deltaimage.de\/wp\/wp-content\/uploads\/NaturWandel-Dachauer-Land_II-600.jpg?resize=141%2C200&amp;ssl=1 141w, https:\/\/i0.wp.com\/deltaimage.de\/wp\/wp-content\/uploads\/NaturWandel-Dachauer-Land_II-600.jpg?resize=281%2C400&amp;ssl=1 281w\" sizes=\"auto, (max-width: 422px) 100vw, 422px\" \/><\/p>\n<p>Zur Ausstellung gibt es eine umfangreiche Begleitdokumentation:<\/p>\n<ul>\n<li class=\"price\"><a href=\"http:\/\/geschichtswerkstatt-dachau.de\"><strong><span class=\"tiered-pricing-dynamic-price-wrapper\" data-display-context=\"product-page\" data-price-type=\"no-rules\" data-product-id=\"3131\" data-parent-id=\"3131\"><span class=\"woocommerce-Price-amount amount\"><bdi>Geschichtswerkstatt Dachau<\/bdi><\/span><\/span><\/strong><\/a><\/li>\n<li class=\"price\"><span class=\"tiered-pricing-dynamic-price-wrapper\" data-display-context=\"product-page\" data-price-type=\"no-rules\" data-product-id=\"3131\" data-parent-id=\"3131\"><span class=\"woocommerce-Price-amount amount\"><bdi>Herausgeberin <a href=\"https:\/\/geschichtswerkstatt-dachau.de\/naturwandel\/projektleiter.php\"><strong>Dr. Annegret Braun<\/strong><\/a><\/bdi><\/span><\/span><\/li>\n<li class=\"price\"><span class=\"tiered-pricing-dynamic-price-wrapper\" data-display-context=\"product-page\" data-price-type=\"no-rules\" data-product-id=\"3131\" data-parent-id=\"3131\"><span class=\"woocommerce-Price-amount amount\"><bdi>Verkaufspreis 9,50 <span class=\"woocommerce-Price-currencySymbol\">\u20ac<\/span><\/bdi><\/span>\u00a0<small class=\"woocommerce-price-suffix\">Brutto inkl. MWSt, <\/small><\/span><span class=\"wc-gzd-additional-info shipping-costs-info\">zzgl.\u00a0Versandkosten<\/span><\/li>\n<\/ul>\n<div class=\"woocommerce-product-details__short-description\">\n<ul>\n<li>Softcover mit\u00a096 Seiten<\/li>\n<li>Format DIN A4 Hochformat (297 x 210 mm)<\/li>\n<li>4\/4c Farbdruck<\/li>\n<li>ISBN 978391146103-0<\/li>\n<li>Link zum Buch im <a href=\"https:\/\/shop.deltaimage.de\/?product=geschichtswerkstatt-naturwandel-eine-geschichte-im-dachauer-land\"><strong>Online-Shop (shop.deltaimage.de)<\/strong><\/a><\/li>\n<\/ul>\n<\/div>\n<p>Die Begleitpublikation hat <a href=\"http:\/\/shop.deltaimage.de\"><strong>DELTA IMAGE &#8211; Eigenverlag<\/strong><\/a> grafisch gestaltet, gedruckt und \u00fcbernimmt den Vertrieb ehrenamtlich &#8211; wie es zur Arbeit in der <strong>Geschichtswerkstatt Dachau<\/strong> passt.<\/p>\n<blockquote>\n<pre>Die Begleitpublikation kann im Online-Shop\r\nunter shop.deltaimage.de, oder in der \r\nGesch\u00e4ftsstelle des Dachauer Forums in \r\nDachau (Ludwig-Ganghofer-Stra\u00dfe, Dachau) \r\nbestellt\/gekauft werden.<\/pre>\n<\/blockquote>\n<p>Die AutorInnen aus dem <strong>Dachauer Land<\/strong> beschreiben in einzelnen Beitr\u00e4gen ihre Erlebnisse mit dem Wandel der Natur im Dachauer Land. Dazu haben sie umfangreiche Recherche in Archiven zu ihrem jeweiligen Thema durchgef\u00fchrt und Zeitzeugen interviewt. Herausgekommen ist eine \u00fcberaus lesenswerte Zusammenf\u00fchrung von Erinnerungen und Begebenheiten im Dachauer Land, mit dem Blickwinkel der Naturlandschaft und deren Umgang damit. Die Geschichten h\u00e4tten so wohl kaum von einem professionellen Buchautor in dieser lebensnahen Form zusammengestellt werden k\u00f6nnen. Damit sind die Beitr\u00e4ge \u00fcberaus lesenswert und eine sehr sch\u00f6ne Erg\u00e4nzung zu dem eigenen Bewusstsein \u00fcber das Dachauer Land.<\/p>\n<blockquote>\n<pre>Als Verleger dieses Buches habe ich mich zwangsl\u00e4ufig intensiv mit den zusammengestellten Texten\r\nbesch\u00e4ftigt und auseinandergesetzt. Beim Durchlesen der Beitr\u00e4ge f\u00e4llt mir auf, zu fast jedem \r\nBeitrag habe ich eine eigene pers\u00f6nliche beziehung zu dem Geschrieben, zu den gegebenheiten oder \r\nzu den beschrieben Orten im Dachauer Land.\r\nSo sp\u00fcrt man seine eigene Heimat um so mehr!\r\n<em>Paul Eschbach - Verleger des Buches im DELTA IMAGE - Eigenverlag<\/em><\/pre>\n<\/blockquote>\n<p>&nbsp;<\/p>\n<h2>Ein Blick in die Ausstellung im Rathaus Sulzemoos<\/h2>\n<p>Die Ausstellung steht im Erdgeschoss, gleich neben dem Eingang ins Rathaus. Die Geschichte im Dachauer Land wird<\/p>\n<ul>\n<li>\u00fcber acht Roll-Ups mit verschiedenen Themen der Ausstellung, mit historischen und zeitgen\u00f6ssischen Bilden und dazu passenden Texten vermittelt. Diese Texte sind kurz und zusammenfassend geschrieben, die ausf\u00fchrlichen Texte finden sich in der oben beschriebenen ausf\u00fchrlichen Begleitpublikation mit noch viel ausf\u00fchrlicherem Bild- und Kartenmaterial ausgef\u00fchrt.<\/li>\n<li>\u00fcber erg\u00e4nzende Ausstellungsk\u00e4sten mit Originalexponaten aus der thematischen Geschichte als lebendige Anschauungsmaterialien der Zeit und deren Entwicklung.<\/li>\n<li>\u00fcber eine H\u00f6rstation mit den Interviews der Zeitzeugen, deren Texte in der Begleitpublikation ausf\u00fchrlich beschrieben sind.<\/li>\n<\/ul>\n<p>kommuniziert.<\/p>\n<p><img data-recalc-dims=\"1\" loading=\"lazy\" decoding=\"async\" data-attachment-id=\"53490\" data-permalink=\"https:\/\/deltaimage.de\/wp\/?attachment_id=53490#main\" data-orig-file=\"https:\/\/i0.wp.com\/deltaimage.de\/wp\/wp-content\/uploads\/PE1S0013_900.jpg?fit=890%2C593&amp;ssl=1\" data-orig-size=\"890,593\" data-comments-opened=\"1\" data-image-meta=\"{&quot;aperture&quot;:&quot;4&quot;,&quot;credit&quot;:&quot;Paul Eschbach&quot;,&quot;camera&quot;:&quot;Canon EOS-1Ds Mark III&quot;,&quot;caption&quot;:&quot;&quot;,&quot;created_timestamp&quot;:&quot;1765469876&quot;,&quot;copyright&quot;:&quot;&quot;,&quot;focal_length&quot;:&quot;23&quot;,&quot;iso&quot;:&quot;1600&quot;,&quot;shutter_speed&quot;:&quot;0.04&quot;,&quot;title&quot;:&quot;&quot;,&quot;orientation&quot;:&quot;0&quot;}\" data-image-title=\"PE1S0013_900\" data-image-description=\"\" data-image-caption=\"\" data-large-file=\"https:\/\/i0.wp.com\/deltaimage.de\/wp\/wp-content\/uploads\/PE1S0013_900.jpg?fit=890%2C593&amp;ssl=1\" class=\"aligncenter size-full wp-image-53490\" src=\"https:\/\/i0.wp.com\/deltaimage.de\/wp\/wp-content\/uploads\/PE1S0013_900.jpg?resize=890%2C593&#038;ssl=1\" alt=\"\" width=\"890\" height=\"593\" srcset=\"https:\/\/i0.wp.com\/deltaimage.de\/wp\/wp-content\/uploads\/PE1S0013_900.jpg?w=890&amp;ssl=1 890w, https:\/\/i0.wp.com\/deltaimage.de\/wp\/wp-content\/uploads\/PE1S0013_900.jpg?resize=300%2C200&amp;ssl=1 300w, https:\/\/i0.wp.com\/deltaimage.de\/wp\/wp-content\/uploads\/PE1S0013_900.jpg?resize=600%2C400&amp;ssl=1 600w, https:\/\/i0.wp.com\/deltaimage.de\/wp\/wp-content\/uploads\/PE1S0013_900.jpg?resize=200%2C133&amp;ssl=1 200w\" sizes=\"auto, (max-width: 890px) 100vw, 890px\" \/><\/p>\n<p>&nbsp;<\/p>\n<p><img data-recalc-dims=\"1\" loading=\"lazy\" decoding=\"async\" data-attachment-id=\"53489\" data-permalink=\"https:\/\/deltaimage.de\/wp\/?attachment_id=53489#main\" data-orig-file=\"https:\/\/i0.wp.com\/deltaimage.de\/wp\/wp-content\/uploads\/PE1S0014_900-4.jpg?fit=890%2C593&amp;ssl=1\" data-orig-size=\"890,593\" data-comments-opened=\"1\" data-image-meta=\"{&quot;aperture&quot;:&quot;4&quot;,&quot;credit&quot;:&quot;Paul Eschbach&quot;,&quot;camera&quot;:&quot;Canon EOS-1Ds Mark III&quot;,&quot;caption&quot;:&quot;&quot;,&quot;created_timestamp&quot;:&quot;1765469891&quot;,&quot;copyright&quot;:&quot;&quot;,&quot;focal_length&quot;:&quot;35&quot;,&quot;iso&quot;:&quot;1600&quot;,&quot;shutter_speed&quot;:&quot;0.04&quot;,&quot;title&quot;:&quot;&quot;,&quot;orientation&quot;:&quot;0&quot;}\" data-image-title=\"PE1S0014_900\" data-image-description=\"\" data-image-caption=\"\" data-large-file=\"https:\/\/i0.wp.com\/deltaimage.de\/wp\/wp-content\/uploads\/PE1S0014_900-4.jpg?fit=890%2C593&amp;ssl=1\" class=\"aligncenter size-full wp-image-53489\" src=\"https:\/\/i0.wp.com\/deltaimage.de\/wp\/wp-content\/uploads\/PE1S0014_900-4.jpg?resize=890%2C593&#038;ssl=1\" alt=\"\" width=\"890\" height=\"593\" srcset=\"https:\/\/i0.wp.com\/deltaimage.de\/wp\/wp-content\/uploads\/PE1S0014_900-4.jpg?w=890&amp;ssl=1 890w, https:\/\/i0.wp.com\/deltaimage.de\/wp\/wp-content\/uploads\/PE1S0014_900-4.jpg?resize=300%2C200&amp;ssl=1 300w, https:\/\/i0.wp.com\/deltaimage.de\/wp\/wp-content\/uploads\/PE1S0014_900-4.jpg?resize=600%2C400&amp;ssl=1 600w, https:\/\/i0.wp.com\/deltaimage.de\/wp\/wp-content\/uploads\/PE1S0014_900-4.jpg?resize=200%2C133&amp;ssl=1 200w\" sizes=\"auto, (max-width: 890px) 100vw, 890px\" \/><\/p>\n<p>&nbsp;<\/p>\n<p><img data-recalc-dims=\"1\" loading=\"lazy\" decoding=\"async\" data-attachment-id=\"53488\" data-permalink=\"https:\/\/deltaimage.de\/wp\/?attachment_id=53488#main\" data-orig-file=\"https:\/\/i0.wp.com\/deltaimage.de\/wp\/wp-content\/uploads\/PE1S0015_900-1.jpg?fit=890%2C593&amp;ssl=1\" data-orig-size=\"890,593\" data-comments-opened=\"1\" data-image-meta=\"{&quot;aperture&quot;:&quot;4&quot;,&quot;credit&quot;:&quot;Paul Eschbach&quot;,&quot;camera&quot;:&quot;Canon EOS-1Ds Mark III&quot;,&quot;caption&quot;:&quot;&quot;,&quot;created_timestamp&quot;:&quot;1765469905&quot;,&quot;copyright&quot;:&quot;&quot;,&quot;focal_length&quot;:&quot;35&quot;,&quot;iso&quot;:&quot;1600&quot;,&quot;shutter_speed&quot;:&quot;0.04&quot;,&quot;title&quot;:&quot;&quot;,&quot;orientation&quot;:&quot;0&quot;}\" data-image-title=\"PE1S0015_900\" data-image-description=\"\" data-image-caption=\"\" data-large-file=\"https:\/\/i0.wp.com\/deltaimage.de\/wp\/wp-content\/uploads\/PE1S0015_900-1.jpg?fit=890%2C593&amp;ssl=1\" class=\"aligncenter size-full wp-image-53488\" src=\"https:\/\/i0.wp.com\/deltaimage.de\/wp\/wp-content\/uploads\/PE1S0015_900-1.jpg?resize=890%2C593&#038;ssl=1\" alt=\"\" width=\"890\" height=\"593\" srcset=\"https:\/\/i0.wp.com\/deltaimage.de\/wp\/wp-content\/uploads\/PE1S0015_900-1.jpg?w=890&amp;ssl=1 890w, https:\/\/i0.wp.com\/deltaimage.de\/wp\/wp-content\/uploads\/PE1S0015_900-1.jpg?resize=300%2C200&amp;ssl=1 300w, https:\/\/i0.wp.com\/deltaimage.de\/wp\/wp-content\/uploads\/PE1S0015_900-1.jpg?resize=600%2C400&amp;ssl=1 600w, https:\/\/i0.wp.com\/deltaimage.de\/wp\/wp-content\/uploads\/PE1S0015_900-1.jpg?resize=200%2C133&amp;ssl=1 200w\" sizes=\"auto, (max-width: 890px) 100vw, 890px\" \/><\/p>\n<p>&nbsp;<\/p>\n<p><img data-recalc-dims=\"1\" loading=\"lazy\" decoding=\"async\" data-attachment-id=\"53487\" data-permalink=\"https:\/\/deltaimage.de\/wp\/?attachment_id=53487#main\" data-orig-file=\"https:\/\/i0.wp.com\/deltaimage.de\/wp\/wp-content\/uploads\/PE1S0016_900-6.jpg?fit=890%2C593&amp;ssl=1\" data-orig-size=\"890,593\" data-comments-opened=\"1\" data-image-meta=\"{&quot;aperture&quot;:&quot;4&quot;,&quot;credit&quot;:&quot;Paul Eschbach&quot;,&quot;camera&quot;:&quot;Canon EOS-1Ds Mark III&quot;,&quot;caption&quot;:&quot;&quot;,&quot;created_timestamp&quot;:&quot;1765470023&quot;,&quot;copyright&quot;:&quot;&quot;,&quot;focal_length&quot;:&quot;16&quot;,&quot;iso&quot;:&quot;1600&quot;,&quot;shutter_speed&quot;:&quot;0.04&quot;,&quot;title&quot;:&quot;&quot;,&quot;orientation&quot;:&quot;0&quot;}\" data-image-title=\"PE1S0016_900\" data-image-description=\"\" data-image-caption=\"\" data-large-file=\"https:\/\/i0.wp.com\/deltaimage.de\/wp\/wp-content\/uploads\/PE1S0016_900-6.jpg?fit=890%2C593&amp;ssl=1\" class=\"aligncenter size-full wp-image-53487\" src=\"https:\/\/i0.wp.com\/deltaimage.de\/wp\/wp-content\/uploads\/PE1S0016_900-6.jpg?resize=890%2C593&#038;ssl=1\" alt=\"\" width=\"890\" height=\"593\" srcset=\"https:\/\/i0.wp.com\/deltaimage.de\/wp\/wp-content\/uploads\/PE1S0016_900-6.jpg?w=890&amp;ssl=1 890w, https:\/\/i0.wp.com\/deltaimage.de\/wp\/wp-content\/uploads\/PE1S0016_900-6.jpg?resize=300%2C200&amp;ssl=1 300w, https:\/\/i0.wp.com\/deltaimage.de\/wp\/wp-content\/uploads\/PE1S0016_900-6.jpg?resize=600%2C400&amp;ssl=1 600w, https:\/\/i0.wp.com\/deltaimage.de\/wp\/wp-content\/uploads\/PE1S0016_900-6.jpg?resize=200%2C133&amp;ssl=1 200w\" sizes=\"auto, (max-width: 890px) 100vw, 890px\" \/><\/p>\n<p>&nbsp;<\/p>\n<h2>&#8222;NaturWandel &#8211; Eine Geschichte im Dachauer Land&#8220;<\/h2>\n<p>Die Ausstellung war bislang zu sehen in:<\/p>\n<ul>\n<li><strong>Dachau<\/strong>, Hauptstelle der Sparkasse Dachau (M\u00e4rz\/April 2025)<\/li>\n<li><strong>Sulzemoos<\/strong>, Rathaus (November\/Dezember 2025)<\/li>\n<\/ul>\n","protected":false},"excerpt":{"rendered":"<p>Das Projekt des Dachauer Forums und der Geschichtswerkstatt Dachau \u00fcber den Wandel der Natur (=NaturWandel) im Dachauer Land und Dachauer Moos geht als Wanderausstellung im Landkreis Dachau umher. In den [&hellip;]<\/p>\n","protected":false},"author":1,"featured_media":53492,"comment_status":"open","ping_status":"closed","sticky":false,"template":"","format":"standard","meta":{"wpupg_custom_link":[],"wpupg_custom_link_behaviour":["default"],"wpupg_custom_link_nofollow":["default"],"wpupg_custom_image":[],"wpupg_custom_image_id":[],"footnotes":"","jetpack_post_was_ever_published":false},"categories":[1189,3010,2523,3217,8],"tags":[3985,530,775,4379,4378,89,88,1177,4090,4376,4155],"class_list":["post-53486","post","type-post","status-publish","format-standard","has-post-thumbnail","hentry","category-buch","category-dachauer-land","category-dachauer-moos","category-naturfotografie","category-news","tag-dachauer-forum","tag-dachauer-land","tag-dachauer-moos","tag-dr-annegret-braun-hsg","tag-geschichtswerkstatt-dachau","tag-landschaft","tag-natur","tag-naturlandschaft","tag-naturwandel","tag-rathaus-sulzemoos","tag-sulzemoos"],"jetpack-related-posts":[{"id":48327,"url":"https:\/\/deltaimage.de\/wp\/?p=48327","url_meta":{"origin":53486,"position":0},"title":"Buch-Neuvorstellung: Geschichtswerkstatt &#8222;Naturwandel \u2013 Eine Geschichte im Dachauer Land&#8220; &#8211; Begleitpublikation zur Ausstellung","author":"EschbacP","date":"15. M\u00e4rz 2025","format":false,"excerpt":"Die Geschichtswerkstatt im Landkreis Dachau ver\u00f6ffentlicht eine neue Ausstellung und eine begleitende Ausstellungspublikation, produziert im DELTA IMAGE - Eigenverlag \u00fcber den Wandel der Natur im Landkreis Dachau. \u00a0 \u00a0 NaturWandel - Eine Geschichte im Dachauer Land Die Ausstellung NaturWandel beschreibt anhand der Beitr\u00e4ge von sechzehn Autoren aus dem Landkreis Dachau,\u2026","rel":"","context":"In &quot;Buch&quot;","block_context":{"text":"Buch","link":"https:\/\/deltaimage.de\/wp\/?cat=1189"},"img":{"alt_text":"","src":"https:\/\/i0.wp.com\/deltaimage.de\/wp\/wp-content\/uploads\/Plakat_NaturWandel-Geschichtswerkstatt-1200.jpg?fit=1199%2C450&ssl=1&resize=350%2C200","width":350,"height":200,"srcset":"https:\/\/i0.wp.com\/deltaimage.de\/wp\/wp-content\/uploads\/Plakat_NaturWandel-Geschichtswerkstatt-1200.jpg?fit=1199%2C450&ssl=1&resize=350%2C200 1x, https:\/\/i0.wp.com\/deltaimage.de\/wp\/wp-content\/uploads\/Plakat_NaturWandel-Geschichtswerkstatt-1200.jpg?fit=1199%2C450&ssl=1&resize=525%2C300 1.5x, https:\/\/i0.wp.com\/deltaimage.de\/wp\/wp-content\/uploads\/Plakat_NaturWandel-Geschichtswerkstatt-1200.jpg?fit=1199%2C450&ssl=1&resize=700%2C400 2x, https:\/\/i0.wp.com\/deltaimage.de\/wp\/wp-content\/uploads\/Plakat_NaturWandel-Geschichtswerkstatt-1200.jpg?fit=1199%2C450&ssl=1&resize=1050%2C600 3x"},"classes":[]},{"id":53730,"url":"https:\/\/deltaimage.de\/wp\/?p=53730","url_meta":{"origin":53486,"position":1},"title":"Kunst, Kultur und Natur in Erdweg am Sonntag 8.2.2026","author":"EschbacP","date":"30. Januar 2026","format":false,"excerpt":"Am Sonntag 8.2.2026 ist in Erdweg einiges interessantes los: Ein Monat sp\u00e4ter sind bereits Kommunal- und Landtags-Wahlen in Bayern und bis dahin gibt es wohl kaum noch ein anderes Thema in der \u00d6ffentlichkeit. Gerade noch rechtzeitig davor beginnen wir zusammen mit dem 1. B\u00fcrgermeister von Erdweg Christian Blatt und der\u2026","rel":"","context":"In &quot;Buch&quot;","block_context":{"text":"Buch","link":"https:\/\/deltaimage.de\/wp\/?cat=1189"},"img":{"alt_text":"","src":"https:\/\/i0.wp.com\/deltaimage.de\/wp\/wp-content\/uploads\/IMG_5943_1200.jpg?fit=1200%2C450&ssl=1&resize=350%2C200","width":350,"height":200,"srcset":"https:\/\/i0.wp.com\/deltaimage.de\/wp\/wp-content\/uploads\/IMG_5943_1200.jpg?fit=1200%2C450&ssl=1&resize=350%2C200 1x, https:\/\/i0.wp.com\/deltaimage.de\/wp\/wp-content\/uploads\/IMG_5943_1200.jpg?fit=1200%2C450&ssl=1&resize=525%2C300 1.5x, https:\/\/i0.wp.com\/deltaimage.de\/wp\/wp-content\/uploads\/IMG_5943_1200.jpg?fit=1200%2C450&ssl=1&resize=700%2C400 2x, https:\/\/i0.wp.com\/deltaimage.de\/wp\/wp-content\/uploads\/IMG_5943_1200.jpg?fit=1200%2C450&ssl=1&resize=1050%2C600 3x"},"classes":[]},{"id":48524,"url":"https:\/\/deltaimage.de\/wp\/?p=48524","url_meta":{"origin":53486,"position":2},"title":"Geschichtswerkstatt &#038; NaturWandel: Buchvorstellung in der Ausstellung im Wasserturm","author":"EschbacP","date":"26. M\u00e4rz 2025","format":false,"excerpt":"Der Landkreis Dachau hat eine Geschichtswerkstatt beim dachauer forum e. V. organisiert. Die engagierten ForscherInnen suchen sich Jahr um Jahr ein spannendes und neues Thema f\u00fcr die wissenschaftliche Untersuchung von Themen mit Relevanz im Dachauer Land. Vor zwei Jahren ist die Wahl auf das Thema \"NaturWandel\" gefallen, um \"Eine Geschichte\u2026","rel":"","context":"In &quot;Buch&quot;","block_context":{"text":"Buch","link":"https:\/\/deltaimage.de\/wp\/?cat=1189"},"img":{"alt_text":"","src":"https:\/\/i0.wp.com\/deltaimage.de\/wp\/wp-content\/uploads\/PE1X9984_1200.jpg?fit=1200%2C450&ssl=1&resize=350%2C200","width":350,"height":200,"srcset":"https:\/\/i0.wp.com\/deltaimage.de\/wp\/wp-content\/uploads\/PE1X9984_1200.jpg?fit=1200%2C450&ssl=1&resize=350%2C200 1x, https:\/\/i0.wp.com\/deltaimage.de\/wp\/wp-content\/uploads\/PE1X9984_1200.jpg?fit=1200%2C450&ssl=1&resize=525%2C300 1.5x, https:\/\/i0.wp.com\/deltaimage.de\/wp\/wp-content\/uploads\/PE1X9984_1200.jpg?fit=1200%2C450&ssl=1&resize=700%2C400 2x, https:\/\/i0.wp.com\/deltaimage.de\/wp\/wp-content\/uploads\/PE1X9984_1200.jpg?fit=1200%2C450&ssl=1&resize=1050%2C600 3x"},"classes":[]},{"id":49195,"url":"https:\/\/deltaimage.de\/wp\/?p=49195","url_meta":{"origin":53486,"position":3},"title":"Freude an der Fotografie: Paul Eschbach vier Wochen im Dachauer Wasserturm","author":"EschbacP","date":"1. Mai 2025","format":false,"excerpt":"Vier Wochen Foto-Ausstellung im Dachauer Wasserturm sind nun vor\u00fcber - fast wie im Flug. Sechzehn Tage Foto-Ausstellung mit vierzig gro\u00dfformatigen Natur- und Landschaftsfotos zum Dachauer Moos. \"Wo ist das Dachauer Moos heute noch zu finden?\" \u00a0 im Rahmen der Fest- und Foto-Ausstellung \"50 Jahre Natur- und Moosschutz im Dachauer Moos\",\u2026","rel":"","context":"In &quot;Buch&quot;","block_context":{"text":"Buch","link":"https:\/\/deltaimage.de\/wp\/?cat=1189"},"img":{"alt_text":"","src":"https:\/\/i0.wp.com\/deltaimage.de\/wp\/wp-content\/uploads\/ANDI0017_1200.jpg?fit=1200%2C450&ssl=1&resize=350%2C200","width":350,"height":200,"srcset":"https:\/\/i0.wp.com\/deltaimage.de\/wp\/wp-content\/uploads\/ANDI0017_1200.jpg?fit=1200%2C450&ssl=1&resize=350%2C200 1x, https:\/\/i0.wp.com\/deltaimage.de\/wp\/wp-content\/uploads\/ANDI0017_1200.jpg?fit=1200%2C450&ssl=1&resize=525%2C300 1.5x, https:\/\/i0.wp.com\/deltaimage.de\/wp\/wp-content\/uploads\/ANDI0017_1200.jpg?fit=1200%2C450&ssl=1&resize=700%2C400 2x, https:\/\/i0.wp.com\/deltaimage.de\/wp\/wp-content\/uploads\/ANDI0017_1200.jpg?fit=1200%2C450&ssl=1&resize=1050%2C600 3x"},"classes":[]},{"id":48830,"url":"https:\/\/deltaimage.de\/wp\/?p=48830","url_meta":{"origin":53486,"position":4},"title":"Am Sonntag im Wasserturm: Geschichte der Glonn und des Dachauer Mooses in Themenvortr\u00e4gen","author":"EschbacP","date":"12. April 2025","format":false,"excerpt":"Die Fest- und Foto-Ausstellung l\u00e4uft nun schon seit dem 21. M\u00e4rz 2025 im Dachauer Wasserturm und man glaubt es kaum, auch am vierten Wochenende ist der Turm trotz des sch\u00f6nen Fr\u00fchlingswetters den ganzen Tag \u00fcber voll. Andauernd f\u00fchre ich Besuchergruppen durch die drei Stockwerke der Ausstellung. Das \u00fcberrascht so manchen\u2026","rel":"","context":"In &quot;Dachauer Land&quot;","block_context":{"text":"Dachauer Land","link":"https:\/\/deltaimage.de\/wp\/?cat=3010"},"img":{"alt_text":"","src":"https:\/\/i0.wp.com\/deltaimage.de\/wp\/wp-content\/uploads\/IMG_20250307_095011_1200.jpg?fit=1200%2C450&ssl=1&resize=350%2C200","width":350,"height":200,"srcset":"https:\/\/i0.wp.com\/deltaimage.de\/wp\/wp-content\/uploads\/IMG_20250307_095011_1200.jpg?fit=1200%2C450&ssl=1&resize=350%2C200 1x, https:\/\/i0.wp.com\/deltaimage.de\/wp\/wp-content\/uploads\/IMG_20250307_095011_1200.jpg?fit=1200%2C450&ssl=1&resize=525%2C300 1.5x, https:\/\/i0.wp.com\/deltaimage.de\/wp\/wp-content\/uploads\/IMG_20250307_095011_1200.jpg?fit=1200%2C450&ssl=1&resize=700%2C400 2x, https:\/\/i0.wp.com\/deltaimage.de\/wp\/wp-content\/uploads\/IMG_20250307_095011_1200.jpg?fit=1200%2C450&ssl=1&resize=1050%2C600 3x"},"classes":[]},{"id":48630,"url":"https:\/\/deltaimage.de\/wp\/?p=48630","url_meta":{"origin":53486,"position":5},"title":"Ein Blick in den ersten Stock Ausstellung im Dachauer Wasserturm &#8211; &#8222;50 Jahre Natur- und Moosschutz im Dachauer Moos&#8220;","author":"EschbacP","date":"27. M\u00e4rz 2025","format":false,"excerpt":"\"50 Jahre Natur- und Moosschutz im Dachauer Moos\" \u00a0 Fest- und Foto-Ausstellung der Kreisgruppe Dachau im BUND Naturschutz in Bayern e. V. anl\u00e4sslich des 50-j\u00e4hrigen Bestehens der Kreisgruppe 1975 - 2025 im Dachauer Wasserturm. Die Ausstellung erstreckt sich \u00fcber vier Stockwerke im Dachauer Wasserturm, mit den folgenden Ausstellungsinhalten: \u00a0 Foto-Ausstellung\u2026","rel":"","context":"In &quot;Buch&quot;","block_context":{"text":"Buch","link":"https:\/\/deltaimage.de\/wp\/?cat=1189"},"img":{"alt_text":"","src":"https:\/\/i0.wp.com\/deltaimage.de\/wp\/wp-content\/uploads\/IMG_7901_1200.jpg?fit=1200%2C609&ssl=1&resize=350%2C200","width":350,"height":200,"srcset":"https:\/\/i0.wp.com\/deltaimage.de\/wp\/wp-content\/uploads\/IMG_7901_1200.jpg?fit=1200%2C609&ssl=1&resize=350%2C200 1x, https:\/\/i0.wp.com\/deltaimage.de\/wp\/wp-content\/uploads\/IMG_7901_1200.jpg?fit=1200%2C609&ssl=1&resize=525%2C300 1.5x, https:\/\/i0.wp.com\/deltaimage.de\/wp\/wp-content\/uploads\/IMG_7901_1200.jpg?fit=1200%2C609&ssl=1&resize=700%2C400 2x, https:\/\/i0.wp.com\/deltaimage.de\/wp\/wp-content\/uploads\/IMG_7901_1200.jpg?fit=1200%2C609&ssl=1&resize=1050%2C600 3x"},"classes":[]}],"jetpack_sharing_enabled":true,"jetpack_featured_media_url":"https:\/\/i0.wp.com\/deltaimage.de\/wp\/wp-content\/uploads\/PE1S0019_1200-3.jpg?fit=1200%2C450&ssl=1","_links":{"self":[{"href":"https:\/\/deltaimage.de\/wp\/index.php?rest_route=\/wp\/v2\/posts\/53486","targetHints":{"allow":["GET"]}}],"collection":[{"href":"https:\/\/deltaimage.de\/wp\/index.php?rest_route=\/wp\/v2\/posts"}],"about":[{"href":"https:\/\/deltaimage.de\/wp\/index.php?rest_route=\/wp\/v2\/types\/post"}],"author":[{"embeddable":true,"href":"https:\/\/deltaimage.de\/wp\/index.php?rest_route=\/wp\/v2\/users\/1"}],"replies":[{"embeddable":true,"href":"https:\/\/deltaimage.de\/wp\/index.php?rest_route=%2Fwp%2Fv2%2Fcomments&post=53486"}],"version-history":[{"count":28,"href":"https:\/\/deltaimage.de\/wp\/index.php?rest_route=\/wp\/v2\/posts\/53486\/revisions"}],"predecessor-version":[{"id":53520,"href":"https:\/\/deltaimage.de\/wp\/index.php?rest_route=\/wp\/v2\/posts\/53486\/revisions\/53520"}],"wp:featuredmedia":[{"embeddable":true,"href":"https:\/\/deltaimage.de\/wp\/index.php?rest_route=\/wp\/v2\/media\/53492"}],"wp:attachment":[{"href":"https:\/\/deltaimage.de\/wp\/index.php?rest_route=%2Fwp%2Fv2%2Fmedia&parent=53486"}],"wp:term":[{"taxonomy":"category","embeddable":true,"href":"https:\/\/deltaimage.de\/wp\/index.php?rest_route=%2Fwp%2Fv2%2Fcategories&post=53486"},{"taxonomy":"post_tag","embeddable":true,"href":"https:\/\/deltaimage.de\/wp\/index.php?rest_route=%2Fwp%2Fv2%2Ftags&post=53486"}],"curies":[{"name":"wp","href":"https:\/\/api.w.org\/{rel}","templated":true}]}}