{"id":54081,"date":"2026-03-15T19:50:34","date_gmt":"2026-03-15T18:50:34","guid":{"rendered":"https:\/\/deltaimage.de\/wp\/?p=54081"},"modified":"2026-03-22T22:19:23","modified_gmt":"2026-03-22T21:19:23","slug":"der-fruehling-kommt-im-kreen-moos-die-praezision-in-der-flugmechanik-des-turmfalken","status":"publish","type":"post","link":"https:\/\/deltaimage.de\/wp\/?p=54081","title":{"rendered":"Der Fr\u00fchling kommt im Krenmoos: Die Pr\u00e4zision in der Flugmechanik des Turmfalken"},"content":{"rendered":"<h2 style=\"padding-left: 40px;\">Im Vorfr\u00fchling wandelt sich die Niedermoor-Landschaft und die Tierwelten<\/h2>\n<p>\u00dcber die vielen Jahre in meiner Natur- und Landschaftsfotografie ergeben sich die wichtigen Fotomotive im Jahreskreis. Der Kreislauf des Lebens beginnt im Vorfr\u00fchling wieder von Vorne:<\/p>\n<ul>\n<li>Die Zugv\u00f6gel kommen aus den Winterquartieren im S\u00fcden.<\/li>\n<li>Die Suche nach dem Partner f\u00fcr das Jahr\/das Leben beginnt von Neuem.<\/li>\n<li>Die Vorbereitungen zum Nestbau beginnen\u00a0\u2013 entsprechend viel Flugaufkommen ist zu beobachten.<\/li>\n<\/ul>\n<p>So ergeben sich aus den fotografischen Erfahrungen der letzten Jahre heraus, die Fotopunkte, die viel Bewegung in der Natur versprechen.<\/p>\n<p>Im Vorfr\u00fchling zieht es mich immer ganz besonders hinaus ins nahe Krenmoos, in die weite Niedermoor-Fl\u00e4che. Das Karlsfelder Krenmoos erwacht im Dachauer Moos gerade aus seinem Winterschlaf, und wer genau hinsieht \u2013 oder den Blick gen Himmel richtet \u2013, merkt schnell, dass sich die Dynamik im Moos ver\u00e4ndert hat.<\/p>\n<p>Die Kiebitze kommen an uns, suchen sich ihr neues Brutgebiet aus, die Rehe ziehen unvermindert \u00fcber die freie Moosfl\u00e4che. \u00dcber den \u00c4ckern schwirren und trillern die Feldl\u00e4rchen ihre Lieder und die Singv\u00f6gel geben auch ihre St\u00e4ndchen zum Besten.<\/p>\n<p>&nbsp;<\/p>\n<p><img data-recalc-dims=\"1\" loading=\"lazy\" decoding=\"async\" data-attachment-id=\"54086\" data-permalink=\"https:\/\/deltaimage.de\/wp\/?attachment_id=54086#main\" data-orig-file=\"https:\/\/i0.wp.com\/deltaimage.de\/wp\/wp-content\/uploads\/PED47104_900.jpg?fit=890%2C593&amp;ssl=1\" data-orig-size=\"890,593\" data-comments-opened=\"1\" data-image-meta=\"{&quot;aperture&quot;:&quot;8&quot;,&quot;credit&quot;:&quot;Paul Eschbach&quot;,&quot;camera&quot;:&quot;Canon EOS-1D Mark IV&quot;,&quot;caption&quot;:&quot;&quot;,&quot;created_timestamp&quot;:&quot;1773487182&quot;,&quot;copyright&quot;:&quot;www.deltaimage.de&quot;,&quot;focal_length&quot;:&quot;548&quot;,&quot;iso&quot;:&quot;1600&quot;,&quot;shutter_speed&quot;:&quot;0.0004&quot;,&quot;title&quot;:&quot;&quot;,&quot;orientation&quot;:&quot;0&quot;}\" data-image-title=\"PED47104_900\" data-image-description=\"\" data-image-caption=\"\" data-large-file=\"https:\/\/i0.wp.com\/deltaimage.de\/wp\/wp-content\/uploads\/PED47104_900.jpg?fit=890%2C593&amp;ssl=1\" class=\"aligncenter size-full wp-image-54086\" src=\"https:\/\/i0.wp.com\/deltaimage.de\/wp\/wp-content\/uploads\/PED47104_900.jpg?resize=890%2C593&#038;ssl=1\" alt=\"\" width=\"890\" height=\"593\" srcset=\"https:\/\/i0.wp.com\/deltaimage.de\/wp\/wp-content\/uploads\/PED47104_900.jpg?w=890&amp;ssl=1 890w, https:\/\/i0.wp.com\/deltaimage.de\/wp\/wp-content\/uploads\/PED47104_900.jpg?resize=300%2C200&amp;ssl=1 300w, https:\/\/i0.wp.com\/deltaimage.de\/wp\/wp-content\/uploads\/PED47104_900.jpg?resize=600%2C400&amp;ssl=1 600w, https:\/\/i0.wp.com\/deltaimage.de\/wp\/wp-content\/uploads\/PED47104_900.jpg?resize=200%2C133&amp;ssl=1 200w\" sizes=\"auto, (max-width: 890px) 100vw, 890px\" \/><\/p>\n<p><!--more--><\/p>\n<h2><\/h2>\n<h2>Das Motiv: Der Turmfalke im Aufwind<\/h2>\n<p>Der Turmfalke ist einer der markantesten Akteure in diesem Habitat. Er ist sicherlich einer der V\u00f6gel mit dem farblich besonders eleganten Federkleid \u00fcberhaupt. Wenn er hoch \u00fcber dem Moos (Niedermoor) steht, fast unver\u00e4ndert \u00fcber einem Punkt am Boden in der Luft \u201er\u00fcttelt\u201c, sucht er am Boden nach kleinen Nagetieren als Nahrung f\u00fcr ihn. Der R\u00fcttelflug ist eine ganz besondere Flugmechanik und l\u00e4sst den Turmfalken auch schon von Weiten als solchen erkennen. Fotografisch bietet der Turmfalke eine ebenso besondere fotografische Herausforderung, ein ganz anderes Fotografieren als die anderen Tiere in der Niedermoor-Landschaft.<\/p>\n<p><img data-recalc-dims=\"1\" loading=\"lazy\" decoding=\"async\" class=\"aligncenter size-full wp-image-54087\" src=\"https:\/\/i0.wp.com\/deltaimage.de\/wp\/wp-content\/uploads\/PED47129_900.jpg?resize=890%2C593&#038;ssl=1\" alt=\"\" width=\"890\" height=\"593\" \/><\/p>\n<p>Der Turmfalke ist f\u00fcr mich schon ein alter Bekannter hier im Krenmoos, er bleibt auch den Winter \u00fcber hier.<\/p>\n<p>&nbsp;<\/p>\n<h2>Die fotografische Herausforderung in der Naturfotografie<\/h2>\n<p>Der Turmfalke hat folgende Hauptabmessungen\u00a0\u2013 nur geringe Unterschiede zwischen M\u00e4nnchen und Weibchen:<\/p>\n<ul>\n<li>Rumpfl\u00e4nge ca. 35 Zentimeter<\/li>\n<li>Fl\u00fcgelspannweite ca. 75 Zentimeter<\/li>\n<\/ul>\n<p>Diese fliegenden Greifv\u00f6gel haben gar keine Notwendigkeit, dass sie uns Fotografen nahe an sich heranlassen. Die Falken sind schon deutlich gr\u00f6\u00dfer als Singv\u00f6gel, aber umso weiter entfernt sind die Tiere in der freien Wildbahn.<\/p>\n<p>Diese Fotos sind mit 800 mm Brennweite fotografiert und trotzdem f\u00fcllt der Vogel nur einen sehr kleinen Teil des sp\u00e4teren Bildes aus. Der diffuse und gleichm\u00e4\u00dfig helle Himmel hilft bei dieser Naturfotografie, da es praktisch keine Schatten und keine \u00dcberbelichtungen gibt. Trotzdem muss sich die Fotograf<em>In<\/em> um das verf\u00fcgbare Licht k\u00fcmmern (was meist zu wenig ist) und gleichzeitig die Bewegung des Vogels in Bildsch\u00e4rfe umsetzen. Dabei hilft der R\u00fcttelflug fotografisch besonders viel.<\/p>\n<p>&nbsp;<\/p>\n<div id=\"attachment_54091\" style=\"width: 900px\" class=\"wp-caption aligncenter\"><img data-recalc-dims=\"1\" loading=\"lazy\" decoding=\"async\" aria-describedby=\"caption-attachment-54091\" data-attachment-id=\"54091\" data-permalink=\"https:\/\/deltaimage.de\/wp\/?attachment_id=54091#main\" data-orig-file=\"https:\/\/i0.wp.com\/deltaimage.de\/wp\/wp-content\/uploads\/PED47100_900.jpg?fit=890%2C593&amp;ssl=1\" data-orig-size=\"890,593\" data-comments-opened=\"1\" data-image-meta=\"{&quot;aperture&quot;:&quot;8&quot;,&quot;credit&quot;:&quot;Paul Eschbach&quot;,&quot;camera&quot;:&quot;Canon EOS-1D Mark IV&quot;,&quot;caption&quot;:&quot;&quot;,&quot;created_timestamp&quot;:&quot;1773487176&quot;,&quot;copyright&quot;:&quot;www.deltaimage.de&quot;,&quot;focal_length&quot;:&quot;548&quot;,&quot;iso&quot;:&quot;1600&quot;,&quot;shutter_speed&quot;:&quot;0.0004&quot;,&quot;title&quot;:&quot;&quot;,&quot;orientation&quot;:&quot;0&quot;}\" data-image-title=\"PED47100_900\" data-image-description=\"\" data-image-caption=\"\" data-large-file=\"https:\/\/i0.wp.com\/deltaimage.de\/wp\/wp-content\/uploads\/PED47100_900.jpg?fit=890%2C593&amp;ssl=1\" class=\"wp-image-54091 size-full\" src=\"https:\/\/i0.wp.com\/deltaimage.de\/wp\/wp-content\/uploads\/PED47100_900.jpg?resize=890%2C593&#038;ssl=1\" alt=\"\" width=\"890\" height=\"593\" srcset=\"https:\/\/i0.wp.com\/deltaimage.de\/wp\/wp-content\/uploads\/PED47100_900.jpg?w=890&amp;ssl=1 890w, https:\/\/i0.wp.com\/deltaimage.de\/wp\/wp-content\/uploads\/PED47100_900.jpg?resize=300%2C200&amp;ssl=1 300w, https:\/\/i0.wp.com\/deltaimage.de\/wp\/wp-content\/uploads\/PED47100_900.jpg?resize=600%2C400&amp;ssl=1 600w, https:\/\/i0.wp.com\/deltaimage.de\/wp\/wp-content\/uploads\/PED47100_900.jpg?resize=200%2C133&amp;ssl=1 200w\" sizes=\"auto, (max-width: 890px) 100vw, 890px\" \/><p id=\"caption-attachment-54091\" class=\"wp-caption-text\"><em>Hier ist der Turmfalke w\u00e4hrend seines charakteristischen &#8222;r\u00fctteln&#8220; zu sehen.<\/em><\/p><\/div>\n<p>&nbsp;<\/p>\n<h2>Der Aufruf zum Fr\u00fchling<\/h2>\n<p>Der Fr\u00fchling im Moos ist kein statisches Ereignis, sondern ein st\u00e4ndiger Wandel. Der Turmfalke ist einer der ersten Bewohner, der uns signalisiert:<\/p>\n<p style=\"text-align: center;\"><em>Die Saison f\u00fcr Naturfotografie ist wieder voll er\u00f6ffnet.<\/em><\/p>\n<div id=\"attachment_54090\" style=\"width: 900px\" class=\"wp-caption aligncenter\"><img data-recalc-dims=\"1\" loading=\"lazy\" decoding=\"async\" aria-describedby=\"caption-attachment-54090\" data-attachment-id=\"54090\" data-permalink=\"https:\/\/deltaimage.de\/wp\/?attachment_id=54090#main\" data-orig-file=\"https:\/\/i0.wp.com\/deltaimage.de\/wp\/wp-content\/uploads\/PED47124_900.jpg?fit=890%2C593&amp;ssl=1\" data-orig-size=\"890,593\" data-comments-opened=\"1\" data-image-meta=\"{&quot;aperture&quot;:&quot;8&quot;,&quot;credit&quot;:&quot;Paul Eschbach&quot;,&quot;camera&quot;:&quot;Canon EOS-1D Mark IV&quot;,&quot;caption&quot;:&quot;&quot;,&quot;created_timestamp&quot;:&quot;1773487202&quot;,&quot;copyright&quot;:&quot;www.deltaimage.de&quot;,&quot;focal_length&quot;:&quot;548&quot;,&quot;iso&quot;:&quot;1600&quot;,&quot;shutter_speed&quot;:&quot;0.0005&quot;,&quot;title&quot;:&quot;&quot;,&quot;orientation&quot;:&quot;0&quot;}\" data-image-title=\"PED47124_900\" data-image-description=\"\" data-image-caption=\"\" data-large-file=\"https:\/\/i0.wp.com\/deltaimage.de\/wp\/wp-content\/uploads\/PED47124_900.jpg?fit=890%2C593&amp;ssl=1\" class=\"wp-image-54090 size-full\" src=\"https:\/\/i0.wp.com\/deltaimage.de\/wp\/wp-content\/uploads\/PED47124_900.jpg?resize=890%2C593&#038;ssl=1\" alt=\"\" width=\"890\" height=\"593\" srcset=\"https:\/\/i0.wp.com\/deltaimage.de\/wp\/wp-content\/uploads\/PED47124_900.jpg?w=890&amp;ssl=1 890w, https:\/\/i0.wp.com\/deltaimage.de\/wp\/wp-content\/uploads\/PED47124_900.jpg?resize=300%2C200&amp;ssl=1 300w, https:\/\/i0.wp.com\/deltaimage.de\/wp\/wp-content\/uploads\/PED47124_900.jpg?resize=600%2C400&amp;ssl=1 600w, https:\/\/i0.wp.com\/deltaimage.de\/wp\/wp-content\/uploads\/PED47124_900.jpg?resize=200%2C133&amp;ssl=1 200w\" sizes=\"auto, (max-width: 890px) 100vw, 890px\" \/><p id=\"caption-attachment-54090\" class=\"wp-caption-text\"><em>800 mm Brennweite, ISO 1600, 1\/2000 s, f\/8.0<\/em><\/p><\/div>\n","protected":false},"excerpt":{"rendered":"<p>Im Vorfr\u00fchling wandelt sich die Niedermoor-Landschaft und die Tierwelten \u00dcber die vielen Jahre in meiner Natur- und Landschaftsfotografie ergeben sich die wichtigen Fotomotive im Jahreskreis. Der Kreislauf des Lebens beginnt [&hellip;]<\/p>\n","protected":false},"author":1,"featured_media":54082,"comment_status":"open","ping_status":"closed","sticky":false,"template":"","format":"standard","meta":{"wpupg_custom_link":[],"wpupg_custom_link_behaviour":["default"],"wpupg_custom_link_nofollow":["default"],"wpupg_custom_image":[],"wpupg_custom_image_id":[],"jetpack_post_was_ever_published":false,"footnotes":""},"categories":[3010,2523,3217,8],"tags":[775,114,3044,2160,3855,3495],"class_list":["post-54081","post","type-post","status-publish","format-standard","has-post-thumbnail","hentry","category-dachauer-land","category-dachauer-moos","category-naturfotografie","category-news","tag-dachauer-moos","tag-fruehling","tag-krenmoos","tag-niedermoor","tag-niedermoor-landschaft","tag-turmfalke"],"jetpack_featured_media_url":"https:\/\/i0.wp.com\/deltaimage.de\/wp\/wp-content\/uploads\/PED47124_1200.jpg?fit=1200%2C450&ssl=1","jetpack-related-posts":[{"id":47567,"url":"https:\/\/deltaimage.de\/wp\/?p=47567","url_meta":{"origin":54081,"position":0},"title":"Buch-Neuvorstellung &#8211; Dachauer Moos: Schwarzh\u00f6lzl, Krenmoos &#038; Regatta-Anlage von Paul Eschbach","author":"EschbacP","date":"22. Januar 2025","format":false,"excerpt":"Buch-Neuvorstellung: FOTO-BILDBAND zum Schwarzh\u00f6lzl und Krenmoos DELTA IMAGE - Eigenverlag stellt einen neuen FOTO-BILDBAND\u00a0zum Dachauer Moos vor. Der Foto-Bildband zum Schwarzh\u00f6lzl und Krenmoos vom Dachauer Fotografen Paul Eschbach sucht im zweiten Band der FOTO-BILDBAND-Reihe wieder nach den Sch\u00f6nheiten in der Natur- und Kulturlandschaft. Das gr\u00f6\u00dfte Naturschutzgebiet (NSG) im Landkreis Dachau\u2026","rel":"","context":"In &quot;Buch&quot;","block_context":{"text":"Buch","link":"https:\/\/deltaimage.de\/wp\/?cat=1189"},"img":{"alt_text":"","src":"https:\/\/i0.wp.com\/deltaimage.de\/wp\/wp-content\/uploads\/Plakat_Schwarzhoelzl_1200.jpg?fit=1198%2C450&ssl=1&resize=350%2C200","width":350,"height":200,"srcset":"https:\/\/i0.wp.com\/deltaimage.de\/wp\/wp-content\/uploads\/Plakat_Schwarzhoelzl_1200.jpg?fit=1198%2C450&ssl=1&resize=350%2C200 1x, https:\/\/i0.wp.com\/deltaimage.de\/wp\/wp-content\/uploads\/Plakat_Schwarzhoelzl_1200.jpg?fit=1198%2C450&ssl=1&resize=525%2C300 1.5x, https:\/\/i0.wp.com\/deltaimage.de\/wp\/wp-content\/uploads\/Plakat_Schwarzhoelzl_1200.jpg?fit=1198%2C450&ssl=1&resize=700%2C400 2x, https:\/\/i0.wp.com\/deltaimage.de\/wp\/wp-content\/uploads\/Plakat_Schwarzhoelzl_1200.jpg?fit=1198%2C450&ssl=1&resize=1050%2C600 3x"},"classes":[]},{"id":54138,"url":"https:\/\/deltaimage.de\/wp\/?p=54138","url_meta":{"origin":54081,"position":1},"title":"Der Sound des Vorfr\u00fchlings in der Niedermoor-Landschaft im Bild eingefangen: Feldlerche","author":"EschbacP","date":"17. M\u00e4rz 2026","format":false,"excerpt":"Im Vorfr\u00fchling macht die Feldlerche als einer der ersten V\u00f6gel, durch ihre wilden Ges\u00e4nge \u00fcber der offenen Niedermoor- und Heidelandschaft auf sich aufmerksam. So ist dieser kleine Vogel zum Inbegriff f\u00fcr das Fr\u00fchlingserwachen geworden. Kaum ein anderer Kleinvogel ist so charakteristisch f\u00fcr die Ausl\u00e4ufer der M\u00fcnchener Schotterebene, n\u00f6rdlich von M\u00fcnchen.\u2026","rel":"","context":"In &quot;Dachauer Land&quot;","block_context":{"text":"Dachauer Land","link":"https:\/\/deltaimage.de\/wp\/?cat=3010"},"img":{"alt_text":"","src":"https:\/\/i0.wp.com\/deltaimage.de\/wp\/wp-content\/uploads\/PED46708_1200.jpg?fit=1200%2C450&ssl=1&resize=350%2C200","width":350,"height":200,"srcset":"https:\/\/i0.wp.com\/deltaimage.de\/wp\/wp-content\/uploads\/PED46708_1200.jpg?fit=1200%2C450&ssl=1&resize=350%2C200 1x, https:\/\/i0.wp.com\/deltaimage.de\/wp\/wp-content\/uploads\/PED46708_1200.jpg?fit=1200%2C450&ssl=1&resize=525%2C300 1.5x, https:\/\/i0.wp.com\/deltaimage.de\/wp\/wp-content\/uploads\/PED46708_1200.jpg?fit=1200%2C450&ssl=1&resize=700%2C400 2x, https:\/\/i0.wp.com\/deltaimage.de\/wp\/wp-content\/uploads\/PED46708_1200.jpg?fit=1200%2C450&ssl=1&resize=1050%2C600 3x"},"classes":[]},{"id":52057,"url":"https:\/\/deltaimage.de\/wp\/?p=52057","url_meta":{"origin":54081,"position":2},"title":"V\u00f6gel beobachten und fotografieren im Dachauer Moos &#8211; Neunt\u00f6ter","author":"EschbacP","date":"4. September 2025","format":false,"excerpt":"Das Dachauer Moos h\u00e4lt bei meinen Foto- und Naturbeobachtungen auch immer wieder \u00dcberraschungen bereit, so bin ich immer wieder von der Sichtung seltener Tier- und Vogelarten \u00fcberrascht und begeistert. So sa\u00df im Fr\u00fchling\/Sommer im Krenmoos ganz unscheinbar, ein kleiner Vogel auf einem Busch im Krenmoos - ein ganz besonderer Bewohner\u2026","rel":"","context":"In &quot;Dachauer Land&quot;","block_context":{"text":"Dachauer Land","link":"https:\/\/deltaimage.de\/wp\/?cat=3010"},"img":{"alt_text":"","src":"https:\/\/i0.wp.com\/deltaimage.de\/wp\/wp-content\/uploads\/PED49060_1200.jpg?fit=1200%2C450&ssl=1&resize=350%2C200","width":350,"height":200,"srcset":"https:\/\/i0.wp.com\/deltaimage.de\/wp\/wp-content\/uploads\/PED49060_1200.jpg?fit=1200%2C450&ssl=1&resize=350%2C200 1x, https:\/\/i0.wp.com\/deltaimage.de\/wp\/wp-content\/uploads\/PED49060_1200.jpg?fit=1200%2C450&ssl=1&resize=525%2C300 1.5x, https:\/\/i0.wp.com\/deltaimage.de\/wp\/wp-content\/uploads\/PED49060_1200.jpg?fit=1200%2C450&ssl=1&resize=700%2C400 2x, https:\/\/i0.wp.com\/deltaimage.de\/wp\/wp-content\/uploads\/PED49060_1200.jpg?fit=1200%2C450&ssl=1&resize=1050%2C600 3x"},"classes":[]},{"id":52054,"url":"https:\/\/deltaimage.de\/wp\/?p=52054","url_meta":{"origin":54081,"position":3},"title":"V\u00f6gel beobachten und fotografieren im Dachauer Moos &#8211; Schafstelze","author":"EschbacP","date":"1. September 2025","format":false,"excerpt":"Einmal mehr etwas genauer hinschauen - und schon er\u00f6ffnet sich eine wunderbare \u00dcberraschung! Im Dachauer Moos beobachte ich bei meinen fotografischen Wanderungen und Erkundungen regelm\u00e4\u00dfig mit dem Fernglas und der Kamera, mit entsprechend gro\u00dfem und langen Objektiv unterwegs. Auf der Suche nach dem Kiebitz im Dachauer Moos, war ich im\u2026","rel":"","context":"In &quot;Dachauer Land&quot;","block_context":{"text":"Dachauer Land","link":"https:\/\/deltaimage.de\/wp\/?cat=3010"},"img":{"alt_text":"","src":"https:\/\/i0.wp.com\/deltaimage.de\/wp\/wp-content\/uploads\/PED44430_1200.jpg?fit=1200%2C450&ssl=1&resize=350%2C200","width":350,"height":200,"srcset":"https:\/\/i0.wp.com\/deltaimage.de\/wp\/wp-content\/uploads\/PED44430_1200.jpg?fit=1200%2C450&ssl=1&resize=350%2C200 1x, https:\/\/i0.wp.com\/deltaimage.de\/wp\/wp-content\/uploads\/PED44430_1200.jpg?fit=1200%2C450&ssl=1&resize=525%2C300 1.5x, https:\/\/i0.wp.com\/deltaimage.de\/wp\/wp-content\/uploads\/PED44430_1200.jpg?fit=1200%2C450&ssl=1&resize=700%2C400 2x, https:\/\/i0.wp.com\/deltaimage.de\/wp\/wp-content\/uploads\/PED44430_1200.jpg?fit=1200%2C450&ssl=1&resize=1050%2C600 3x"},"classes":[]},{"id":47543,"url":"https:\/\/deltaimage.de\/wp\/?p=47543","url_meta":{"origin":54081,"position":4},"title":"Schwarzh\u00f6lzl im Winter mit einem sonnigen Sonntag","author":"EschbacP","date":"21. Januar 2025","format":false,"excerpt":"Der Herbst 2024 und der Winter 2024\/2025 erscheint hier im Dachauer Moos sehr einheitlich und dauerhaft unter einem Hochnebel zu liegen. Die Landschaft liegt fotografisch in einem tr\u00fcben und wenig spektakul\u00e4ren Licht, was wiederum Auswirkungen bei der Suche nach spannenden Bildmotiven hat. In keinem der letzten 30 Jahre, war ich\u2026","rel":"","context":"In &quot;Dachauer Land&quot;","block_context":{"text":"Dachauer Land","link":"https:\/\/deltaimage.de\/wp\/?cat=3010"},"img":{"alt_text":"","src":"https:\/\/i0.wp.com\/deltaimage.de\/wp\/wp-content\/uploads\/PED48569_1200.jpg?fit=1200%2C450&ssl=1&resize=350%2C200","width":350,"height":200,"srcset":"https:\/\/i0.wp.com\/deltaimage.de\/wp\/wp-content\/uploads\/PED48569_1200.jpg?fit=1200%2C450&ssl=1&resize=350%2C200 1x, https:\/\/i0.wp.com\/deltaimage.de\/wp\/wp-content\/uploads\/PED48569_1200.jpg?fit=1200%2C450&ssl=1&resize=525%2C300 1.5x, https:\/\/i0.wp.com\/deltaimage.de\/wp\/wp-content\/uploads\/PED48569_1200.jpg?fit=1200%2C450&ssl=1&resize=700%2C400 2x, https:\/\/i0.wp.com\/deltaimage.de\/wp\/wp-content\/uploads\/PED48569_1200.jpg?fit=1200%2C450&ssl=1&resize=1050%2C600 3x"},"classes":[]},{"id":48382,"url":"https:\/\/deltaimage.de\/wp\/?p=48382","url_meta":{"origin":54081,"position":5},"title":"Graug\u00e4nse ziehen an den letzten Wintertagen \u00fcbers Krenmoos","author":"EschbacP","date":"16. M\u00e4rz 2025","format":false,"excerpt":"Ein ungem\u00fctlicher Tag im Niedermoor \u2013 eigentlich einer der letzten Wintertage. In wenigen Tagen ist der kalendarische Fr\u00fchlingsbeginn \u2013 dann beginnt das Leben in der Natur und im Moos. Die Farben im Moos wandeln sich im April dann schnell vom Grau und Braun in die Farbpaletten des Gr\u00fcns und Wei\u00df.\u2026","rel":"","context":"In &quot;Dachauer Land&quot;","block_context":{"text":"Dachauer Land","link":"https:\/\/deltaimage.de\/wp\/?cat=3010"},"img":{"alt_text":"","src":"https:\/\/i0.wp.com\/deltaimage.de\/wp\/wp-content\/uploads\/PED40272_1200.jpg?fit=1200%2C450&ssl=1&resize=350%2C200","width":350,"height":200,"srcset":"https:\/\/i0.wp.com\/deltaimage.de\/wp\/wp-content\/uploads\/PED40272_1200.jpg?fit=1200%2C450&ssl=1&resize=350%2C200 1x, https:\/\/i0.wp.com\/deltaimage.de\/wp\/wp-content\/uploads\/PED40272_1200.jpg?fit=1200%2C450&ssl=1&resize=525%2C300 1.5x, https:\/\/i0.wp.com\/deltaimage.de\/wp\/wp-content\/uploads\/PED40272_1200.jpg?fit=1200%2C450&ssl=1&resize=700%2C400 2x, https:\/\/i0.wp.com\/deltaimage.de\/wp\/wp-content\/uploads\/PED40272_1200.jpg?fit=1200%2C450&ssl=1&resize=1050%2C600 3x"},"classes":[]}],"jetpack_sharing_enabled":true,"_links":{"self":[{"href":"https:\/\/deltaimage.de\/wp\/index.php?rest_route=\/wp\/v2\/posts\/54081","targetHints":{"allow":["GET"]}}],"collection":[{"href":"https:\/\/deltaimage.de\/wp\/index.php?rest_route=\/wp\/v2\/posts"}],"about":[{"href":"https:\/\/deltaimage.de\/wp\/index.php?rest_route=\/wp\/v2\/types\/post"}],"author":[{"embeddable":true,"href":"https:\/\/deltaimage.de\/wp\/index.php?rest_route=\/wp\/v2\/users\/1"}],"replies":[{"embeddable":true,"href":"https:\/\/deltaimage.de\/wp\/index.php?rest_route=%2Fwp%2Fv2%2Fcomments&post=54081"}],"version-history":[{"count":9,"href":"https:\/\/deltaimage.de\/wp\/index.php?rest_route=\/wp\/v2\/posts\/54081\/revisions"}],"predecessor-version":[{"id":54197,"href":"https:\/\/deltaimage.de\/wp\/index.php?rest_route=\/wp\/v2\/posts\/54081\/revisions\/54197"}],"wp:featuredmedia":[{"embeddable":true,"href":"https:\/\/deltaimage.de\/wp\/index.php?rest_route=\/wp\/v2\/media\/54082"}],"wp:attachment":[{"href":"https:\/\/deltaimage.de\/wp\/index.php?rest_route=%2Fwp%2Fv2%2Fmedia&parent=54081"}],"wp:term":[{"taxonomy":"category","embeddable":true,"href":"https:\/\/deltaimage.de\/wp\/index.php?rest_route=%2Fwp%2Fv2%2Fcategories&post=54081"},{"taxonomy":"post_tag","embeddable":true,"href":"https:\/\/deltaimage.de\/wp\/index.php?rest_route=%2Fwp%2Fv2%2Ftags&post=54081"}],"curies":[{"name":"wp","href":"https:\/\/api.w.org\/{rel}","templated":true}]}}