{"id":54138,"date":"2026-03-17T19:41:27","date_gmt":"2026-03-17T18:41:27","guid":{"rendered":"https:\/\/deltaimage.de\/wp\/?p=54138"},"modified":"2026-03-17T21:02:07","modified_gmt":"2026-03-17T20:02:07","slug":"der-sound-der-vorfruehlings-ueber-der-niedermoor-landschaft-im-bild-eingefangen-feldlaerche","status":"publish","type":"post","link":"https:\/\/deltaimage.de\/wp\/?p=54138","title":{"rendered":"Der Sound des Vorfr\u00fchlings in der Niedermoor-Landschaft im Bild eingefangen: Feldlerche"},"content":{"rendered":"<p>Im Vorfr\u00fchling macht die Feldlerche als einer der ersten V\u00f6gel, durch ihre wilden Ges\u00e4nge \u00fcber der offenen Niedermoor- und Heidelandschaft auf sich aufmerksam. So ist dieser kleine Vogel zum Inbegriff f\u00fcr das Fr\u00fchlingserwachen geworden. Kaum ein anderer Kleinvogel ist so charakteristisch f\u00fcr die Ausl\u00e4ufer der M\u00fcnchener Schotterebene, n\u00f6rdlich von M\u00fcnchen.<\/p>\n<p>Nur zu Gesicht bekommt man den kleinen und ungemein flugaktiven Vogel kaum. Seinen Gesang kenne ich nur zu gut \u2013 aber wie sieht die Feldlerche denn aus?<\/p>\n<p><img data-recalc-dims=\"1\" loading=\"lazy\" decoding=\"async\" data-attachment-id=\"54142\" data-permalink=\"https:\/\/deltaimage.de\/wp\/?attachment_id=54142#main\" data-orig-file=\"https:\/\/i0.wp.com\/deltaimage.de\/wp\/wp-content\/uploads\/PED46693_900.jpg?fit=890%2C593&amp;ssl=1\" data-orig-size=\"890,593\" data-comments-opened=\"1\" data-image-meta=\"{&quot;aperture&quot;:&quot;9&quot;,&quot;credit&quot;:&quot;Paul Eschbach&quot;,&quot;camera&quot;:&quot;Canon EOS-1D Mark IV&quot;,&quot;caption&quot;:&quot;&quot;,&quot;created_timestamp&quot;:&quot;1772969236&quot;,&quot;copyright&quot;:&quot;www.deltaimage.de&quot;,&quot;focal_length&quot;:&quot;569&quot;,&quot;iso&quot;:&quot;1600&quot;,&quot;shutter_speed&quot;:&quot;0.000625&quot;,&quot;title&quot;:&quot;&quot;,&quot;orientation&quot;:&quot;0&quot;}\" data-image-title=\"PED46693_900\" data-image-description=\"\" data-image-caption=\"\" data-large-file=\"https:\/\/i0.wp.com\/deltaimage.de\/wp\/wp-content\/uploads\/PED46693_900.jpg?fit=890%2C593&amp;ssl=1\" class=\"aligncenter size-full wp-image-54142\" src=\"https:\/\/i0.wp.com\/deltaimage.de\/wp\/wp-content\/uploads\/PED46693_900.jpg?resize=890%2C593&#038;ssl=1\" alt=\"\" width=\"890\" height=\"593\" srcset=\"https:\/\/i0.wp.com\/deltaimage.de\/wp\/wp-content\/uploads\/PED46693_900.jpg?w=890&amp;ssl=1 890w, https:\/\/i0.wp.com\/deltaimage.de\/wp\/wp-content\/uploads\/PED46693_900.jpg?resize=300%2C200&amp;ssl=1 300w, https:\/\/i0.wp.com\/deltaimage.de\/wp\/wp-content\/uploads\/PED46693_900.jpg?resize=600%2C400&amp;ssl=1 600w, https:\/\/i0.wp.com\/deltaimage.de\/wp\/wp-content\/uploads\/PED46693_900.jpg?resize=200%2C133&amp;ssl=1 200w\" sizes=\"auto, (max-width: 890px) 100vw, 890px\" \/><\/p>\n<p>An diesem Beobachtungstag \u2013 ich suche eigentlich die Kiebitze \u2013 im Krenmoos, da entdecke ich den kleinen braunen Vogel in der d\u00fcnnen Grasnarbe sitzen. Zwischendurch ert\u00f6nen wieder seine Ges\u00e4nge, und da f\u00e4llt die Kombination aus dem Gesehenen und dem Geh\u00f6rten nicht schwer.<\/p>\n<p><!--more--><\/p>\n<p>Diese Feldlerche l\u00e4sst sich aus der Entfernung auch noch ganz ruhig fotografieren. Sonst erlebe ich die Feldl\u00e4rche als schwebender Lautsprecher \u00fcber der Heide oder dem Moos. So klein und so weit weg, dass er gegen den hellen Himmel nur als ein kleiner dunkler Punkt erscheint.<\/p>\n<h2>Die Feldlerche ist ein Bodenbr\u00fcter<\/h2>\n<p>Mit 2 bis 3 Bruten pro Jahr kann sie den Bestand in Bayern so in etwa halten. Als Bodenbr\u00fcter sind sie wie viele andere bodenbr\u00fctenden V\u00f6gel dadurch ganz besonders gef\u00e4hrdet: R\u00e4uber am Boden, R\u00e4uber aus der Luft, Rabenv\u00f6gel, streunende Hunde, Spazierg\u00e4nger, die sich nicht an das Wegegebot halten, die landwirtschaftlichen Gro\u00dfger\u00e4te, u.v.m.<\/p>\n<p><img data-recalc-dims=\"1\" loading=\"lazy\" decoding=\"async\" data-attachment-id=\"54143\" data-permalink=\"https:\/\/deltaimage.de\/wp\/?attachment_id=54143#main\" data-orig-file=\"https:\/\/i0.wp.com\/deltaimage.de\/wp\/wp-content\/uploads\/PED46696_900.jpg?fit=890%2C593&amp;ssl=1\" data-orig-size=\"890,593\" data-comments-opened=\"1\" data-image-meta=\"{&quot;aperture&quot;:&quot;9&quot;,&quot;credit&quot;:&quot;Paul Eschbach&quot;,&quot;camera&quot;:&quot;Canon EOS-1D Mark IV&quot;,&quot;caption&quot;:&quot;&quot;,&quot;created_timestamp&quot;:&quot;1772969239&quot;,&quot;copyright&quot;:&quot;www.deltaimage.de&quot;,&quot;focal_length&quot;:&quot;569&quot;,&quot;iso&quot;:&quot;1600&quot;,&quot;shutter_speed&quot;:&quot;0.000625&quot;,&quot;title&quot;:&quot;&quot;,&quot;orientation&quot;:&quot;0&quot;}\" data-image-title=\"PED46696_900\" data-image-description=\"\" data-image-caption=\"\" data-large-file=\"https:\/\/i0.wp.com\/deltaimage.de\/wp\/wp-content\/uploads\/PED46696_900.jpg?fit=890%2C593&amp;ssl=1\" class=\"aligncenter size-full wp-image-54143\" src=\"https:\/\/i0.wp.com\/deltaimage.de\/wp\/wp-content\/uploads\/PED46696_900.jpg?resize=890%2C593&#038;ssl=1\" alt=\"\" width=\"890\" height=\"593\" data-temp-aztec-id=\"3b64fe8f-e880-466d-b041-fe4d8c371f68\" srcset=\"https:\/\/i0.wp.com\/deltaimage.de\/wp\/wp-content\/uploads\/PED46696_900.jpg?w=890&amp;ssl=1 890w, https:\/\/i0.wp.com\/deltaimage.de\/wp\/wp-content\/uploads\/PED46696_900.jpg?resize=300%2C200&amp;ssl=1 300w, https:\/\/i0.wp.com\/deltaimage.de\/wp\/wp-content\/uploads\/PED46696_900.jpg?resize=600%2C400&amp;ssl=1 600w, https:\/\/i0.wp.com\/deltaimage.de\/wp\/wp-content\/uploads\/PED46696_900.jpg?resize=200%2C133&amp;ssl=1 200w\" sizes=\"auto, (max-width: 890px) 100vw, 890px\" \/><\/p>\n<h2>Landwirte legen Lerchenfenster zur Bruthilfe im Acker an<\/h2>\n<p>Viele Landwirte sind sehr verantwortungsvoll gegen\u00fcber der heimischen Tier- und Vogelwelt eingestellt und helfen und unterst\u00fctzen, wo es nur geht. Eine solche Hilfe sind die Lerchenfenster, um den Tieren bei der Brut und der Aufzucht das Leben und das Fliegen im hoch bewachsenen Acker zu erleichtern. So hebt der Landwirt die Saatmaschine kurz an, so dass eine etwa 20 Quadratmeter gro\u00dfe Fl\u00e4che entsteht, die nicht mit Getreide oder Mais bepflanzt wird. So haben es die Feldlerchen beim Starten und Landen einfacher, zwischen dem hohen Bewuchs, die Jungen versorgen zu k\u00f6nnen.<\/p>\n<p><img data-recalc-dims=\"1\" loading=\"lazy\" decoding=\"async\" data-attachment-id=\"54144\" data-permalink=\"https:\/\/deltaimage.de\/wp\/?attachment_id=54144#main\" data-orig-file=\"https:\/\/i0.wp.com\/deltaimage.de\/wp\/wp-content\/uploads\/PED46706_900.jpg?fit=890%2C593&amp;ssl=1\" data-orig-size=\"890,593\" data-comments-opened=\"1\" data-image-meta=\"{&quot;aperture&quot;:&quot;9&quot;,&quot;credit&quot;:&quot;Paul Eschbach&quot;,&quot;camera&quot;:&quot;Canon EOS-1D Mark IV&quot;,&quot;caption&quot;:&quot;&quot;,&quot;created_timestamp&quot;:&quot;1772969275&quot;,&quot;copyright&quot;:&quot;www.deltaimage.de&quot;,&quot;focal_length&quot;:&quot;569&quot;,&quot;iso&quot;:&quot;1600&quot;,&quot;shutter_speed&quot;:&quot;0.000625&quot;,&quot;title&quot;:&quot;&quot;,&quot;orientation&quot;:&quot;0&quot;}\" data-image-title=\"PED46706_900\" data-image-description=\"\" data-image-caption=\"\" data-large-file=\"https:\/\/i0.wp.com\/deltaimage.de\/wp\/wp-content\/uploads\/PED46706_900.jpg?fit=890%2C593&amp;ssl=1\" class=\"aligncenter size-full wp-image-54144\" src=\"https:\/\/i0.wp.com\/deltaimage.de\/wp\/wp-content\/uploads\/PED46706_900.jpg?resize=890%2C593&#038;ssl=1\" alt=\"\" width=\"890\" height=\"593\" srcset=\"https:\/\/i0.wp.com\/deltaimage.de\/wp\/wp-content\/uploads\/PED46706_900.jpg?w=890&amp;ssl=1 890w, https:\/\/i0.wp.com\/deltaimage.de\/wp\/wp-content\/uploads\/PED46706_900.jpg?resize=300%2C200&amp;ssl=1 300w, https:\/\/i0.wp.com\/deltaimage.de\/wp\/wp-content\/uploads\/PED46706_900.jpg?resize=600%2C400&amp;ssl=1 600w, https:\/\/i0.wp.com\/deltaimage.de\/wp\/wp-content\/uploads\/PED46706_900.jpg?resize=200%2C133&amp;ssl=1 200w\" sizes=\"auto, (max-width: 890px) 100vw, 890px\" \/><\/p>\n<p>Ein herzliches Dankesch\u00f6n an die Landwirte.<\/p>\n","protected":false},"excerpt":{"rendered":"<p>Im Vorfr\u00fchling macht die Feldlerche als einer der ersten V\u00f6gel, durch ihre wilden Ges\u00e4nge \u00fcber der offenen Niedermoor- und Heidelandschaft auf sich aufmerksam. So ist dieser kleine Vogel zum Inbegriff [&hellip;]<\/p>\n","protected":false},"author":1,"featured_media":54139,"comment_status":"open","ping_status":"closed","sticky":false,"template":"","format":"standard","meta":{"wpupg_custom_link":[],"wpupg_custom_link_behaviour":["default"],"wpupg_custom_link_nofollow":["default"],"wpupg_custom_image":[],"wpupg_custom_image_id":[],"jetpack_post_was_ever_published":false,"footnotes":""},"categories":[3010,2523,3217,8],"tags":[775,4412,114,3044,959,2160],"class_list":["post-54138","post","type-post","status-publish","format-standard","has-post-thumbnail","hentry","category-dachauer-land","category-dachauer-moos","category-naturfotografie","category-news","tag-dachauer-moos","tag-feldlerche","tag-fruehling","tag-krenmoos","tag-moos","tag-niedermoor"],"jetpack_featured_media_url":"https:\/\/i0.wp.com\/deltaimage.de\/wp\/wp-content\/uploads\/PED46708_1200.jpg?fit=1200%2C450&ssl=1","jetpack-related-posts":[{"id":48360,"url":"https:\/\/deltaimage.de\/wp\/?p=48360","url_meta":{"origin":54138,"position":0},"title":",,ki-witt, kiju-witt\u201c im Krenmoos","author":"EschbacP","date":"16. M\u00e4rz 2025","format":false,"excerpt":"Quelle: www.lbv.de und www.tierstimmem.de Die typische Vogelstimme im Niedermoor hatte ich in den letzten Wochen immer mal wieder im Krenmoos geh\u00f6rt, aber den dazugeh\u00f6rigen Vogel nicht entdeckt. Heute bin ich wieder auf der Suche nach dieser Vogelstimme unterwegs und ich war schon ganz gespannt, ob ich heute Erfolg bei der\u2026","rel":"","context":"In &quot;Dachauer Land&quot;","block_context":{"text":"Dachauer Land","link":"https:\/\/deltaimage.de\/wp\/?cat=3010"},"img":{"alt_text":"","src":"https:\/\/i0.wp.com\/deltaimage.de\/wp\/wp-content\/uploads\/PED40290_1200.jpg?fit=1200%2C450&ssl=1&resize=350%2C200","width":350,"height":200,"srcset":"https:\/\/i0.wp.com\/deltaimage.de\/wp\/wp-content\/uploads\/PED40290_1200.jpg?fit=1200%2C450&ssl=1&resize=350%2C200 1x, https:\/\/i0.wp.com\/deltaimage.de\/wp\/wp-content\/uploads\/PED40290_1200.jpg?fit=1200%2C450&ssl=1&resize=525%2C300 1.5x, https:\/\/i0.wp.com\/deltaimage.de\/wp\/wp-content\/uploads\/PED40290_1200.jpg?fit=1200%2C450&ssl=1&resize=700%2C400 2x, https:\/\/i0.wp.com\/deltaimage.de\/wp\/wp-content\/uploads\/PED40290_1200.jpg?fit=1200%2C450&ssl=1&resize=1050%2C600 3x"},"classes":[]},{"id":52054,"url":"https:\/\/deltaimage.de\/wp\/?p=52054","url_meta":{"origin":54138,"position":1},"title":"V\u00f6gel beobachten und fotografieren im Dachauer Moos &#8211; Schafstelze","author":"EschbacP","date":"1. September 2025","format":false,"excerpt":"Einmal mehr etwas genauer hinschauen - und schon er\u00f6ffnet sich eine wunderbare \u00dcberraschung! Im Dachauer Moos beobachte ich bei meinen fotografischen Wanderungen und Erkundungen regelm\u00e4\u00dfig mit dem Fernglas und der Kamera, mit entsprechend gro\u00dfem und langen Objektiv unterwegs. Auf der Suche nach dem Kiebitz im Dachauer Moos, war ich im\u2026","rel":"","context":"In &quot;Dachauer Land&quot;","block_context":{"text":"Dachauer Land","link":"https:\/\/deltaimage.de\/wp\/?cat=3010"},"img":{"alt_text":"","src":"https:\/\/i0.wp.com\/deltaimage.de\/wp\/wp-content\/uploads\/PED44430_1200.jpg?fit=1200%2C450&ssl=1&resize=350%2C200","width":350,"height":200,"srcset":"https:\/\/i0.wp.com\/deltaimage.de\/wp\/wp-content\/uploads\/PED44430_1200.jpg?fit=1200%2C450&ssl=1&resize=350%2C200 1x, https:\/\/i0.wp.com\/deltaimage.de\/wp\/wp-content\/uploads\/PED44430_1200.jpg?fit=1200%2C450&ssl=1&resize=525%2C300 1.5x, https:\/\/i0.wp.com\/deltaimage.de\/wp\/wp-content\/uploads\/PED44430_1200.jpg?fit=1200%2C450&ssl=1&resize=700%2C400 2x, https:\/\/i0.wp.com\/deltaimage.de\/wp\/wp-content\/uploads\/PED44430_1200.jpg?fit=1200%2C450&ssl=1&resize=1050%2C600 3x"},"classes":[]},{"id":54081,"url":"https:\/\/deltaimage.de\/wp\/?p=54081","url_meta":{"origin":54138,"position":2},"title":"Der Fr\u00fchling kommt im Krenmoos: Die Pr\u00e4zision in der Flugmechanik des Turmfalken","author":"EschbacP","date":"15. M\u00e4rz 2026","format":false,"excerpt":"Im Vorfr\u00fchling wandelt sich die Niedermoor-Landschaft und die Tierwelten \u00dcber die vielen Jahre in meiner Natur- und Landschaftsfotografie ergeben sich die wichtigen Fotomotive im Jahreskreis. Der Kreislauf des Lebens beginnt im Vorfr\u00fchling wieder von Vorne: Die Zugv\u00f6gel kommen aus den Winterquartieren im S\u00fcden. Die Suche nach dem Partner f\u00fcr das\u2026","rel":"","context":"In &quot;Dachauer Land&quot;","block_context":{"text":"Dachauer Land","link":"https:\/\/deltaimage.de\/wp\/?cat=3010"},"img":{"alt_text":"","src":"https:\/\/i0.wp.com\/deltaimage.de\/wp\/wp-content\/uploads\/PED47124_1200.jpg?fit=1200%2C450&ssl=1&resize=350%2C200","width":350,"height":200,"srcset":"https:\/\/i0.wp.com\/deltaimage.de\/wp\/wp-content\/uploads\/PED47124_1200.jpg?fit=1200%2C450&ssl=1&resize=350%2C200 1x, https:\/\/i0.wp.com\/deltaimage.de\/wp\/wp-content\/uploads\/PED47124_1200.jpg?fit=1200%2C450&ssl=1&resize=525%2C300 1.5x, https:\/\/i0.wp.com\/deltaimage.de\/wp\/wp-content\/uploads\/PED47124_1200.jpg?fit=1200%2C450&ssl=1&resize=700%2C400 2x, https:\/\/i0.wp.com\/deltaimage.de\/wp\/wp-content\/uploads\/PED47124_1200.jpg?fit=1200%2C450&ssl=1&resize=1050%2C600 3x"},"classes":[]},{"id":52057,"url":"https:\/\/deltaimage.de\/wp\/?p=52057","url_meta":{"origin":54138,"position":3},"title":"V\u00f6gel beobachten und fotografieren im Dachauer Moos &#8211; Neunt\u00f6ter","author":"EschbacP","date":"4. September 2025","format":false,"excerpt":"Das Dachauer Moos h\u00e4lt bei meinen Foto- und Naturbeobachtungen auch immer wieder \u00dcberraschungen bereit, so bin ich immer wieder von der Sichtung seltener Tier- und Vogelarten \u00fcberrascht und begeistert. So sa\u00df im Fr\u00fchling\/Sommer im Krenmoos ganz unscheinbar, ein kleiner Vogel auf einem Busch im Krenmoos - ein ganz besonderer Bewohner\u2026","rel":"","context":"In &quot;Dachauer Land&quot;","block_context":{"text":"Dachauer Land","link":"https:\/\/deltaimage.de\/wp\/?cat=3010"},"img":{"alt_text":"","src":"https:\/\/i0.wp.com\/deltaimage.de\/wp\/wp-content\/uploads\/PED49060_1200.jpg?fit=1200%2C450&ssl=1&resize=350%2C200","width":350,"height":200,"srcset":"https:\/\/i0.wp.com\/deltaimage.de\/wp\/wp-content\/uploads\/PED49060_1200.jpg?fit=1200%2C450&ssl=1&resize=350%2C200 1x, https:\/\/i0.wp.com\/deltaimage.de\/wp\/wp-content\/uploads\/PED49060_1200.jpg?fit=1200%2C450&ssl=1&resize=525%2C300 1.5x, https:\/\/i0.wp.com\/deltaimage.de\/wp\/wp-content\/uploads\/PED49060_1200.jpg?fit=1200%2C450&ssl=1&resize=700%2C400 2x, https:\/\/i0.wp.com\/deltaimage.de\/wp\/wp-content\/uploads\/PED49060_1200.jpg?fit=1200%2C450&ssl=1&resize=1050%2C600 3x"},"classes":[]},{"id":52079,"url":"https:\/\/deltaimage.de\/wp\/?p=52079","url_meta":{"origin":54138,"position":4},"title":"V\u00f6gel beobachten und fotografieren im Dachauer Moos &#8211; Eichelh\u00e4her mit K\u00fccken","author":"EschbacP","date":"10. September 2025","format":false,"excerpt":"Das Beobachten der Naturlandschaft ist ein ganz wesentlicher Bestandteil der Natur- und Landschaftsfotografie. Dabei sucht die FotografIn immer wieder die gleichen Orte in der Naturlandschaft auf, immer die Details beobachtend. Vieles ist dabei bekannt und unver\u00e4ndert. Doch dann ist etwas anders und beim genaueren Hinsehen, eine neue Spezies ist \u00fcberraschenderweise\u2026","rel":"","context":"In &quot;Dachauer Land&quot;","block_context":{"text":"Dachauer Land","link":"https:\/\/deltaimage.de\/wp\/?cat=3010"},"img":{"alt_text":"","src":"https:\/\/i0.wp.com\/deltaimage.de\/wp\/wp-content\/uploads\/PE1D5121_1200.jpg?fit=1200%2C450&ssl=1&resize=350%2C200","width":350,"height":200,"srcset":"https:\/\/i0.wp.com\/deltaimage.de\/wp\/wp-content\/uploads\/PE1D5121_1200.jpg?fit=1200%2C450&ssl=1&resize=350%2C200 1x, https:\/\/i0.wp.com\/deltaimage.de\/wp\/wp-content\/uploads\/PE1D5121_1200.jpg?fit=1200%2C450&ssl=1&resize=525%2C300 1.5x, https:\/\/i0.wp.com\/deltaimage.de\/wp\/wp-content\/uploads\/PE1D5121_1200.jpg?fit=1200%2C450&ssl=1&resize=700%2C400 2x, https:\/\/i0.wp.com\/deltaimage.de\/wp\/wp-content\/uploads\/PE1D5121_1200.jpg?fit=1200%2C450&ssl=1&resize=1050%2C600 3x"},"classes":[]},{"id":47543,"url":"https:\/\/deltaimage.de\/wp\/?p=47543","url_meta":{"origin":54138,"position":5},"title":"Schwarzh\u00f6lzl im Winter mit einem sonnigen Sonntag","author":"EschbacP","date":"21. Januar 2025","format":false,"excerpt":"Der Herbst 2024 und der Winter 2024\/2025 erscheint hier im Dachauer Moos sehr einheitlich und dauerhaft unter einem Hochnebel zu liegen. Die Landschaft liegt fotografisch in einem tr\u00fcben und wenig spektakul\u00e4ren Licht, was wiederum Auswirkungen bei der Suche nach spannenden Bildmotiven hat. In keinem der letzten 30 Jahre, war ich\u2026","rel":"","context":"In &quot;Dachauer Land&quot;","block_context":{"text":"Dachauer Land","link":"https:\/\/deltaimage.de\/wp\/?cat=3010"},"img":{"alt_text":"","src":"https:\/\/i0.wp.com\/deltaimage.de\/wp\/wp-content\/uploads\/PED48569_1200.jpg?fit=1200%2C450&ssl=1&resize=350%2C200","width":350,"height":200,"srcset":"https:\/\/i0.wp.com\/deltaimage.de\/wp\/wp-content\/uploads\/PED48569_1200.jpg?fit=1200%2C450&ssl=1&resize=350%2C200 1x, https:\/\/i0.wp.com\/deltaimage.de\/wp\/wp-content\/uploads\/PED48569_1200.jpg?fit=1200%2C450&ssl=1&resize=525%2C300 1.5x, https:\/\/i0.wp.com\/deltaimage.de\/wp\/wp-content\/uploads\/PED48569_1200.jpg?fit=1200%2C450&ssl=1&resize=700%2C400 2x, https:\/\/i0.wp.com\/deltaimage.de\/wp\/wp-content\/uploads\/PED48569_1200.jpg?fit=1200%2C450&ssl=1&resize=1050%2C600 3x"},"classes":[]}],"jetpack_sharing_enabled":true,"_links":{"self":[{"href":"https:\/\/deltaimage.de\/wp\/index.php?rest_route=\/wp\/v2\/posts\/54138","targetHints":{"allow":["GET"]}}],"collection":[{"href":"https:\/\/deltaimage.de\/wp\/index.php?rest_route=\/wp\/v2\/posts"}],"about":[{"href":"https:\/\/deltaimage.de\/wp\/index.php?rest_route=\/wp\/v2\/types\/post"}],"author":[{"embeddable":true,"href":"https:\/\/deltaimage.de\/wp\/index.php?rest_route=\/wp\/v2\/users\/1"}],"replies":[{"embeddable":true,"href":"https:\/\/deltaimage.de\/wp\/index.php?rest_route=%2Fwp%2Fv2%2Fcomments&post=54138"}],"version-history":[{"count":6,"href":"https:\/\/deltaimage.de\/wp\/index.php?rest_route=\/wp\/v2\/posts\/54138\/revisions"}],"predecessor-version":[{"id":54157,"href":"https:\/\/deltaimage.de\/wp\/index.php?rest_route=\/wp\/v2\/posts\/54138\/revisions\/54157"}],"wp:featuredmedia":[{"embeddable":true,"href":"https:\/\/deltaimage.de\/wp\/index.php?rest_route=\/wp\/v2\/media\/54139"}],"wp:attachment":[{"href":"https:\/\/deltaimage.de\/wp\/index.php?rest_route=%2Fwp%2Fv2%2Fmedia&parent=54138"}],"wp:term":[{"taxonomy":"category","embeddable":true,"href":"https:\/\/deltaimage.de\/wp\/index.php?rest_route=%2Fwp%2Fv2%2Fcategories&post=54138"},{"taxonomy":"post_tag","embeddable":true,"href":"https:\/\/deltaimage.de\/wp\/index.php?rest_route=%2Fwp%2Fv2%2Ftags&post=54138"}],"curies":[{"name":"wp","href":"https:\/\/api.w.org\/{rel}","templated":true}]}}