{"id":54179,"date":"2026-03-22T20:22:19","date_gmt":"2026-03-22T19:22:19","guid":{"rendered":"https:\/\/deltaimage.de\/wp\/?p=54179"},"modified":"2026-05-19T20:10:34","modified_gmt":"2026-05-19T18:10:34","slug":"fruehblueher-im-schwarzhoelzl-der-fruehling-ist-schon-voll-im-kommen","status":"publish","type":"post","link":"https:\/\/deltaimage.de\/wp\/?p=54179","title":{"rendered":"Fr\u00fchbl\u00fcher im Schwarzh\u00f6lzl &#8211; der Fr\u00fchling ist schon voll im Kommen!"},"content":{"rendered":"<p><a href=\"https:\/\/deltaimage.de\/wp\/?page_id=40118\"><img data-recalc-dims=\"1\" loading=\"lazy\" decoding=\"async\" data-attachment-id=\"40115\" data-permalink=\"https:\/\/deltaimage.de\/wp\/?attachment_id=40115#main\" data-orig-file=\"https:\/\/i0.wp.com\/deltaimage.de\/wp\/wp-content\/uploads\/Stempel_DELTA-IMAGE_Quality.png?fit=961%2C960&amp;ssl=1\" data-orig-size=\"961,960\" data-comments-opened=\"1\" data-image-meta=\"{&quot;aperture&quot;:&quot;0&quot;,&quot;credit&quot;:&quot;&quot;,&quot;camera&quot;:&quot;&quot;,&quot;caption&quot;:&quot;&quot;,&quot;created_timestamp&quot;:&quot;0&quot;,&quot;copyright&quot;:&quot;&quot;,&quot;focal_length&quot;:&quot;0&quot;,&quot;iso&quot;:&quot;0&quot;,&quot;shutter_speed&quot;:&quot;0&quot;,&quot;title&quot;:&quot;&quot;,&quot;orientation&quot;:&quot;0&quot;}\" data-image-title=\"Stempel_DELTA IMAGE_Quality\" data-image-description=\"\" data-image-caption=\"\" data-large-file=\"https:\/\/i0.wp.com\/deltaimage.de\/wp\/wp-content\/uploads\/Stempel_DELTA-IMAGE_Quality.png?fit=890%2C889&amp;ssl=1\" class=\"alignright wp-image-40115 size-thumbnail\" src=\"https:\/\/i0.wp.com\/deltaimage.de\/wp\/wp-content\/uploads\/Stempel_DELTA-IMAGE_Quality.png?resize=200%2C200&#038;ssl=1\" alt=\"\" width=\"200\" height=\"200\" srcset=\"https:\/\/i0.wp.com\/deltaimage.de\/wp\/wp-content\/uploads\/Stempel_DELTA-IMAGE_Quality.png?resize=200%2C200&amp;ssl=1 200w, https:\/\/i0.wp.com\/deltaimage.de\/wp\/wp-content\/uploads\/Stempel_DELTA-IMAGE_Quality.png?resize=601%2C600&amp;ssl=1 601w, https:\/\/i0.wp.com\/deltaimage.de\/wp\/wp-content\/uploads\/Stempel_DELTA-IMAGE_Quality.png?resize=594%2C593&amp;ssl=1 594w, https:\/\/i0.wp.com\/deltaimage.de\/wp\/wp-content\/uploads\/Stempel_DELTA-IMAGE_Quality.png?resize=450%2C450&amp;ssl=1 450w, https:\/\/i0.wp.com\/deltaimage.de\/wp\/wp-content\/uploads\/Stempel_DELTA-IMAGE_Quality.png?resize=75%2C75&amp;ssl=1 75w, https:\/\/i0.wp.com\/deltaimage.de\/wp\/wp-content\/uploads\/Stempel_DELTA-IMAGE_Quality.png?resize=400%2C400&amp;ssl=1 400w, https:\/\/i0.wp.com\/deltaimage.de\/wp\/wp-content\/uploads\/Stempel_DELTA-IMAGE_Quality.png?resize=50%2C50&amp;ssl=1 50w, https:\/\/i0.wp.com\/deltaimage.de\/wp\/wp-content\/uploads\/Stempel_DELTA-IMAGE_Quality.png?w=961&amp;ssl=1 961w\" sizes=\"auto, (max-width: 200px) 100vw, 200px\" \/><\/a>Der Winter endet am 20. M\u00e4rz, dann beginnt der Fr\u00fchling auf dem Kalender. In der Natur zeigt sich der Fr\u00fchling mit den ersten Bl\u00fcten in Wald und Flur. Die Fr\u00fchbl\u00fcher zeigen sich als Erste und bringen in das Grau-Braun der Landschaft die ersten leuchtenden Farbtupfer. Die Fr\u00fchbl\u00fcher hei\u00dfen so, weil sie als Erste bl\u00fchen und den Wald und die Waldr\u00e4nder nutzen, solange noch kein Blattwerk die noch sp\u00e4rliche Sonne abschatten kann.<\/p>\n<div id=\"attachment_54183\" style=\"width: 900px\" class=\"wp-caption aligncenter\"><img data-recalc-dims=\"1\" loading=\"lazy\" decoding=\"async\" aria-describedby=\"caption-attachment-54183\" data-attachment-id=\"54183\" data-permalink=\"https:\/\/deltaimage.de\/wp\/?attachment_id=54183#main\" data-orig-file=\"https:\/\/i0.wp.com\/deltaimage.de\/wp\/wp-content\/uploads\/IMG_0339_900.jpg?fit=890%2C593&amp;ssl=1\" data-orig-size=\"890,593\" data-comments-opened=\"1\" data-image-meta=\"{&quot;aperture&quot;:&quot;9&quot;,&quot;credit&quot;:&quot;PAUL ESCHBACH&quot;,&quot;camera&quot;:&quot;Canon EOS 80D&quot;,&quot;caption&quot;:&quot;&quot;,&quot;created_timestamp&quot;:&quot;1774191815&quot;,&quot;copyright&quot;:&quot;Paul Eschbach @ DELTA IMAGE&quot;,&quot;focal_length&quot;:&quot;8&quot;,&quot;iso&quot;:&quot;200&quot;,&quot;shutter_speed&quot;:&quot;0.005&quot;,&quot;title&quot;:&quot;&quot;,&quot;orientation&quot;:&quot;0&quot;}\" data-image-title=\"IMG_0339_900\" data-image-description=\"\" data-image-caption=\"\" data-large-file=\"https:\/\/i0.wp.com\/deltaimage.de\/wp\/wp-content\/uploads\/IMG_0339_900.jpg?fit=890%2C593&amp;ssl=1\" class=\"wp-image-54183 size-full\" src=\"https:\/\/i0.wp.com\/deltaimage.de\/wp\/wp-content\/uploads\/IMG_0339_900.jpg?resize=890%2C593&#038;ssl=1\" alt=\"\" width=\"890\" height=\"593\" srcset=\"https:\/\/i0.wp.com\/deltaimage.de\/wp\/wp-content\/uploads\/IMG_0339_900.jpg?w=890&amp;ssl=1 890w, https:\/\/i0.wp.com\/deltaimage.de\/wp\/wp-content\/uploads\/IMG_0339_900.jpg?resize=300%2C200&amp;ssl=1 300w, https:\/\/i0.wp.com\/deltaimage.de\/wp\/wp-content\/uploads\/IMG_0339_900.jpg?resize=600%2C400&amp;ssl=1 600w, https:\/\/i0.wp.com\/deltaimage.de\/wp\/wp-content\/uploads\/IMG_0339_900.jpg?resize=200%2C133&amp;ssl=1 200w\" sizes=\"auto, (max-width: 890px) 100vw, 890px\" \/><p id=\"caption-attachment-54183\" class=\"wp-caption-text\">Die Anemonen (Windr\u00f6schen) bl\u00fchen bereits im Naturschutzgebiet Schwarzh\u00f6lzl.<\/p><\/div>\n<p><!--more--><\/p>\n<p>&nbsp;<\/p>\n<h2>Die Fr\u00fchbl\u00fcher nutzen die Energie aus dem letzten Herbst<\/h2>\n<p>Die Fr\u00fchbl\u00fcher haben eine ganz andere Vegetationsabfolge. Alle Pflanzen setzen die Sonnenenergie mit Hilfe des Chlorophylls in den Bl\u00e4ttern in Pflanzenenergie in Form von Zucker und St\u00e4rke um. Aber im Fr\u00fchling haben die Pflanzen noch fast keine gr\u00fcnen Bl\u00e4tter und die Sonne strahlt noch flach und relativ kurz.<\/p>\n<p><em>Wie machen die Fr\u00fchbl\u00fcher das trotzdem?<\/em><\/p>\n<p><img data-recalc-dims=\"1\" loading=\"lazy\" decoding=\"async\" data-attachment-id=\"54184\" data-permalink=\"https:\/\/deltaimage.de\/wp\/?attachment_id=54184#main\" data-orig-file=\"https:\/\/i0.wp.com\/deltaimage.de\/wp\/wp-content\/uploads\/IMG_0329_900.jpg?fit=890%2C593&amp;ssl=1\" data-orig-size=\"890,593\" data-comments-opened=\"1\" data-image-meta=\"{&quot;aperture&quot;:&quot;9&quot;,&quot;credit&quot;:&quot;PAUL ESCHBACH&quot;,&quot;camera&quot;:&quot;Canon EOS 80D&quot;,&quot;caption&quot;:&quot;&quot;,&quot;created_timestamp&quot;:&quot;1774191437&quot;,&quot;copyright&quot;:&quot;Paul Eschbach @ DELTA IMAGE&quot;,&quot;focal_length&quot;:&quot;8&quot;,&quot;iso&quot;:&quot;200&quot;,&quot;shutter_speed&quot;:&quot;0.003125&quot;,&quot;title&quot;:&quot;&quot;,&quot;orientation&quot;:&quot;0&quot;}\" data-image-title=\"IMG_0329_900\" data-image-description=\"\" data-image-caption=\"\" data-large-file=\"https:\/\/i0.wp.com\/deltaimage.de\/wp\/wp-content\/uploads\/IMG_0329_900.jpg?fit=890%2C593&amp;ssl=1\" class=\"aligncenter size-full wp-image-54184\" src=\"https:\/\/i0.wp.com\/deltaimage.de\/wp\/wp-content\/uploads\/IMG_0329_900.jpg?resize=890%2C593&#038;ssl=1\" alt=\"\" width=\"890\" height=\"593\" srcset=\"https:\/\/i0.wp.com\/deltaimage.de\/wp\/wp-content\/uploads\/IMG_0329_900.jpg?w=890&amp;ssl=1 890w, https:\/\/i0.wp.com\/deltaimage.de\/wp\/wp-content\/uploads\/IMG_0329_900.jpg?resize=300%2C200&amp;ssl=1 300w, https:\/\/i0.wp.com\/deltaimage.de\/wp\/wp-content\/uploads\/IMG_0329_900.jpg?resize=600%2C400&amp;ssl=1 600w, https:\/\/i0.wp.com\/deltaimage.de\/wp\/wp-content\/uploads\/IMG_0329_900.jpg?resize=200%2C133&amp;ssl=1 200w\" sizes=\"auto, (max-width: 890px) 100vw, 890px\" \/><\/p>\n<p>Die Fr\u00fchbl\u00fcher speichern einen Teil der Energie noch im Herbst im Wurzelwerk \u00fcber den ganzen Winter hinweg. So k\u00f6nnen Sie ihr Wachstum bereits starten, auch wenn die Sonne noch nicht ausreicht, um die Energie in diesem Jahr zum Wachstum bereitzustellen. Das Wachstum der Fr\u00fchbl\u00fcher beruht auf der gespeicherten Energie aus dem letzten Herbst.<\/p>\n<p>&nbsp;<\/p>\n<h2>Warum haben die Fr\u00fchbl\u00fcher diese andere Wachstumsmechanik?<\/h2>\n<p>Die Fr\u00fchbl\u00fcher haben vor allem Pl\u00e4tze an Waldr\u00e4ndern und in W\u00e4ldern erobert. Die ersten Wochen im Fr\u00fchling schenkt ihnen noch ungehindert das Sonnenlicht durch das sparsame Blattwerk und l\u00e4sst das Wachstum anlaufen. Somit sind die Fr\u00fchbl\u00fcher die ersten Bl\u00fcten im Wald und damit auch die ersten Nektarspender weit und breit.<\/p>\n<p><img data-recalc-dims=\"1\" loading=\"lazy\" decoding=\"async\" data-attachment-id=\"54185\" data-permalink=\"https:\/\/deltaimage.de\/wp\/?attachment_id=54185#main\" data-orig-file=\"https:\/\/i0.wp.com\/deltaimage.de\/wp\/wp-content\/uploads\/IMG_0328_900.jpg?fit=890%2C593&amp;ssl=1\" data-orig-size=\"890,593\" data-comments-opened=\"1\" data-image-meta=\"{&quot;aperture&quot;:&quot;9&quot;,&quot;credit&quot;:&quot;PAUL ESCHBACH&quot;,&quot;camera&quot;:&quot;Canon EOS 80D&quot;,&quot;caption&quot;:&quot;&quot;,&quot;created_timestamp&quot;:&quot;1774191414&quot;,&quot;copyright&quot;:&quot;Paul Eschbach @ DELTA IMAGE&quot;,&quot;focal_length&quot;:&quot;8&quot;,&quot;iso&quot;:&quot;200&quot;,&quot;shutter_speed&quot;:&quot;0.004&quot;,&quot;title&quot;:&quot;&quot;,&quot;orientation&quot;:&quot;0&quot;}\" data-image-title=\"IMG_0328_900\" data-image-description=\"\" data-image-caption=\"\" data-large-file=\"https:\/\/i0.wp.com\/deltaimage.de\/wp\/wp-content\/uploads\/IMG_0328_900.jpg?fit=890%2C593&amp;ssl=1\" class=\"aligncenter size-full wp-image-54185\" src=\"https:\/\/i0.wp.com\/deltaimage.de\/wp\/wp-content\/uploads\/IMG_0328_900.jpg?resize=890%2C593&#038;ssl=1\" alt=\"\" width=\"890\" height=\"593\" srcset=\"https:\/\/i0.wp.com\/deltaimage.de\/wp\/wp-content\/uploads\/IMG_0328_900.jpg?w=890&amp;ssl=1 890w, https:\/\/i0.wp.com\/deltaimage.de\/wp\/wp-content\/uploads\/IMG_0328_900.jpg?resize=300%2C200&amp;ssl=1 300w, https:\/\/i0.wp.com\/deltaimage.de\/wp\/wp-content\/uploads\/IMG_0328_900.jpg?resize=600%2C400&amp;ssl=1 600w, https:\/\/i0.wp.com\/deltaimage.de\/wp\/wp-content\/uploads\/IMG_0328_900.jpg?resize=200%2C133&amp;ssl=1 200w\" sizes=\"auto, (max-width: 890px) 100vw, 890px\" \/><\/p>\n<p>Die ersten fliegenden Insekten sind auf die Nahrung durch die Nektarspender angewiesen und werden nahezu exklusiv von den Fr\u00fchbl\u00fchern bedient. So sichern sich diese Bl\u00fcten auch die ersten Best\u00e4ubungen mit einer sehr hohen Wahrscheinlichkeit \u2013 es gibt ja kaum eine Konkurrenz. Von dem wenigen Sonnenlicht bekommen die Fr\u00fchbl\u00fcher eben das meiste ab. Sp\u00e4ter schatteten die B\u00fcsche und B\u00e4ume das wertvolle Sonnenlicht in viel h\u00f6heren Schichten bereits ab \u2013 nutzen dies f\u00fcr ihr eigenes Wachstum. F\u00fcr die Bodendecker bleibt dann keine Energie aus der Sonne f\u00fcr das Wachstum \u00fcbrig. Muss auch nicht mehr, die Best\u00e4ubung und damit die Fortentwicklung in die n\u00e4chste Generation sind bereits erfolgt.<\/p>\n<p>&nbsp;<\/p>\n<h2>Windr\u00f6schen (Anemonen) sind die ersten Bl\u00fcten im Schwarzh\u00f6lzl<\/h2>\n<p>In diesem Jahr bin ich neben den Weidenk\u00e4tzchen als Erstes \u00fcber die Anemonen gestolpert und habe diese hier als gr\u00f6\u00dfere Gruppen vorkommenden Fr\u00fchbl\u00fcher fotografisch in einer ganz anderen Technik festgehalten. Die Fotos sind mit einem Fisheye-Objektiv aufgenommen; der Fokus liegt auf einigen wenigen Anemonen, die Umgebung verwischt \u00e4sthetisch in Unsch\u00e4rfe.<\/p>\n<p><img data-recalc-dims=\"1\" loading=\"lazy\" decoding=\"async\" data-attachment-id=\"54188\" data-permalink=\"https:\/\/deltaimage.de\/wp\/?attachment_id=54188#main\" data-orig-file=\"https:\/\/i0.wp.com\/deltaimage.de\/wp\/wp-content\/uploads\/IMG_0324_900.jpg?fit=890%2C593&amp;ssl=1\" data-orig-size=\"890,593\" data-comments-opened=\"1\" data-image-meta=\"{&quot;aperture&quot;:&quot;6.3&quot;,&quot;credit&quot;:&quot;PAUL ESCHBACH&quot;,&quot;camera&quot;:&quot;Canon EOS 80D&quot;,&quot;caption&quot;:&quot;&quot;,&quot;created_timestamp&quot;:&quot;1774191204&quot;,&quot;copyright&quot;:&quot;Paul Eschbach @ DELTA IMAGE&quot;,&quot;focal_length&quot;:&quot;8&quot;,&quot;iso&quot;:&quot;200&quot;,&quot;shutter_speed&quot;:&quot;0.002&quot;,&quot;title&quot;:&quot;&quot;,&quot;orientation&quot;:&quot;0&quot;}\" data-image-title=\"IMG_0324_900\" data-image-description=\"\" data-image-caption=\"\" data-large-file=\"https:\/\/i0.wp.com\/deltaimage.de\/wp\/wp-content\/uploads\/IMG_0324_900.jpg?fit=890%2C593&amp;ssl=1\" class=\"aligncenter size-full wp-image-54188\" src=\"https:\/\/i0.wp.com\/deltaimage.de\/wp\/wp-content\/uploads\/IMG_0324_900.jpg?resize=890%2C593&#038;ssl=1\" alt=\"\" width=\"890\" height=\"593\" srcset=\"https:\/\/i0.wp.com\/deltaimage.de\/wp\/wp-content\/uploads\/IMG_0324_900.jpg?w=890&amp;ssl=1 890w, https:\/\/i0.wp.com\/deltaimage.de\/wp\/wp-content\/uploads\/IMG_0324_900.jpg?resize=300%2C200&amp;ssl=1 300w, https:\/\/i0.wp.com\/deltaimage.de\/wp\/wp-content\/uploads\/IMG_0324_900.jpg?resize=600%2C400&amp;ssl=1 600w, https:\/\/i0.wp.com\/deltaimage.de\/wp\/wp-content\/uploads\/IMG_0324_900.jpg?resize=200%2C133&amp;ssl=1 200w\" sizes=\"auto, (max-width: 890px) 100vw, 890px\" \/><\/p>\n<p>Die Anemonen (Windr\u00f6schen) bl\u00fchen in gr\u00f6\u00dferen Gruppen auf dem lichten Waldboden im Naturschutzgebiet Schwarzh\u00f6lzl.<\/p>\n<p>&nbsp;<\/p>\n<h2>Das Schwarzh\u00f6lzl \u00fcber den Moment hinaus entdecken<\/h2>\n<p data-path-to-node=\"6\">Die zarten Windr\u00f6schen sind nur der Anfang eines faszinierenden Jahreskreises in diesem besonderen \u00d6kosystem. Wenn Sie die Ruhe und die st\u00e4ndigen Entdeckungen, die ich bei meinen Streifz\u00fcgen mit der Kamera festhalten darf, auch zu Hause erleben m\u00f6chten, empfehle ich Ihnen meinen <a href=\"https:\/\/shop.deltaimage.de\/?product=foto-bildband-schwarzhoelzl-krenmoos-regatta-anlage-im-dachauer-moos-von-paul-eschbach\"><b data-path-to-node=\"6\" data-index-in-node=\"280\">FOTO-Bildband zum Schwarzh\u00f6lzl<\/b>. <\/a>In diesem <strong>FOTO-Bildband<\/strong> nehme ich Sie mit auf eine visuelle Reise durch alle Facetten dieses Naturjuwels \u2013 weit \u00fcber die erste Fr\u00fchlingsbl\u00fcte hinaus. Neben dem <strong>Schwarzh\u00f6lzl<\/strong> widmet sich das Buch auch der angrenzenden <strong>Regatta-Anlage<\/strong> und dem <strong>Krenmoos<\/strong>, um die ganze Vielfalt dieser <strong>Niedermoor-Landschaft<\/strong> einzufangen.<\/p>\n<p>Holen Sie sich ein St\u00fcck der <strong>Niedermoor-Landschaft<\/strong> des <strong>Dachauer Mooses<\/strong> in Ihr Wohnzimmer.<\/p>\n<div id=\"attachment_47580\" style=\"width: 1210px\" class=\"wp-caption aligncenter\"><a href=\"https:\/\/shop.deltaimage.de\/?product=foto-bildband-schwarzhoelzl-krenmoos-regatta-anlage-im-dachauer-moos-von-paul-eschbach\"><img data-recalc-dims=\"1\" loading=\"lazy\" decoding=\"async\" aria-describedby=\"caption-attachment-47580\" data-attachment-id=\"47580\" data-permalink=\"https:\/\/deltaimage.de\/wp\/?attachment_id=47580#main\" data-orig-file=\"https:\/\/i0.wp.com\/deltaimage.de\/wp\/wp-content\/uploads\/Dachauer-Moos-Schwarzhoelzl_1200.jpg?fit=1200%2C840&amp;ssl=1\" data-orig-size=\"1200,840\" data-comments-opened=\"1\" data-image-meta=\"{&quot;aperture&quot;:&quot;0&quot;,&quot;credit&quot;:&quot;Paul Eschbach&quot;,&quot;camera&quot;:&quot;&quot;,&quot;caption&quot;:&quot;&quot;,&quot;created_timestamp&quot;:&quot;1720644763&quot;,&quot;copyright&quot;:&quot;&quot;,&quot;focal_length&quot;:&quot;0&quot;,&quot;iso&quot;:&quot;0&quot;,&quot;shutter_speed&quot;:&quot;0&quot;,&quot;title&quot;:&quot;&quot;,&quot;orientation&quot;:&quot;1&quot;}\" data-image-title=\"Dachauer Moos &amp;#8211; Schwarzh\u00f6lzl_1200\" data-image-description=\"\" data-image-caption=\"&lt;p&gt;Dachauer Moos: Schwarzh\u00f6lzl, Krenmoos &amp;#038; Regatta-Anlage&lt;\/p&gt;\n\" data-large-file=\"https:\/\/i0.wp.com\/deltaimage.de\/wp\/wp-content\/uploads\/Dachauer-Moos-Schwarzhoelzl_1200.jpg?fit=890%2C623&amp;ssl=1\" class=\"wp-image-47580 size-full\" src=\"https:\/\/i0.wp.com\/deltaimage.de\/wp\/wp-content\/uploads\/Dachauer-Moos-Schwarzhoelzl_1200.jpg?resize=890%2C623&#038;ssl=1\" alt=\"\" width=\"890\" height=\"623\" srcset=\"https:\/\/i0.wp.com\/deltaimage.de\/wp\/wp-content\/uploads\/Dachauer-Moos-Schwarzhoelzl_1200.jpg?w=1200&amp;ssl=1 1200w, https:\/\/i0.wp.com\/deltaimage.de\/wp\/wp-content\/uploads\/Dachauer-Moos-Schwarzhoelzl_1200.jpg?resize=857%2C600&amp;ssl=1 857w, https:\/\/i0.wp.com\/deltaimage.de\/wp\/wp-content\/uploads\/Dachauer-Moos-Schwarzhoelzl_1200.jpg?resize=286%2C200&amp;ssl=1 286w, https:\/\/i0.wp.com\/deltaimage.de\/wp\/wp-content\/uploads\/Dachauer-Moos-Schwarzhoelzl_1200.jpg?resize=571%2C400&amp;ssl=1 571w\" sizes=\"auto, (max-width: 890px) 100vw, 890px\" \/><\/a><p id=\"caption-attachment-47580\" class=\"wp-caption-text\">Dachauer Moos: Schwarzh\u00f6lzl, Krenmoos &amp; Regatta-Anlage<\/p><\/div>\n<p style=\"text-align: center;\" data-path-to-node=\"6,0\"><em>Hat Sie die Lust gepackt, das Naturschutzgebiet Schwarzh\u00f6lzl im gro\u00dfen Dachauer Moos noch tiefer zu entdecken?<\/em><\/p>\n<p data-path-to-node=\"6,0\">Mein <strong>FOTO-Bildband<\/strong> nimmt Sie im zweiten Band mit auf eine visuelle Reise durch alle Facetten dieses Naturjuwels \u2013 weit \u00fcber die erste Fr\u00fchlingsbl\u00fcte hinaus. Der thematische Fokus liegt dabei auf den benachbarten Regionen im Dachauer Moos.<\/p>\n<p>In hochwertigen Aufnahmen \u00fcber viele Jahre hinweg, habe ich meine Sicht auf die Seele dieses einzigartigen Naturschutzgebiets eingefangen und f\u00fcr die Leser<em>Innen<\/em> auch ausf\u00fchrlich beschrieben. Die bildgewaltigen <strong>FOTO-Bildb\u00e4nde<\/strong> sind f\u00fcr mich und auch f\u00fcr die Leser<em>Innen<\/em> eine wunderbare Inspiration f\u00fcr die eigene Naturerfahrung in Verbindung mit eigenen Erlebnistouren oder als Geschenk f\u00fcr Naturliebhaber.<\/p>\n<blockquote>\n<p data-path-to-node=\"9,0\"><em>Das Schwarzh\u00f6lzl ist f\u00fcr mich ein Ort der Ruhe und der st\u00e4ndigen Entdeckung. Viele der Momente, die ich bei meinen Streifz\u00fcgen mit der Kamera festhalten durfte, habe ich in meinem aktuellen Bildband zusammengestellt. So bleibt die Faszination dieses Naturschutzgebiets auch dann lebendig, wenn Sie gerade nicht selbst vor Ort sein k\u00f6nnen.<\/em><\/p>\n<\/blockquote>\n<p data-path-to-node=\"6,1\">St\u00f6bern Sie jetzt im Shop: <a href=\"https:\/\/shop.deltaimage.de\/?product=foto-bildband-schwarzhoelzl-krenmoos-regatta-anlage-im-dachauer-moos-von-paul-eschbach\"><b data-path-to-node=\"6,1\" data-index-in-node=\"30\">[FOTO-Bildband Schwarzh\u00f6lzl entdecken]<\/b><\/a><\/p>\n<p>&nbsp;<\/p>\n<p><em>Viel Spa\u00df mit Ihren Fr\u00fchlingsausfl\u00fcgen in den kommenden Osterwochen.<\/em><\/p>\n","protected":false},"excerpt":{"rendered":"<p>Der Winter endet am 20. M\u00e4rz, dann beginnt der Fr\u00fchling auf dem Kalender. In der Natur zeigt sich der Fr\u00fchling mit den ersten Bl\u00fcten in Wald und Flur. Die Fr\u00fchbl\u00fcher [&hellip;]<\/p>\n","protected":false},"author":1,"featured_media":54180,"comment_status":"open","ping_status":"closed","sticky":false,"template":"","format":"standard","meta":{"wpupg_custom_link":[],"wpupg_custom_link_behaviour":["default"],"wpupg_custom_link_nofollow":["default"],"wpupg_custom_image":[],"wpupg_custom_image_id":[],"footnotes":"","jetpack_post_was_ever_published":false},"categories":[3010,2523,3217,8],"tags":[4416,775,114,3371,620,4415],"class_list":["post-54179","post","type-post","status-publish","format-standard","has-post-thumbnail","hentry","category-dachauer-land","category-dachauer-moos","category-naturfotografie","category-news","tag-anemonen","tag-dachauer-moos","tag-fruehling","tag-naturschutzgebiet","tag-schwarzhoelzl","tag-windroeschen"],"jetpack-related-posts":[{"id":33391,"url":"https:\/\/deltaimage.de\/wp\/?p=33391","url_meta":{"origin":54179,"position":0},"title":"Fr\u00fchbl\u00fcher in den Amperauen &#8211; der Fr\u00fchling kommt","author":"EschbacP","date":"21. M\u00e4rz 2022","format":false,"excerpt":"Ab Mitte M\u00e4rz kommt jedes Jahr die Farbe der Natur zur\u00fcck in die Natur, in den Wald und die Flur. Als Farbe herrscht immer noch Braun und Grau vor. Alles wenig aussichtsreich f\u00fcr die Landschafts- und NaturfotografInnern. \u00a0 Im lichten Waldrand kommen die ersten Farbtupfer hinzu Die Fr\u00fchbl\u00fcher im Wald\u2026","rel":"","context":"In &quot;Dachauer Land&quot;","block_context":{"text":"Dachauer Land","link":"https:\/\/deltaimage.de\/wp\/?cat=3010"},"img":{"alt_text":"","src":"https:\/\/i0.wp.com\/deltaimage.de\/wp\/wp-content\/uploads\/IMG_5647_1200.jpg?fit=1200%2C450&ssl=1&resize=350%2C200","width":350,"height":200,"srcset":"https:\/\/i0.wp.com\/deltaimage.de\/wp\/wp-content\/uploads\/IMG_5647_1200.jpg?fit=1200%2C450&ssl=1&resize=350%2C200 1x, https:\/\/i0.wp.com\/deltaimage.de\/wp\/wp-content\/uploads\/IMG_5647_1200.jpg?fit=1200%2C450&ssl=1&resize=525%2C300 1.5x, https:\/\/i0.wp.com\/deltaimage.de\/wp\/wp-content\/uploads\/IMG_5647_1200.jpg?fit=1200%2C450&ssl=1&resize=700%2C400 2x, https:\/\/i0.wp.com\/deltaimage.de\/wp\/wp-content\/uploads\/IMG_5647_1200.jpg?fit=1200%2C450&ssl=1&resize=1050%2C600 3x"},"classes":[]},{"id":33444,"url":"https:\/\/deltaimage.de\/wp\/?p=33444","url_meta":{"origin":54179,"position":1},"title":"Fr\u00fchling in Affing","author":"EschbacP","date":"25. M\u00e4rz 2022","format":false,"excerpt":"Das Schloss Affing ist als Ausflugsziel schon zur lieben Gewohnheit geworden. Seit einigen Jahren fotografieren wir in Affing f\u00fcr mehrere Buchprojekte zur Geschichte in Bayern. Das beschauliche Affing im bayrischen Schwaben liegt eine perfekte Ausflugsfahrt hinter Aichach. Gleich hinter dem Landkreis Dachau beginnt mit dem Landkreis Aichach-Friedberg das bayrische Schwaben\u2026","rel":"","context":"In &quot;News Blog&quot;","block_context":{"text":"News Blog","link":"https:\/\/deltaimage.de\/wp\/?cat=8"},"img":{"alt_text":"","src":"https:\/\/i0.wp.com\/deltaimage.de\/wp\/wp-content\/uploads\/IMG_5746_1200.jpg?fit=1200%2C450&ssl=1&resize=350%2C200","width":350,"height":200,"srcset":"https:\/\/i0.wp.com\/deltaimage.de\/wp\/wp-content\/uploads\/IMG_5746_1200.jpg?fit=1200%2C450&ssl=1&resize=350%2C200 1x, https:\/\/i0.wp.com\/deltaimage.de\/wp\/wp-content\/uploads\/IMG_5746_1200.jpg?fit=1200%2C450&ssl=1&resize=525%2C300 1.5x, https:\/\/i0.wp.com\/deltaimage.de\/wp\/wp-content\/uploads\/IMG_5746_1200.jpg?fit=1200%2C450&ssl=1&resize=700%2C400 2x, https:\/\/i0.wp.com\/deltaimage.de\/wp\/wp-content\/uploads\/IMG_5746_1200.jpg?fit=1200%2C450&ssl=1&resize=1050%2C600 3x"},"classes":[]},{"id":33262,"url":"https:\/\/deltaimage.de\/wp\/?p=33262","url_meta":{"origin":54179,"position":2},"title":"Fr\u00fchling an der W\u00fcrm","author":"EschbacP","date":"14. M\u00e4rz 2022","format":false,"excerpt":"Die W\u00fcrm ist ein stolzer Fluss, kommt sie schlie\u00dflich aus dem Starnberger See. Bis in die 60er Jahre hie\u00df der Starnberger See immerhin noch W\u00fcrm See. Grund genug um breit und dominant durch Oberbayern nach Norden auf M\u00fcnchen hinterlie\u00dfen. Die W\u00fcrm zieht nur wenige hundert Meter von meinem Zuhause vorbei.\u2026","rel":"","context":"In &quot;Dachauer Moos&quot;","block_context":{"text":"Dachauer Moos","link":"https:\/\/deltaimage.de\/wp\/?cat=2523"},"img":{"alt_text":"","src":"https:\/\/i0.wp.com\/deltaimage.de\/wp\/wp-content\/uploads\/IMG_5437_1200.jpg?fit=1200%2C450&ssl=1&resize=350%2C200","width":350,"height":200,"srcset":"https:\/\/i0.wp.com\/deltaimage.de\/wp\/wp-content\/uploads\/IMG_5437_1200.jpg?fit=1200%2C450&ssl=1&resize=350%2C200 1x, https:\/\/i0.wp.com\/deltaimage.de\/wp\/wp-content\/uploads\/IMG_5437_1200.jpg?fit=1200%2C450&ssl=1&resize=525%2C300 1.5x, https:\/\/i0.wp.com\/deltaimage.de\/wp\/wp-content\/uploads\/IMG_5437_1200.jpg?fit=1200%2C450&ssl=1&resize=700%2C400 2x, https:\/\/i0.wp.com\/deltaimage.de\/wp\/wp-content\/uploads\/IMG_5437_1200.jpg?fit=1200%2C450&ssl=1&resize=1050%2C600 3x"},"classes":[]},{"id":47567,"url":"https:\/\/deltaimage.de\/wp\/?p=47567","url_meta":{"origin":54179,"position":3},"title":"Buch-Neuvorstellung &#8211; Dachauer Moos: Schwarzh\u00f6lzl, Krenmoos &#038; Regatta-Anlage von Paul Eschbach","author":"EschbacP","date":"22. Januar 2025","format":false,"excerpt":"Buch-Neuvorstellung: FOTO-BILDBAND zum Schwarzh\u00f6lzl und Krenmoos DELTA IMAGE - Eigenverlag stellt einen neuen FOTO-BILDBAND\u00a0zum Dachauer Moos vor. Der Foto-Bildband zum Schwarzh\u00f6lzl und Krenmoos vom Dachauer Fotografen Paul Eschbach sucht im zweiten Band der FOTO-BILDBAND-Reihe wieder nach den Sch\u00f6nheiten in der Natur- und Kulturlandschaft. Das gr\u00f6\u00dfte Naturschutzgebiet (NSG) im Landkreis Dachau\u2026","rel":"","context":"In &quot;Buch&quot;","block_context":{"text":"Buch","link":"https:\/\/deltaimage.de\/wp\/?cat=1189"},"img":{"alt_text":"","src":"https:\/\/i0.wp.com\/deltaimage.de\/wp\/wp-content\/uploads\/Plakat_Schwarzhoelzl_1200.jpg?fit=1198%2C450&ssl=1&resize=350%2C200","width":350,"height":200,"srcset":"https:\/\/i0.wp.com\/deltaimage.de\/wp\/wp-content\/uploads\/Plakat_Schwarzhoelzl_1200.jpg?fit=1198%2C450&ssl=1&resize=350%2C200 1x, https:\/\/i0.wp.com\/deltaimage.de\/wp\/wp-content\/uploads\/Plakat_Schwarzhoelzl_1200.jpg?fit=1198%2C450&ssl=1&resize=525%2C300 1.5x, https:\/\/i0.wp.com\/deltaimage.de\/wp\/wp-content\/uploads\/Plakat_Schwarzhoelzl_1200.jpg?fit=1198%2C450&ssl=1&resize=700%2C400 2x, https:\/\/i0.wp.com\/deltaimage.de\/wp\/wp-content\/uploads\/Plakat_Schwarzhoelzl_1200.jpg?fit=1198%2C450&ssl=1&resize=1050%2C600 3x"},"classes":[]},{"id":38209,"url":"https:\/\/deltaimage.de\/wp\/?p=38209","url_meta":{"origin":54179,"position":4},"title":"Winter im Dachauer Moos im Dezember","author":"EschbacP","date":"24. Dezember 2022","format":false,"excerpt":"Der Winter bietet im Moos ein ganz anderes Gesicht, dem Fotografen und der BesucherIn. Der kleine See empf\u00e4ngt uns Fotografen mit einem herrlichen Nebel \u00fcber der Wasserfl\u00e4che. Die flache und monotone Landschaft f\u00e4ngt das Auge erst wieder an der n\u00e4chsten Baumreihe, oder am n\u00e4chsten Graben. Gerade dies ist die Zeit\u2026","rel":"","context":"In &quot;Dachauer Land&quot;","block_context":{"text":"Dachauer Land","link":"https:\/\/deltaimage.de\/wp\/?cat=3010"},"img":{"alt_text":"","src":"https:\/\/i0.wp.com\/deltaimage.de\/wp\/wp-content\/uploads\/PE1S1359_1200.jpg?fit=1200%2C450&ssl=1&resize=350%2C200","width":350,"height":200,"srcset":"https:\/\/i0.wp.com\/deltaimage.de\/wp\/wp-content\/uploads\/PE1S1359_1200.jpg?fit=1200%2C450&ssl=1&resize=350%2C200 1x, https:\/\/i0.wp.com\/deltaimage.de\/wp\/wp-content\/uploads\/PE1S1359_1200.jpg?fit=1200%2C450&ssl=1&resize=525%2C300 1.5x, https:\/\/i0.wp.com\/deltaimage.de\/wp\/wp-content\/uploads\/PE1S1359_1200.jpg?fit=1200%2C450&ssl=1&resize=700%2C400 2x, https:\/\/i0.wp.com\/deltaimage.de\/wp\/wp-content\/uploads\/PE1S1359_1200.jpg?fit=1200%2C450&ssl=1&resize=1050%2C600 3x"},"classes":[]},{"id":54206,"url":"https:\/\/deltaimage.de\/wp\/?p=54206","url_meta":{"origin":54179,"position":5},"title":"Die stoische Dynamik der Wasseramsel am Amperwehr","author":"EschbacP","date":"29. M\u00e4rz 2026","format":false,"excerpt":"Der Fr\u00fchling kommt im Dachauer Moos mit ganz typischen Fr\u00fchlingsanzeigern. Die aufmerksame BeobachterIn oder FotografIn kennt viele dieser \u00fcber viele Jahre hinweg erlebte Erfahrung im Jahreskreis: Das Singen der Singv\u00f6gel in Wald und Flur. Der typische Gesang der Feldlerchen in den Feldern und Ackerfl\u00e4chen. Die Farbakzente der Fr\u00fchbl\u00fcher im Schatten\u2026","rel":"","context":"In &quot;Dachauer Land&quot;","block_context":{"text":"Dachauer Land","link":"https:\/\/deltaimage.de\/wp\/?cat=3010"},"img":{"alt_text":"","src":"https:\/\/i0.wp.com\/deltaimage.de\/wp\/wp-content\/uploads\/PED47984_1200.jpg?fit=1200%2C450&ssl=1&resize=350%2C200","width":350,"height":200,"srcset":"https:\/\/i0.wp.com\/deltaimage.de\/wp\/wp-content\/uploads\/PED47984_1200.jpg?fit=1200%2C450&ssl=1&resize=350%2C200 1x, https:\/\/i0.wp.com\/deltaimage.de\/wp\/wp-content\/uploads\/PED47984_1200.jpg?fit=1200%2C450&ssl=1&resize=525%2C300 1.5x, https:\/\/i0.wp.com\/deltaimage.de\/wp\/wp-content\/uploads\/PED47984_1200.jpg?fit=1200%2C450&ssl=1&resize=700%2C400 2x, https:\/\/i0.wp.com\/deltaimage.de\/wp\/wp-content\/uploads\/PED47984_1200.jpg?fit=1200%2C450&ssl=1&resize=1050%2C600 3x"},"classes":[]}],"jetpack_sharing_enabled":true,"jetpack_featured_media_url":"https:\/\/i0.wp.com\/deltaimage.de\/wp\/wp-content\/uploads\/IMG_0335_1200.jpg?fit=1200%2C450&ssl=1","_links":{"self":[{"href":"https:\/\/deltaimage.de\/wp\/index.php?rest_route=\/wp\/v2\/posts\/54179","targetHints":{"allow":["GET"]}}],"collection":[{"href":"https:\/\/deltaimage.de\/wp\/index.php?rest_route=\/wp\/v2\/posts"}],"about":[{"href":"https:\/\/deltaimage.de\/wp\/index.php?rest_route=\/wp\/v2\/types\/post"}],"author":[{"embeddable":true,"href":"https:\/\/deltaimage.de\/wp\/index.php?rest_route=\/wp\/v2\/users\/1"}],"replies":[{"embeddable":true,"href":"https:\/\/deltaimage.de\/wp\/index.php?rest_route=%2Fwp%2Fv2%2Fcomments&post=54179"}],"version-history":[{"count":11,"href":"https:\/\/deltaimage.de\/wp\/index.php?rest_route=\/wp\/v2\/posts\/54179\/revisions"}],"predecessor-version":[{"id":54895,"href":"https:\/\/deltaimage.de\/wp\/index.php?rest_route=\/wp\/v2\/posts\/54179\/revisions\/54895"}],"wp:featuredmedia":[{"embeddable":true,"href":"https:\/\/deltaimage.de\/wp\/index.php?rest_route=\/wp\/v2\/media\/54180"}],"wp:attachment":[{"href":"https:\/\/deltaimage.de\/wp\/index.php?rest_route=%2Fwp%2Fv2%2Fmedia&parent=54179"}],"wp:term":[{"taxonomy":"category","embeddable":true,"href":"https:\/\/deltaimage.de\/wp\/index.php?rest_route=%2Fwp%2Fv2%2Fcategories&post=54179"},{"taxonomy":"post_tag","embeddable":true,"href":"https:\/\/deltaimage.de\/wp\/index.php?rest_route=%2Fwp%2Fv2%2Ftags&post=54179"}],"curies":[{"name":"wp","href":"https:\/\/api.w.org\/{rel}","templated":true}]}}