{"id":54253,"date":"2026-03-30T21:32:27","date_gmt":"2026-03-30T19:32:27","guid":{"rendered":"https:\/\/deltaimage.de\/wp\/?p=54253"},"modified":"2026-03-30T22:03:02","modified_gmt":"2026-03-30T20:03:02","slug":"begegnung-zwischen-rotmilan-und-rabenkraehe-im-dachauer-moos","status":"publish","type":"post","link":"https:\/\/deltaimage.de\/wp\/?p=54253","title":{"rendered":"Luftakrobatik \u00fcber dem Dachauer Moos: Wenn die Kr\u00e4he den Rotmilan \u201ehasst\u201c"},"content":{"rendered":"<p><a href=\"https:\/\/deltaimage.de\/wp\/?page_id=40118\"><img data-recalc-dims=\"1\" loading=\"lazy\" decoding=\"async\" data-attachment-id=\"40115\" data-permalink=\"https:\/\/deltaimage.de\/wp\/?attachment_id=40115#main\" data-orig-file=\"https:\/\/i0.wp.com\/deltaimage.de\/wp\/wp-content\/uploads\/Stempel_DELTA-IMAGE_Quality.png?fit=961%2C960&amp;ssl=1\" data-orig-size=\"961,960\" data-comments-opened=\"1\" data-image-meta=\"{&quot;aperture&quot;:&quot;0&quot;,&quot;credit&quot;:&quot;&quot;,&quot;camera&quot;:&quot;&quot;,&quot;caption&quot;:&quot;&quot;,&quot;created_timestamp&quot;:&quot;0&quot;,&quot;copyright&quot;:&quot;&quot;,&quot;focal_length&quot;:&quot;0&quot;,&quot;iso&quot;:&quot;0&quot;,&quot;shutter_speed&quot;:&quot;0&quot;,&quot;title&quot;:&quot;&quot;,&quot;orientation&quot;:&quot;0&quot;}\" data-image-title=\"Stempel_DELTA IMAGE_Quality\" data-image-description=\"\" data-image-caption=\"\" data-large-file=\"https:\/\/i0.wp.com\/deltaimage.de\/wp\/wp-content\/uploads\/Stempel_DELTA-IMAGE_Quality.png?fit=890%2C889&amp;ssl=1\" class=\"alignright wp-image-40115 size-thumbnail\" src=\"https:\/\/i0.wp.com\/deltaimage.de\/wp\/wp-content\/uploads\/Stempel_DELTA-IMAGE_Quality.png?resize=200%2C200&#038;ssl=1\" alt=\"\" width=\"200\" height=\"200\" srcset=\"https:\/\/i0.wp.com\/deltaimage.de\/wp\/wp-content\/uploads\/Stempel_DELTA-IMAGE_Quality.png?resize=200%2C200&amp;ssl=1 200w, https:\/\/i0.wp.com\/deltaimage.de\/wp\/wp-content\/uploads\/Stempel_DELTA-IMAGE_Quality.png?resize=601%2C600&amp;ssl=1 601w, https:\/\/i0.wp.com\/deltaimage.de\/wp\/wp-content\/uploads\/Stempel_DELTA-IMAGE_Quality.png?resize=594%2C593&amp;ssl=1 594w, https:\/\/i0.wp.com\/deltaimage.de\/wp\/wp-content\/uploads\/Stempel_DELTA-IMAGE_Quality.png?resize=450%2C450&amp;ssl=1 450w, https:\/\/i0.wp.com\/deltaimage.de\/wp\/wp-content\/uploads\/Stempel_DELTA-IMAGE_Quality.png?resize=75%2C75&amp;ssl=1 75w, https:\/\/i0.wp.com\/deltaimage.de\/wp\/wp-content\/uploads\/Stempel_DELTA-IMAGE_Quality.png?resize=400%2C400&amp;ssl=1 400w, https:\/\/i0.wp.com\/deltaimage.de\/wp\/wp-content\/uploads\/Stempel_DELTA-IMAGE_Quality.png?resize=50%2C50&amp;ssl=1 50w, https:\/\/i0.wp.com\/deltaimage.de\/wp\/wp-content\/uploads\/Stempel_DELTA-IMAGE_Quality.png?w=961&amp;ssl=1 961w\" sizes=\"auto, (max-width: 200px) 100vw, 200px\" \/><\/a>In diesem Beitrag nehme ich Sie mit in die weite Niedermoor-Landschaft des Dachauer Mooses. Es ist ein vertrautes Bild am bayerischen Himmel, das doch nie an Faszination verliert: Der majest\u00e4tische Rotmilan (<i data-path-to-node=\"5\" data-index-in-node=\"220\">Milvus milvus<\/i>), der mit fast zwei Metern Spannweite seine Bahnen zieht, wird pl\u00f6tzlich zum Ziel einer entschlossenen Rabenkr\u00e4he (<i data-path-to-node=\"5\" data-index-in-node=\"349\">Corvus corone<\/i>). Was folgt, ist ein fotografisch und erz\u00e4hlerisch extrem spannendes Duell.<\/p>\n<blockquote>\n<pre data-path-to-node=\"7,0\">Es ist ein vertrautes Bild am bayerischen Himmel, doch es verliert \r\nnie an Faszination:\r\nDer majest\u00e4tische Rotmilan, der mit fast zwei Metern Spannweite \u00fcber \r\ndem Dachauer Moos kreist, wird pl\u00f6tzlich zum Ziel einer entschlossenen \r\nRabenkr\u00e4he.<\/pre>\n<\/blockquote>\n<div id=\"attachment_54256\" style=\"width: 900px\" class=\"wp-caption aligncenter\"><img data-recalc-dims=\"1\" loading=\"lazy\" decoding=\"async\" aria-describedby=\"caption-attachment-54256\" data-attachment-id=\"54256\" data-permalink=\"https:\/\/deltaimage.de\/wp\/?attachment_id=54256#main\" data-orig-file=\"https:\/\/i0.wp.com\/deltaimage.de\/wp\/wp-content\/uploads\/PED47901_900.jpg?fit=890%2C593&amp;ssl=1\" data-orig-size=\"890,593\" data-comments-opened=\"1\" data-image-meta=\"{&quot;aperture&quot;:&quot;10&quot;,&quot;credit&quot;:&quot;Paul Eschbach&quot;,&quot;camera&quot;:&quot;Canon EOS-1D Mark IV&quot;,&quot;caption&quot;:&quot;&quot;,&quot;created_timestamp&quot;:&quot;1774704111&quot;,&quot;copyright&quot;:&quot;www.deltaimage.de&quot;,&quot;focal_length&quot;:&quot;600&quot;,&quot;iso&quot;:&quot;800&quot;,&quot;shutter_speed&quot;:&quot;0.00125&quot;,&quot;title&quot;:&quot;&quot;,&quot;orientation&quot;:&quot;0&quot;}\" data-image-title=\"PED47901_900\" data-image-description=\"\" data-image-caption=\"\" data-large-file=\"https:\/\/i0.wp.com\/deltaimage.de\/wp\/wp-content\/uploads\/PED47901_900.jpg?fit=890%2C593&amp;ssl=1\" class=\"wp-image-54256 size-full\" src=\"https:\/\/i0.wp.com\/deltaimage.de\/wp\/wp-content\/uploads\/PED47901_900.jpg?resize=890%2C593&#038;ssl=1\" alt=\"\" width=\"890\" height=\"593\" srcset=\"https:\/\/i0.wp.com\/deltaimage.de\/wp\/wp-content\/uploads\/PED47901_900.jpg?w=890&amp;ssl=1 890w, https:\/\/i0.wp.com\/deltaimage.de\/wp\/wp-content\/uploads\/PED47901_900.jpg?resize=300%2C200&amp;ssl=1 300w, https:\/\/i0.wp.com\/deltaimage.de\/wp\/wp-content\/uploads\/PED47901_900.jpg?resize=600%2C400&amp;ssl=1 600w, https:\/\/i0.wp.com\/deltaimage.de\/wp\/wp-content\/uploads\/PED47901_900.jpg?resize=200%2C133&amp;ssl=1 200w\" sizes=\"auto, (max-width: 890px) 100vw, 890px\" \/><p id=\"caption-attachment-54256\" class=\"wp-caption-text\">Ein sch\u00f6ner Gr\u00f6\u00dfenvergleich, wie gro\u00df GROSS wirklich im direkten Vergleich ist.<\/p><\/div>\n<p><!--more--><\/p>\n<h2 data-path-to-node=\"7,1\"><\/h2>\n<h2 data-path-to-node=\"7,1\">Der majest\u00e4tische \u201eGabelschw\u00e4nzler\u201c<\/h2>\n<p data-path-to-node=\"7,1\">Einen gro\u00dfen Greifvogel in fotografischer Schlagdistanz zu erleben, ist immer etwas Besonderes. Der <strong>Rotmilan<\/strong> ist wohl der eleganteste Greifvogel Mitteleuropas. Mit seinem r\u00f6tlichen Federkleid und der markanten wei\u00dfen Zeichnung an den Schwingenunterseiten ist er am Himmel kaum zu \u00fcbersehen. Sein wichtigstes Erkennungsmerkmal \u2013 und Namensgeber f\u00fcr die Bezeichnung \u201e<strong>Gabelweihe<\/strong>\u201c oder <strong>Gabelweihe<\/strong> \u2013 ist jedoch der tief gegabelte Schwanz, der ihm als pr\u00e4zises Steuerruder dient.<\/p>\n<div id=\"attachment_54254\" style=\"width: 900px\" class=\"wp-caption aligncenter\"><img data-recalc-dims=\"1\" loading=\"lazy\" decoding=\"async\" aria-describedby=\"caption-attachment-54254\" data-attachment-id=\"54254\" data-permalink=\"https:\/\/deltaimage.de\/wp\/?attachment_id=54254#main\" data-orig-file=\"https:\/\/i0.wp.com\/deltaimage.de\/wp\/wp-content\/uploads\/PED47913_900.jpg?fit=890%2C593&amp;ssl=1\" data-orig-size=\"890,593\" data-comments-opened=\"1\" data-image-meta=\"{&quot;aperture&quot;:&quot;10&quot;,&quot;credit&quot;:&quot;Paul Eschbach&quot;,&quot;camera&quot;:&quot;Canon EOS-1D Mark IV&quot;,&quot;caption&quot;:&quot;&quot;,&quot;created_timestamp&quot;:&quot;1774704131&quot;,&quot;copyright&quot;:&quot;www.deltaimage.de&quot;,&quot;focal_length&quot;:&quot;600&quot;,&quot;iso&quot;:&quot;800&quot;,&quot;shutter_speed&quot;:&quot;0.001&quot;,&quot;title&quot;:&quot;&quot;,&quot;orientation&quot;:&quot;0&quot;}\" data-image-title=\"PED47913_900\" data-image-description=\"\" data-image-caption=\"\" data-large-file=\"https:\/\/i0.wp.com\/deltaimage.de\/wp\/wp-content\/uploads\/PED47913_900.jpg?fit=890%2C593&amp;ssl=1\" class=\"wp-image-54254 size-full\" src=\"https:\/\/i0.wp.com\/deltaimage.de\/wp\/wp-content\/uploads\/PED47913_900.jpg?resize=890%2C593&#038;ssl=1\" alt=\"\" width=\"890\" height=\"593\" srcset=\"https:\/\/i0.wp.com\/deltaimage.de\/wp\/wp-content\/uploads\/PED47913_900.jpg?w=890&amp;ssl=1 890w, https:\/\/i0.wp.com\/deltaimage.de\/wp\/wp-content\/uploads\/PED47913_900.jpg?resize=300%2C200&amp;ssl=1 300w, https:\/\/i0.wp.com\/deltaimage.de\/wp\/wp-content\/uploads\/PED47913_900.jpg?resize=600%2C400&amp;ssl=1 600w, https:\/\/i0.wp.com\/deltaimage.de\/wp\/wp-content\/uploads\/PED47913_900.jpg?resize=200%2C133&amp;ssl=1 200w\" sizes=\"auto, (max-width: 890px) 100vw, 890px\" \/><p id=\"caption-attachment-54254\" class=\"wp-caption-text\">Akrobatik im Flug zwischen dem m\u00e4chtigen Rotmilan und der flinken Rabenkr\u00e4he.<\/p><\/div>\n<p data-path-to-node=\"7,1\">Ein Vogel mit einer Spannweite von bis zu <span class=\"math-inline\" data-math=\"175\" data-index-in-node=\"86\"><span class=\"katex\"><span class=\"katex-html\" aria-hidden=\"true\"><span class=\"base\"><span class=\"mord\">175<\/span><\/span><\/span><\/span><\/span> cm ist eine imposante Erscheinung \u2013 das entspricht fast exakt meiner eigenen K\u00f6rpergr\u00f6\u00dfe von <span class=\"math-inline\" data-math=\"176\" data-index-in-node=\"183\"><span class=\"katex\"><span class=\"katex-html\" aria-hidden=\"true\"><span class=\"base\"><span class=\"mord\">176<\/span><\/span><\/span><\/span><\/span> cm! Wenn zu diesem Riesen ein zweiter Akteur tritt, wird die Szenerie erst richtig dynamisch: Die Rabenkr\u00e4he. Schwarz, kompakt und deutlich kleiner, aber daf\u00fcr umso wendiger.<\/p>\n<h2 data-path-to-node=\"7,1\"><\/h2>\n<h2 data-path-to-node=\"7,1\"><b data-path-to-node=\"8\" data-index-in-node=\"0\">Die Begegnung: Das \u201eHassen\u201c in der Luft<\/b><\/h2>\n<p>Das Aufmacherbild zeigt den Moment der Ann\u00e4herung: Die Kr\u00e4he nutzt ihren H\u00f6henvorteil f\u00fcr einen weiteren Scheinangriff, w\u00e4hrend der Milan scheinbar unger\u00fchrt weiterkreist. In der Ornithologie bezeichnet man dieses Verhalten als <b data-path-to-node=\"8\" data-index-in-node=\"268\">\u201eHassen\u201c<\/b>. Es ist kein Kampf auf Leben und Tod, sondern eine klare Botschaft der Kr\u00e4he:<\/p>\n<blockquote>\n<pre>Du bist hier nicht willkommen!<\/pre>\n<\/blockquote>\n<p>Wie ein dunkler Abfangj\u00e4ger sticht die Kr\u00e4he von oben herab, w\u00e4hrend der Milan in voller Pracht seine Schwingen ausbreitet. Ein faszinierendes Spiel um Revieranspr\u00fcche und fliegerisches K\u00f6nnen.<\/p>\n<p>&nbsp;<\/p>\n<div id=\"attachment_54255\" style=\"width: 900px\" class=\"wp-caption aligncenter\"><img data-recalc-dims=\"1\" loading=\"lazy\" decoding=\"async\" aria-describedby=\"caption-attachment-54255\" data-attachment-id=\"54255\" data-permalink=\"https:\/\/deltaimage.de\/wp\/?attachment_id=54255#main\" data-orig-file=\"https:\/\/i0.wp.com\/deltaimage.de\/wp\/wp-content\/uploads\/PED47909_900.jpg?fit=890%2C593&amp;ssl=1\" data-orig-size=\"890,593\" data-comments-opened=\"1\" data-image-meta=\"{&quot;aperture&quot;:&quot;10&quot;,&quot;credit&quot;:&quot;Paul Eschbach&quot;,&quot;camera&quot;:&quot;Canon EOS-1D Mark IV&quot;,&quot;caption&quot;:&quot;&quot;,&quot;created_timestamp&quot;:&quot;1774704130&quot;,&quot;copyright&quot;:&quot;www.deltaimage.de&quot;,&quot;focal_length&quot;:&quot;600&quot;,&quot;iso&quot;:&quot;800&quot;,&quot;shutter_speed&quot;:&quot;0.001&quot;,&quot;title&quot;:&quot;&quot;,&quot;orientation&quot;:&quot;0&quot;}\" data-image-title=\"PED47909_900\" data-image-description=\"\" data-image-caption=\"\" data-large-file=\"https:\/\/i0.wp.com\/deltaimage.de\/wp\/wp-content\/uploads\/PED47909_900.jpg?fit=890%2C593&amp;ssl=1\" class=\"wp-image-54255 size-full\" src=\"https:\/\/i0.wp.com\/deltaimage.de\/wp\/wp-content\/uploads\/PED47909_900.jpg?resize=890%2C593&#038;ssl=1\" alt=\"\" width=\"890\" height=\"593\" srcset=\"https:\/\/i0.wp.com\/deltaimage.de\/wp\/wp-content\/uploads\/PED47909_900.jpg?w=890&amp;ssl=1 890w, https:\/\/i0.wp.com\/deltaimage.de\/wp\/wp-content\/uploads\/PED47909_900.jpg?resize=300%2C200&amp;ssl=1 300w, https:\/\/i0.wp.com\/deltaimage.de\/wp\/wp-content\/uploads\/PED47909_900.jpg?resize=600%2C400&amp;ssl=1 600w, https:\/\/i0.wp.com\/deltaimage.de\/wp\/wp-content\/uploads\/PED47909_900.jpg?resize=200%2C133&amp;ssl=1 200w\" sizes=\"auto, (max-width: 890px) 100vw, 890px\" \/><p id=\"caption-attachment-54255\" class=\"wp-caption-text\">Dieses Verhalten bezeichnet man in der Ornithologie als Hassen. Ein ungef\u00e4hrlicher Kampf in der Luft, mit einem klaren Signal &#8211; Mach dich lieber vom Acker!<\/p><\/div>\n<h2><\/h2>\n<h2><b data-path-to-node=\"10\" data-index-in-node=\"0\">Deutschlands Verantwortung f\u00fcr den Rotmilan<\/b><\/h2>\n<p>Der Rotmilan ist in Deutschland einer der gr\u00f6\u00dften Greifv\u00f6gel. Nur der Steinadler und der Seeadler sind noch gr\u00f6\u00dfer und m\u00e4chtiger. Der <strong>Rotmilan<\/strong> sucht vor allem abwechslungsreiche und stark strukturierte Landschaften. Diese sind meist im h\u00fcgeligen oder bergigen Gel\u00e4nde.<\/p>\n<div id=\"attachment_54259\" style=\"width: 900px\" class=\"wp-caption aligncenter\"><img data-recalc-dims=\"1\" loading=\"lazy\" decoding=\"async\" aria-describedby=\"caption-attachment-54259\" data-attachment-id=\"54259\" data-permalink=\"https:\/\/deltaimage.de\/wp\/?attachment_id=54259#main\" data-orig-file=\"https:\/\/i0.wp.com\/deltaimage.de\/wp\/wp-content\/uploads\/PED47897_900.jpg?fit=890%2C593&amp;ssl=1\" data-orig-size=\"890,593\" data-comments-opened=\"1\" data-image-meta=\"{&quot;aperture&quot;:&quot;10&quot;,&quot;credit&quot;:&quot;Paul Eschbach&quot;,&quot;camera&quot;:&quot;Canon EOS-1D Mark IV&quot;,&quot;caption&quot;:&quot;&quot;,&quot;created_timestamp&quot;:&quot;1774704099&quot;,&quot;copyright&quot;:&quot;www.deltaimage.de&quot;,&quot;focal_length&quot;:&quot;440&quot;,&quot;iso&quot;:&quot;800&quot;,&quot;shutter_speed&quot;:&quot;0.001&quot;,&quot;title&quot;:&quot;&quot;,&quot;orientation&quot;:&quot;0&quot;}\" data-image-title=\"PED47897_900\" data-image-description=\"\" data-image-caption=\"\" data-large-file=\"https:\/\/i0.wp.com\/deltaimage.de\/wp\/wp-content\/uploads\/PED47897_900.jpg?fit=890%2C593&amp;ssl=1\" class=\"wp-image-54259 size-full\" src=\"https:\/\/i0.wp.com\/deltaimage.de\/wp\/wp-content\/uploads\/PED47897_900.jpg?resize=890%2C593&#038;ssl=1\" alt=\"\" width=\"890\" height=\"593\" srcset=\"https:\/\/i0.wp.com\/deltaimage.de\/wp\/wp-content\/uploads\/PED47897_900.jpg?w=890&amp;ssl=1 890w, https:\/\/i0.wp.com\/deltaimage.de\/wp\/wp-content\/uploads\/PED47897_900.jpg?resize=300%2C200&amp;ssl=1 300w, https:\/\/i0.wp.com\/deltaimage.de\/wp\/wp-content\/uploads\/PED47897_900.jpg?resize=600%2C400&amp;ssl=1 600w, https:\/\/i0.wp.com\/deltaimage.de\/wp\/wp-content\/uploads\/PED47897_900.jpg?resize=200%2C133&amp;ssl=1 200w\" sizes=\"auto, (max-width: 890px) 100vw, 890px\" \/><p id=\"caption-attachment-54259\" class=\"wp-caption-text\">Der Rotmilan erreicht eine Spannweite bis zu 175 cm \u2013 so lang, wie ich selbst gro\u00df bin!<\/p><\/div>\n<p>Also ganz die Beschreibung des <strong>Dachauer Landes<\/strong> und auch des <strong>Dachauer Mooses<\/strong>. Seine Jagd findet vor allem auf freien, landwirtschaftlich genutzten Fl\u00e4chen und an fischreichen Gew\u00e4ssern statt.<\/p>\n<p>Der Rotmilan liebt die abwechslungsreichen, strukturierten Landschaften des Dachauer Landes. Hier findet er die freien Fl\u00e4chen f\u00fcr die Jagd, die er braucht. Deutschland tr\u00e4gt eine besondere Verantwortung f\u00fcr diese Art: Mehr als die H\u00e4lfte des weltweiten Bestandes br\u00fctet hierzulande \u2013 von den gesch\u00e4tzten <span class=\"math-inline\" data-math=\"35.000\" data-index-in-node=\"349\"><span class=\"katex\"><span class=\"katex-html\" aria-hidden=\"true\"><span class=\"base\"><span class=\"mord\">35.000<\/span><\/span><\/span><\/span><\/span> Brutpaaren in Europa leben etwa <span class=\"math-inline\" data-math=\"20.000\" data-index-in-node=\"388\"><span class=\"katex\"><span class=\"katex-html\" aria-hidden=\"true\"><span class=\"base\"><span class=\"mord\">20.000<\/span><\/span><\/span><\/span><\/span> in Deutschland.<\/p>\n","protected":false},"excerpt":{"rendered":"<p>In diesem Beitrag nehme ich Sie mit in die weite Niedermoor-Landschaft des Dachauer Mooses. Es ist ein vertrautes Bild am bayerischen Himmel, das doch nie an Faszination verliert: Der majest\u00e4tische [&hellip;]<\/p>\n","protected":false},"author":1,"featured_media":54261,"comment_status":"open","ping_status":"closed","sticky":false,"template":"","format":"standard","meta":{"wpupg_custom_link":[],"wpupg_custom_link_behaviour":["default"],"wpupg_custom_link_nofollow":["default"],"wpupg_custom_image":[],"wpupg_custom_image_id":[],"footnotes":"","jetpack_post_was_ever_published":false},"categories":[3010,2523,3217,8],"tags":[775,114,4417,4418,3044,4419,3492],"class_list":["post-54253","post","type-post","status-publish","format-standard","has-post-thumbnail","hentry","category-dachauer-land","category-dachauer-moos","category-naturfotografie","category-news","tag-dachauer-moos","tag-fruehling","tag-gabelschwaenzler","tag-gabelweihe","tag-krenmoos","tag-rabenkraehe","tag-rotmilan"],"jetpack-related-posts":[{"id":40249,"url":"https:\/\/deltaimage.de\/wp\/?p=40249","url_meta":{"origin":54253,"position":0},"title":"\u00dcber den Streuwiesen im Dachauer Moos in diesem Sommer","author":"EschbacP","date":"4. Juni 2023","format":false,"excerpt":"Das Dachauer Moos wird zu gro\u00dfen Teilen als Streuwiesen in der Landwirtschaft genutzt. In Feld und Flur w\u00e4chst alles in den letzten Wochen bei durchgehendem Sonnenschein und mehreren Wochen Regen zuvor. An einem Sonntagnachmittag, wendet der Landwirt, mit seinem Traktor und Graswender, das frisch geschnittene, lange Gras. Das alleine ist\u2026","rel":"","context":"In &quot;Dachauer Moos&quot;","block_context":{"text":"Dachauer Moos","link":"https:\/\/deltaimage.de\/wp\/?cat=2523"},"img":{"alt_text":"","src":"https:\/\/i0.wp.com\/deltaimage.de\/wp\/wp-content\/uploads\/IMG_6825_1200.jpg?fit=1200%2C450&ssl=1&resize=350%2C200","width":350,"height":200,"srcset":"https:\/\/i0.wp.com\/deltaimage.de\/wp\/wp-content\/uploads\/IMG_6825_1200.jpg?fit=1200%2C450&ssl=1&resize=350%2C200 1x, https:\/\/i0.wp.com\/deltaimage.de\/wp\/wp-content\/uploads\/IMG_6825_1200.jpg?fit=1200%2C450&ssl=1&resize=525%2C300 1.5x, https:\/\/i0.wp.com\/deltaimage.de\/wp\/wp-content\/uploads\/IMG_6825_1200.jpg?fit=1200%2C450&ssl=1&resize=700%2C400 2x, https:\/\/i0.wp.com\/deltaimage.de\/wp\/wp-content\/uploads\/IMG_6825_1200.jpg?fit=1200%2C450&ssl=1&resize=1050%2C600 3x"},"classes":[]},{"id":42790,"url":"https:\/\/deltaimage.de\/wp\/?p=42790","url_meta":{"origin":54253,"position":1},"title":"Fr\u00fchling im Reich der V\u00f6gel im Dachauer Moos &#8211; die Greifv\u00f6gel","author":"EschbacP","date":"28. M\u00e4rz 2024","format":false,"excerpt":"\u00dcber unsere K\u00f6pfe ziehen die Greifv\u00f6gel ihre Runden. Der M\u00e4usebussard macht sich durch seinen charakteristischen Schrei bemerkbar, lange bervor ich ihn sehen kann. Dann richtige ich die Kamera mit dem langen Objektiv ein und versuche mein Gl\u00fcck in der Fotografie. Zwei offensichtlich noch junge M\u00e4usebussarde, fliegen gemeinsam in der langsam\u2026","rel":"","context":"In &quot;Dachauer Land&quot;","block_context":{"text":"Dachauer Land","link":"https:\/\/deltaimage.de\/wp\/?cat=3010"},"img":{"alt_text":"","src":"https:\/\/i0.wp.com\/deltaimage.de\/wp\/wp-content\/uploads\/PED47588_1200.jpg?fit=1200%2C450&ssl=1&resize=350%2C200","width":350,"height":200,"srcset":"https:\/\/i0.wp.com\/deltaimage.de\/wp\/wp-content\/uploads\/PED47588_1200.jpg?fit=1200%2C450&ssl=1&resize=350%2C200 1x, https:\/\/i0.wp.com\/deltaimage.de\/wp\/wp-content\/uploads\/PED47588_1200.jpg?fit=1200%2C450&ssl=1&resize=525%2C300 1.5x, https:\/\/i0.wp.com\/deltaimage.de\/wp\/wp-content\/uploads\/PED47588_1200.jpg?fit=1200%2C450&ssl=1&resize=700%2C400 2x, https:\/\/i0.wp.com\/deltaimage.de\/wp\/wp-content\/uploads\/PED47588_1200.jpg?fit=1200%2C450&ssl=1&resize=1050%2C600 3x"},"classes":[]},{"id":45105,"url":"https:\/\/deltaimage.de\/wp\/?p=45105","url_meta":{"origin":54253,"position":2},"title":"Ein Kormoran im Dachauer Moos im sp\u00e4ten Abendlicht","author":"EschbacP","date":"25. September 2024","format":false,"excerpt":"Ein Kormoran zeigt sich im Dachauer Moos auf der anderen Seite dieses Sees und genie\u00dft die letzten warmen Sonnenstrahlen im Abendlicht. Auf die Entfernung ist mir der ungewohnte Vogel erst durch den Schnabel mit dem kleinen Haken am vorderen Ende aufgefallen. Es ist ein ungewohnter Besucher an diesem See im\u2026","rel":"","context":"In &quot;Dachauer Land&quot;","block_context":{"text":"Dachauer Land","link":"https:\/\/deltaimage.de\/wp\/?cat=3010"},"img":{"alt_text":"","src":"https:\/\/i0.wp.com\/deltaimage.de\/wp\/wp-content\/uploads\/PED47942_1200.jpg?fit=1200%2C450&ssl=1&resize=350%2C200","width":350,"height":200,"srcset":"https:\/\/i0.wp.com\/deltaimage.de\/wp\/wp-content\/uploads\/PED47942_1200.jpg?fit=1200%2C450&ssl=1&resize=350%2C200 1x, https:\/\/i0.wp.com\/deltaimage.de\/wp\/wp-content\/uploads\/PED47942_1200.jpg?fit=1200%2C450&ssl=1&resize=525%2C300 1.5x, https:\/\/i0.wp.com\/deltaimage.de\/wp\/wp-content\/uploads\/PED47942_1200.jpg?fit=1200%2C450&ssl=1&resize=700%2C400 2x, https:\/\/i0.wp.com\/deltaimage.de\/wp\/wp-content\/uploads\/PED47942_1200.jpg?fit=1200%2C450&ssl=1&resize=1050%2C600 3x"},"classes":[]},{"id":36957,"url":"https:\/\/deltaimage.de\/wp\/?p=36957","url_meta":{"origin":54253,"position":3},"title":"Herbstbeginn im Palsweiser Moos &#8211; ein Fototag voller \u00dcberraschungen","author":"EschbacP","date":"30. September 2022","format":false,"excerpt":"F\u00fcr mich ist das Dachauer Moos inzwischen voll mit den sch\u00f6nsten Fotomotiven das ganze Jahr hindurch. Nicht weit von Zuhause entfernt liegen die Motive in Reichweite zu Fu\u00df, mit dem Fahrrad oder nur eine kurze Fahrt. Perfekte Bedingungen, um ganzj\u00e4hrig immer wieder nach fotografischen Motiven im Dachauer Moos zu suchen.\u2026","rel":"","context":"In &quot;Dachauer Land&quot;","block_context":{"text":"Dachauer Land","link":"https:\/\/deltaimage.de\/wp\/?cat=3010"},"img":{"alt_text":"","src":"https:\/\/i0.wp.com\/deltaimage.de\/wp\/wp-content\/uploads\/IMG_8684_1200.jpg?fit=1200%2C450&ssl=1&resize=350%2C200","width":350,"height":200,"srcset":"https:\/\/i0.wp.com\/deltaimage.de\/wp\/wp-content\/uploads\/IMG_8684_1200.jpg?fit=1200%2C450&ssl=1&resize=350%2C200 1x, https:\/\/i0.wp.com\/deltaimage.de\/wp\/wp-content\/uploads\/IMG_8684_1200.jpg?fit=1200%2C450&ssl=1&resize=525%2C300 1.5x, https:\/\/i0.wp.com\/deltaimage.de\/wp\/wp-content\/uploads\/IMG_8684_1200.jpg?fit=1200%2C450&ssl=1&resize=700%2C400 2x, https:\/\/i0.wp.com\/deltaimage.de\/wp\/wp-content\/uploads\/IMG_8684_1200.jpg?fit=1200%2C450&ssl=1&resize=1050%2C600 3x"},"classes":[]},{"id":46507,"url":"https:\/\/deltaimage.de\/wp\/?p=46507","url_meta":{"origin":54253,"position":4},"title":"S\u00fcddeutsche Zeitung: Schatzkammer der Natur &#8211; Dachau","author":"EschbacP","date":"9. November 2024","format":false,"excerpt":"\u00a0 S\u00fcddeutsche Zeitung - Lokalredaktion Dachau von Stefan Salger Die S\u00fcddeutsche Zeitung brachte in der Wochenendausgabe 2.\/3. November 2024 in der Lokalausgabe Dachau den Bericht von Stefan Salger aus F\u00fcrstenfeldbruck zu meinem neuen Foto-Bildband \u00fcber das Maisacher Mooses, dem Palsweiser Moos und dem zusammengeh\u00f6renden Fu\u00dfberger Moos). Link zum Originalbeitrag im\u2026","rel":"","context":"In &quot;Buch&quot;","block_context":{"text":"Buch","link":"https:\/\/deltaimage.de\/wp\/?cat=1189"},"img":{"alt_text":"","src":"https:\/\/i0.wp.com\/deltaimage.de\/wp\/wp-content\/uploads\/Logo_Sueddeutsche-Zeitung.JPG.png?fit=1200%2C449&ssl=1&resize=350%2C200","width":350,"height":200,"srcset":"https:\/\/i0.wp.com\/deltaimage.de\/wp\/wp-content\/uploads\/Logo_Sueddeutsche-Zeitung.JPG.png?fit=1200%2C449&ssl=1&resize=350%2C200 1x, https:\/\/i0.wp.com\/deltaimage.de\/wp\/wp-content\/uploads\/Logo_Sueddeutsche-Zeitung.JPG.png?fit=1200%2C449&ssl=1&resize=525%2C300 1.5x, https:\/\/i0.wp.com\/deltaimage.de\/wp\/wp-content\/uploads\/Logo_Sueddeutsche-Zeitung.JPG.png?fit=1200%2C449&ssl=1&resize=700%2C400 2x, https:\/\/i0.wp.com\/deltaimage.de\/wp\/wp-content\/uploads\/Logo_Sueddeutsche-Zeitung.JPG.png?fit=1200%2C449&ssl=1&resize=1050%2C600 3x"},"classes":[]},{"id":42001,"url":"https:\/\/deltaimage.de\/wp\/?p=42001","url_meta":{"origin":54253,"position":5},"title":"Winter und Schnee im Dachauer Moos sind da","author":"EschbacP","date":"26. November 2023","format":false,"excerpt":"In dieser Woche war ich noch zweimal im Dachauer Moos, um die letzten Impressionen der Herbstfarben im Dachauer Moos einzufangen - denn es k\u00f6nnte in diesem Jahr das letzte Mal sein, dass dies m\u00f6glich sei. Es hat sich best\u00e4tigt. Vor zwei Tagen kam der Winter mit Schnee und etwas Eis\u2026","rel":"","context":"In &quot;Dachauer Land&quot;","block_context":{"text":"Dachauer Land","link":"https:\/\/deltaimage.de\/wp\/?cat=3010"},"img":{"alt_text":"","src":"https:\/\/i0.wp.com\/deltaimage.de\/wp\/wp-content\/uploads\/IMG_2729_1200.jpg?fit=1200%2C450&ssl=1&resize=350%2C200","width":350,"height":200,"srcset":"https:\/\/i0.wp.com\/deltaimage.de\/wp\/wp-content\/uploads\/IMG_2729_1200.jpg?fit=1200%2C450&ssl=1&resize=350%2C200 1x, https:\/\/i0.wp.com\/deltaimage.de\/wp\/wp-content\/uploads\/IMG_2729_1200.jpg?fit=1200%2C450&ssl=1&resize=525%2C300 1.5x, https:\/\/i0.wp.com\/deltaimage.de\/wp\/wp-content\/uploads\/IMG_2729_1200.jpg?fit=1200%2C450&ssl=1&resize=700%2C400 2x, https:\/\/i0.wp.com\/deltaimage.de\/wp\/wp-content\/uploads\/IMG_2729_1200.jpg?fit=1200%2C450&ssl=1&resize=1050%2C600 3x"},"classes":[]}],"jetpack_sharing_enabled":true,"jetpack_featured_media_url":"https:\/\/i0.wp.com\/deltaimage.de\/wp\/wp-content\/uploads\/PED47894_1200.jpg?fit=1200%2C450&ssl=1","_links":{"self":[{"href":"https:\/\/deltaimage.de\/wp\/index.php?rest_route=\/wp\/v2\/posts\/54253","targetHints":{"allow":["GET"]}}],"collection":[{"href":"https:\/\/deltaimage.de\/wp\/index.php?rest_route=\/wp\/v2\/posts"}],"about":[{"href":"https:\/\/deltaimage.de\/wp\/index.php?rest_route=\/wp\/v2\/types\/post"}],"author":[{"embeddable":true,"href":"https:\/\/deltaimage.de\/wp\/index.php?rest_route=\/wp\/v2\/users\/1"}],"replies":[{"embeddable":true,"href":"https:\/\/deltaimage.de\/wp\/index.php?rest_route=%2Fwp%2Fv2%2Fcomments&post=54253"}],"version-history":[{"count":28,"href":"https:\/\/deltaimage.de\/wp\/index.php?rest_route=\/wp\/v2\/posts\/54253\/revisions"}],"predecessor-version":[{"id":54291,"href":"https:\/\/deltaimage.de\/wp\/index.php?rest_route=\/wp\/v2\/posts\/54253\/revisions\/54291"}],"wp:featuredmedia":[{"embeddable":true,"href":"https:\/\/deltaimage.de\/wp\/index.php?rest_route=\/wp\/v2\/media\/54261"}],"wp:attachment":[{"href":"https:\/\/deltaimage.de\/wp\/index.php?rest_route=%2Fwp%2Fv2%2Fmedia&parent=54253"}],"wp:term":[{"taxonomy":"category","embeddable":true,"href":"https:\/\/deltaimage.de\/wp\/index.php?rest_route=%2Fwp%2Fv2%2Fcategories&post=54253"},{"taxonomy":"post_tag","embeddable":true,"href":"https:\/\/deltaimage.de\/wp\/index.php?rest_route=%2Fwp%2Fv2%2Ftags&post=54253"}],"curies":[{"name":"wp","href":"https:\/\/api.w.org\/{rel}","templated":true}]}}