{"id":54319,"date":"2026-04-19T19:09:23","date_gmt":"2026-04-19T17:09:23","guid":{"rendered":"https:\/\/deltaimage.de\/wp\/?p=54319"},"modified":"2026-04-20T12:50:09","modified_gmt":"2026-04-20T10:50:09","slug":"28-naturfototage-fuerstenfeld-2026-workshop-niedermoor-mit-paul-eschbach","status":"publish","type":"post","link":"https:\/\/deltaimage.de\/wp\/?p=54319","title":{"rendered":"Demn\u00e4chst: 28. Naturfototage F\u00fcrstenfeld bei M\u00fcnchen: 24. &#8211; 26. April 2026"},"content":{"rendered":"<p><a href=\"https:\/\/www.fuerstenfelder-naturfototage.com\/download\/upload\/Prospekt\/Naturfototage2026n.pdf\"><img data-recalc-dims=\"1\" loading=\"lazy\" decoding=\"async\" data-attachment-id=\"54349\" data-permalink=\"https:\/\/deltaimage.de\/wp\/?attachment_id=54349#main\" data-orig-file=\"https:\/\/i0.wp.com\/deltaimage.de\/wp\/wp-content\/uploads\/Plakat-Naturfototage-Fuerstenfeld-2026.png?fit=301%2C600&amp;ssl=1\" data-orig-size=\"301,600\" data-comments-opened=\"1\" data-image-meta=\"{&quot;aperture&quot;:&quot;0&quot;,&quot;credit&quot;:&quot;&quot;,&quot;camera&quot;:&quot;&quot;,&quot;caption&quot;:&quot;&quot;,&quot;created_timestamp&quot;:&quot;0&quot;,&quot;copyright&quot;:&quot;&quot;,&quot;focal_length&quot;:&quot;0&quot;,&quot;iso&quot;:&quot;0&quot;,&quot;shutter_speed&quot;:&quot;0&quot;,&quot;title&quot;:&quot;&quot;,&quot;orientation&quot;:&quot;0&quot;}\" data-image-title=\"Plakat Naturfototage F\u00fcrstenfeld 2026\" data-image-description=\"\" data-image-caption=\"\" data-large-file=\"https:\/\/i0.wp.com\/deltaimage.de\/wp\/wp-content\/uploads\/Plakat-Naturfototage-Fuerstenfeld-2026.png?fit=301%2C600&amp;ssl=1\" class=\"alignright wp-image-54349 size-stay-logo\" src=\"https:\/\/i0.wp.com\/deltaimage.de\/wp\/wp-content\/uploads\/Plakat-Naturfototage-Fuerstenfeld-2026.png?resize=201%2C400&#038;ssl=1\" alt=\"\" width=\"201\" height=\"400\" srcset=\"https:\/\/i0.wp.com\/deltaimage.de\/wp\/wp-content\/uploads\/Plakat-Naturfototage-Fuerstenfeld-2026.png?resize=201%2C400&amp;ssl=1 201w, https:\/\/i0.wp.com\/deltaimage.de\/wp\/wp-content\/uploads\/Plakat-Naturfototage-Fuerstenfeld-2026.png?resize=100%2C200&amp;ssl=1 100w, https:\/\/i0.wp.com\/deltaimage.de\/wp\/wp-content\/uploads\/Plakat-Naturfototage-Fuerstenfeld-2026.png?w=301&amp;ssl=1 301w\" sizes=\"auto, (max-width: 201px) 100vw, 201px\" \/><\/a>Am kommenden Freitag beginnen an drei aufeinanderfolgenden Tagen die \u00e4u\u00dferst beliebten und ebenso erfolgreichen <strong>Naturfototage F\u00fcrstenfeld<\/strong>, in <strong>F\u00fcrstenfeldbruck<\/strong> bei M\u00fcnchen. Die Gesamtveranstaltung findet im <strong>Forum F\u00fcrstenfeldbruck<\/strong> statt, dem zu einer Veranstaltungsfl\u00e4che umgebauten ehemaligen Klosterareal mit einer der sch\u00f6nsten Barockkirchen in S\u00fcddeutschland.<\/p>\n<p>Mehr Informationen: <a href=\"http:\/\/www.fuerstenfelder-naturfototage.com\"><strong>www.fuerstenfelder-naturfototage.com<\/strong><\/a><\/p>\n<p>&nbsp;<\/p>\n<h1 style=\"text-align: center;\">28. Internationale Naturfototage F\u00fcrstenfeld<\/h1>\n<h1 style=\"text-align: center;\">Freitag, 24. &#8211; Sonntag, 26.4.2026<\/h1>\n<p>&nbsp;<\/p>\n<p>Veranstaltungort:<\/p>\n<ul>\n<li><strong>Forum F\u00fcrstenfeld<\/strong>, F\u00fcrstenfeld 12<\/li>\n<li>in <strong>F\u00fcrstenfeldbruck<\/strong>,<\/li>\n<li>bei M\u00fcnchen,<\/li>\n<li>in Bayern, Deutschland.<\/li>\n<\/ul>\n<div id=\"attachment_22433\" style=\"width: 1210px\" class=\"wp-caption aligncenter\"><img data-recalc-dims=\"1\" loading=\"lazy\" decoding=\"async\" aria-describedby=\"caption-attachment-22433\" data-attachment-id=\"22433\" data-permalink=\"https:\/\/deltaimage.de\/wp\/?attachment_id=22433#main\" data-orig-file=\"https:\/\/i0.wp.com\/deltaimage.de\/wp\/wp-content\/uploads\/YUN00116-Pano_1200.jpg?fit=1200%2C314&amp;ssl=1\" data-orig-size=\"1200,314\" data-comments-opened=\"0\" data-image-meta=\"{&quot;aperture&quot;:&quot;0&quot;,&quot;credit&quot;:&quot;&quot;,&quot;camera&quot;:&quot;CGO3 1.9.01(E)&quot;,&quot;caption&quot;:&quot;&quot;,&quot;created_timestamp&quot;:&quot;1566659960&quot;,&quot;copyright&quot;:&quot;&quot;,&quot;focal_length&quot;:&quot;0&quot;,&quot;iso&quot;:&quot;0&quot;,&quot;shutter_speed&quot;:&quot;0&quot;,&quot;title&quot;:&quot;&quot;,&quot;orientation&quot;:&quot;0&quot;}\" data-image-title=\"YUN00116-Pano_1200\" data-image-description=\"\" data-image-caption=\"\" data-large-file=\"https:\/\/i0.wp.com\/deltaimage.de\/wp\/wp-content\/uploads\/YUN00116-Pano_1200.jpg?fit=890%2C233&amp;ssl=1\" class=\"wp-image-22433 size-full\" src=\"https:\/\/i0.wp.com\/deltaimage.de\/wp\/wp-content\/uploads\/YUN00116-Pano_1200.jpg?resize=890%2C233&#038;ssl=1\" alt=\"Forum F\u00fcrstenfeld, der Veramnstaltungsort w\u00e4hren der Naturfototage F\u00fcrstenfeld in den letzten 28 Jahren.\" width=\"890\" height=\"233\" srcset=\"https:\/\/i0.wp.com\/deltaimage.de\/wp\/wp-content\/uploads\/YUN00116-Pano_1200.jpg?w=1200&amp;ssl=1 1200w, https:\/\/i0.wp.com\/deltaimage.de\/wp\/wp-content\/uploads\/YUN00116-Pano_1200.jpg?resize=200%2C52&amp;ssl=1 200w, https:\/\/i0.wp.com\/deltaimage.de\/wp\/wp-content\/uploads\/YUN00116-Pano_1200.jpg?resize=300%2C79&amp;ssl=1 300w, https:\/\/i0.wp.com\/deltaimage.de\/wp\/wp-content\/uploads\/YUN00116-Pano_1200.jpg?resize=890%2C233&amp;ssl=1 890w\" sizes=\"auto, (max-width: 890px) 100vw, 890px\" \/><p id=\"caption-attachment-22433\" class=\"wp-caption-text\">In fr\u00fcheren Jahren zeigten wir die UAV\/Drohne auf der Flugwiese f\u00fcr interessierte Natur- und Landschaftsfotografen. Dabei habe ich von dem Veranstaltungsgel\u00e4nde (Freigel\u00e4nde) dieses Panorama w\u00e4hrend des Fluges fotografiert.<\/p><\/div>\n<p><!--more--><\/p>\n<h2>Naturfototage F\u00fcrstenfeld: Das Mekka der Naturfotografie im S\u00fcden Deutschlands<\/h2>\n<p data-path-to-node=\"4\">Einmal im Jahr verwandelt sich das pr\u00e4chtige Areal des <strong>Klosters F\u00fcrstenfeld<\/strong> in einen Hotspot f\u00fcr Profis, Amateure und Naturliebhaber. Von <b data-path-to-node=\"4\" data-index-in-node=\"138\">Freitag, 24.4.2026, bis Sonnta<\/b><strong>g, 26.4.2026<\/strong>, dreht sich hier alles um die <strong>Natur- und Landschaftsfotografie<\/strong> in all ihren Spielarten und den perfekten Moment, die richtige Technik und den Schutz unserer Umwelt.<\/p>\n<p data-path-to-node=\"4\"><img data-recalc-dims=\"1\" loading=\"lazy\" decoding=\"async\" data-attachment-id=\"29567\" data-permalink=\"https:\/\/deltaimage.de\/wp\/?attachment_id=29567#main\" data-orig-file=\"https:\/\/i0.wp.com\/deltaimage.de\/wp\/wp-content\/uploads\/DJI_0047_900.jpg?fit=890%2C501&amp;ssl=1\" data-orig-size=\"890,501\" data-comments-opened=\"0\" data-image-meta=\"{&quot;aperture&quot;:&quot;2.8&quot;,&quot;credit&quot;:&quot;&quot;,&quot;camera&quot;:&quot;FC7303&quot;,&quot;caption&quot;:&quot;&quot;,&quot;created_timestamp&quot;:&quot;1627853194&quot;,&quot;copyright&quot;:&quot;&quot;,&quot;focal_length&quot;:&quot;4.49&quot;,&quot;iso&quot;:&quot;100&quot;,&quot;shutter_speed&quot;:&quot;0.00125&quot;,&quot;title&quot;:&quot;&quot;,&quot;orientation&quot;:&quot;0&quot;}\" data-image-title=\"DJI_0047_900\" data-image-description=\"\" data-image-caption=\"\" data-large-file=\"https:\/\/i0.wp.com\/deltaimage.de\/wp\/wp-content\/uploads\/DJI_0047_900.jpg?fit=890%2C501&amp;ssl=1\" class=\"aligncenter size-full wp-image-29567\" src=\"https:\/\/i0.wp.com\/deltaimage.de\/wp\/wp-content\/uploads\/DJI_0047_900.jpg?resize=890%2C501&#038;ssl=1\" alt=\"\" width=\"890\" height=\"501\" srcset=\"https:\/\/i0.wp.com\/deltaimage.de\/wp\/wp-content\/uploads\/DJI_0047_900.jpg?w=890&amp;ssl=1 890w, https:\/\/i0.wp.com\/deltaimage.de\/wp\/wp-content\/uploads\/DJI_0047_900.jpg?resize=300%2C169&amp;ssl=1 300w, https:\/\/i0.wp.com\/deltaimage.de\/wp\/wp-content\/uploads\/DJI_0047_900.jpg?resize=799%2C450&amp;ssl=1 799w, https:\/\/i0.wp.com\/deltaimage.de\/wp\/wp-content\/uploads\/DJI_0047_900.jpg?resize=711%2C400&amp;ssl=1 711w\" sizes=\"auto, (max-width: 890px) 100vw, 890px\" \/><\/p>\n<p>&nbsp;<\/p>\n<p>\u00dcberblick zum <strong>Veranstaltungsprogramm<\/strong> der <strong>Naturfototage F\u00fcrstenfeld<\/strong> 2026:<\/p>\n<div class=\"su-row\"><div class=\"su-column su-column-size-1-3\"><div class=\"su-column-inner su-u-clearfix su-u-trim\">\n<h1 style=\"text-align: center;\">Naturfotowettbewerb \"Glanzlichter\"<\/h1>\n<div id=\"attachment_18731\" style=\"width: 900px\" class=\"wp-caption aligncenter\"><img data-recalc-dims=\"1\" loading=\"lazy\" decoding=\"async\" aria-describedby=\"caption-attachment-18731\" data-attachment-id=\"18731\" data-permalink=\"https:\/\/deltaimage.de\/wp\/?attachment_id=18731#main\" data-orig-file=\"https:\/\/i0.wp.com\/deltaimage.de\/wp\/wp-content\/uploads\/PE1S0037_900-2.jpg?fit=890%2C506&amp;ssl=1\" data-orig-size=\"890,506\" data-comments-opened=\"0\" data-image-meta=\"{&quot;aperture&quot;:&quot;2.8&quot;,&quot;credit&quot;:&quot;Paul Eschbach&quot;,&quot;camera&quot;:&quot;Canon EOS-1Ds Mark III&quot;,&quot;caption&quot;:&quot;&quot;,&quot;created_timestamp&quot;:&quot;1526063645&quot;,&quot;copyright&quot;:&quot;&quot;,&quot;focal_length&quot;:&quot;24&quot;,&quot;iso&quot;:&quot;200&quot;,&quot;shutter_speed&quot;:&quot;0.02&quot;,&quot;title&quot;:&quot;&quot;,&quot;orientation&quot;:&quot;0&quot;}\" data-image-title=\"PE1S0037_900\" data-image-description=\"\" data-image-caption=\"&lt;p&gt;Siegerehrung bei Glanzlichter der Naturfotografie GdN&lt;\/p&gt;\n\" data-large-file=\"https:\/\/i0.wp.com\/deltaimage.de\/wp\/wp-content\/uploads\/PE1S0037_900-2.jpg?fit=890%2C506&amp;ssl=1\" class=\"size-full wp-image-18731\" src=\"https:\/\/i0.wp.com\/deltaimage.de\/wp\/wp-content\/uploads\/PE1S0037_900-2.jpg?resize=890%2C506&#038;ssl=1\" alt=\"\" width=\"890\" height=\"506\" srcset=\"https:\/\/i0.wp.com\/deltaimage.de\/wp\/wp-content\/uploads\/PE1S0037_900-2.jpg?w=890&amp;ssl=1 890w, https:\/\/i0.wp.com\/deltaimage.de\/wp\/wp-content\/uploads\/PE1S0037_900-2.jpg?resize=200%2C114&amp;ssl=1 200w, https:\/\/i0.wp.com\/deltaimage.de\/wp\/wp-content\/uploads\/PE1S0037_900-2.jpg?resize=300%2C171&amp;ssl=1 300w, https:\/\/i0.wp.com\/deltaimage.de\/wp\/wp-content\/uploads\/PE1S0037_900-2.jpg?resize=792%2C450&amp;ssl=1 792w, https:\/\/i0.wp.com\/deltaimage.de\/wp\/wp-content\/uploads\/PE1S0037_900-2.jpg?resize=704%2C400&amp;ssl=1 704w\" sizes=\"auto, (max-width: 890px) 100vw, 890px\" \/><p id=\"caption-attachment-18731\" class=\"wp-caption-text\">Siegerehrung bei Glanzlichter der Naturfotografie GdN<\/p><\/div>\n<p>Der europ\u00e4ische Naturfotowettbewerb \"Glanzlichter der Naturfotografie\" ist in neun Kategorien der Naturfotografie ausgeschrieben und die Siegerbilder werden an dem ersten Freitag (24.4.2026) der \u00d6ffentlichkeit pr\u00e4sentiert. Sie erleben Naturfotografie auf der allerh\u00f6chsten Stufe und in der ganzen Bandbreite an Themen und fotografischen Techniken.<\/p>\n<ul>\n<li>\u00dcber das Wochenende sind die Siegerbilder als gedruckte Gro\u00dfformatbilder von Freitag bis Sonntag ausgestellt. (Eintritt frei!)<\/li>\n<li>Am Freitagabend werden die Sieger, die weltweit nach F\u00fcrstenfeldbruck anreisen, \u00f6ffentlich geehrt und die Preise werden \u00fcbergeben. Ein Abend, der im Zeichen der Faszination der Natur steht.<\/li>\n<\/ul>\n<\/div><\/div>\n<div class=\"su-column su-column-size-1-3\"><div class=\"su-column-inner su-u-clearfix su-u-trim\">\n<h1 style=\"text-align: center;\">Fotomarkt (Eintritt frei!)<\/h1>\n<div id=\"attachment_18728\" style=\"width: 900px\" class=\"wp-caption aligncenter\"><img data-recalc-dims=\"1\" loading=\"lazy\" decoding=\"async\" aria-describedby=\"caption-attachment-18728\" data-attachment-id=\"18728\" data-permalink=\"https:\/\/deltaimage.de\/wp\/?attachment_id=18728#main\" data-orig-file=\"https:\/\/i0.wp.com\/deltaimage.de\/wp\/wp-content\/uploads\/PE1S0020_900-2.jpg?fit=890%2C593&amp;ssl=1\" data-orig-size=\"890,593\" data-comments-opened=\"0\" data-image-meta=\"{&quot;aperture&quot;:&quot;2.8&quot;,&quot;credit&quot;:&quot;Paul Eschbach&quot;,&quot;camera&quot;:&quot;Canon EOS-1Ds Mark III&quot;,&quot;caption&quot;:&quot;&quot;,&quot;created_timestamp&quot;:&quot;1526059838&quot;,&quot;copyright&quot;:&quot;&quot;,&quot;focal_length&quot;:&quot;24&quot;,&quot;iso&quot;:&quot;400&quot;,&quot;shutter_speed&quot;:&quot;0.2&quot;,&quot;title&quot;:&quot;&quot;,&quot;orientation&quot;:&quot;0&quot;}\" data-image-title=\"PE1S0020_900\" data-image-description=\"\" data-image-caption=\"&lt;p&gt;F\u00fcr die \u00d6ffentlichkeitsarbeit ben\u00f6tigt die Fotografie auch einen Fotografen. Hubert Bauer-Falkner&lt;\/p&gt;\n\" data-large-file=\"https:\/\/i0.wp.com\/deltaimage.de\/wp\/wp-content\/uploads\/PE1S0020_900-2.jpg?fit=890%2C593&amp;ssl=1\" class=\"wp-image-18728 size-full\" src=\"https:\/\/i0.wp.com\/deltaimage.de\/wp\/wp-content\/uploads\/PE1S0020_900-2.jpg?resize=890%2C593&#038;ssl=1\" alt=\"\" width=\"890\" height=\"593\" srcset=\"https:\/\/i0.wp.com\/deltaimage.de\/wp\/wp-content\/uploads\/PE1S0020_900-2.jpg?w=890&amp;ssl=1 890w, https:\/\/i0.wp.com\/deltaimage.de\/wp\/wp-content\/uploads\/PE1S0020_900-2.jpg?resize=200%2C133&amp;ssl=1 200w, https:\/\/i0.wp.com\/deltaimage.de\/wp\/wp-content\/uploads\/PE1S0020_900-2.jpg?resize=300%2C200&amp;ssl=1 300w, https:\/\/i0.wp.com\/deltaimage.de\/wp\/wp-content\/uploads\/PE1S0020_900-2.jpg?resize=675%2C450&amp;ssl=1 675w, https:\/\/i0.wp.com\/deltaimage.de\/wp\/wp-content\/uploads\/PE1S0020_900-2.jpg?resize=600%2C400&amp;ssl=1 600w\" sizes=\"auto, (max-width: 890px) 100vw, 890px\" \/><p id=\"caption-attachment-18728\" class=\"wp-caption-text\">Fototechnik anfassen und auch gleich ausprobieren, das geht am Samstag und Sonntag bei freiem Eintritt.<\/p><\/div>\n<p>Die f\u00fchrenden Kamera- Objektiv- und Zubeh\u00f6rhersteller sind in der Tenne mit ihren Informationsst\u00e4nden vertreten. Auf dem Freigel\u00e4nde k\u00f6nnen Objektive und Zubeh\u00f6r zum Selberausprobieren ausgeliehen werden. Schlendere bei freiem Eintritt durch die St\u00e4nde der gro\u00dfen Kamerahersteller. Du kannst Objektive testen, dich beraten lassen oder einfach nur fachsimpeln.<\/p>\n<\/div><\/div><div class=\"su-column su-column-size-1-3\"><div class=\"su-column-inner su-u-clearfix su-u-trim\">\n<h1 style=\"text-align: center;\">Multivisions-Vortr\u00e4ge<\/h1>\n<div id=\"attachment_54326\" style=\"width: 660px\" class=\"wp-caption aligncenter\"><img data-recalc-dims=\"1\" loading=\"lazy\" decoding=\"async\" aria-describedby=\"caption-attachment-54326\" data-attachment-id=\"54326\" data-permalink=\"https:\/\/deltaimage.de\/wp\/?attachment_id=54326#main\" data-orig-file=\"https:\/\/i0.wp.com\/deltaimage.de\/wp\/wp-content\/uploads\/N-F-N-Online-650.jpg?fit=650%2C622&amp;ssl=1\" data-orig-size=\"650,622\" data-comments-opened=\"1\" data-image-meta=\"{&quot;aperture&quot;:&quot;0&quot;,&quot;credit&quot;:&quot;User&quot;,&quot;camera&quot;:&quot;&quot;,&quot;caption&quot;:&quot;&quot;,&quot;created_timestamp&quot;:&quot;1765176684&quot;,&quot;copyright&quot;:&quot;&quot;,&quot;focal_length&quot;:&quot;0&quot;,&quot;iso&quot;:&quot;0&quot;,&quot;shutter_speed&quot;:&quot;0&quot;,&quot;title&quot;:&quot;&quot;,&quot;orientation&quot;:&quot;1&quot;}\" data-image-title=\"N-F-N-Online-650\" data-image-description=\"\" data-image-caption=\"\" data-large-file=\"https:\/\/i0.wp.com\/deltaimage.de\/wp\/wp-content\/uploads\/N-F-N-Online-650.jpg?fit=650%2C622&amp;ssl=1\" class=\"wp-image-54326 size-full\" src=\"https:\/\/i0.wp.com\/deltaimage.de\/wp\/wp-content\/uploads\/N-F-N-Online-650.jpg?resize=650%2C622&#038;ssl=1\" alt=\"\" width=\"650\" height=\"622\" srcset=\"https:\/\/i0.wp.com\/deltaimage.de\/wp\/wp-content\/uploads\/N-F-N-Online-650.jpg?w=650&amp;ssl=1 650w, https:\/\/i0.wp.com\/deltaimage.de\/wp\/wp-content\/uploads\/N-F-N-Online-650.jpg?resize=627%2C600&amp;ssl=1 627w, https:\/\/i0.wp.com\/deltaimage.de\/wp\/wp-content\/uploads\/N-F-N-Online-650.jpg?resize=209%2C200&amp;ssl=1 209w, https:\/\/i0.wp.com\/deltaimage.de\/wp\/wp-content\/uploads\/N-F-N-Online-650.jpg?resize=418%2C400&amp;ssl=1 418w\" sizes=\"auto, (max-width: 650px) 100vw, 650px\" \/><p id=\"caption-attachment-54326\" class=\"wp-caption-text\">Quelle: Naturfototage F\u00fcrstenfeld<\/p><\/div>\n<p>Im Stadtsaal auf dem Forumsgel\u00e4nde warten Weltklasse-Referenten mit ihren faszinierenden Multivisions-Shows auf das Publikum. Lassen Sie sich von den perfekten Bildern und den fesselnden Live-Kommentaren von den M\u00f6glichkeiten der Professionellen Fotografie im Jahr 2026 begeistern.<\/p>\n<p><em>Die Multivisions-Vortr\u00e4ge sind kostenpflichtig, hierf\u00fcr empfiehlt es sich, Tickets vorab zu sichern!<\/em><\/p>\n<\/div><\/div>\n<\/div>\n<div class=\"su-row\"><div class=\"su-column su-column-size-1-3\"><div class=\"su-column-inner su-u-clearfix su-u-trim\">\n<h1 style=\"text-align: center;\">Workshops (teilweise kostenlos!)<\/h1>\n<div id=\"attachment_14297\" style=\"width: 900px\" class=\"wp-caption aligncenter\"><img data-recalc-dims=\"1\" loading=\"lazy\" decoding=\"async\" aria-describedby=\"caption-attachment-14297\" data-attachment-id=\"14297\" data-permalink=\"https:\/\/deltaimage.de\/wp\/?attachment_id=14297#main\" data-orig-file=\"https:\/\/i0.wp.com\/deltaimage.de\/wp\/wp-content\/uploads\/Kopterworkshop_007_900.jpg?fit=890%2C593&amp;ssl=1\" data-orig-size=\"890,593\" data-comments-opened=\"0\" data-image-meta=\"{&quot;aperture&quot;:&quot;6.3&quot;,&quot;credit&quot;:&quot;Andi Pirchmoser&quot;,&quot;camera&quot;:&quot;Canon EOS 5D Mark III&quot;,&quot;caption&quot;:&quot;&quot;,&quot;created_timestamp&quot;:&quot;1494512782&quot;,&quot;copyright&quot;:&quot;Foto Sessner&quot;,&quot;focal_length&quot;:&quot;24&quot;,&quot;iso&quot;:&quot;100&quot;,&quot;shutter_speed&quot;:&quot;0.005&quot;,&quot;title&quot;:&quot;&quot;,&quot;orientation&quot;:&quot;0&quot;}\" data-image-title=\"Kopterworkshop_007_900\" data-image-description=\"\" data-image-caption=\"&lt;p&gt;Workshop zum Fliegen mit der Drohne bei den Naturfototagen F\u00fcrstenfeld.&lt;\/p&gt;\n\" data-large-file=\"https:\/\/i0.wp.com\/deltaimage.de\/wp\/wp-content\/uploads\/Kopterworkshop_007_900.jpg?fit=890%2C593&amp;ssl=1\" class=\"size-full wp-image-14297\" src=\"https:\/\/i0.wp.com\/deltaimage.de\/wp\/wp-content\/uploads\/Kopterworkshop_007_900.jpg?resize=890%2C593&#038;ssl=1\" alt=\"\" width=\"890\" height=\"593\" srcset=\"https:\/\/i0.wp.com\/deltaimage.de\/wp\/wp-content\/uploads\/Kopterworkshop_007_900.jpg?w=890&amp;ssl=1 890w, https:\/\/i0.wp.com\/deltaimage.de\/wp\/wp-content\/uploads\/Kopterworkshop_007_900.jpg?resize=200%2C133&amp;ssl=1 200w, https:\/\/i0.wp.com\/deltaimage.de\/wp\/wp-content\/uploads\/Kopterworkshop_007_900.jpg?resize=300%2C200&amp;ssl=1 300w, https:\/\/i0.wp.com\/deltaimage.de\/wp\/wp-content\/uploads\/Kopterworkshop_007_900.jpg?resize=768%2C512&amp;ssl=1 768w, https:\/\/i0.wp.com\/deltaimage.de\/wp\/wp-content\/uploads\/Kopterworkshop_007_900.jpg?resize=675%2C450&amp;ssl=1 675w, https:\/\/i0.wp.com\/deltaimage.de\/wp\/wp-content\/uploads\/Kopterworkshop_007_900.jpg?resize=600%2C400&amp;ssl=1 600w\" sizes=\"auto, (max-width: 890px) 100vw, 890px\" \/><p id=\"caption-attachment-14297\" class=\"wp-caption-text\">Workshop zum Fliegen mit der Drohne bei den Naturfototagen F\u00fcrstenfeld.<\/p><\/div>\n<p>Die <strong>Naturfototage F\u00fcrstenfeld<\/strong> bieten zusammen mit vielen bekannten Workshopleitern aus der Foto-Community wiedereinmal ein reichhaltiges Angebot an verschiedenen Workshop-Themen auf dem Forum-Gel\u00e4nde und auch au\u00dferhalb an. Die Bandbreite reicht dabei von Makrofotografie bis hin zu speziellen Bildbearbeitungs-Kursen. So kannst Du Dein fotografisches Handwerk direkt vor Ort verfeinern.<\/p>\n<p><strong>DELTA IMAGE<\/strong> wird mit <strong>Paul Eschbach<\/strong> wieder am Freitag, von 09:30 bis 16:30 Uhr, den beliebten Workshop zum <strong>Niedermoor<\/strong> durchf\u00fchren.<\/p>\n<\/div><\/div><div class=\"su-column su-column-size-1-3\"><div class=\"su-column-inner su-u-clearfix su-u-trim\">\n<h1 style=\"text-align: center;\">Ausstellungen (kostenlos!)<\/h1>\n<div id=\"attachment_54331\" style=\"width: 900px\" class=\"wp-caption aligncenter\"><img data-recalc-dims=\"1\" loading=\"lazy\" decoding=\"async\" aria-describedby=\"caption-attachment-54331\" data-attachment-id=\"54331\" data-permalink=\"https:\/\/deltaimage.de\/wp\/?attachment_id=54331#main\" data-orig-file=\"https:\/\/i0.wp.com\/deltaimage.de\/wp\/wp-content\/uploads\/1DX25684_900.jpg?fit=890%2C593&amp;ssl=1\" data-orig-size=\"890,593\" data-comments-opened=\"1\" data-image-meta=\"{&quot;aperture&quot;:&quot;4&quot;,&quot;credit&quot;:&quot;Bauer-Falkner Hubert&quot;,&quot;camera&quot;:&quot;Canon EOS-1D X Mark II&quot;,&quot;caption&quot;:&quot;&quot;,&quot;created_timestamp&quot;:&quot;1566725033&quot;,&quot;copyright&quot;:&quot;BAYERWALDTEAM&quot;,&quot;focal_length&quot;:&quot;104&quot;,&quot;iso&quot;:&quot;800&quot;,&quot;shutter_speed&quot;:&quot;0.016666666666667&quot;,&quot;title&quot;:&quot;&quot;,&quot;orientation&quot;:&quot;0&quot;}\" data-image-title=\"1DX25684_900\" data-image-description=\"\" data-image-caption=\"\" data-large-file=\"https:\/\/i0.wp.com\/deltaimage.de\/wp\/wp-content\/uploads\/1DX25684_900.jpg?fit=890%2C593&amp;ssl=1\" class=\"wp-image-54331 size-full\" src=\"https:\/\/i0.wp.com\/deltaimage.de\/wp\/wp-content\/uploads\/1DX25684_900.jpg?resize=890%2C593&#038;ssl=1\" alt=\"\" width=\"890\" height=\"593\" srcset=\"https:\/\/i0.wp.com\/deltaimage.de\/wp\/wp-content\/uploads\/1DX25684_900.jpg?w=890&amp;ssl=1 890w, https:\/\/i0.wp.com\/deltaimage.de\/wp\/wp-content\/uploads\/1DX25684_900.jpg?resize=300%2C200&amp;ssl=1 300w, https:\/\/i0.wp.com\/deltaimage.de\/wp\/wp-content\/uploads\/1DX25684_900.jpg?resize=600%2C400&amp;ssl=1 600w, https:\/\/i0.wp.com\/deltaimage.de\/wp\/wp-content\/uploads\/1DX25684_900.jpg?resize=200%2C133&amp;ssl=1 200w\" sizes=\"auto, (max-width: 890px) 100vw, 890px\" \/><p id=\"caption-attachment-54331\" class=\"wp-caption-text\">Paul Eschbach beim Betrachter der in der Kulturwerkstatt auf dem Forumsgel\u00e4nde ausgestellten Siegerbilder der von uns mitgetragenen Wettbewerbskategorie \"Aerial Views of Nature\".<\/p><\/div>\n<p>Auf dem Veranstaltungsgel\u00e4nde sind Naturfotos \u00fcberall ausgestellt:<\/p>\n<ul>\n<li><strong>Siegerbilder im Glanzlichter der Naturfotografie<\/strong> - Wettbewerb in der Kulturwerkstatt<\/li>\n<li><strong>CEWE<\/strong> hat als Hauptsponsor eine gro\u00dfe Bilderausstellung in seinem gro\u00dfen CEWE-Truck auf dem Forumsgel\u00e4nde.<\/li>\n<li><strong>DVF<\/strong> mit zwei Ausstellungen ebenfalls in der Kulturwerkstatt auf dem Forumsgel\u00e4nde.<\/li>\n<li>Die <strong>Referenten der Multivisions-Shows<\/strong> haben im Vorraum zum Stadtsaal jeweils eigene Bilder- und B\u00fccher-Ausstellungen.<\/li>\n<\/ul>\n<\/div><\/div>\n<div class=\"su-column su-column-size-1-3\"><div class=\"su-column-inner su-u-clearfix su-u-trim\">\n<h1 style=\"text-align: center;\">Greifv\u00f6gel Flugshow (kostenlos!)<\/h1>\n<div id=\"attachment_22452\" style=\"width: 900px\" class=\"wp-caption aligncenter\"><img data-recalc-dims=\"1\" loading=\"lazy\" decoding=\"async\" aria-describedby=\"caption-attachment-22452\" data-attachment-id=\"22452\" data-permalink=\"https:\/\/deltaimage.de\/wp\/?attachment_id=22452#main\" data-orig-file=\"https:\/\/i0.wp.com\/deltaimage.de\/wp\/wp-content\/uploads\/PE1S0326_900-1.jpg?fit=890%2C593&amp;ssl=1\" data-orig-size=\"890,593\" data-comments-opened=\"0\" data-image-meta=\"{&quot;aperture&quot;:&quot;9&quot;,&quot;credit&quot;:&quot;Paul Eschbach&quot;,&quot;camera&quot;:&quot;Canon EOS-1Ds Mark III&quot;,&quot;caption&quot;:&quot;&quot;,&quot;created_timestamp&quot;:&quot;1566655105&quot;,&quot;copyright&quot;:&quot;&quot;,&quot;focal_length&quot;:&quot;160&quot;,&quot;iso&quot;:&quot;800&quot;,&quot;shutter_speed&quot;:&quot;0.0005&quot;,&quot;title&quot;:&quot;&quot;,&quot;orientation&quot;:&quot;0&quot;}\" data-image-title=\"PE1S0326_900\" data-image-description=\"\" data-image-caption=\"\" data-large-file=\"https:\/\/i0.wp.com\/deltaimage.de\/wp\/wp-content\/uploads\/PE1S0326_900-1.jpg?fit=890%2C593&amp;ssl=1\" class=\"wp-image-22452 size-full\" src=\"https:\/\/i0.wp.com\/deltaimage.de\/wp\/wp-content\/uploads\/PE1S0326_900-1.jpg?resize=890%2C593&#038;ssl=1\" alt=\"\" width=\"890\" height=\"593\" srcset=\"https:\/\/i0.wp.com\/deltaimage.de\/wp\/wp-content\/uploads\/PE1S0326_900-1.jpg?w=890&amp;ssl=1 890w, https:\/\/i0.wp.com\/deltaimage.de\/wp\/wp-content\/uploads\/PE1S0326_900-1.jpg?resize=200%2C133&amp;ssl=1 200w, https:\/\/i0.wp.com\/deltaimage.de\/wp\/wp-content\/uploads\/PE1S0326_900-1.jpg?resize=300%2C200&amp;ssl=1 300w, https:\/\/i0.wp.com\/deltaimage.de\/wp\/wp-content\/uploads\/PE1S0326_900-1.jpg?resize=675%2C450&amp;ssl=1 675w, https:\/\/i0.wp.com\/deltaimage.de\/wp\/wp-content\/uploads\/PE1S0326_900-1.jpg?resize=600%2C400&amp;ssl=1 600w\" sizes=\"auto, (max-width: 890px) 100vw, 890px\" \/><p id=\"caption-attachment-22452\" class=\"wp-caption-text\">Ein Adler wird u.a. von der Spitze des Kirchturms fliegen gelassen und st\u00fcrtzt sich aus der H\u00f6he im direkten Anflug hinab auf seinen F\u00e4nger. Es wird Ihnen beim Zuschauen kalt \u00fcber den R\u00fccken laufen vor Begeisterung.<\/p><\/div>\n<p><b data-path-to-node=\"8,1,0\" data-index-in-node=\"0\">Auf der Flugwiese im Forum F\u00fcrstenfeld:<\/b> ein absolutes Muss f\u00fcr Action-Fans, f\u00fcr Jung und f\u00fcr Alt und die ganze Familie. Bei den <b data-path-to-node=\"8,1,0\" data-index-in-node=\"59\">Greifvogel-Flugshows<\/b> kannst du majest\u00e4tische Greifv\u00f6gel aus der N\u00e4he erleben und auch im Tiefflug erleben. Das Beste daran: Der Zugang zur Flugwiese ist ebenfalls <b data-path-to-node=\"8,1,0\" data-index-in-node=\"187\">kostenlos<\/b>.<\/p>\n<\/div><\/div><\/div>\n<p><em>Das ist alles? <\/em><br \/>\n<em>NEIN! <\/em><br \/>\nEs gibt noch vieles mehr, das w\u00fcrde aber den Rahmen dieses Beitrages sprengen. Gehen Sie doch auf die Webseite des Veranstalters <a href=\"http:\/\/www.fuerstenfelder-naturfototage.com\"><strong>www.fuerstenfelder-naturfototage.com<\/strong><\/a> und laden Sie sich das <a href=\"https:\/\/www.fuerstenfelder-naturfototage.com\/download\/upload\/Prospekt\/Naturfototage2026n.pdf\"><strong>Programm herunter<\/strong><\/a>.<\/p>\n<p><a href=\"https:\/\/www.fuerstenfelder-naturfototage.com\/download\/upload\/Prospekt\/Naturfototage2026n.pdf\"><img data-recalc-dims=\"1\" loading=\"lazy\" decoding=\"async\" data-attachment-id=\"54349\" data-permalink=\"https:\/\/deltaimage.de\/wp\/?attachment_id=54349#main\" data-orig-file=\"https:\/\/i0.wp.com\/deltaimage.de\/wp\/wp-content\/uploads\/Plakat-Naturfototage-Fuerstenfeld-2026.png?fit=301%2C600&amp;ssl=1\" data-orig-size=\"301,600\" data-comments-opened=\"1\" data-image-meta=\"{&quot;aperture&quot;:&quot;0&quot;,&quot;credit&quot;:&quot;&quot;,&quot;camera&quot;:&quot;&quot;,&quot;caption&quot;:&quot;&quot;,&quot;created_timestamp&quot;:&quot;0&quot;,&quot;copyright&quot;:&quot;&quot;,&quot;focal_length&quot;:&quot;0&quot;,&quot;iso&quot;:&quot;0&quot;,&quot;shutter_speed&quot;:&quot;0&quot;,&quot;title&quot;:&quot;&quot;,&quot;orientation&quot;:&quot;0&quot;}\" data-image-title=\"Plakat Naturfototage F\u00fcrstenfeld 2026\" data-image-description=\"\" data-image-caption=\"\" data-large-file=\"https:\/\/i0.wp.com\/deltaimage.de\/wp\/wp-content\/uploads\/Plakat-Naturfototage-Fuerstenfeld-2026.png?fit=301%2C600&amp;ssl=1\" class=\"aligncenter wp-image-54349 size-full\" src=\"https:\/\/i0.wp.com\/deltaimage.de\/wp\/wp-content\/uploads\/Plakat-Naturfototage-Fuerstenfeld-2026.png?resize=301%2C600&#038;ssl=1\" alt=\"\" width=\"301\" height=\"600\" srcset=\"https:\/\/i0.wp.com\/deltaimage.de\/wp\/wp-content\/uploads\/Plakat-Naturfototage-Fuerstenfeld-2026.png?w=301&amp;ssl=1 301w, https:\/\/i0.wp.com\/deltaimage.de\/wp\/wp-content\/uploads\/Plakat-Naturfototage-Fuerstenfeld-2026.png?resize=100%2C200&amp;ssl=1 100w, https:\/\/i0.wp.com\/deltaimage.de\/wp\/wp-content\/uploads\/Plakat-Naturfototage-Fuerstenfeld-2026.png?resize=201%2C400&amp;ssl=1 201w\" sizes=\"auto, (max-width: 301px) 100vw, 301px\" \/><\/a><\/p>\n<h2 data-path-to-node=\"5\">Warum du\/Sie dabei sein solltest<\/h2>\n<p data-path-to-node=\"6\">Es gibt viele Fotofestivals, aber die <strong>Naturfototage<\/strong> in <strong>F\u00fcrstenfeldbruck<\/strong> (bei M\u00fcnchen) setzen Ma\u00dfst\u00e4be. Es ist nicht nur die <b data-path-to-node=\"6\" data-index-in-node=\"124\">gr\u00f6\u00dfte Fotoveranstaltung in S\u00fcddeutschland<\/b>, sondern gl\u00e4nzt auch durch ein Konzept, das Profis und Familien gleicherma\u00dfen anspricht.<\/p>\n<p>&nbsp;<\/p>\n<h2 data-path-to-node=\"4\">Mein pers\u00f6nliches Highlight: Workshop &#8222;Niedermoor&#8220; im Dachauer Moos<\/h2>\n<p><img data-recalc-dims=\"1\" loading=\"lazy\" decoding=\"async\" data-attachment-id=\"49153\" data-permalink=\"https:\/\/deltaimage.de\/wp\/?attachment_id=49153#main\" data-orig-file=\"https:\/\/i0.wp.com\/deltaimage.de\/wp\/wp-content\/uploads\/PED45054_900.jpg?fit=890%2C593&amp;ssl=1\" data-orig-size=\"890,593\" data-comments-opened=\"1\" data-image-meta=\"{&quot;aperture&quot;:&quot;8&quot;,&quot;credit&quot;:&quot;Paul Eschbach&quot;,&quot;camera&quot;:&quot;Canon EOS-1D Mark IV&quot;,&quot;caption&quot;:&quot;&quot;,&quot;created_timestamp&quot;:&quot;1745760962&quot;,&quot;copyright&quot;:&quot;www.deltaimage.de&quot;,&quot;focal_length&quot;:&quot;400&quot;,&quot;iso&quot;:&quot;800&quot;,&quot;shutter_speed&quot;:&quot;0.0015625&quot;,&quot;title&quot;:&quot;&quot;,&quot;orientation&quot;:&quot;0&quot;}\" data-image-title=\"PED45054_900\" data-image-description=\"\" data-image-caption=\"\" data-large-file=\"https:\/\/i0.wp.com\/deltaimage.de\/wp\/wp-content\/uploads\/PED45054_900.jpg?fit=890%2C593&amp;ssl=1\" class=\"aligncenter size-full wp-image-49153\" src=\"https:\/\/i0.wp.com\/deltaimage.de\/wp\/wp-content\/uploads\/PED45054_900.jpg?resize=890%2C593&#038;ssl=1\" alt=\"\" width=\"890\" height=\"593\" srcset=\"https:\/\/i0.wp.com\/deltaimage.de\/wp\/wp-content\/uploads\/PED45054_900.jpg?w=890&amp;ssl=1 890w, https:\/\/i0.wp.com\/deltaimage.de\/wp\/wp-content\/uploads\/PED45054_900.jpg?resize=300%2C200&amp;ssl=1 300w, https:\/\/i0.wp.com\/deltaimage.de\/wp\/wp-content\/uploads\/PED45054_900.jpg?resize=600%2C400&amp;ssl=1 600w, https:\/\/i0.wp.com\/deltaimage.de\/wp\/wp-content\/uploads\/PED45054_900.jpg?resize=200%2C133&amp;ssl=1 200w\" sizes=\"auto, (max-width: 890px) 100vw, 890px\" \/><\/p>\n<p data-path-to-node=\"5\">Es ist fast schon Tradition: Auch in diesem Jahr zieht es mich am Freitag 24.6.2026 mit meiner ausgebuchten Workshop-Gruppe wieder hinaus in die Stille und die faszinierende Struktur des <b data-path-to-node=\"5\" data-index-in-node=\"137\">Dachauer Mooses<\/b>.<\/p>\n<p data-path-to-node=\"6\"><b data-path-to-node=\"6\" data-index-in-node=\"0\">Der Workshop ist \u2013 wie in all den letzten Jahren \u2013 bereits seit Langem ausgebucht.<\/b> Dieses anhaltend hohe Interesse freut mich au\u00dferordentlich! Es zeigt, dass die leise, detailreiche Naturfotografie in unseren heimischen Mooren einen ganz besonderen Stellenwert einnimmt.<\/p>\n<p data-path-to-node=\"6\">\n<h2>Paul Eschbach auf den Naturfototagen<\/h2>\n<p>Sollten wir uns am Freitag nicht mit dem Workshop im Niedermoor verpassen, gibt es am Wochenende viele Gelegenheiten f\u00fcr einen pers\u00f6nlichen Austausch auf dem Klostergel\u00e4nde: Sprechen Sie mich gerne an:<\/p>\n<ul>\n<li><strong>Freitag, 09:30 &#8211; 16:30 Uhr<\/strong>: Workshop Niedermoor im Dachauer Moos unterwegs.<br \/>\nDer Wetterbericht verspricht einen Fr\u00fchlingstag mit 13 Stunden Sonnenschein.<\/li>\n<li><strong>Freitag, 18:00 Uhr<\/strong>: Er\u00f6ffnung der Ausstellung der Siegerbilder &#8222;Glanzlichter der Naturfotografie&#8220; in der Kulturwerkstatt<\/li>\n<li><strong>Freitag, 18:30 Uhr<\/strong>: Siegerehrung zum Wettbewerb &#8222;Glanzlichter der Naturfotografie&#8220; im Stadtsaal<\/li>\n<li><strong>Freitag ab 20:00 Uhr:<\/strong> Gala-Abend auf Einladung des DMVF<\/li>\n<li><strong>Samstag ganzt\u00e4gig:<\/strong> Auf dem Gel\u00e4nde unterwegs.<\/li>\n<li><strong>Sonntag ganzt\u00e4gig:<\/strong> Auf dem Gel\u00e4nde unterwegs.<\/li>\n<\/ul>\n<p>&nbsp;<\/p>\n<p>&nbsp;<\/p>\n<h1 style=\"text-align: center;\">Wir sehen uns auf den Naturfototagen F\u00fcrstenfeld!<\/h1>\n<p><img data-recalc-dims=\"1\" loading=\"lazy\" decoding=\"async\" data-attachment-id=\"29565\" data-permalink=\"https:\/\/deltaimage.de\/wp\/?attachment_id=29565#main\" data-orig-file=\"https:\/\/i0.wp.com\/deltaimage.de\/wp\/wp-content\/uploads\/DJI_0022_900.jpg?fit=890%2C501&amp;ssl=1\" data-orig-size=\"890,501\" data-comments-opened=\"0\" data-image-meta=\"{&quot;aperture&quot;:&quot;2.8&quot;,&quot;credit&quot;:&quot;&quot;,&quot;camera&quot;:&quot;FC7303&quot;,&quot;caption&quot;:&quot;DCIM100MEDIADJI_0022.JPG&quot;,&quot;created_timestamp&quot;:&quot;1627751282&quot;,&quot;copyright&quot;:&quot;&quot;,&quot;focal_length&quot;:&quot;4.49&quot;,&quot;iso&quot;:&quot;100&quot;,&quot;shutter_speed&quot;:&quot;0.0005&quot;,&quot;title&quot;:&quot;DCIM100MEDIADJI_0022.JPG&quot;,&quot;orientation&quot;:&quot;0&quot;}\" data-image-title=\"DCIM100MEDIADJI_0022.JPG\" data-image-description=\"\" data-image-caption=\"\" data-large-file=\"https:\/\/i0.wp.com\/deltaimage.de\/wp\/wp-content\/uploads\/DJI_0022_900.jpg?fit=890%2C501&amp;ssl=1\" class=\"aligncenter size-full wp-image-29565\" src=\"https:\/\/i0.wp.com\/deltaimage.de\/wp\/wp-content\/uploads\/DJI_0022_900.jpg?resize=890%2C501&#038;ssl=1\" alt=\"\" width=\"890\" height=\"501\" srcset=\"https:\/\/i0.wp.com\/deltaimage.de\/wp\/wp-content\/uploads\/DJI_0022_900.jpg?w=890&amp;ssl=1 890w, https:\/\/i0.wp.com\/deltaimage.de\/wp\/wp-content\/uploads\/DJI_0022_900.jpg?resize=300%2C169&amp;ssl=1 300w, https:\/\/i0.wp.com\/deltaimage.de\/wp\/wp-content\/uploads\/DJI_0022_900.jpg?resize=799%2C450&amp;ssl=1 799w, https:\/\/i0.wp.com\/deltaimage.de\/wp\/wp-content\/uploads\/DJI_0022_900.jpg?resize=711%2C400&amp;ssl=1 711w\" sizes=\"auto, (max-width: 890px) 100vw, 890px\" \/><\/p>\n","protected":false},"excerpt":{"rendered":"<p>Am kommenden Freitag beginnen an drei aufeinanderfolgenden Tagen die \u00e4u\u00dferst beliebten und ebenso erfolgreichen Naturfototage F\u00fcrstenfeld, in F\u00fcrstenfeldbruck bei M\u00fcnchen. Die Gesamtveranstaltung findet im Forum F\u00fcrstenfeldbruck statt, dem zu einer [&hellip;]<\/p>\n","protected":false},"author":1,"featured_media":49210,"comment_status":"open","ping_status":"closed","sticky":false,"template":"","format":"standard","meta":{"wpupg_custom_link":[],"wpupg_custom_link_behaviour":["default"],"wpupg_custom_link_nofollow":["default"],"wpupg_custom_image":[],"wpupg_custom_image_id":[],"jetpack_post_was_ever_published":false,"footnotes":""},"categories":[848,4227,3217,1492,8],"tags":[3983,87,4421,27,2138,1204,2125,2160,4420,833,4422],"class_list":["post-54319","post","type-post","status-publish","format-standard","has-post-thumbnail","hentry","category-fotografie","category-fuerstenfeldbrucker-land","category-naturfotografie","category-naturfototage-fuerstenfeld","category-news","tag-foto-ausstellung","tag-fotografie","tag-fotoveranstaltung","tag-furstenfeldbruck","tag-glanzlichter-der-naturfotografie","tag-naturfotografie","tag-naturfototage-fuerstenfeld","tag-niedermoor","tag-veranstaltungsforum-fuerstenfeldbruck","tag-workshop","tag-workshop-niedermoor"],"jetpack_featured_media_url":"https:\/\/i0.wp.com\/deltaimage.de\/wp\/wp-content\/uploads\/PED45897_1200.jpg?fit=1200%2C450&ssl=1","jetpack-related-posts":[{"id":48339,"url":"https:\/\/deltaimage.de\/wp\/?p=48339","url_meta":{"origin":54319,"position":0},"title":"Naturfototage F\u00fcrstenfeldbruck: Wieder Workshop im Niedermoor mit Paul Eschbach","author":"EschbacP","date":"25. August 2025","format":false,"excerpt":"Die 27. internationalen Naturfototage F\u00fcrstenfeld in F\u00fcrstenfeldbruck bei M\u00fcnchen beginnen in wenigen Wochen. Die Veranstaltungsprogramme f\u00fcr die spannenden Vortr\u00e4ge und die beliebten Workshops am verl\u00e4ngerten 1. Mai-Wochende (1.-4. Mai 2025) gehen nun fast vollst\u00e4ndig online und sind auch schon buchbar. \u00a0 Praxisworkshop mit Paul Eschbach im nahe gelegenen Niedermoor Seit\u2026","rel":"","context":"In &quot;Buch&quot;","block_context":{"text":"Buch","link":"https:\/\/deltaimage.de\/wp\/?cat=1189"},"img":{"alt_text":"","src":"https:\/\/i0.wp.com\/deltaimage.de\/wp\/wp-content\/uploads\/Banner_Workshop_Eschbach_1200x450.jpg?fit=1200%2C452&ssl=1&resize=350%2C200","width":350,"height":200,"srcset":"https:\/\/i0.wp.com\/deltaimage.de\/wp\/wp-content\/uploads\/Banner_Workshop_Eschbach_1200x450.jpg?fit=1200%2C452&ssl=1&resize=350%2C200 1x, https:\/\/i0.wp.com\/deltaimage.de\/wp\/wp-content\/uploads\/Banner_Workshop_Eschbach_1200x450.jpg?fit=1200%2C452&ssl=1&resize=525%2C300 1.5x, https:\/\/i0.wp.com\/deltaimage.de\/wp\/wp-content\/uploads\/Banner_Workshop_Eschbach_1200x450.jpg?fit=1200%2C452&ssl=1&resize=700%2C400 2x, https:\/\/i0.wp.com\/deltaimage.de\/wp\/wp-content\/uploads\/Banner_Workshop_Eschbach_1200x450.jpg?fit=1200%2C452&ssl=1&resize=1050%2C600 3x"},"classes":[]},{"id":49197,"url":"https:\/\/deltaimage.de\/wp\/?p=49197","url_meta":{"origin":54319,"position":1},"title":"Naturfototage F\u00fcrstenfeld in F\u00fcrstenfeldbruck &#8211; Glanzlichter der Naturfotografie ist ge\u00f6ffnet","author":"EschbacP","date":"1. Mai 2025","format":false,"excerpt":"Die Ausstellung der Siegerbilder zum internationalen Naturfotowettbewerb: Glanzlichter der Naturfotografie GdN im Haus 10 auf dem Forumsgel\u00e4nde ist bei freiem Eintritt bereits ge\u00f6ffnet. Donnerstag, 1.5.2025: 10.00 - 20.00 Uhr Freitag, 2.5.2025: 10.00 - 20.00 Uhr Samstag, 3.5.2025: 10.00 - 18.00 Uhr Sonntag, 4.5.2025: 10.00 - 16.00 Uhr Ich war schon\u2026","rel":"","context":"In &quot;Naturfotografie&quot;","block_context":{"text":"Naturfotografie","link":"https:\/\/deltaimage.de\/wp\/?cat=3217"},"img":{"alt_text":"","src":"https:\/\/i0.wp.com\/deltaimage.de\/wp\/wp-content\/uploads\/WP_20190818_14_44_58_Pro_1200.jpg?fit=1200%2C450&ssl=1&resize=350%2C200","width":350,"height":200,"srcset":"https:\/\/i0.wp.com\/deltaimage.de\/wp\/wp-content\/uploads\/WP_20190818_14_44_58_Pro_1200.jpg?fit=1200%2C450&ssl=1&resize=350%2C200 1x, https:\/\/i0.wp.com\/deltaimage.de\/wp\/wp-content\/uploads\/WP_20190818_14_44_58_Pro_1200.jpg?fit=1200%2C450&ssl=1&resize=525%2C300 1.5x, https:\/\/i0.wp.com\/deltaimage.de\/wp\/wp-content\/uploads\/WP_20190818_14_44_58_Pro_1200.jpg?fit=1200%2C450&ssl=1&resize=700%2C400 2x, https:\/\/i0.wp.com\/deltaimage.de\/wp\/wp-content\/uploads\/WP_20190818_14_44_58_Pro_1200.jpg?fit=1200%2C450&ssl=1&resize=1050%2C600 3x"},"classes":[]},{"id":42866,"url":"https:\/\/deltaimage.de\/wp\/?p=42866","url_meta":{"origin":54319,"position":2},"title":"Naturfototage in F\u00fcrstenfeldbruck 2024 &#8211; Paul Eschbach vor Ort","author":"EschbacP","date":"13. April 2024","format":false,"excerpt":"Die gr\u00f6\u00dfte Fotoveranstaltung in S\u00fcddeutschland, die Naturfototage F\u00fcrstenfeldbruck, findet am kommenden Wochenende Freitag 19. bis Sonntag 21. April 2024 statt.\u00a0www.glanzlichter.com.\u00a0Die Naturfototage auf dem Freigel\u00e4nde und in der Tenne ist mit freiem Eintritt. Das d\u00fcrfte in ganz Deutschland einmalig sein. Europas gr\u00f6\u00dfter Naturfotowettbewerb Am Freitag, den 19.4. werden um 18.00 Uhr\u2026","rel":"","context":"In &quot;Naturfotografie&quot;","block_context":{"text":"Naturfotografie","link":"https:\/\/deltaimage.de\/wp\/?cat=3217"},"img":{"alt_text":"","src":"https:\/\/i0.wp.com\/deltaimage.de\/wp\/wp-content\/uploads\/PE1S0527_1200.jpg?fit=1200%2C450&ssl=1&resize=350%2C200","width":350,"height":200,"srcset":"https:\/\/i0.wp.com\/deltaimage.de\/wp\/wp-content\/uploads\/PE1S0527_1200.jpg?fit=1200%2C450&ssl=1&resize=350%2C200 1x, https:\/\/i0.wp.com\/deltaimage.de\/wp\/wp-content\/uploads\/PE1S0527_1200.jpg?fit=1200%2C450&ssl=1&resize=525%2C300 1.5x, https:\/\/i0.wp.com\/deltaimage.de\/wp\/wp-content\/uploads\/PE1S0527_1200.jpg?fit=1200%2C450&ssl=1&resize=700%2C400 2x, https:\/\/i0.wp.com\/deltaimage.de\/wp\/wp-content\/uploads\/PE1S0527_1200.jpg?fit=1200%2C450&ssl=1&resize=1050%2C600 3x"},"classes":[]},{"id":47100,"url":"https:\/\/deltaimage.de\/wp\/?p=47100","url_meta":{"origin":54319,"position":3},"title":"DMFV e.V. als neuer Sponsor der Glanzlichter der Naturfotografie &#8211; &#8222;Aerial Views of Nature&#8220; 2025 in F\u00fcrstenfeld","author":"EschbacP","date":"12. Dezember 2024","format":false,"excerpt":"Bonn\/F\u00fcrstenfeldbruck: Neuer Sponsor der Wettbewerbskategorie \"Aerial Views of Nature\" bei Europas gr\u00f6\u00dftem Naturfotografie-Wettbewerb wird Deutschlands gr\u00f6\u00dfter Verband f\u00fcr Modellflug DMFV e.V. mit Sitz in Bonn. Der Deutsche Modellflieger Verband e. V. (DMFV) tritt damit die erfolgreiche Nachfolge des bisherigen Unterst\u00fctzers UAV DACH e.V. aus Berlin an. \u00a0 Zum Hintergrund: Glanzlichter\u2026","rel":"","context":"In &quot;Multicopter \/ UAV&quot;","block_context":{"text":"Multicopter \/ UAV","link":"https:\/\/deltaimage.de\/wp\/?cat=849"},"img":{"alt_text":"","src":"https:\/\/i0.wp.com\/deltaimage.de\/wp\/wp-content\/uploads\/PE1S0527_1200.jpg?fit=1200%2C450&ssl=1&resize=350%2C200","width":350,"height":200,"srcset":"https:\/\/i0.wp.com\/deltaimage.de\/wp\/wp-content\/uploads\/PE1S0527_1200.jpg?fit=1200%2C450&ssl=1&resize=350%2C200 1x, https:\/\/i0.wp.com\/deltaimage.de\/wp\/wp-content\/uploads\/PE1S0527_1200.jpg?fit=1200%2C450&ssl=1&resize=525%2C300 1.5x, https:\/\/i0.wp.com\/deltaimage.de\/wp\/wp-content\/uploads\/PE1S0527_1200.jpg?fit=1200%2C450&ssl=1&resize=700%2C400 2x, https:\/\/i0.wp.com\/deltaimage.de\/wp\/wp-content\/uploads\/PE1S0527_1200.jpg?fit=1200%2C450&ssl=1&resize=1050%2C600 3x"},"classes":[]},{"id":33632,"url":"https:\/\/deltaimage.de\/wp\/?p=33632","url_meta":{"origin":54319,"position":4},"title":"In 2 Wochen Workshop Natur &#038; Moor: Naturfototage F\u00fcrstenfeldbruck im Haspelmoor","author":"EschbacP","date":"11. April 2022","format":false,"excerpt":"In 2 Wochen gehen die Naturfototage F\u00fcrstenfeld in F\u00fcrstenfeldbruck los (21.4. - 24.4.2022) und versammeln die Naturfotobranche und die Naturfotoliebhaber aus S\u00fcddeutschland und den Nachbarl\u00e4ndern im Forum F\u00fcrstenfeld mit tausenden an Fotografie-Begeisterten zusammen. Zur Vorbereitung des Workshops Natur & Moor schaue ich mich vor Ort um Der Fr\u00fchling beginnt zu\u2026","rel":"","context":"In &quot;Buch&quot;","block_context":{"text":"Buch","link":"https:\/\/deltaimage.de\/wp\/?cat=1189"},"img":{"alt_text":"","src":"https:\/\/i0.wp.com\/deltaimage.de\/wp\/wp-content\/uploads\/IMG_7034_1200.jpg?fit=1200%2C450&ssl=1&resize=350%2C200","width":350,"height":200,"srcset":"https:\/\/i0.wp.com\/deltaimage.de\/wp\/wp-content\/uploads\/IMG_7034_1200.jpg?fit=1200%2C450&ssl=1&resize=350%2C200 1x, https:\/\/i0.wp.com\/deltaimage.de\/wp\/wp-content\/uploads\/IMG_7034_1200.jpg?fit=1200%2C450&ssl=1&resize=525%2C300 1.5x, https:\/\/i0.wp.com\/deltaimage.de\/wp\/wp-content\/uploads\/IMG_7034_1200.jpg?fit=1200%2C450&ssl=1&resize=700%2C400 2x, https:\/\/i0.wp.com\/deltaimage.de\/wp\/wp-content\/uploads\/IMG_7034_1200.jpg?fit=1200%2C450&ssl=1&resize=1050%2C600 3x"},"classes":[]},{"id":18507,"url":"https:\/\/deltaimage.de\/wp\/?p=18507","url_meta":{"origin":54319,"position":5},"title":"Uiiihh! Auf der Titelseite einer Zeitung &#8230;","author":"EschbacP","date":"14. Mai 2018","format":false,"excerpt":".. ja nicht ganz vorne - aber immerhin auf der Regionalausgabe F\u00fcrstenfeldbruck. Fotos Pirchmoser@Foto Sessner GmbH \u00a0 S\u00fcddeutsche Zeitung Regionalteil F\u00fcrstenfeldbruck und Paul Eschbach Ein Anfang ist gemacht. Naturfototage F\u00fcrstenfeld und die \"fliegende Kamera\" Das Thema Multicopter & Drohne scheint sehr interessant zu sein. Die S\u00fcddeutsche Zeitung berichtet in der\u2026","rel":"","context":"In &quot;Naturfototage F\u00fcrstenfeld&quot;","block_context":{"text":"Naturfototage F\u00fcrstenfeld","link":"https:\/\/deltaimage.de\/wp\/?cat=1492"},"img":{"alt_text":"SZ_FFB_Naturfototage 2018","src":"https:\/\/i0.wp.com\/deltaimage.de\/wp\/wp-content\/uploads\/SZ_FFB_Naturfototage-2018.jpg?resize=350%2C200","width":350,"height":200,"srcset":"https:\/\/i0.wp.com\/deltaimage.de\/wp\/wp-content\/uploads\/SZ_FFB_Naturfototage-2018.jpg?resize=350%2C200 1x, https:\/\/i0.wp.com\/deltaimage.de\/wp\/wp-content\/uploads\/SZ_FFB_Naturfototage-2018.jpg?resize=525%2C300 1.5x, https:\/\/i0.wp.com\/deltaimage.de\/wp\/wp-content\/uploads\/SZ_FFB_Naturfototage-2018.jpg?resize=700%2C400 2x, https:\/\/i0.wp.com\/deltaimage.de\/wp\/wp-content\/uploads\/SZ_FFB_Naturfototage-2018.jpg?resize=1050%2C600 3x"},"classes":[]}],"jetpack_sharing_enabled":false,"_links":{"self":[{"href":"https:\/\/deltaimage.de\/wp\/index.php?rest_route=\/wp\/v2\/posts\/54319","targetHints":{"allow":["GET"]}}],"collection":[{"href":"https:\/\/deltaimage.de\/wp\/index.php?rest_route=\/wp\/v2\/posts"}],"about":[{"href":"https:\/\/deltaimage.de\/wp\/index.php?rest_route=\/wp\/v2\/types\/post"}],"author":[{"embeddable":true,"href":"https:\/\/deltaimage.de\/wp\/index.php?rest_route=\/wp\/v2\/users\/1"}],"replies":[{"embeddable":true,"href":"https:\/\/deltaimage.de\/wp\/index.php?rest_route=%2Fwp%2Fv2%2Fcomments&post=54319"}],"version-history":[{"count":37,"href":"https:\/\/deltaimage.de\/wp\/index.php?rest_route=\/wp\/v2\/posts\/54319\/revisions"}],"predecessor-version":[{"id":54429,"href":"https:\/\/deltaimage.de\/wp\/index.php?rest_route=\/wp\/v2\/posts\/54319\/revisions\/54429"}],"wp:featuredmedia":[{"embeddable":true,"href":"https:\/\/deltaimage.de\/wp\/index.php?rest_route=\/wp\/v2\/media\/49210"}],"wp:attachment":[{"href":"https:\/\/deltaimage.de\/wp\/index.php?rest_route=%2Fwp%2Fv2%2Fmedia&parent=54319"}],"wp:term":[{"taxonomy":"category","embeddable":true,"href":"https:\/\/deltaimage.de\/wp\/index.php?rest_route=%2Fwp%2Fv2%2Fcategories&post=54319"},{"taxonomy":"post_tag","embeddable":true,"href":"https:\/\/deltaimage.de\/wp\/index.php?rest_route=%2Fwp%2Fv2%2Ftags&post=54319"}],"curies":[{"name":"wp","href":"https:\/\/api.w.org\/{rel}","templated":true}]}}