{"id":54436,"date":"2026-04-27T19:42:56","date_gmt":"2026-04-27T17:42:56","guid":{"rendered":"https:\/\/deltaimage.de\/wp\/?p=54436"},"modified":"2026-04-27T19:59:11","modified_gmt":"2026-04-27T17:59:11","slug":"28-naturfototage-fuerstenfeld-das-mekka-der-naturfotografie-in-sueddeutschland","status":"publish","type":"post","link":"https:\/\/deltaimage.de\/wp\/?p=54436","title":{"rendered":"28. Naturfototage F\u00fcrstenfeld: Das Mekka der Naturfotografie in S\u00fcddeutschland"},"content":{"rendered":"<p>Das letzte Aprilwochenende 2026 stand in <strong>F\u00fcrstenfeldbruck<\/strong> auf dem Forumsgel\u00e4nde <strong>F\u00fcrstenfeld<\/strong> ganz im Zeichen der <strong>Landschafts- und Naturfotografie<\/strong>. Die 28. Auflage der <strong>Naturfototage<\/strong> war wieder einmal ein Treffpunkt und Austausch zwischen Fotografen-Amateuren und den bekannten Profis der Fotobranche vor der malerischen Kulisse des ehemaligen <strong>Klosters F\u00fcrstenfeld<\/strong>. Neben den atemberaubenden Bildern der \u201eGlanzlichter\u201c-Ausstellung war es vor allem der pers\u00f6nliche Austausch an den vielen Ausstellungsst\u00e4nden in der Tenne und auf dem Aktionsgel\u00e4nde, der diesen Besuch so wertvoll machte.<\/p>\n<p>Dieses Jahr wurde viel von dem Wetterpech letzten \u2013 gef\u00fchlt 10 Jahre \u2013 wieder gut gemacht. Waren fr\u00fcher regelm\u00e4\u00dfig ein oder zwei Tage verregnet und auch extrem kalt, zeigte sich 2026 das Wetter von seiner allerbesten Seite. Drei Tage Sonnenschein bei angenehm sommerlichen Temperaturen.<\/p>\n<blockquote>\n<pre>Bei strahlend blauem Himmel und angenehmen Temperaturen kommt bei den Natur- und Landschafts-\r\nfotografInnen und allen BesucherInnen gleich eine ganz andere und viel bessere Stimmung auf. \r\nBlauer Himmel und strahlende Sonne werden von den FotografInnen drau\u00dfen im Feld eher gemieden, \r\nauf einem Festival und auf dem Messegel\u00e4nde ist das jedoch hoch willkommen.<\/pre>\n<\/blockquote>\n<p><img data-recalc-dims=\"1\" loading=\"lazy\" decoding=\"async\" data-attachment-id=\"54442\" data-permalink=\"https:\/\/deltaimage.de\/wp\/?attachment_id=54442#main\" data-orig-file=\"https:\/\/i0.wp.com\/deltaimage.de\/wp\/wp-content\/uploads\/1777309520766_900.jpg?fit=890%2C593&amp;ssl=1\" data-orig-size=\"890,593\" data-comments-opened=\"1\" data-image-meta=\"{&quot;aperture&quot;:&quot;0&quot;,&quot;credit&quot;:&quot;&quot;,&quot;camera&quot;:&quot;&quot;,&quot;caption&quot;:&quot;&quot;,&quot;created_timestamp&quot;:&quot;0&quot;,&quot;copyright&quot;:&quot;&quot;,&quot;focal_length&quot;:&quot;0&quot;,&quot;iso&quot;:&quot;0&quot;,&quot;shutter_speed&quot;:&quot;0&quot;,&quot;title&quot;:&quot;&quot;,&quot;orientation&quot;:&quot;0&quot;}\" data-image-title=\"1777309520766_900\" data-image-description=\"\" data-image-caption=\"\" data-large-file=\"https:\/\/i0.wp.com\/deltaimage.de\/wp\/wp-content\/uploads\/1777309520766_900.jpg?fit=890%2C593&amp;ssl=1\" class=\"aligncenter size-full wp-image-54442\" src=\"https:\/\/i0.wp.com\/deltaimage.de\/wp\/wp-content\/uploads\/1777309520766_900.jpg?resize=890%2C593&#038;ssl=1\" alt=\"\" width=\"890\" height=\"593\" srcset=\"https:\/\/i0.wp.com\/deltaimage.de\/wp\/wp-content\/uploads\/1777309520766_900.jpg?w=890&amp;ssl=1 890w, https:\/\/i0.wp.com\/deltaimage.de\/wp\/wp-content\/uploads\/1777309520766_900.jpg?resize=300%2C200&amp;ssl=1 300w, https:\/\/i0.wp.com\/deltaimage.de\/wp\/wp-content\/uploads\/1777309520766_900.jpg?resize=600%2C400&amp;ssl=1 600w, https:\/\/i0.wp.com\/deltaimage.de\/wp\/wp-content\/uploads\/1777309520766_900.jpg?resize=200%2C133&amp;ssl=1 200w\" sizes=\"auto, (max-width: 890px) 100vw, 890px\" \/><\/p>\n<p>Der Veranstaltungstermin h\u00e4tte nicht besser fallen k\u00f6nnen: In dieser Kalenderwoche standen die Obstb\u00e4ume in voller Bl\u00fctenpracht und die Bl\u00e4tter der Laubb\u00e4ume kamen gerade erst mit dem zarten Gr\u00fcn heraus \u2013 einfach fotografisch perfekt. Das sp\u00fcrt man auch bei einem Rundgang \u00fcber das weitl\u00e4ufige Forumsgel\u00e4nde.<\/p>\n<p><!--more--><\/p>\n<p>&nbsp;<\/p>\n<h2>Fr\u00fcher die Infob\u00f6rse f\u00fcr Neuigkeiten der Hersteller<\/h2>\n<p>Inzwischen sind die Fotomessen viel mehr noch eine B\u00fchne der Kommunikation innerhalb der \u00fcberschaubaren Community und der Ort, wo man viele Bekannte aus der Fotobranche wieder treffen und sprechen kann. Viel mehr noch als fr\u00fcher, sind die <strong>Naturfototage<\/strong> eine Veranstaltung im Zeichen des hochwertigen und gro\u00dfformatigen <strong>Natur- und Landschaftsbildes<\/strong>. Auf der Aktionsfl\u00e4che unter freiem Himmel, hat der bekannte Fotograf <strong>Michael Martin<\/strong> aus M\u00fcnchen mit seinen \u00fcbergro\u00dfen Bildern aus seinem Vortrag und Buch \u00bbTerra\u00ab\u00a0den Ma\u00dfstab wieder einmal h\u00f6hergelegt.<\/p>\n<p>Unter diesem herrlich blauen Fr\u00fchlingshimmel pr\u00e4sentiert <strong>Michael Martin<\/strong> mit seinen \u00fcbergro\u00dfen Alu-Dibond-Drucken vor der Kulisse der herrlichen ehemaligen <strong>Klosteranlage F\u00fcrstenfeld<\/strong>. Sch\u00f6ner kann man Fotografie kaum noch pr\u00e4sentieren und die BesucherInnen anregen und inspirieren. Fr\u00fchmorgens gelingt noch ein ungest\u00f6rtes Foto auf diese pr\u00e4chtige Szenerie, im Tagesverlauf wird das zur Freude der BesucherInnen immer schwieriger.<\/p>\n<p><img data-recalc-dims=\"1\" loading=\"lazy\" decoding=\"async\" data-attachment-id=\"54447\" data-permalink=\"https:\/\/deltaimage.de\/wp\/?attachment_id=54447#main\" data-orig-file=\"https:\/\/i0.wp.com\/deltaimage.de\/wp\/wp-content\/uploads\/1777309207310_900.jpg?fit=890%2C668&amp;ssl=1\" data-orig-size=\"890,668\" data-comments-opened=\"1\" data-image-meta=\"{&quot;aperture&quot;:&quot;0&quot;,&quot;credit&quot;:&quot;&quot;,&quot;camera&quot;:&quot;&quot;,&quot;caption&quot;:&quot;&quot;,&quot;created_timestamp&quot;:&quot;0&quot;,&quot;copyright&quot;:&quot;&quot;,&quot;focal_length&quot;:&quot;0&quot;,&quot;iso&quot;:&quot;0&quot;,&quot;shutter_speed&quot;:&quot;0&quot;,&quot;title&quot;:&quot;&quot;,&quot;orientation&quot;:&quot;0&quot;}\" data-image-title=\"1777309207310_900\" data-image-description=\"\" data-image-caption=\"\" data-large-file=\"https:\/\/i0.wp.com\/deltaimage.de\/wp\/wp-content\/uploads\/1777309207310_900.jpg?fit=890%2C668&amp;ssl=1\" class=\"aligncenter size-full wp-image-54447\" src=\"https:\/\/i0.wp.com\/deltaimage.de\/wp\/wp-content\/uploads\/1777309207310_900.jpg?resize=890%2C668&#038;ssl=1\" alt=\"\" width=\"890\" height=\"668\" srcset=\"https:\/\/i0.wp.com\/deltaimage.de\/wp\/wp-content\/uploads\/1777309207310_900.jpg?w=890&amp;ssl=1 890w, https:\/\/i0.wp.com\/deltaimage.de\/wp\/wp-content\/uploads\/1777309207310_900.jpg?resize=799%2C600&amp;ssl=1 799w, https:\/\/i0.wp.com\/deltaimage.de\/wp\/wp-content\/uploads\/1777309207310_900.jpg?resize=266%2C200&amp;ssl=1 266w, https:\/\/i0.wp.com\/deltaimage.de\/wp\/wp-content\/uploads\/1777309207310_900.jpg?resize=533%2C400&amp;ssl=1 533w\" sizes=\"auto, (max-width: 890px) 100vw, 890px\" \/><\/p>\n<p>Unter diesem herrlich blauen Fr\u00fchlingshimmel pr\u00e4sentiert <strong>Michael Martin<\/strong> mit seinen \u00fcbergro\u00dfen Alu-Dibond-Drucke vor der Kulisse der herrlichen ehemaligen <strong>Klosteranlage F\u00fcrstenfeld<\/strong>. Sch\u00f6ner kann man Fotografie kaum noch pr\u00e4sentieren und die BesucherInnen anregen und inspirieren. Fr\u00fchmorgens gelingt noch ein ungest\u00f6rtes Foto auf diese pr\u00e4chtige Szenerie, im Tagesverlauf wird das zur Freude der BesucherInnen immer schwieriger.<\/p>\n<p><img data-recalc-dims=\"1\" loading=\"lazy\" decoding=\"async\" data-attachment-id=\"54443\" data-permalink=\"https:\/\/deltaimage.de\/wp\/?attachment_id=54443#main\" data-orig-file=\"https:\/\/i0.wp.com\/deltaimage.de\/wp\/wp-content\/uploads\/1777309207301_900.jpg?fit=890%2C593&amp;ssl=1\" data-orig-size=\"890,593\" data-comments-opened=\"1\" data-image-meta=\"{&quot;aperture&quot;:&quot;0&quot;,&quot;credit&quot;:&quot;&quot;,&quot;camera&quot;:&quot;&quot;,&quot;caption&quot;:&quot;&quot;,&quot;created_timestamp&quot;:&quot;0&quot;,&quot;copyright&quot;:&quot;&quot;,&quot;focal_length&quot;:&quot;0&quot;,&quot;iso&quot;:&quot;0&quot;,&quot;shutter_speed&quot;:&quot;0&quot;,&quot;title&quot;:&quot;&quot;,&quot;orientation&quot;:&quot;0&quot;}\" data-image-title=\"1777309207301_900\" data-image-description=\"\" data-image-caption=\"\" data-large-file=\"https:\/\/i0.wp.com\/deltaimage.de\/wp\/wp-content\/uploads\/1777309207301_900.jpg?fit=890%2C593&amp;ssl=1\" class=\"aligncenter size-full wp-image-54443\" src=\"https:\/\/i0.wp.com\/deltaimage.de\/wp\/wp-content\/uploads\/1777309207301_900.jpg?resize=890%2C593&#038;ssl=1\" alt=\"\" width=\"890\" height=\"593\" srcset=\"https:\/\/i0.wp.com\/deltaimage.de\/wp\/wp-content\/uploads\/1777309207301_900.jpg?w=890&amp;ssl=1 890w, https:\/\/i0.wp.com\/deltaimage.de\/wp\/wp-content\/uploads\/1777309207301_900.jpg?resize=300%2C200&amp;ssl=1 300w, https:\/\/i0.wp.com\/deltaimage.de\/wp\/wp-content\/uploads\/1777309207301_900.jpg?resize=600%2C400&amp;ssl=1 600w, https:\/\/i0.wp.com\/deltaimage.de\/wp\/wp-content\/uploads\/1777309207301_900.jpg?resize=200%2C133&amp;ssl=1 200w\" sizes=\"auto, (max-width: 890px) 100vw, 890px\" \/><\/p>\n<p>&nbsp;<\/p>\n<h2>Auch ein Messegel\u00e4nde darf sch\u00f6n und fotogen sein \u2013 da ist das Forum F\u00fcrstenfeld eine \u00fcberaus positive Ausnahme<\/h2>\n<p>Die <strong>Naturfototage F\u00fcrstenfeld<\/strong> sind f\u00fcr mich und viele andere auch, sowas wie das Klassentreffen f\u00fcr alle, die eine Leidenschaft f\u00fcr die <strong>Natur- und Landschaftsfotografie<\/strong>, oder die Freude an sch\u00f6nen Bildmotiven aus allen Teilen der Welt haben.<\/p>\n<p>Aus dem Fotomarkt einmal hinausgehen und das Licht am Vormittag zeigt die Sch\u00f6nheit der Kulturlandschaft in dieser ehemaligen Klosteranlage der Zisterzienser.<\/p>\n<p><img data-recalc-dims=\"1\" loading=\"lazy\" decoding=\"async\" data-attachment-id=\"54461\" data-permalink=\"https:\/\/deltaimage.de\/wp\/?attachment_id=54461#main\" data-orig-file=\"https:\/\/i0.wp.com\/deltaimage.de\/wp\/wp-content\/uploads\/1777309207380_900.jpg?fit=890%2C593&amp;ssl=1\" data-orig-size=\"890,593\" data-comments-opened=\"1\" data-image-meta=\"{&quot;aperture&quot;:&quot;0&quot;,&quot;credit&quot;:&quot;&quot;,&quot;camera&quot;:&quot;&quot;,&quot;caption&quot;:&quot;&quot;,&quot;created_timestamp&quot;:&quot;0&quot;,&quot;copyright&quot;:&quot;&quot;,&quot;focal_length&quot;:&quot;0&quot;,&quot;iso&quot;:&quot;0&quot;,&quot;shutter_speed&quot;:&quot;0&quot;,&quot;title&quot;:&quot;&quot;,&quot;orientation&quot;:&quot;0&quot;}\" data-image-title=\"1777309207380_900\" data-image-description=\"\" data-image-caption=\"\" data-large-file=\"https:\/\/i0.wp.com\/deltaimage.de\/wp\/wp-content\/uploads\/1777309207380_900.jpg?fit=890%2C593&amp;ssl=1\" class=\"aligncenter size-full wp-image-54461\" src=\"https:\/\/i0.wp.com\/deltaimage.de\/wp\/wp-content\/uploads\/1777309207380_900.jpg?resize=890%2C593&#038;ssl=1\" alt=\"\" width=\"890\" height=\"593\" srcset=\"https:\/\/i0.wp.com\/deltaimage.de\/wp\/wp-content\/uploads\/1777309207380_900.jpg?w=890&amp;ssl=1 890w, https:\/\/i0.wp.com\/deltaimage.de\/wp\/wp-content\/uploads\/1777309207380_900.jpg?resize=300%2C200&amp;ssl=1 300w, https:\/\/i0.wp.com\/deltaimage.de\/wp\/wp-content\/uploads\/1777309207380_900.jpg?resize=600%2C400&amp;ssl=1 600w, https:\/\/i0.wp.com\/deltaimage.de\/wp\/wp-content\/uploads\/1777309207380_900.jpg?resize=200%2C133&amp;ssl=1 200w\" sizes=\"auto, (max-width: 890px) 100vw, 890px\" \/><\/p>\n<p>&nbsp;<\/p>\n<p>Aus dem wuseligen Fotomarkt einmal hinausgehen und das Licht am Vormittag zeigt die Sch\u00f6nheit der Kulturlandschaft in dieser ehemaligen Klosteranlage der Zisterzienser.<\/p>\n<p>&nbsp;<\/p>\n<h2>Neue Technik &amp; Trends in der Fotobranche?<\/h2>\n<p>In so manchen Jahren bestimmte neue Technik das Hauptinteresse der BesucherInnen. Da ist es wieder ruhig geworden. Wer auf die Spiegellosen umsteigen will, der hat es bereits getan. Wer auf der DSLR-Technik weiterarbeiten will, der kann das auch tun. Die Kameras werden jedes Jahr noch schneller, vor allem im Video-Bereich. F\u00fcr die FotografInnen tun sich keine gro\u00dfen Spr\u00fcnge auf. Daher ist es auf dem Sektor der Technik und Ausr\u00fcstung recht entspannt.<\/p>\n<p>So l\u00e4sst es sich besser um die Fotografie selbst k\u00fcmmern.<\/p>\n<p>&nbsp;<\/p>\n<h2>Das Erlebnis der Fotografie sp\u00fcren<\/h2>\n<p>Gerade die vielen Fotoausstellungen auf dem weitl\u00e4ufigen Forumsgel\u00e4nde innen und au\u00dfen transportieren die Geschichte der Fotografie und das Erlebnis selbst zwischen den FotografInnen und den BesucherInnen. Das kann auch das Internet so noch bei weitem nicht ersetzen.<\/p>\n","protected":false},"excerpt":{"rendered":"<p>Das letzte Aprilwochenende 2026 stand in F\u00fcrstenfeldbruck auf dem Forumsgel\u00e4nde F\u00fcrstenfeld ganz im Zeichen der Landschafts- und Naturfotografie. Die 28. Auflage der Naturfototage war wieder einmal ein Treffpunkt und Austausch [&hellip;]<\/p>\n","protected":false},"author":1,"featured_media":54438,"comment_status":"open","ping_status":"closed","sticky":false,"template":"","format":"standard","meta":{"wpupg_custom_link":[],"wpupg_custom_link_behaviour":["default"],"wpupg_custom_link_nofollow":["default"],"wpupg_custom_image":[],"wpupg_custom_image_id":[],"jetpack_post_was_ever_published":false,"footnotes":""},"categories":[848,4227,3217,1492,8],"tags":[289,2116,87,4423,26,27,734,1204],"class_list":["post-54436","post","type-post","status-publish","format-standard","has-post-thumbnail","hentry","category-fotografie","category-fuerstenfeldbrucker-land","category-naturfotografie","category-naturfototage-fuerstenfeld","category-news","tag-bayern","tag-forum-fuerstenfeld","tag-fotografie","tag-fotomesse","tag-furstenfeld","tag-furstenfeldbruck","tag-landschaftsfotografie","tag-naturfotografie"],"jetpack_featured_media_url":"https:\/\/i0.wp.com\/deltaimage.de\/wp\/wp-content\/uploads\/1777309207336_1200.jpg?fit=1200%2C450&ssl=1","jetpack-related-posts":[{"id":54319,"url":"https:\/\/deltaimage.de\/wp\/?p=54319","url_meta":{"origin":54436,"position":0},"title":"Demn\u00e4chst: 28. Naturfototage F\u00fcrstenfeld bei M\u00fcnchen: 24. &#8211; 26. April 2026","author":"EschbacP","date":"19. April 2026","format":false,"excerpt":"Am kommenden Freitag beginnen an drei aufeinanderfolgenden Tagen die \u00e4u\u00dferst beliebten und ebenso erfolgreichen Naturfototage F\u00fcrstenfeld, in F\u00fcrstenfeldbruck bei M\u00fcnchen. Die Gesamtveranstaltung findet im Forum F\u00fcrstenfeldbruck statt, dem zu einer Veranstaltungsfl\u00e4che umgebauten ehemaligen Klosterareal mit einer der sch\u00f6nsten Barockkirchen in S\u00fcddeutschland. Mehr Informationen: www.fuerstenfelder-naturfototage.com \u00a0 28. Internationale Naturfototage F\u00fcrstenfeld Freitag,\u2026","rel":"","context":"In &quot;Fotografie&quot;","block_context":{"text":"Fotografie","link":"https:\/\/deltaimage.de\/wp\/?cat=848"},"img":{"alt_text":"","src":"https:\/\/i0.wp.com\/deltaimage.de\/wp\/wp-content\/uploads\/PED45897_1200.jpg?fit=1200%2C450&ssl=1&resize=350%2C200","width":350,"height":200,"srcset":"https:\/\/i0.wp.com\/deltaimage.de\/wp\/wp-content\/uploads\/PED45897_1200.jpg?fit=1200%2C450&ssl=1&resize=350%2C200 1x, https:\/\/i0.wp.com\/deltaimage.de\/wp\/wp-content\/uploads\/PED45897_1200.jpg?fit=1200%2C450&ssl=1&resize=525%2C300 1.5x, https:\/\/i0.wp.com\/deltaimage.de\/wp\/wp-content\/uploads\/PED45897_1200.jpg?fit=1200%2C450&ssl=1&resize=700%2C400 2x, https:\/\/i0.wp.com\/deltaimage.de\/wp\/wp-content\/uploads\/PED45897_1200.jpg?fit=1200%2C450&ssl=1&resize=1050%2C600 3x"},"classes":[]},{"id":49197,"url":"https:\/\/deltaimage.de\/wp\/?p=49197","url_meta":{"origin":54436,"position":1},"title":"Naturfototage F\u00fcrstenfeld in F\u00fcrstenfeldbruck &#8211; Glanzlichter der Naturfotografie ist ge\u00f6ffnet","author":"EschbacP","date":"1. Mai 2025","format":false,"excerpt":"Die Ausstellung der Siegerbilder zum internationalen Naturfotowettbewerb: Glanzlichter der Naturfotografie GdN im Haus 10 auf dem Forumsgel\u00e4nde ist bei freiem Eintritt bereits ge\u00f6ffnet. Donnerstag, 1.5.2025: 10.00 - 20.00 Uhr Freitag, 2.5.2025: 10.00 - 20.00 Uhr Samstag, 3.5.2025: 10.00 - 18.00 Uhr Sonntag, 4.5.2025: 10.00 - 16.00 Uhr Ich war schon\u2026","rel":"","context":"In &quot;Naturfotografie&quot;","block_context":{"text":"Naturfotografie","link":"https:\/\/deltaimage.de\/wp\/?cat=3217"},"img":{"alt_text":"","src":"https:\/\/i0.wp.com\/deltaimage.de\/wp\/wp-content\/uploads\/WP_20190818_14_44_58_Pro_1200.jpg?fit=1200%2C450&ssl=1&resize=350%2C200","width":350,"height":200,"srcset":"https:\/\/i0.wp.com\/deltaimage.de\/wp\/wp-content\/uploads\/WP_20190818_14_44_58_Pro_1200.jpg?fit=1200%2C450&ssl=1&resize=350%2C200 1x, https:\/\/i0.wp.com\/deltaimage.de\/wp\/wp-content\/uploads\/WP_20190818_14_44_58_Pro_1200.jpg?fit=1200%2C450&ssl=1&resize=525%2C300 1.5x, https:\/\/i0.wp.com\/deltaimage.de\/wp\/wp-content\/uploads\/WP_20190818_14_44_58_Pro_1200.jpg?fit=1200%2C450&ssl=1&resize=700%2C400 2x, https:\/\/i0.wp.com\/deltaimage.de\/wp\/wp-content\/uploads\/WP_20190818_14_44_58_Pro_1200.jpg?fit=1200%2C450&ssl=1&resize=1050%2C600 3x"},"classes":[]},{"id":48339,"url":"https:\/\/deltaimage.de\/wp\/?p=48339","url_meta":{"origin":54436,"position":2},"title":"Naturfototage F\u00fcrstenfeldbruck: Wieder Workshop im Niedermoor mit Paul Eschbach","author":"EschbacP","date":"25. August 2025","format":false,"excerpt":"Die 27. internationalen Naturfototage F\u00fcrstenfeld in F\u00fcrstenfeldbruck bei M\u00fcnchen beginnen in wenigen Wochen. Die Veranstaltungsprogramme f\u00fcr die spannenden Vortr\u00e4ge und die beliebten Workshops am verl\u00e4ngerten 1. Mai-Wochende (1.-4. Mai 2025) gehen nun fast vollst\u00e4ndig online und sind auch schon buchbar. \u00a0 Praxisworkshop mit Paul Eschbach im nahe gelegenen Niedermoor Seit\u2026","rel":"","context":"In &quot;Buch&quot;","block_context":{"text":"Buch","link":"https:\/\/deltaimage.de\/wp\/?cat=1189"},"img":{"alt_text":"","src":"https:\/\/i0.wp.com\/deltaimage.de\/wp\/wp-content\/uploads\/Banner_Workshop_Eschbach_1200x450.jpg?fit=1200%2C452&ssl=1&resize=350%2C200","width":350,"height":200,"srcset":"https:\/\/i0.wp.com\/deltaimage.de\/wp\/wp-content\/uploads\/Banner_Workshop_Eschbach_1200x450.jpg?fit=1200%2C452&ssl=1&resize=350%2C200 1x, https:\/\/i0.wp.com\/deltaimage.de\/wp\/wp-content\/uploads\/Banner_Workshop_Eschbach_1200x450.jpg?fit=1200%2C452&ssl=1&resize=525%2C300 1.5x, https:\/\/i0.wp.com\/deltaimage.de\/wp\/wp-content\/uploads\/Banner_Workshop_Eschbach_1200x450.jpg?fit=1200%2C452&ssl=1&resize=700%2C400 2x, https:\/\/i0.wp.com\/deltaimage.de\/wp\/wp-content\/uploads\/Banner_Workshop_Eschbach_1200x450.jpg?fit=1200%2C452&ssl=1&resize=1050%2C600 3x"},"classes":[]},{"id":47100,"url":"https:\/\/deltaimage.de\/wp\/?p=47100","url_meta":{"origin":54436,"position":3},"title":"DMFV e.V. als neuer Sponsor der Glanzlichter der Naturfotografie &#8211; &#8222;Aerial Views of Nature&#8220; 2025 in F\u00fcrstenfeld","author":"EschbacP","date":"12. Dezember 2024","format":false,"excerpt":"Bonn\/F\u00fcrstenfeldbruck: Neuer Sponsor der Wettbewerbskategorie \"Aerial Views of Nature\" bei Europas gr\u00f6\u00dftem Naturfotografie-Wettbewerb wird Deutschlands gr\u00f6\u00dfter Verband f\u00fcr Modellflug DMFV e.V. mit Sitz in Bonn. Der Deutsche Modellflieger Verband e. V. (DMFV) tritt damit die erfolgreiche Nachfolge des bisherigen Unterst\u00fctzers UAV DACH e.V. aus Berlin an. \u00a0 Zum Hintergrund: Glanzlichter\u2026","rel":"","context":"In &quot;Multicopter \/ UAV&quot;","block_context":{"text":"Multicopter \/ UAV","link":"https:\/\/deltaimage.de\/wp\/?cat=849"},"img":{"alt_text":"","src":"https:\/\/i0.wp.com\/deltaimage.de\/wp\/wp-content\/uploads\/PE1S0527_1200.jpg?fit=1200%2C450&ssl=1&resize=350%2C200","width":350,"height":200,"srcset":"https:\/\/i0.wp.com\/deltaimage.de\/wp\/wp-content\/uploads\/PE1S0527_1200.jpg?fit=1200%2C450&ssl=1&resize=350%2C200 1x, https:\/\/i0.wp.com\/deltaimage.de\/wp\/wp-content\/uploads\/PE1S0527_1200.jpg?fit=1200%2C450&ssl=1&resize=525%2C300 1.5x, https:\/\/i0.wp.com\/deltaimage.de\/wp\/wp-content\/uploads\/PE1S0527_1200.jpg?fit=1200%2C450&ssl=1&resize=700%2C400 2x, https:\/\/i0.wp.com\/deltaimage.de\/wp\/wp-content\/uploads\/PE1S0527_1200.jpg?fit=1200%2C450&ssl=1&resize=1050%2C600 3x"},"classes":[]},{"id":42866,"url":"https:\/\/deltaimage.de\/wp\/?p=42866","url_meta":{"origin":54436,"position":4},"title":"Naturfototage in F\u00fcrstenfeldbruck 2024 &#8211; Paul Eschbach vor Ort","author":"EschbacP","date":"13. April 2024","format":false,"excerpt":"Die gr\u00f6\u00dfte Fotoveranstaltung in S\u00fcddeutschland, die Naturfototage F\u00fcrstenfeldbruck, findet am kommenden Wochenende Freitag 19. bis Sonntag 21. April 2024 statt.\u00a0www.glanzlichter.com.\u00a0Die Naturfototage auf dem Freigel\u00e4nde und in der Tenne ist mit freiem Eintritt. Das d\u00fcrfte in ganz Deutschland einmalig sein. Europas gr\u00f6\u00dfter Naturfotowettbewerb Am Freitag, den 19.4. werden um 18.00 Uhr\u2026","rel":"","context":"In &quot;Naturfotografie&quot;","block_context":{"text":"Naturfotografie","link":"https:\/\/deltaimage.de\/wp\/?cat=3217"},"img":{"alt_text":"","src":"https:\/\/i0.wp.com\/deltaimage.de\/wp\/wp-content\/uploads\/PE1S0527_1200.jpg?fit=1200%2C450&ssl=1&resize=350%2C200","width":350,"height":200,"srcset":"https:\/\/i0.wp.com\/deltaimage.de\/wp\/wp-content\/uploads\/PE1S0527_1200.jpg?fit=1200%2C450&ssl=1&resize=350%2C200 1x, https:\/\/i0.wp.com\/deltaimage.de\/wp\/wp-content\/uploads\/PE1S0527_1200.jpg?fit=1200%2C450&ssl=1&resize=525%2C300 1.5x, https:\/\/i0.wp.com\/deltaimage.de\/wp\/wp-content\/uploads\/PE1S0527_1200.jpg?fit=1200%2C450&ssl=1&resize=700%2C400 2x, https:\/\/i0.wp.com\/deltaimage.de\/wp\/wp-content\/uploads\/PE1S0527_1200.jpg?fit=1200%2C450&ssl=1&resize=1050%2C600 3x"},"classes":[]},{"id":22427,"url":"https:\/\/deltaimage.de\/wp\/?p=22427","url_meta":{"origin":54436,"position":5},"title":"Multicopter \/ Drohnen Vorf\u00fchrung auf den Naturfototagen F\u00fcrstenfeld","author":"EschbacP","date":"26. August 2019","format":false,"excerpt":"Naturfotografie und der Einsatz von Multicopter \/ Drohnen \/ UAV geh\u00f6ren heute schon zum Standardequipment der Naturfotografen. Daher sind wir als UAV DACH e.V. - Verband f\u00fcr unbemannte Luftfahrt auch hier und engagieren uns mit einer eigenen UAV \/ Drohnen Kategorie bei den Glanzlichtern der Naturfotografie (GdN). Seit 4 Jahren\u2026","rel":"","context":"In &quot;Fotografie&quot;","block_context":{"text":"Fotografie","link":"https:\/\/deltaimage.de\/wp\/?cat=848"},"img":{"alt_text":"","src":"https:\/\/i0.wp.com\/deltaimage.de\/wp\/wp-content\/uploads\/YUN00068-Pano_1200.jpg?fit=1200%2C531&ssl=1&resize=350%2C200","width":350,"height":200,"srcset":"https:\/\/i0.wp.com\/deltaimage.de\/wp\/wp-content\/uploads\/YUN00068-Pano_1200.jpg?fit=1200%2C531&ssl=1&resize=350%2C200 1x, https:\/\/i0.wp.com\/deltaimage.de\/wp\/wp-content\/uploads\/YUN00068-Pano_1200.jpg?fit=1200%2C531&ssl=1&resize=525%2C300 1.5x, https:\/\/i0.wp.com\/deltaimage.de\/wp\/wp-content\/uploads\/YUN00068-Pano_1200.jpg?fit=1200%2C531&ssl=1&resize=700%2C400 2x, https:\/\/i0.wp.com\/deltaimage.de\/wp\/wp-content\/uploads\/YUN00068-Pano_1200.jpg?fit=1200%2C531&ssl=1&resize=1050%2C600 3x"},"classes":[]}],"jetpack_sharing_enabled":true,"_links":{"self":[{"href":"https:\/\/deltaimage.de\/wp\/index.php?rest_route=\/wp\/v2\/posts\/54436","targetHints":{"allow":["GET"]}}],"collection":[{"href":"https:\/\/deltaimage.de\/wp\/index.php?rest_route=\/wp\/v2\/posts"}],"about":[{"href":"https:\/\/deltaimage.de\/wp\/index.php?rest_route=\/wp\/v2\/types\/post"}],"author":[{"embeddable":true,"href":"https:\/\/deltaimage.de\/wp\/index.php?rest_route=\/wp\/v2\/users\/1"}],"replies":[{"embeddable":true,"href":"https:\/\/deltaimage.de\/wp\/index.php?rest_route=%2Fwp%2Fv2%2Fcomments&post=54436"}],"version-history":[{"count":17,"href":"https:\/\/deltaimage.de\/wp\/index.php?rest_route=\/wp\/v2\/posts\/54436\/revisions"}],"predecessor-version":[{"id":54462,"href":"https:\/\/deltaimage.de\/wp\/index.php?rest_route=\/wp\/v2\/posts\/54436\/revisions\/54462"}],"wp:featuredmedia":[{"embeddable":true,"href":"https:\/\/deltaimage.de\/wp\/index.php?rest_route=\/wp\/v2\/media\/54438"}],"wp:attachment":[{"href":"https:\/\/deltaimage.de\/wp\/index.php?rest_route=%2Fwp%2Fv2%2Fmedia&parent=54436"}],"wp:term":[{"taxonomy":"category","embeddable":true,"href":"https:\/\/deltaimage.de\/wp\/index.php?rest_route=%2Fwp%2Fv2%2Fcategories&post=54436"},{"taxonomy":"post_tag","embeddable":true,"href":"https:\/\/deltaimage.de\/wp\/index.php?rest_route=%2Fwp%2Fv2%2Ftags&post=54436"}],"curies":[{"name":"wp","href":"https:\/\/api.w.org\/{rel}","templated":true}]}}