{"id":54476,"date":"2026-04-28T10:41:48","date_gmt":"2026-04-28T08:41:48","guid":{"rendered":"https:\/\/deltaimage.de\/wp\/?p=54476"},"modified":"2026-04-28T14:10:09","modified_gmt":"2026-04-28T12:10:09","slug":"naturfotowettbewerb-glanzlichter-aerial-views-of-nature-mit-dem-dmfv","status":"publish","type":"post","link":"https:\/\/deltaimage.de\/wp\/?p=54476","title":{"rendered":"Naturfotowettbewerb &#8222;Glanzlichter&#8220;:  Aerial Views of Nature mit dem DMFV"},"content":{"rendered":"<p>Auf den <strong>Naturfototagen F\u00fcrstenfeld<\/strong> bin ich seit dem ersten Jahr in <strong>F\u00fcrstenfeldbruck<\/strong> eigentlich in jedem einzelnen Jahr. Ab dem Jahr 2017 habe ich selbst Workshops im Programm der <strong>Naturfototage<\/strong> geleitet. So bin ich auch immer weiter in diese gro\u00dfartige <strong>Naturfotoveranstaltung <\/strong>integriert\u00a0worden. Zu dem zweit\u00e4gigen <strong>Drohnenworkshop f\u00fcr<\/strong>\u00a0Einsteiger hatte mir der Veranstalter <strong>Udo H\u00f6cke<\/strong> als kleines Dankesch\u00f6n auch eine Karte zum Galaabend und den anschlie\u00dfenden Galaabend beigelegt.<\/p>\n<p>So sa\u00df ich 2018 auch erstmalig im Publikum der <strong>Glanzlichter Preisverleihung<\/strong> im Stadtsaal auf dem Forumsgel\u00e4nde. Ich erlebte beeindruckende <strong>Naturfotos<\/strong> in zehn <strong>Wettbewerbskategorien<\/strong>\u00a0\u2013 einfach beeindruckend. Im Jahr zuvor wurde ich im Verband <strong>UAV DACH e.\u00a0V.<\/strong> zum <strong>Referenten f\u00fcr die Presse- und \u00d6ffentlichkeitsarbeit<\/strong>.<\/p>\n<blockquote>\n<pre>Beides erg\u00e4nzte sich hervorragend, war ich der Meinung.<\/pre>\n<\/blockquote>\n<p>Was kann ich selbst tun, damit ich mit <strong>Naturfotos<\/strong> mittels der <strong>Drohne\/UAS<\/strong> da oben auf der B\u00fchne stehen kann und das Logo des <strong>UAV DACH e.\u00a0V.<\/strong> im Konzert der f\u00fchrenden Firmen der Foto- und <strong>Videobranche<\/strong> pr\u00e4sentieren kann?<\/p>\n<p>Die <strong>Natur- und LandschaftsfotografInnen<\/strong> sind immerhin die erste Anwendung der <strong>Drohnen\/UAS<\/strong> \u00fcberhaupt.<\/p>\n<p>Daraus entstand die <strong>Wettbewerbskategorie<\/strong>:<\/p>\n<h1 style=\"text-align: center;\">&#8222;Aerial Views of Nature&#8220;<\/h1>\n<p>&nbsp;<\/p>\n<div id=\"attachment_54483\" style=\"width: 900px\" class=\"wp-caption aligncenter\"><img data-recalc-dims=\"1\" loading=\"lazy\" decoding=\"async\" aria-describedby=\"caption-attachment-54483\" data-attachment-id=\"54483\" data-permalink=\"https:\/\/deltaimage.de\/wp\/?attachment_id=54483#main\" data-orig-file=\"https:\/\/i0.wp.com\/deltaimage.de\/wp\/wp-content\/uploads\/PED41623_900.jpg?fit=890%2C593&amp;ssl=1\" data-orig-size=\"890,593\" data-comments-opened=\"1\" data-image-meta=\"{&quot;aperture&quot;:&quot;2.8&quot;,&quot;credit&quot;:&quot;Paul Eschbach&quot;,&quot;camera&quot;:&quot;Canon EOS-1D Mark IV&quot;,&quot;caption&quot;:&quot;&quot;,&quot;created_timestamp&quot;:&quot;1777059058&quot;,&quot;copyright&quot;:&quot;www.deltaimage.de&quot;,&quot;focal_length&quot;:&quot;35&quot;,&quot;iso&quot;:&quot;6400&quot;,&quot;shutter_speed&quot;:&quot;0.033333333333333&quot;,&quot;title&quot;:&quot;&quot;,&quot;orientation&quot;:&quot;0&quot;}\" data-image-title=\"PED41623_900\" data-image-description=\"\" data-image-caption=\"\" data-large-file=\"https:\/\/i0.wp.com\/deltaimage.de\/wp\/wp-content\/uploads\/PED41623_900.jpg?fit=890%2C593&amp;ssl=1\" class=\"wp-image-54483 size-full\" src=\"https:\/\/i0.wp.com\/deltaimage.de\/wp\/wp-content\/uploads\/PED41623_900.jpg?resize=890%2C593&#038;ssl=1\" alt=\"\" width=\"890\" height=\"593\" srcset=\"https:\/\/i0.wp.com\/deltaimage.de\/wp\/wp-content\/uploads\/PED41623_900.jpg?w=890&amp;ssl=1 890w, https:\/\/i0.wp.com\/deltaimage.de\/wp\/wp-content\/uploads\/PED41623_900.jpg?resize=300%2C200&amp;ssl=1 300w, https:\/\/i0.wp.com\/deltaimage.de\/wp\/wp-content\/uploads\/PED41623_900.jpg?resize=600%2C400&amp;ssl=1 600w, https:\/\/i0.wp.com\/deltaimage.de\/wp\/wp-content\/uploads\/PED41623_900.jpg?resize=200%2C133&amp;ssl=1 200w\" sizes=\"auto, (max-width: 890px) 100vw, 890px\" \/><p id=\"caption-attachment-54483\" class=\"wp-caption-text\">Eines der ausgezeichneten Wettbewerbsbilder in der Kategorie Aerial Views of Nature wird vor gro\u00dfem Publikum bei der Siegerehrung der Glanzlichter der Naturfotografie pr\u00e4sentiert.<\/p><\/div>\n<p><!--more--><\/p>\n<p>Ich wollte der <strong>Drohnenfotografie<\/strong> damit eine ganz besondere Plattform erm\u00f6glichen, um nicht im unmittelbaren Wettbewerb mit allen anderen Fotos zu stehen\u00a0\u2013 eben etwas Besonderes ganz neu denken und erm\u00f6glichen.<\/p>\n<p>&nbsp;<\/p>\n<h2>Vielfalt der Naturmotive in der Drohnenfotografie<\/h2>\n<p>Jetzt findet dieser Wettbewerb schon zum neunten Male statt und es ist jedes Jahr immer wieder eine sch\u00f6ne \u00dcberraschung, die ausgezeichneten Fotos dann zu sehen. Es zeigt sich, dass dieses fotografische Medium bei den FotografInnen sehr gut ankommt und eine gro\u00dfe Bandbreite an Ausdrucksformen und Bildmotiven erm\u00f6glicht.<\/p>\n<div id=\"attachment_54487\" style=\"width: 1210px\" class=\"wp-caption aligncenter\"><img data-recalc-dims=\"1\" loading=\"lazy\" decoding=\"async\" aria-describedby=\"caption-attachment-54487\" data-attachment-id=\"54487\" data-permalink=\"https:\/\/deltaimage.de\/wp\/?attachment_id=54487#main\" data-orig-file=\"https:\/\/i0.wp.com\/deltaimage.de\/wp\/wp-content\/uploads\/PED41606_1200.jpg?fit=1200%2C534&amp;ssl=1\" data-orig-size=\"1200,534\" data-comments-opened=\"1\" data-image-meta=\"{&quot;aperture&quot;:&quot;4.5&quot;,&quot;credit&quot;:&quot;Paul Eschbach&quot;,&quot;camera&quot;:&quot;Canon EOS-1D Mark IV&quot;,&quot;caption&quot;:&quot;&quot;,&quot;created_timestamp&quot;:&quot;1777053867&quot;,&quot;copyright&quot;:&quot;www.deltaimage.de&quot;,&quot;focal_length&quot;:&quot;22&quot;,&quot;iso&quot;:&quot;800&quot;,&quot;shutter_speed&quot;:&quot;0.016666666666667&quot;,&quot;title&quot;:&quot;&quot;,&quot;orientation&quot;:&quot;0&quot;}\" data-image-title=\"PED41606_1200\" data-image-description=\"\" data-image-caption=\"\" data-large-file=\"https:\/\/i0.wp.com\/deltaimage.de\/wp\/wp-content\/uploads\/PED41606_1200.jpg?fit=890%2C396&amp;ssl=1\" class=\"wp-image-54487 size-full\" src=\"https:\/\/i0.wp.com\/deltaimage.de\/wp\/wp-content\/uploads\/PED41606_1200.jpg?resize=890%2C396&#038;ssl=1\" alt=\"\" width=\"890\" height=\"396\" srcset=\"https:\/\/i0.wp.com\/deltaimage.de\/wp\/wp-content\/uploads\/PED41606_1200.jpg?w=1200&amp;ssl=1 1200w, https:\/\/i0.wp.com\/deltaimage.de\/wp\/wp-content\/uploads\/PED41606_1200.jpg?resize=900%2C401&amp;ssl=1 900w, https:\/\/i0.wp.com\/deltaimage.de\/wp\/wp-content\/uploads\/PED41606_1200.jpg?resize=300%2C134&amp;ssl=1 300w, https:\/\/i0.wp.com\/deltaimage.de\/wp\/wp-content\/uploads\/PED41606_1200.jpg?resize=899%2C400&amp;ssl=1 899w\" sizes=\"auto, (max-width: 890px) 100vw, 890px\" \/><p id=\"caption-attachment-54487\" class=\"wp-caption-text\">Acht der zehn ausgezeichneten Bilder der Wettbewerbskategorie &#8222;Aerial Views of Nature&#8220;.<\/p><\/div>\n<p>&nbsp;<\/p>\n<h2>Aerial Views of Nature und der UAV DACH e. V. als Kategoriesponso<\/h2>\n<p>Die Idee und Umsetzung f\u00fcr diese Wettbewerbskategorie <strong>\u00bbAerial Views of Nature\u00ab<\/strong>\u00a0wurden mit dem Verband <strong>UAV DACH e.\u00a0V.<\/strong> auch schnell und zielstrebig umgesetzt. Mit <strong>Achim Friedl<\/strong> als Vorstandsvorsitzendem erhielt ich dazu auch immer die notwendige Unterst\u00fctzung. Ich selbst hatte mich mit der <strong>DELTA IMAGE<\/strong> auch an den Kosten f\u00fcr das Sponsoring beteiligt. Die Bilderausstellung der ausgezeichneten <strong>Natur- und Landschaftsbilder<\/strong>\u00a0geht dann anschlie\u00dfend in 28 Wanderausstellungen durch <strong>Deutschland, \u00d6sterreich, die Niederlande, und Italien<\/strong>. So kommen j\u00e4hrlich etwa 300.000 Besuchende auch gerade als Familien in Kontakt mit diesen <strong>Glanzlichtern der Naturfotografie<\/strong> und eben auch den entsprechenden Fotografien mit der fliegenden Kamera.<\/p>\n<p><img data-recalc-dims=\"1\" loading=\"lazy\" decoding=\"async\" data-attachment-id=\"54482\" data-permalink=\"https:\/\/deltaimage.de\/wp\/?attachment_id=54482#main\" data-orig-file=\"https:\/\/i0.wp.com\/deltaimage.de\/wp\/wp-content\/uploads\/PED41627_900.jpg?fit=890%2C593&amp;ssl=1\" data-orig-size=\"890,593\" data-comments-opened=\"1\" data-image-meta=\"{&quot;aperture&quot;:&quot;2.8&quot;,&quot;credit&quot;:&quot;Paul Eschbach&quot;,&quot;camera&quot;:&quot;Canon EOS-1D Mark IV&quot;,&quot;caption&quot;:&quot;&quot;,&quot;created_timestamp&quot;:&quot;1777059122&quot;,&quot;copyright&quot;:&quot;www.deltaimage.de&quot;,&quot;focal_length&quot;:&quot;35&quot;,&quot;iso&quot;:&quot;6400&quot;,&quot;shutter_speed&quot;:&quot;0.025&quot;,&quot;title&quot;:&quot;&quot;,&quot;orientation&quot;:&quot;0&quot;}\" data-image-title=\"PED41627_900\" data-image-description=\"\" data-image-caption=\"\" data-large-file=\"https:\/\/i0.wp.com\/deltaimage.de\/wp\/wp-content\/uploads\/PED41627_900.jpg?fit=890%2C593&amp;ssl=1\" class=\"aligncenter size-full wp-image-54482\" src=\"https:\/\/i0.wp.com\/deltaimage.de\/wp\/wp-content\/uploads\/PED41627_900.jpg?resize=890%2C593&#038;ssl=1\" alt=\"\" width=\"890\" height=\"593\" srcset=\"https:\/\/i0.wp.com\/deltaimage.de\/wp\/wp-content\/uploads\/PED41627_900.jpg?w=890&amp;ssl=1 890w, https:\/\/i0.wp.com\/deltaimage.de\/wp\/wp-content\/uploads\/PED41627_900.jpg?resize=300%2C200&amp;ssl=1 300w, https:\/\/i0.wp.com\/deltaimage.de\/wp\/wp-content\/uploads\/PED41627_900.jpg?resize=600%2C400&amp;ssl=1 600w, https:\/\/i0.wp.com\/deltaimage.de\/wp\/wp-content\/uploads\/PED41627_900.jpg?resize=200%2C133&amp;ssl=1 200w\" sizes=\"auto, (max-width: 890px) 100vw, 890px\" \/><\/p>\n<p>Mit dem Ende der T\u00e4tigkeit als Vorsitzender des Vorstandes im <strong>UAV DACH e.\u00a0V.<\/strong> beendete der neu gew\u00e4hlte Vorstand dieses Engagement auch umgehend.<\/p>\n<blockquote>\n<pre>Das habe ich nie verstanden.\r\nMit keinem eigenen Engagement soll sich pl\u00f6tzlich ein Erfolg einstellen.<\/pre>\n<\/blockquote>\n<p>&nbsp;<\/p>\n<h2>Aerial Views of Nature und der DMFV Deutscher Modellflieger Verband e. V.<\/h2>\n<p>Mit dem Ende des Engagements des <strong>UAV DACH e.\u00a0V.<\/strong> suchte ich mit <strong>Achim Friedl<\/strong> zusammen nach einem neuen Partner f\u00fcr die <strong>Glanzlichter der Naturfotografie<\/strong>. Diesen haben wir im <strong>Deutschen Modellflieger Verband e.\u00a0V.<\/strong> mit 100.000 Mitgliedern in Deutschland gefunden. Damit war die sch\u00f6ne Wettbewerbskategorie erstmal gesichert.<\/p>\n<p><img data-recalc-dims=\"1\" loading=\"lazy\" decoding=\"async\" data-attachment-id=\"54478\" data-permalink=\"https:\/\/deltaimage.de\/wp\/?attachment_id=54478#main\" data-orig-file=\"https:\/\/i0.wp.com\/deltaimage.de\/wp\/wp-content\/uploads\/PED41628_900.jpg?fit=890%2C593&amp;ssl=1\" data-orig-size=\"890,593\" data-comments-opened=\"1\" data-image-meta=\"{&quot;aperture&quot;:&quot;2.8&quot;,&quot;credit&quot;:&quot;Paul Eschbach&quot;,&quot;camera&quot;:&quot;Canon EOS-1D Mark IV&quot;,&quot;caption&quot;:&quot;&quot;,&quot;created_timestamp&quot;:&quot;1777059305&quot;,&quot;copyright&quot;:&quot;www.deltaimage.de&quot;,&quot;focal_length&quot;:&quot;35&quot;,&quot;iso&quot;:&quot;6400&quot;,&quot;shutter_speed&quot;:&quot;0.008&quot;,&quot;title&quot;:&quot;&quot;,&quot;orientation&quot;:&quot;0&quot;}\" data-image-title=\"PED41628_900\" data-image-description=\"\" data-image-caption=\"\" data-large-file=\"https:\/\/i0.wp.com\/deltaimage.de\/wp\/wp-content\/uploads\/PED41628_900.jpg?fit=890%2C593&amp;ssl=1\" class=\"aligncenter size-full wp-image-54478\" src=\"https:\/\/i0.wp.com\/deltaimage.de\/wp\/wp-content\/uploads\/PED41628_900.jpg?resize=890%2C593&#038;ssl=1\" alt=\"\" width=\"890\" height=\"593\" srcset=\"https:\/\/i0.wp.com\/deltaimage.de\/wp\/wp-content\/uploads\/PED41628_900.jpg?w=890&amp;ssl=1 890w, https:\/\/i0.wp.com\/deltaimage.de\/wp\/wp-content\/uploads\/PED41628_900.jpg?resize=300%2C200&amp;ssl=1 300w, https:\/\/i0.wp.com\/deltaimage.de\/wp\/wp-content\/uploads\/PED41628_900.jpg?resize=600%2C400&amp;ssl=1 600w, https:\/\/i0.wp.com\/deltaimage.de\/wp\/wp-content\/uploads\/PED41628_900.jpg?resize=200%2C133&amp;ssl=1 200w\" sizes=\"auto, (max-width: 890px) 100vw, 890px\" \/><\/p>\n<p>Wir werden nun sehen, wie das in diesem neuen Verband weitergehen wird.<\/p>\n","protected":false},"excerpt":{"rendered":"<p>Auf den Naturfototagen F\u00fcrstenfeld bin ich seit dem ersten Jahr in F\u00fcrstenfeldbruck eigentlich in jedem einzelnen Jahr. Ab dem Jahr 2017 habe ich selbst Workshops im Programm der Naturfototage geleitet. [&hellip;]<\/p>\n","protected":false},"author":1,"featured_media":54479,"comment_status":"open","ping_status":"closed","sticky":false,"template":"","format":"standard","meta":{"wpupg_custom_link":[],"wpupg_custom_link_behaviour":["default"],"wpupg_custom_link_nofollow":["default"],"wpupg_custom_image":[],"wpupg_custom_image_id":[],"jetpack_post_was_ever_published":false,"footnotes":""},"categories":[848,4227,849,3217,1492,8,1973],"tags":[2795,4056,105,2968,2116,87,4423,26,27,4424,4425,734,1204,2125,4427,2140,1927,3429],"class_list":["post-54476","post","type-post","status-publish","format-standard","has-post-thumbnail","hentry","category-fotografie","category-fuerstenfeldbrucker-land","category-multicopter","category-naturfotografie","category-naturfototage-fuerstenfeld","category-news","category-uav-dach-e-v","tag-aerial-views-of-nature","tag-dmfv-e-v","tag-drohne","tag-drohnenfotografie","tag-forum-fuerstenfeld","tag-fotografie","tag-fotomesse","tag-furstenfeld","tag-furstenfeldbruck","tag-fuerstenfeldbrucker-land","tag-glanzlichter-naturfotowettbewerb","tag-landschaftsfotografie","tag-naturfotografie","tag-naturfototage-fuerstenfeld","tag-news-blog-and-tagged-bayern","tag-preisverleihung","tag-uas","tag-uav-dach-e-v-2"],"jetpack_featured_media_url":"https:\/\/i0.wp.com\/deltaimage.de\/wp\/wp-content\/uploads\/PED41624_1200.jpg?fit=1200%2C450&ssl=1","jetpack-related-posts":[{"id":47100,"url":"https:\/\/deltaimage.de\/wp\/?p=47100","url_meta":{"origin":54476,"position":0},"title":"DMFV e.V. als neuer Sponsor der Glanzlichter der Naturfotografie &#8211; &#8222;Aerial Views of Nature&#8220; 2025 in F\u00fcrstenfeld","author":"EschbacP","date":"12. Dezember 2024","format":false,"excerpt":"Bonn\/F\u00fcrstenfeldbruck: Neuer Sponsor der Wettbewerbskategorie \"Aerial Views of Nature\" bei Europas gr\u00f6\u00dftem Naturfotografie-Wettbewerb wird Deutschlands gr\u00f6\u00dfter Verband f\u00fcr Modellflug DMFV e.V. mit Sitz in Bonn. Der Deutsche Modellflieger Verband e. V. (DMFV) tritt damit die erfolgreiche Nachfolge des bisherigen Unterst\u00fctzers UAV DACH e.V. aus Berlin an. \u00a0 Zum Hintergrund: Glanzlichter\u2026","rel":"","context":"In &quot;Multicopter \/ UAV&quot;","block_context":{"text":"Multicopter \/ UAV","link":"https:\/\/deltaimage.de\/wp\/?cat=849"},"img":{"alt_text":"","src":"https:\/\/i0.wp.com\/deltaimage.de\/wp\/wp-content\/uploads\/PE1S0527_1200.jpg?fit=1200%2C450&ssl=1&resize=350%2C200","width":350,"height":200,"srcset":"https:\/\/i0.wp.com\/deltaimage.de\/wp\/wp-content\/uploads\/PE1S0527_1200.jpg?fit=1200%2C450&ssl=1&resize=350%2C200 1x, https:\/\/i0.wp.com\/deltaimage.de\/wp\/wp-content\/uploads\/PE1S0527_1200.jpg?fit=1200%2C450&ssl=1&resize=525%2C300 1.5x, https:\/\/i0.wp.com\/deltaimage.de\/wp\/wp-content\/uploads\/PE1S0527_1200.jpg?fit=1200%2C450&ssl=1&resize=700%2C400 2x, https:\/\/i0.wp.com\/deltaimage.de\/wp\/wp-content\/uploads\/PE1S0527_1200.jpg?fit=1200%2C450&ssl=1&resize=1050%2C600 3x"},"classes":[]},{"id":42866,"url":"https:\/\/deltaimage.de\/wp\/?p=42866","url_meta":{"origin":54476,"position":1},"title":"Naturfototage in F\u00fcrstenfeldbruck 2024 &#8211; Paul Eschbach vor Ort","author":"EschbacP","date":"13. April 2024","format":false,"excerpt":"Die gr\u00f6\u00dfte Fotoveranstaltung in S\u00fcddeutschland, die Naturfototage F\u00fcrstenfeldbruck, findet am kommenden Wochenende Freitag 19. bis Sonntag 21. April 2024 statt.\u00a0www.glanzlichter.com.\u00a0Die Naturfototage auf dem Freigel\u00e4nde und in der Tenne ist mit freiem Eintritt. Das d\u00fcrfte in ganz Deutschland einmalig sein. Europas gr\u00f6\u00dfter Naturfotowettbewerb Am Freitag, den 19.4. werden um 18.00 Uhr\u2026","rel":"","context":"In &quot;Naturfotografie&quot;","block_context":{"text":"Naturfotografie","link":"https:\/\/deltaimage.de\/wp\/?cat=3217"},"img":{"alt_text":"","src":"https:\/\/i0.wp.com\/deltaimage.de\/wp\/wp-content\/uploads\/PE1S0527_1200.jpg?fit=1200%2C450&ssl=1&resize=350%2C200","width":350,"height":200,"srcset":"https:\/\/i0.wp.com\/deltaimage.de\/wp\/wp-content\/uploads\/PE1S0527_1200.jpg?fit=1200%2C450&ssl=1&resize=350%2C200 1x, https:\/\/i0.wp.com\/deltaimage.de\/wp\/wp-content\/uploads\/PE1S0527_1200.jpg?fit=1200%2C450&ssl=1&resize=525%2C300 1.5x, https:\/\/i0.wp.com\/deltaimage.de\/wp\/wp-content\/uploads\/PE1S0527_1200.jpg?fit=1200%2C450&ssl=1&resize=700%2C400 2x, https:\/\/i0.wp.com\/deltaimage.de\/wp\/wp-content\/uploads\/PE1S0527_1200.jpg?fit=1200%2C450&ssl=1&resize=1050%2C600 3x"},"classes":[]},{"id":54457,"url":"https:\/\/deltaimage.de\/wp\/?p=54457","url_meta":{"origin":54476,"position":2},"title":"Naturfotowettbewerb &#8222;Glanzlichter&#8220;:  Preisverleihung im Forum F\u00fcrstenfeld","author":"EschbacP","date":"28. April 2026","format":false,"excerpt":"Die Internationalen Naturfototage F\u00fcrstenfeld in F\u00fcrstenfeldbruck bei M\u00fcnchen sind die gr\u00f6\u00dfte Fotoveranstaltung in S\u00fcddeutschland und werden zusammen mit dem bedeutendsten internationalen Naturfotowettbewerb \"Glanzlichter der Naturfotografie\" in zehn unterschiedlichen Wettbewerbskategorien in Europa veranstaltet. Da kommt viel Natur- und Landschaftsfotografie zusammen und werden als H\u00f6hepunkt im Jahreskreis ausgezeichnet und pr\u00e4miert. Die Siegerehrung\u2026","rel":"","context":"In &quot;Fotografie&quot;","block_context":{"text":"Fotografie","link":"https:\/\/deltaimage.de\/wp\/?cat=848"},"img":{"alt_text":"","src":"https:\/\/i0.wp.com\/deltaimage.de\/wp\/wp-content\/uploads\/PED41636_1200.jpg?fit=1200%2C450&ssl=1&resize=350%2C200","width":350,"height":200,"srcset":"https:\/\/i0.wp.com\/deltaimage.de\/wp\/wp-content\/uploads\/PED41636_1200.jpg?fit=1200%2C450&ssl=1&resize=350%2C200 1x, https:\/\/i0.wp.com\/deltaimage.de\/wp\/wp-content\/uploads\/PED41636_1200.jpg?fit=1200%2C450&ssl=1&resize=525%2C300 1.5x, https:\/\/i0.wp.com\/deltaimage.de\/wp\/wp-content\/uploads\/PED41636_1200.jpg?fit=1200%2C450&ssl=1&resize=700%2C400 2x, https:\/\/i0.wp.com\/deltaimage.de\/wp\/wp-content\/uploads\/PED41636_1200.jpg?fit=1200%2C450&ssl=1&resize=1050%2C600 3x"},"classes":[]},{"id":39621,"url":"https:\/\/deltaimage.de\/wp\/?p=39621","url_meta":{"origin":54476,"position":3},"title":"25. Naturfototage F\u00fcrstenfeldbruck waren ein gro\u00dfer Erfolg","author":"EschbacP","date":"20. April 2023","format":false,"excerpt":"Deutschlands gr\u00f6\u00dfte Fotoveranstaltung mit freiem Eintritt fand wieder auf dem herrlichen Forum F\u00fcrstenfeldbruck, einer wundersch\u00f6nen barocken Klosteranlage statt. Bis zu 15.000 BesucherInnen str\u00f6men an dem Wochenende in das \u00fcberregionale Mekka der Fotografie. Die 25. Naturfototage F\u00fcrstenfeldbruck 2023 waren nun wieder ohne Beschr\u00e4nkungen durch COVID im vollen Umfang dargeboten worden. Sch\u00f6n\u2026","rel":"","context":"In &quot;BAYERWALDTEAM&quot;","block_context":{"text":"BAYERWALDTEAM","link":"https:\/\/deltaimage.de\/wp\/?cat=861"},"img":{"alt_text":"","src":"https:\/\/i0.wp.com\/deltaimage.de\/wp\/wp-content\/uploads\/PE5D5309_1200.jpg?fit=1200%2C450&ssl=1&resize=350%2C200","width":350,"height":200,"srcset":"https:\/\/i0.wp.com\/deltaimage.de\/wp\/wp-content\/uploads\/PE5D5309_1200.jpg?fit=1200%2C450&ssl=1&resize=350%2C200 1x, https:\/\/i0.wp.com\/deltaimage.de\/wp\/wp-content\/uploads\/PE5D5309_1200.jpg?fit=1200%2C450&ssl=1&resize=525%2C300 1.5x, https:\/\/i0.wp.com\/deltaimage.de\/wp\/wp-content\/uploads\/PE5D5309_1200.jpg?fit=1200%2C450&ssl=1&resize=700%2C400 2x, https:\/\/i0.wp.com\/deltaimage.de\/wp\/wp-content\/uploads\/PE5D5309_1200.jpg?fit=1200%2C450&ssl=1&resize=1050%2C600 3x"},"classes":[]},{"id":54319,"url":"https:\/\/deltaimage.de\/wp\/?p=54319","url_meta":{"origin":54476,"position":4},"title":"Demn\u00e4chst: 28. Naturfototage F\u00fcrstenfeld bei M\u00fcnchen: 24. &#8211; 26. April 2026","author":"EschbacP","date":"19. April 2026","format":false,"excerpt":"Am kommenden Freitag beginnen an drei aufeinanderfolgenden Tagen die \u00e4u\u00dferst beliebten und ebenso erfolgreichen Naturfototage F\u00fcrstenfeld, in F\u00fcrstenfeldbruck bei M\u00fcnchen. Die Gesamtveranstaltung findet im Forum F\u00fcrstenfeldbruck statt, dem zu einer Veranstaltungsfl\u00e4che umgebauten ehemaligen Klosterareal mit einer der sch\u00f6nsten Barockkirchen in S\u00fcddeutschland. Mehr Informationen: www.fuerstenfelder-naturfototage.com \u00a0 28. Internationale Naturfototage F\u00fcrstenfeld Freitag,\u2026","rel":"","context":"In &quot;Fotografie&quot;","block_context":{"text":"Fotografie","link":"https:\/\/deltaimage.de\/wp\/?cat=848"},"img":{"alt_text":"","src":"https:\/\/i0.wp.com\/deltaimage.de\/wp\/wp-content\/uploads\/PED45897_1200.jpg?fit=1200%2C450&ssl=1&resize=350%2C200","width":350,"height":200,"srcset":"https:\/\/i0.wp.com\/deltaimage.de\/wp\/wp-content\/uploads\/PED45897_1200.jpg?fit=1200%2C450&ssl=1&resize=350%2C200 1x, https:\/\/i0.wp.com\/deltaimage.de\/wp\/wp-content\/uploads\/PED45897_1200.jpg?fit=1200%2C450&ssl=1&resize=525%2C300 1.5x, https:\/\/i0.wp.com\/deltaimage.de\/wp\/wp-content\/uploads\/PED45897_1200.jpg?fit=1200%2C450&ssl=1&resize=700%2C400 2x, https:\/\/i0.wp.com\/deltaimage.de\/wp\/wp-content\/uploads\/PED45897_1200.jpg?fit=1200%2C450&ssl=1&resize=1050%2C600 3x"},"classes":[]},{"id":29547,"url":"https:\/\/deltaimage.de\/wp\/?p=29547","url_meta":{"origin":54476,"position":5},"title":"S\u00fcddeutsche Zeitung: Naturfototage F\u00fcrstenfeldbruck 2021","author":"EschbacP","date":"2. August 2021","format":false,"excerpt":"Die Naturfototage F\u00fcrstenfeldbruck sind die gr\u00f6\u00dfte Naturfotoveranstaltung in S\u00fcddeutschland und dieses Jahr durch Corona bedingt, vermutlich auch die gr\u00f6\u00dfte in ganz Deutschland. Es trifft sich in F\u00fcrstenfeldbruck bei M\u00fcnchen die Naturfotobranche mit den bekannten Spitzen-FotografInnen, der Fotoindustrie, Dienstleistern, Reiseveranstaltern, Buchverlagen, Workshops zur Naturfotografie - und eigentlich allem was dazu geh\u00f6rt.\u2026","rel":"","context":"In &quot;Dachauer Moos&quot;","block_context":{"text":"Dachauer Moos","link":"https:\/\/deltaimage.de\/wp\/?cat=2523"},"img":{"alt_text":"","src":"https:\/\/i0.wp.com\/deltaimage.de\/wp\/wp-content\/uploads\/SZ-Naturfototage_Bild_2021.jpg?fit=1200%2C803&ssl=1&resize=350%2C200","width":350,"height":200,"srcset":"https:\/\/i0.wp.com\/deltaimage.de\/wp\/wp-content\/uploads\/SZ-Naturfototage_Bild_2021.jpg?fit=1200%2C803&ssl=1&resize=350%2C200 1x, https:\/\/i0.wp.com\/deltaimage.de\/wp\/wp-content\/uploads\/SZ-Naturfototage_Bild_2021.jpg?fit=1200%2C803&ssl=1&resize=525%2C300 1.5x, https:\/\/i0.wp.com\/deltaimage.de\/wp\/wp-content\/uploads\/SZ-Naturfototage_Bild_2021.jpg?fit=1200%2C803&ssl=1&resize=700%2C400 2x, https:\/\/i0.wp.com\/deltaimage.de\/wp\/wp-content\/uploads\/SZ-Naturfototage_Bild_2021.jpg?fit=1200%2C803&ssl=1&resize=1050%2C600 3x"},"classes":[]}],"jetpack_sharing_enabled":true,"_links":{"self":[{"href":"https:\/\/deltaimage.de\/wp\/index.php?rest_route=\/wp\/v2\/posts\/54476","targetHints":{"allow":["GET"]}}],"collection":[{"href":"https:\/\/deltaimage.de\/wp\/index.php?rest_route=\/wp\/v2\/posts"}],"about":[{"href":"https:\/\/deltaimage.de\/wp\/index.php?rest_route=\/wp\/v2\/types\/post"}],"author":[{"embeddable":true,"href":"https:\/\/deltaimage.de\/wp\/index.php?rest_route=\/wp\/v2\/users\/1"}],"replies":[{"embeddable":true,"href":"https:\/\/deltaimage.de\/wp\/index.php?rest_route=%2Fwp%2Fv2%2Fcomments&post=54476"}],"version-history":[{"count":12,"href":"https:\/\/deltaimage.de\/wp\/index.php?rest_route=\/wp\/v2\/posts\/54476\/revisions"}],"predecessor-version":[{"id":54564,"href":"https:\/\/deltaimage.de\/wp\/index.php?rest_route=\/wp\/v2\/posts\/54476\/revisions\/54564"}],"wp:featuredmedia":[{"embeddable":true,"href":"https:\/\/deltaimage.de\/wp\/index.php?rest_route=\/wp\/v2\/media\/54479"}],"wp:attachment":[{"href":"https:\/\/deltaimage.de\/wp\/index.php?rest_route=%2Fwp%2Fv2%2Fmedia&parent=54476"}],"wp:term":[{"taxonomy":"category","embeddable":true,"href":"https:\/\/deltaimage.de\/wp\/index.php?rest_route=%2Fwp%2Fv2%2Fcategories&post=54476"},{"taxonomy":"post_tag","embeddable":true,"href":"https:\/\/deltaimage.de\/wp\/index.php?rest_route=%2Fwp%2Fv2%2Ftags&post=54476"}],"curies":[{"name":"wp","href":"https:\/\/api.w.org\/{rel}","templated":true}]}}