{"id":54565,"date":"2026-04-29T20:59:27","date_gmt":"2026-04-29T18:59:27","guid":{"rendered":"https:\/\/deltaimage.de\/wp\/?p=54565"},"modified":"2026-04-29T21:45:15","modified_gmt":"2026-04-29T19:45:15","slug":"greifvoegel-im-flug-fotografieren-naturfotografie-in-fuerstenfeld-bei-den-naturfototagen","status":"publish","type":"post","link":"https:\/\/deltaimage.de\/wp\/?p=54565","title":{"rendered":"Greifv\u00f6gel im Flug fotografieren: Naturfotografie in F\u00fcrstenfeld bei den Naturfototagen"},"content":{"rendered":"<p>Viele NaturfotografInnen tr\u00e4umen vom ganz besonderen Zusammentreffen mit den Tieren in den <strong>Naturlandschaften<\/strong>:<\/p>\n<blockquote>\n<pre>Ich w\u00fcrde gerne einmal an einem vertr\u00e4umten See sitzen und auf einen Fischadler tagelang warten. \r\nWenn er dann kommt, muss alles ganz schnell gehen. Er fliegt zielstrebig auf deine Beute zu, \r\nknapp \u00fcber der Wasseroberfl\u00e4che und streckt seine F\u00e4nge nach vorne. Im richtigen Moment greift \r\ner sich den Fisch unter der Wasseroberfl\u00e4che und steigt mit kr\u00e4ftigen Fl\u00fcgelschl\u00e4gen wieder \r\nhinauf in sichere H\u00f6hen. An einem ruhigen Platz verspeist er dann seinen Fang. \r\nAls Fotograf habe ich in meinem Traum die einmalige Gelegenheit, den ganzen Ablauf mit \r\nmeiner Kamera und einem dazu passenden Objektiv in traumhaft sch\u00f6nen Bildmotiven \r\nfesthalten zu k\u00f6nnen.<\/pre>\n<\/blockquote>\n<p>In meiner <strong>Niedermoor-Landschaft<\/strong> haben wir keine Fischadler und auch keine dazu passenden Wasserfl\u00e4chen. Im Moos kommen aber immerhin <strong>M\u00e4usebussarde<\/strong>, <strong>Rotmilane<\/strong> und <strong>Turmfalken<\/strong> recht h\u00e4ufig vor.<\/p>\n<div id=\"attachment_54568\" style=\"width: 1210px\" class=\"wp-caption aligncenter\"><img data-recalc-dims=\"1\" loading=\"lazy\" decoding=\"async\" aria-describedby=\"caption-attachment-54568\" data-attachment-id=\"54568\" data-permalink=\"https:\/\/deltaimage.de\/wp\/?attachment_id=54568#main\" data-orig-file=\"https:\/\/i0.wp.com\/deltaimage.de\/wp\/wp-content\/uploads\/PED42311_1200.jpg?fit=1200%2C450&amp;ssl=1\" data-orig-size=\"1200,450\" data-comments-opened=\"1\" data-image-meta=\"{&quot;aperture&quot;:&quot;6.3&quot;,&quot;credit&quot;:&quot;Paul Eschbach&quot;,&quot;camera&quot;:&quot;Canon EOS-1D Mark IV&quot;,&quot;caption&quot;:&quot;&quot;,&quot;created_timestamp&quot;:&quot;1777219960&quot;,&quot;copyright&quot;:&quot;www.deltaimage.de&quot;,&quot;focal_length&quot;:&quot;400&quot;,&quot;iso&quot;:&quot;1600&quot;,&quot;shutter_speed&quot;:&quot;0.00025&quot;,&quot;title&quot;:&quot;&quot;,&quot;orientation&quot;:&quot;0&quot;}\" data-image-title=\"PED42311_1200\" data-image-description=\"\" data-image-caption=\"\" data-large-file=\"https:\/\/i0.wp.com\/deltaimage.de\/wp\/wp-content\/uploads\/PED42311_1200.jpg?fit=890%2C334&amp;ssl=1\" class=\"wp-image-54568 size-full\" src=\"https:\/\/i0.wp.com\/deltaimage.de\/wp\/wp-content\/uploads\/PED42311_1200.jpg?resize=890%2C334&#038;ssl=1\" alt=\"\" width=\"890\" height=\"334\" srcset=\"https:\/\/i0.wp.com\/deltaimage.de\/wp\/wp-content\/uploads\/PED42311_1200.jpg?w=1200&amp;ssl=1 1200w, https:\/\/i0.wp.com\/deltaimage.de\/wp\/wp-content\/uploads\/PED42311_1200.jpg?resize=900%2C338&amp;ssl=1 900w, https:\/\/i0.wp.com\/deltaimage.de\/wp\/wp-content\/uploads\/PED42311_1200.jpg?resize=300%2C113&amp;ssl=1 300w, https:\/\/i0.wp.com\/deltaimage.de\/wp\/wp-content\/uploads\/PED42311_1200.jpg?resize=1067%2C400&amp;ssl=1 1067w\" sizes=\"auto, (max-width: 890px) 100vw, 890px\" \/><p id=\"caption-attachment-54568\" class=\"wp-caption-text\">Ein erwachsener Wei\u00dfkopfseeadler im Flugprogramm bei den Naturfototagen F\u00fcrstenfeld.<\/p><\/div>\n<p>Die <strong>Naturfototage F\u00fcrstenfeld<\/strong> in <strong>F\u00fcrstenfeldbruck<\/strong> bei M\u00fcnchen geben mir und vielen anderen <em>FotografInnen<\/em> auch, die Gelegenheit, die gro\u00dfe Welt der <strong>Naturfotografie<\/strong> mit exotischen Bildmotiven selbst hautnah erleben zu k\u00f6nnen.<\/p>\n<p><!--more--><\/p>\n<p>&nbsp;<\/p>\n<h2>Greifv\u00f6gel: Flugvorf\u00fchrung auf der Flugwiese am Samstag und Sonntag<\/h2>\n<p>An beiden <strong>Naturfototagen<\/strong> sind die <strong>Greifv\u00f6gel<\/strong> jeweils dreimal am Tag (12.00, 14.00 und 16.00 Uhr) am Fliegen f\u00fcr die tausenden <em>ZuschauerInnen<\/em>. So nahe kommt man den sch\u00f6nen Greifv\u00f6geln in der freien Natur wohl selbst niemals. F\u00fcr mich immer wieder eine sehr gute Gelegenheit, die Greifv\u00f6gel bei ihrer Flugvorf\u00fchrung intensiv zu beobachten und mit meiner Kamera und meinem Objektiv entsprechend sch\u00f6ne Bildmotive zu versuchen. Ein Foto bei solch einer Flugvorf\u00fchrung ist auf keinen Fall mit einer Begegnung in der freien Natur zu vergleichen. Aber es l\u00e4sst sich die Fototechnik weiter erproben und Erfahrung sammeln\u00a0\u2013 f\u00fcr den Fall, dass ich doch einmal am Wasser sitze und ein Fischadler zuf\u00e4llig des Weges kommt.<\/p>\n<div id=\"attachment_54572\" style=\"width: 1210px\" class=\"wp-caption aligncenter\"><img data-recalc-dims=\"1\" loading=\"lazy\" decoding=\"async\" aria-describedby=\"caption-attachment-54572\" data-attachment-id=\"54572\" data-permalink=\"https:\/\/deltaimage.de\/wp\/?attachment_id=54572#main\" data-orig-file=\"https:\/\/i0.wp.com\/deltaimage.de\/wp\/wp-content\/uploads\/PED41958_1200.jpg?fit=1200%2C450&amp;ssl=1\" data-orig-size=\"1200,450\" data-comments-opened=\"1\" data-image-meta=\"{&quot;aperture&quot;:&quot;5&quot;,&quot;credit&quot;:&quot;Paul Eschbach&quot;,&quot;camera&quot;:&quot;Canon EOS-1D Mark IV&quot;,&quot;caption&quot;:&quot;&quot;,&quot;created_timestamp&quot;:&quot;1777205787&quot;,&quot;copyright&quot;:&quot;www.deltaimage.de&quot;,&quot;focal_length&quot;:&quot;400&quot;,&quot;iso&quot;:&quot;1600&quot;,&quot;shutter_speed&quot;:&quot;0.00025&quot;,&quot;title&quot;:&quot;&quot;,&quot;orientation&quot;:&quot;0&quot;}\" data-image-title=\"PED41958_1200\" data-image-description=\"\" data-image-caption=\"\" data-large-file=\"https:\/\/i0.wp.com\/deltaimage.de\/wp\/wp-content\/uploads\/PED41958_1200.jpg?fit=890%2C334&amp;ssl=1\" class=\"wp-image-54572 size-full\" src=\"https:\/\/i0.wp.com\/deltaimage.de\/wp\/wp-content\/uploads\/PED41958_1200.jpg?resize=890%2C334&#038;ssl=1\" alt=\"\" width=\"890\" height=\"334\" srcset=\"https:\/\/i0.wp.com\/deltaimage.de\/wp\/wp-content\/uploads\/PED41958_1200.jpg?w=1200&amp;ssl=1 1200w, https:\/\/i0.wp.com\/deltaimage.de\/wp\/wp-content\/uploads\/PED41958_1200.jpg?resize=900%2C338&amp;ssl=1 900w, https:\/\/i0.wp.com\/deltaimage.de\/wp\/wp-content\/uploads\/PED41958_1200.jpg?resize=300%2C113&amp;ssl=1 300w, https:\/\/i0.wp.com\/deltaimage.de\/wp\/wp-content\/uploads\/PED41958_1200.jpg?resize=1067%2C400&amp;ssl=1 1067w\" sizes=\"auto, (max-width: 890px) 100vw, 890px\" \/><p id=\"caption-attachment-54572\" class=\"wp-caption-text\">Ein Schreiseeadler im Flugprogramm bei den Naturfototagen F\u00fcrstenfeld.<\/p><\/div>\n<p>&nbsp;<\/p>\n<h2>Verfeinerung der eigenen Foto-Technik<\/h2>\n<p>Solch eine Trainingseinheit auf der Flugwiese ist f\u00fcr mich immer wieder eine \u00dcberpr\u00fcfung der wichtigen Systemeinstellungen der verwendeten Digitalkamera. Ich verwendete folgende Ausr\u00fcstung:<\/p>\n<ul>\n<li>Canon EOS 1D Mark IV; DSLR, 10 fps, 16 MP, APS-H (Crop 1,3)<\/li>\n<li>Canon EF 400 f\/4.0 DO USM<\/li>\n<li>kein Stativ<\/li>\n<\/ul>\n<p>Diese Kombination bringt eine Brennweite von 520 mm an den Start.<\/p>\n<div id=\"attachment_54571\" style=\"width: 1210px\" class=\"wp-caption aligncenter\"><img data-recalc-dims=\"1\" loading=\"lazy\" decoding=\"async\" aria-describedby=\"caption-attachment-54571\" data-attachment-id=\"54571\" data-permalink=\"https:\/\/deltaimage.de\/wp\/?attachment_id=54571#main\" data-orig-file=\"https:\/\/i0.wp.com\/deltaimage.de\/wp\/wp-content\/uploads\/PED41976_1200.jpg?fit=1200%2C450&amp;ssl=1\" data-orig-size=\"1200,450\" data-comments-opened=\"1\" data-image-meta=\"{&quot;aperture&quot;:&quot;5.6&quot;,&quot;credit&quot;:&quot;Paul Eschbach&quot;,&quot;camera&quot;:&quot;Canon EOS-1D Mark IV&quot;,&quot;caption&quot;:&quot;&quot;,&quot;created_timestamp&quot;:&quot;1777205797&quot;,&quot;copyright&quot;:&quot;www.deltaimage.de&quot;,&quot;focal_length&quot;:&quot;400&quot;,&quot;iso&quot;:&quot;1600&quot;,&quot;shutter_speed&quot;:&quot;0.00025&quot;,&quot;title&quot;:&quot;&quot;,&quot;orientation&quot;:&quot;0&quot;}\" data-image-title=\"PED41976_1200\" data-image-description=\"\" data-image-caption=\"\" data-large-file=\"https:\/\/i0.wp.com\/deltaimage.de\/wp\/wp-content\/uploads\/PED41976_1200.jpg?fit=890%2C334&amp;ssl=1\" class=\"wp-image-54571 size-full\" src=\"https:\/\/i0.wp.com\/deltaimage.de\/wp\/wp-content\/uploads\/PED41976_1200.jpg?resize=890%2C334&#038;ssl=1\" alt=\"\" width=\"890\" height=\"334\" srcset=\"https:\/\/i0.wp.com\/deltaimage.de\/wp\/wp-content\/uploads\/PED41976_1200.jpg?w=1200&amp;ssl=1 1200w, https:\/\/i0.wp.com\/deltaimage.de\/wp\/wp-content\/uploads\/PED41976_1200.jpg?resize=900%2C338&amp;ssl=1 900w, https:\/\/i0.wp.com\/deltaimage.de\/wp\/wp-content\/uploads\/PED41976_1200.jpg?resize=300%2C113&amp;ssl=1 300w, https:\/\/i0.wp.com\/deltaimage.de\/wp\/wp-content\/uploads\/PED41976_1200.jpg?resize=1067%2C400&amp;ssl=1 1067w\" sizes=\"auto, (max-width: 890px) 100vw, 890px\" \/><p id=\"caption-attachment-54571\" class=\"wp-caption-text\">Ein erwachsener Wei\u00dfkopfseeadler im Flugprogramm bei den Naturfototagen F\u00fcrstenfeld.<\/p><\/div>\n<p>Bei den Flugvorf\u00fchrungen passiert das Verhalten in der freien Natur vielleicht auch hier, aber wesentlich zeitlich komprimiert und immer wieder nacheinander. Kommt in der freien Natur der Greifvogel nur einmal am Tag vorbei \u2013 dann muss alles auf den Punkt passen. Auf der Flugwiese auf dem Forums-Gel\u00e4nde vor der ehemaligen Klosterkirche kommen die Greifv\u00f6gel 20\u201330 Mal vorbei.<\/p>\n<p>&nbsp;<\/p>\n<h2>Herausforderungen der Flugvorf\u00fchrungen<\/h2>\n<p>Die sagenhaft sch\u00f6nen V\u00f6gel fliegen ganz niedrig \u00fcber die K\u00f6pfe der vielen <em>ZuschauerInnen<\/em>. So muss sich die <em>FotografIn<\/em> mit diesen St\u00f6rungen im Bild arrangieren und dadurch in der eigenen Fototechnik selbst auch wachsen. In der freien Natur ist es halt der Baum, der Zweig oder der Felsen, der ung\u00fcnstig ins Bild ragt. Daf\u00fcr kann ich mir auf der Flugwiese meinen eigenen Standort viel freier ausw\u00e4hlen und daraus auch lernen.<\/p>\n<div id=\"attachment_54570\" style=\"width: 1210px\" class=\"wp-caption aligncenter\"><img data-recalc-dims=\"1\" loading=\"lazy\" decoding=\"async\" aria-describedby=\"caption-attachment-54570\" data-attachment-id=\"54570\" data-permalink=\"https:\/\/deltaimage.de\/wp\/?attachment_id=54570#main\" data-orig-file=\"https:\/\/i0.wp.com\/deltaimage.de\/wp\/wp-content\/uploads\/PED42215_1200.jpg?fit=1200%2C450&amp;ssl=1\" data-orig-size=\"1200,450\" data-comments-opened=\"1\" data-image-meta=\"{&quot;aperture&quot;:&quot;4&quot;,&quot;credit&quot;:&quot;Paul Eschbach&quot;,&quot;camera&quot;:&quot;Canon EOS-1D Mark IV&quot;,&quot;caption&quot;:&quot;&quot;,&quot;created_timestamp&quot;:&quot;1777219888&quot;,&quot;copyright&quot;:&quot;www.deltaimage.de&quot;,&quot;focal_length&quot;:&quot;400&quot;,&quot;iso&quot;:&quot;2500&quot;,&quot;shutter_speed&quot;:&quot;0.00025&quot;,&quot;title&quot;:&quot;&quot;,&quot;orientation&quot;:&quot;0&quot;}\" data-image-title=\"PED42215_1200\" data-image-description=\"\" data-image-caption=\"\" data-large-file=\"https:\/\/i0.wp.com\/deltaimage.de\/wp\/wp-content\/uploads\/PED42215_1200.jpg?fit=890%2C334&amp;ssl=1\" class=\"wp-image-54570 size-full\" src=\"https:\/\/i0.wp.com\/deltaimage.de\/wp\/wp-content\/uploads\/PED42215_1200.jpg?resize=890%2C334&#038;ssl=1\" alt=\"\" width=\"890\" height=\"334\" srcset=\"https:\/\/i0.wp.com\/deltaimage.de\/wp\/wp-content\/uploads\/PED42215_1200.jpg?w=1200&amp;ssl=1 1200w, https:\/\/i0.wp.com\/deltaimage.de\/wp\/wp-content\/uploads\/PED42215_1200.jpg?resize=900%2C338&amp;ssl=1 900w, https:\/\/i0.wp.com\/deltaimage.de\/wp\/wp-content\/uploads\/PED42215_1200.jpg?resize=300%2C113&amp;ssl=1 300w, https:\/\/i0.wp.com\/deltaimage.de\/wp\/wp-content\/uploads\/PED42215_1200.jpg?resize=1067%2C400&amp;ssl=1 1067w\" sizes=\"auto, (max-width: 890px) 100vw, 890px\" \/><p id=\"caption-attachment-54570\" class=\"wp-caption-text\">Ein junger Wei\u00dfkopfseeadler im Flugprogramm bei den Naturfototagen F\u00fcrstenfeld.<\/p><\/div>\n<blockquote>\n<pre>\u2026 und trotzdem scharfe Bilder mit einer annehmbaren Gestaltung mit nach Hause zu bringen\r\nist schon eine Motivation als Fotograf \u2013 jedenfalls f\u00fcr mich.<\/pre>\n<\/blockquote>\n<p>&nbsp;<\/p>\n<h2>Wei\u00dfkopfseeadler und Schreiseeadler auf der Flugwiese<\/h2>\n<p>Auf der Flugwiese kommen von der Greifvogel-Station Hellental drei verschiedene Greifv\u00f6gel zum Fliegen:<\/p>\n<ul>\n<li>Ein <strong>Schreiseeadler<\/strong>, die Stimme Afrikas,<\/li>\n<li>ein ausgewachsener <strong>Wei\u00dfkopfseeadler<\/strong> <strong>\u2013<\/strong> das Wappentier der USA und an seinem wei\u00dfen Gefieder am Kopf sehr leicht zu erkennen,<\/li>\n<li>ein <strong>Wei\u00dfkopfseeadler<\/strong> als Jungvogel, ohne die markanten wei\u00dfen Kopffedern.<\/li>\n<\/ul>\n<div id=\"attachment_54569\" style=\"width: 1210px\" class=\"wp-caption aligncenter\"><img data-recalc-dims=\"1\" loading=\"lazy\" decoding=\"async\" aria-describedby=\"caption-attachment-54569\" data-attachment-id=\"54569\" data-permalink=\"https:\/\/deltaimage.de\/wp\/?attachment_id=54569#main\" data-orig-file=\"https:\/\/i0.wp.com\/deltaimage.de\/wp\/wp-content\/uploads\/PED42286_1200.jpg?fit=1200%2C450&amp;ssl=1\" data-orig-size=\"1200,450\" data-comments-opened=\"1\" data-image-meta=\"{&quot;aperture&quot;:&quot;5.6&quot;,&quot;credit&quot;:&quot;Paul Eschbach&quot;,&quot;camera&quot;:&quot;Canon EOS-1D Mark IV&quot;,&quot;caption&quot;:&quot;&quot;,&quot;created_timestamp&quot;:&quot;1777219954&quot;,&quot;copyright&quot;:&quot;www.deltaimage.de&quot;,&quot;focal_length&quot;:&quot;400&quot;,&quot;iso&quot;:&quot;1600&quot;,&quot;shutter_speed&quot;:&quot;0.00025&quot;,&quot;title&quot;:&quot;&quot;,&quot;orientation&quot;:&quot;0&quot;}\" data-image-title=\"PED42286_1200\" data-image-description=\"\" data-image-caption=\"\" data-large-file=\"https:\/\/i0.wp.com\/deltaimage.de\/wp\/wp-content\/uploads\/PED42286_1200.jpg?fit=890%2C334&amp;ssl=1\" class=\"wp-image-54569 size-full\" src=\"https:\/\/i0.wp.com\/deltaimage.de\/wp\/wp-content\/uploads\/PED42286_1200.jpg?resize=890%2C334&#038;ssl=1\" alt=\"\" width=\"890\" height=\"334\" srcset=\"https:\/\/i0.wp.com\/deltaimage.de\/wp\/wp-content\/uploads\/PED42286_1200.jpg?w=1200&amp;ssl=1 1200w, https:\/\/i0.wp.com\/deltaimage.de\/wp\/wp-content\/uploads\/PED42286_1200.jpg?resize=900%2C338&amp;ssl=1 900w, https:\/\/i0.wp.com\/deltaimage.de\/wp\/wp-content\/uploads\/PED42286_1200.jpg?resize=300%2C113&amp;ssl=1 300w, https:\/\/i0.wp.com\/deltaimage.de\/wp\/wp-content\/uploads\/PED42286_1200.jpg?resize=1067%2C400&amp;ssl=1 1067w\" sizes=\"auto, (max-width: 890px) 100vw, 890px\" \/><p id=\"caption-attachment-54569\" class=\"wp-caption-text\">Ein Schreiseeadler im Flugprogramm bei den Naturfototagen F\u00fcrstenfeld.<\/p><\/div>\n<p>&nbsp;<\/p>\n<h2>Das sch\u00f6ne Bild von den fliegenden Greiv\u00f6geln<\/h2>\n<p>Das Fotografieren im Flug geht so schnell vonstatten, dass nur das, was vorher eingestellt ist, eine Chance hat. Meine typischen Einstellungen sind meist:<\/p>\n<ul>\n<li>Autofokus auf AF-C (Continue)<\/li>\n<li>Zeitvorwahl auf 1\/4000 s oder 1\/8000s<\/li>\n<li>Empfindlichkeit ISO 1600 oder 3200<\/li>\n<li>Blende f\/5,6 bis f\/8, nach Automatik<\/li>\n<li>Bildstabilisierung (IS) auf Mode 2<\/li>\n<\/ul>\n<div id=\"attachment_54567\" style=\"width: 1210px\" class=\"wp-caption aligncenter\"><img data-recalc-dims=\"1\" loading=\"lazy\" decoding=\"async\" aria-describedby=\"caption-attachment-54567\" data-attachment-id=\"54567\" data-permalink=\"https:\/\/deltaimage.de\/wp\/?attachment_id=54567#main\" data-orig-file=\"https:\/\/i0.wp.com\/deltaimage.de\/wp\/wp-content\/uploads\/PED42377_1200.jpg?fit=1200%2C450&amp;ssl=1\" data-orig-size=\"1200,450\" data-comments-opened=\"1\" data-image-meta=\"{&quot;aperture&quot;:&quot;4.5&quot;,&quot;credit&quot;:&quot;Paul Eschbach&quot;,&quot;camera&quot;:&quot;Canon EOS-1D Mark IV&quot;,&quot;caption&quot;:&quot;&quot;,&quot;created_timestamp&quot;:&quot;1777220003&quot;,&quot;copyright&quot;:&quot;www.deltaimage.de&quot;,&quot;focal_length&quot;:&quot;400&quot;,&quot;iso&quot;:&quot;2000&quot;,&quot;shutter_speed&quot;:&quot;0.00025&quot;,&quot;title&quot;:&quot;&quot;,&quot;orientation&quot;:&quot;0&quot;}\" data-image-title=\"PED42377_1200\" data-image-description=\"\" data-image-caption=\"\" data-large-file=\"https:\/\/i0.wp.com\/deltaimage.de\/wp\/wp-content\/uploads\/PED42377_1200.jpg?fit=890%2C334&amp;ssl=1\" class=\"wp-image-54567 size-full\" src=\"https:\/\/i0.wp.com\/deltaimage.de\/wp\/wp-content\/uploads\/PED42377_1200.jpg?resize=890%2C334&#038;ssl=1\" alt=\"\" width=\"890\" height=\"334\" srcset=\"https:\/\/i0.wp.com\/deltaimage.de\/wp\/wp-content\/uploads\/PED42377_1200.jpg?w=1200&amp;ssl=1 1200w, https:\/\/i0.wp.com\/deltaimage.de\/wp\/wp-content\/uploads\/PED42377_1200.jpg?resize=900%2C338&amp;ssl=1 900w, https:\/\/i0.wp.com\/deltaimage.de\/wp\/wp-content\/uploads\/PED42377_1200.jpg?resize=300%2C113&amp;ssl=1 300w, https:\/\/i0.wp.com\/deltaimage.de\/wp\/wp-content\/uploads\/PED42377_1200.jpg?resize=1067%2C400&amp;ssl=1 1067w\" sizes=\"auto, (max-width: 890px) 100vw, 890px\" \/><p id=\"caption-attachment-54567\" class=\"wp-caption-text\">Ein junger Wei\u00dfkopfseeadler im Flugprogramm bei den Naturfototagen F\u00fcrstenfeld.<\/p><\/div>\n<p>Am Sonntag werde ich etwa 800 Aufnahmen in den drei Vorf\u00fchrungen machen, davon bleiben dann lediglich 25 Fotos in der letzten Auswahl zur Bearbeitung. Alle anderen Fotos sind meist technischer Ausschuss und werden dann auch von der Platte gel\u00f6scht.<\/p>\n<p>&nbsp;<\/p>\n<blockquote>\n<pre>\"Auch wenn die Flugschau eine kontrollierte Umgebung ist, bleibt sie f\u00fcr mich ein \r\nunverzichtbares Training. Die dort gewonnenen Reflexe sind genau das, \r\nwas ich brauche, wenn der Traum vom Fischadler im Moor doch eines Tages wahr wird.\"<\/pre>\n<\/blockquote>\n<p>&nbsp;<\/p>\n<h2>Info &amp; Links<\/h2>\n<p>Weiterf\u00fchrende Links zum Veranstalter der Glanzlichter und dem Veranstalter der Fototage:<\/p>\n<ul>\n<li>Naturfotowettbewerb Glanzlichter: <a href=\"https:\/\/glanzlichter-competition.com\"><strong>https:\/\/glanzlichter-competition.com<\/strong><\/a><\/li>\n<li>Naturfototage F\u00fcrstenfeld: <a href=\"https:\/\/fuerstenfelder-naturfototage.com\"><strong>https:\/\/fuerstenfelder-naturfototage.com<\/strong><\/a><\/li>\n<\/ul>\n<h2>Meine letzten Beitr\u00e4ge auf Neuigkeiten<\/h2>\n\n\n<div class=\"su-posts su-posts-default-loop \">\n\n\t\n\t\t\t\t\t\n\t\t\t\n\t\t\t<div id=\"su-post-54565\" class=\"su-post \">\n\n\t\t\t\t\t\t\t\t\t<a class=\"su-post-thumbnail\" href=\"https:\/\/deltaimage.de\/wp\/?p=54565\"><img data-recalc-dims=\"1\" loading=\"lazy\" decoding=\"async\" width=\"890\" height=\"334\" src=\"https:\/\/i0.wp.com\/deltaimage.de\/wp\/wp-content\/uploads\/PED41826_1200.jpg?resize=890%2C334&#038;ssl=1\" class=\"attachment-post-thumbnail size-post-thumbnail wp-post-image\" alt=\"\" srcset=\"https:\/\/i0.wp.com\/deltaimage.de\/wp\/wp-content\/uploads\/PED41826_1200.jpg?w=1200&amp;ssl=1 1200w, https:\/\/i0.wp.com\/deltaimage.de\/wp\/wp-content\/uploads\/PED41826_1200.jpg?resize=900%2C338&amp;ssl=1 900w, https:\/\/i0.wp.com\/deltaimage.de\/wp\/wp-content\/uploads\/PED41826_1200.jpg?resize=300%2C113&amp;ssl=1 300w, https:\/\/i0.wp.com\/deltaimage.de\/wp\/wp-content\/uploads\/PED41826_1200.jpg?resize=1067%2C400&amp;ssl=1 1067w\" sizes=\"auto, (max-width: 890px) 100vw, 890px\" data-attachment-id=\"54573\" data-permalink=\"https:\/\/deltaimage.de\/wp\/?attachment_id=54573#main\" data-orig-file=\"https:\/\/i0.wp.com\/deltaimage.de\/wp\/wp-content\/uploads\/PED41826_1200.jpg?fit=1200%2C450&amp;ssl=1\" data-orig-size=\"1200,450\" data-comments-opened=\"1\" data-image-meta=\"{&quot;aperture&quot;:&quot;5.6&quot;,&quot;credit&quot;:&quot;Paul Eschbach&quot;,&quot;camera&quot;:&quot;Canon EOS-1D Mark IV&quot;,&quot;caption&quot;:&quot;&quot;,&quot;created_timestamp&quot;:&quot;1777205592&quot;,&quot;copyright&quot;:&quot;www.deltaimage.de&quot;,&quot;focal_length&quot;:&quot;400&quot;,&quot;iso&quot;:&quot;1600&quot;,&quot;shutter_speed&quot;:&quot;0.00025&quot;,&quot;title&quot;:&quot;&quot;,&quot;orientation&quot;:&quot;0&quot;}\" data-image-title=\"PED41826_1200\" data-image-description=\"\" data-image-caption=\"\" data-large-file=\"https:\/\/i0.wp.com\/deltaimage.de\/wp\/wp-content\/uploads\/PED41826_1200.jpg?fit=890%2C334&amp;ssl=1\" \/><\/a>\n\t\t\t\t\n\t\t\t\t<h2 class=\"su-post-title\"><a href=\"https:\/\/deltaimage.de\/wp\/?p=54565\">Greifv\u00f6gel im Flug fotografieren: Naturfotografie in F\u00fcrstenfeld bei den Naturfototagen<\/a><\/h2>\n\n\t\t\t\t<div class=\"su-post-meta\">\n\t\t\t\t\tVer\u00f6ffentlicht: 29. April 2026\t\t\t\t<\/div>\n\n\t\t\t\t<div class=\"su-post-excerpt\">\n\t\t\t\t\t<p>Viele NaturfotografInnen tr\u00e4umen vom ganz besonderen Zusammentreffen mit den Tieren in den Naturlandschaften: Ich w\u00fcrde gerne einmal an einem vertr\u00e4umten See sitzen und auf einen Fischadler tagelang warten. Wenn er [&hellip;]<\/p>\n\t\t\t\t<\/div>\n\n\t\t\t\t\t\t\t\t\t<a href=\"https:\/\/deltaimage.de\/wp\/?p=54565#respond\" class=\"su-post-comments-link\">0 Kommentare<\/a>\n\t\t\t\t\n\t\t\t<\/div>\n\n\t\t\t\t\t\n\t\t\t\n\t\t\t<div id=\"su-post-54537\" class=\"su-post \">\n\n\t\t\t\t\t\t\t\t\t<a class=\"su-post-thumbnail\" href=\"https:\/\/deltaimage.de\/wp\/?p=54537\"><img data-recalc-dims=\"1\" loading=\"lazy\" decoding=\"async\" width=\"890\" height=\"334\" src=\"https:\/\/i0.wp.com\/deltaimage.de\/wp\/wp-content\/uploads\/PED41594_1200.jpg?resize=890%2C334&#038;ssl=1\" class=\"attachment-post-thumbnail size-post-thumbnail wp-post-image\" alt=\"\" srcset=\"https:\/\/i0.wp.com\/deltaimage.de\/wp\/wp-content\/uploads\/PED41594_1200.jpg?w=1200&amp;ssl=1 1200w, https:\/\/i0.wp.com\/deltaimage.de\/wp\/wp-content\/uploads\/PED41594_1200.jpg?resize=900%2C338&amp;ssl=1 900w, https:\/\/i0.wp.com\/deltaimage.de\/wp\/wp-content\/uploads\/PED41594_1200.jpg?resize=300%2C113&amp;ssl=1 300w, https:\/\/i0.wp.com\/deltaimage.de\/wp\/wp-content\/uploads\/PED41594_1200.jpg?resize=1067%2C400&amp;ssl=1 1067w\" sizes=\"auto, (max-width: 890px) 100vw, 890px\" data-attachment-id=\"54538\" data-permalink=\"https:\/\/deltaimage.de\/wp\/?attachment_id=54538#main\" data-orig-file=\"https:\/\/i0.wp.com\/deltaimage.de\/wp\/wp-content\/uploads\/PED41594_1200.jpg?fit=1200%2C450&amp;ssl=1\" data-orig-size=\"1200,450\" data-comments-opened=\"1\" data-image-meta=\"{&quot;aperture&quot;:&quot;2.8&quot;,&quot;credit&quot;:&quot;Paul Eschbach&quot;,&quot;camera&quot;:&quot;Canon EOS-1D Mark IV&quot;,&quot;caption&quot;:&quot;&quot;,&quot;created_timestamp&quot;:&quot;1777045312&quot;,&quot;copyright&quot;:&quot;www.deltaimage.de&quot;,&quot;focal_length&quot;:&quot;23&quot;,&quot;iso&quot;:&quot;200&quot;,&quot;shutter_speed&quot;:&quot;0.001&quot;,&quot;title&quot;:&quot;&quot;,&quot;orientation&quot;:&quot;0&quot;}\" data-image-title=\"PED41594_1200\" data-image-description=\"\" data-image-caption=\"\" data-large-file=\"https:\/\/i0.wp.com\/deltaimage.de\/wp\/wp-content\/uploads\/PED41594_1200.jpg?fit=890%2C334&amp;ssl=1\" \/><\/a>\n\t\t\t\t\n\t\t\t\t<h2 class=\"su-post-title\"><a href=\"https:\/\/deltaimage.de\/wp\/?p=54537\">Naturfototage F\u00fcrstenfeld: WorkshopteilnehmerInnen &#8222;Natur im Niedermoor&#8220; im Moos<\/a><\/h2>\n\n\t\t\t\t<div class=\"su-post-meta\">\n\t\t\t\t\tVer\u00f6ffentlicht: 28. April 2026\t\t\t\t<\/div>\n\n\t\t\t\t<div class=\"su-post-excerpt\">\n\t\t\t\t\t<p>Mit neun TeilnehmerInnen im Workshop \u00bbNatur im Niedermoor\u00ab war ich am letzten Freitag im Maisacher Moos fotografisch unterwegs. Im Rahmen der 28. Internationalen Naturfototage F\u00fcrstenfeld kommen viele Interessierte der Natur- [&hellip;]<\/p>\n\t\t\t\t<\/div>\n\n\t\t\t\t\t\t\t\t\t<a href=\"https:\/\/deltaimage.de\/wp\/?p=54537#respond\" class=\"su-post-comments-link\">0 Kommentare<\/a>\n\t\t\t\t\n\t\t\t<\/div>\n\n\t\t\t\t\t\n\t\t\t\n\t\t\t<div id=\"su-post-54494\" class=\"su-post \">\n\n\t\t\t\t\t\t\t\t\t<a class=\"su-post-thumbnail\" href=\"https:\/\/deltaimage.de\/wp\/?p=54494\"><img data-recalc-dims=\"1\" loading=\"lazy\" decoding=\"async\" width=\"890\" height=\"334\" src=\"https:\/\/i0.wp.com\/deltaimage.de\/wp\/wp-content\/uploads\/PED41468_1200.jpg?resize=890%2C334&#038;ssl=1\" class=\"attachment-post-thumbnail size-post-thumbnail wp-post-image\" alt=\"\" srcset=\"https:\/\/i0.wp.com\/deltaimage.de\/wp\/wp-content\/uploads\/PED41468_1200.jpg?w=1200&amp;ssl=1 1200w, https:\/\/i0.wp.com\/deltaimage.de\/wp\/wp-content\/uploads\/PED41468_1200.jpg?resize=900%2C338&amp;ssl=1 900w, https:\/\/i0.wp.com\/deltaimage.de\/wp\/wp-content\/uploads\/PED41468_1200.jpg?resize=300%2C113&amp;ssl=1 300w, https:\/\/i0.wp.com\/deltaimage.de\/wp\/wp-content\/uploads\/PED41468_1200.jpg?resize=1067%2C400&amp;ssl=1 1067w\" sizes=\"auto, (max-width: 890px) 100vw, 890px\" data-attachment-id=\"54496\" data-permalink=\"https:\/\/deltaimage.de\/wp\/?attachment_id=54496#main\" data-orig-file=\"https:\/\/i0.wp.com\/deltaimage.de\/wp\/wp-content\/uploads\/PED41468_1200.jpg?fit=1200%2C450&amp;ssl=1\" data-orig-size=\"1200,450\" data-comments-opened=\"1\" data-image-meta=\"{&quot;aperture&quot;:&quot;4.5&quot;,&quot;credit&quot;:&quot;Paul Eschbach&quot;,&quot;camera&quot;:&quot;Canon EOS-1D Mark IV&quot;,&quot;caption&quot;:&quot;&quot;,&quot;created_timestamp&quot;:&quot;1777027877&quot;,&quot;copyright&quot;:&quot;www.deltaimage.de&quot;,&quot;focal_length&quot;:&quot;400&quot;,&quot;iso&quot;:&quot;800&quot;,&quot;shutter_speed&quot;:&quot;0.00025&quot;,&quot;title&quot;:&quot;&quot;,&quot;orientation&quot;:&quot;0&quot;}\" data-image-title=\"PED41468_1200\" data-image-description=\"\" data-image-caption=\"\" data-large-file=\"https:\/\/i0.wp.com\/deltaimage.de\/wp\/wp-content\/uploads\/PED41468_1200.jpg?fit=890%2C334&amp;ssl=1\" \/><\/a>\n\t\t\t\t\n\t\t\t\t<h2 class=\"su-post-title\"><a href=\"https:\/\/deltaimage.de\/wp\/?p=54494\">Naturfototage F\u00fcrstenfeld: Workshop &#8222;Natur im Niedermoor&#8220;<\/a><\/h2>\n\n\t\t\t\t<div class=\"su-post-meta\">\n\t\t\t\t\tVer\u00f6ffentlicht: 28. April 2026\t\t\t\t<\/div>\n\n\t\t\t\t<div class=\"su-post-excerpt\">\n\t\t\t\t\t<p>Auf den Naturfototagen F\u00fcrstenfeld, hatten wir in den letzten 10 Jahren schon jede Art von Wetter \u00fcber die drei Tage hinweg. Nur eines hatten wir nur sehr marginal\u00a0\u2013 drei Tage [&hellip;]<\/p>\n\t\t\t\t<\/div>\n\n\t\t\t\t\t\t\t\t\t<a href=\"https:\/\/deltaimage.de\/wp\/?p=54494#respond\" class=\"su-post-comments-link\">0 Kommentare<\/a>\n\t\t\t\t\n\t\t\t<\/div>\n\n\t\t\t\t\t\n\t\t\t\n\t\t\t<div id=\"su-post-54476\" class=\"su-post \">\n\n\t\t\t\t\t\t\t\t\t<a class=\"su-post-thumbnail\" href=\"https:\/\/deltaimage.de\/wp\/?p=54476\"><img data-recalc-dims=\"1\" loading=\"lazy\" decoding=\"async\" width=\"890\" height=\"334\" src=\"https:\/\/i0.wp.com\/deltaimage.de\/wp\/wp-content\/uploads\/PED41624_1200.jpg?resize=890%2C334&#038;ssl=1\" class=\"attachment-post-thumbnail size-post-thumbnail wp-post-image\" alt=\"\" srcset=\"https:\/\/i0.wp.com\/deltaimage.de\/wp\/wp-content\/uploads\/PED41624_1200.jpg?w=1200&amp;ssl=1 1200w, https:\/\/i0.wp.com\/deltaimage.de\/wp\/wp-content\/uploads\/PED41624_1200.jpg?resize=900%2C338&amp;ssl=1 900w, https:\/\/i0.wp.com\/deltaimage.de\/wp\/wp-content\/uploads\/PED41624_1200.jpg?resize=300%2C113&amp;ssl=1 300w, https:\/\/i0.wp.com\/deltaimage.de\/wp\/wp-content\/uploads\/PED41624_1200.jpg?resize=1067%2C400&amp;ssl=1 1067w\" sizes=\"auto, (max-width: 890px) 100vw, 890px\" data-attachment-id=\"54479\" data-permalink=\"https:\/\/deltaimage.de\/wp\/?attachment_id=54479#main\" data-orig-file=\"https:\/\/i0.wp.com\/deltaimage.de\/wp\/wp-content\/uploads\/PED41624_1200.jpg?fit=1200%2C450&amp;ssl=1\" data-orig-size=\"1200,450\" data-comments-opened=\"1\" data-image-meta=\"{&quot;aperture&quot;:&quot;2.8&quot;,&quot;credit&quot;:&quot;Paul Eschbach&quot;,&quot;camera&quot;:&quot;Canon EOS-1D Mark IV&quot;,&quot;caption&quot;:&quot;&quot;,&quot;created_timestamp&quot;:&quot;1777059059&quot;,&quot;copyright&quot;:&quot;www.deltaimage.de&quot;,&quot;focal_length&quot;:&quot;35&quot;,&quot;iso&quot;:&quot;6400&quot;,&quot;shutter_speed&quot;:&quot;0.033333333333333&quot;,&quot;title&quot;:&quot;&quot;,&quot;orientation&quot;:&quot;0&quot;}\" data-image-title=\"PED41624_1200\" data-image-description=\"\" data-image-caption=\"\" data-large-file=\"https:\/\/i0.wp.com\/deltaimage.de\/wp\/wp-content\/uploads\/PED41624_1200.jpg?fit=890%2C334&amp;ssl=1\" \/><\/a>\n\t\t\t\t\n\t\t\t\t<h2 class=\"su-post-title\"><a href=\"https:\/\/deltaimage.de\/wp\/?p=54476\">Naturfotowettbewerb &#8222;Glanzlichter&#8220;:  Aerial Views of Nature mit dem DMFV<\/a><\/h2>\n\n\t\t\t\t<div class=\"su-post-meta\">\n\t\t\t\t\tVer\u00f6ffentlicht: 28. April 2026\t\t\t\t<\/div>\n\n\t\t\t\t<div class=\"su-post-excerpt\">\n\t\t\t\t\t<p>Auf den Naturfototagen F\u00fcrstenfeld bin ich seit dem ersten Jahr in F\u00fcrstenfeldbruck eigentlich in jedem einzelnen Jahr. Ab dem Jahr 2017 habe ich selbst Workshops im Programm der Naturfototage geleitet. [&hellip;]<\/p>\n\t\t\t\t<\/div>\n\n\t\t\t\t\t\t\t\t\t<a href=\"https:\/\/deltaimage.de\/wp\/?p=54476#respond\" class=\"su-post-comments-link\">0 Kommentare<\/a>\n\t\t\t\t\n\t\t\t<\/div>\n\n\t\t\t\t\t\n\t\t\t\n\t\t\t<div id=\"su-post-54457\" class=\"su-post \">\n\n\t\t\t\t\t\t\t\t\t<a class=\"su-post-thumbnail\" href=\"https:\/\/deltaimage.de\/wp\/?p=54457\"><img data-recalc-dims=\"1\" loading=\"lazy\" decoding=\"async\" width=\"890\" height=\"334\" src=\"https:\/\/i0.wp.com\/deltaimage.de\/wp\/wp-content\/uploads\/PED41636_1200.jpg?resize=890%2C334&#038;ssl=1\" class=\"attachment-post-thumbnail size-post-thumbnail wp-post-image\" alt=\"\" srcset=\"https:\/\/i0.wp.com\/deltaimage.de\/wp\/wp-content\/uploads\/PED41636_1200.jpg?w=1200&amp;ssl=1 1200w, https:\/\/i0.wp.com\/deltaimage.de\/wp\/wp-content\/uploads\/PED41636_1200.jpg?resize=900%2C338&amp;ssl=1 900w, https:\/\/i0.wp.com\/deltaimage.de\/wp\/wp-content\/uploads\/PED41636_1200.jpg?resize=300%2C113&amp;ssl=1 300w, https:\/\/i0.wp.com\/deltaimage.de\/wp\/wp-content\/uploads\/PED41636_1200.jpg?resize=1067%2C400&amp;ssl=1 1067w\" sizes=\"auto, (max-width: 890px) 100vw, 890px\" data-attachment-id=\"54463\" data-permalink=\"https:\/\/deltaimage.de\/wp\/?attachment_id=54463#main\" data-orig-file=\"https:\/\/i0.wp.com\/deltaimage.de\/wp\/wp-content\/uploads\/PED41636_1200.jpg?fit=1200%2C450&amp;ssl=1\" data-orig-size=\"1200,450\" data-comments-opened=\"1\" data-image-meta=\"{&quot;aperture&quot;:&quot;2.8&quot;,&quot;credit&quot;:&quot;Paul Eschbach&quot;,&quot;camera&quot;:&quot;Canon EOS-1D Mark IV&quot;,&quot;caption&quot;:&quot;&quot;,&quot;created_timestamp&quot;:&quot;1777060354&quot;,&quot;copyright&quot;:&quot;www.deltaimage.de&quot;,&quot;focal_length&quot;:&quot;35&quot;,&quot;iso&quot;:&quot;6400&quot;,&quot;shutter_speed&quot;:&quot;0.005&quot;,&quot;title&quot;:&quot;&quot;,&quot;orientation&quot;:&quot;0&quot;}\" data-image-title=\"PED41636_1200\" data-image-description=\"\" data-image-caption=\"\" data-large-file=\"https:\/\/i0.wp.com\/deltaimage.de\/wp\/wp-content\/uploads\/PED41636_1200.jpg?fit=890%2C334&amp;ssl=1\" \/><\/a>\n\t\t\t\t\n\t\t\t\t<h2 class=\"su-post-title\"><a href=\"https:\/\/deltaimage.de\/wp\/?p=54457\">Naturfotowettbewerb &#8222;Glanzlichter&#8220;:  Preisverleihung im Forum F\u00fcrstenfeld<\/a><\/h2>\n\n\t\t\t\t<div class=\"su-post-meta\">\n\t\t\t\t\tVer\u00f6ffentlicht: 28. April 2026\t\t\t\t<\/div>\n\n\t\t\t\t<div class=\"su-post-excerpt\">\n\t\t\t\t\t<p>Die Internationalen Naturfototage F\u00fcrstenfeld in F\u00fcrstenfeldbruck bei M\u00fcnchen sind die gr\u00f6\u00dfte Fotoveranstaltung in S\u00fcddeutschland und werden zusammen mit dem bedeutendsten internationalen Naturfotowettbewerb &#8222;Glanzlichter der Naturfotografie&#8220; in zehn unterschiedlichen Wettbewerbskategorien in [&hellip;]<\/p>\n\t\t\t\t<\/div>\n\n\t\t\t\t\t\t\t\t\t<a href=\"https:\/\/deltaimage.de\/wp\/?p=54457#respond\" class=\"su-post-comments-link\">0 Kommentare<\/a>\n\t\t\t\t\n\t\t\t<\/div>\n\n\t\t\t\t\t\n\t\t\t\n\t\t\t<div id=\"su-post-54436\" class=\"su-post \">\n\n\t\t\t\t\t\t\t\t\t<a class=\"su-post-thumbnail\" href=\"https:\/\/deltaimage.de\/wp\/?p=54436\"><img data-recalc-dims=\"1\" loading=\"lazy\" decoding=\"async\" width=\"890\" height=\"334\" src=\"https:\/\/i0.wp.com\/deltaimage.de\/wp\/wp-content\/uploads\/1777309207336_1200.jpg?resize=890%2C334&#038;ssl=1\" class=\"attachment-post-thumbnail size-post-thumbnail wp-post-image\" alt=\"\" srcset=\"https:\/\/i0.wp.com\/deltaimage.de\/wp\/wp-content\/uploads\/1777309207336_1200.jpg?w=1200&amp;ssl=1 1200w, https:\/\/i0.wp.com\/deltaimage.de\/wp\/wp-content\/uploads\/1777309207336_1200.jpg?resize=900%2C338&amp;ssl=1 900w, https:\/\/i0.wp.com\/deltaimage.de\/wp\/wp-content\/uploads\/1777309207336_1200.jpg?resize=300%2C113&amp;ssl=1 300w, https:\/\/i0.wp.com\/deltaimage.de\/wp\/wp-content\/uploads\/1777309207336_1200.jpg?resize=1067%2C400&amp;ssl=1 1067w\" sizes=\"auto, (max-width: 890px) 100vw, 890px\" data-attachment-id=\"54438\" data-permalink=\"https:\/\/deltaimage.de\/wp\/?attachment_id=54438#main\" data-orig-file=\"https:\/\/i0.wp.com\/deltaimage.de\/wp\/wp-content\/uploads\/1777309207336_1200.jpg?fit=1200%2C450&amp;ssl=1\" data-orig-size=\"1200,450\" data-comments-opened=\"1\" data-image-meta=\"{&quot;aperture&quot;:&quot;0&quot;,&quot;credit&quot;:&quot;&quot;,&quot;camera&quot;:&quot;&quot;,&quot;caption&quot;:&quot;&quot;,&quot;created_timestamp&quot;:&quot;0&quot;,&quot;copyright&quot;:&quot;&quot;,&quot;focal_length&quot;:&quot;0&quot;,&quot;iso&quot;:&quot;0&quot;,&quot;shutter_speed&quot;:&quot;0&quot;,&quot;title&quot;:&quot;&quot;,&quot;orientation&quot;:&quot;0&quot;}\" data-image-title=\"1777309207336_1200\" data-image-description=\"\" data-image-caption=\"\" data-large-file=\"https:\/\/i0.wp.com\/deltaimage.de\/wp\/wp-content\/uploads\/1777309207336_1200.jpg?fit=890%2C334&amp;ssl=1\" \/><\/a>\n\t\t\t\t\n\t\t\t\t<h2 class=\"su-post-title\"><a href=\"https:\/\/deltaimage.de\/wp\/?p=54436\">28. Naturfototage F\u00fcrstenfeld: Das Mekka der Naturfotografie in S\u00fcddeutschland<\/a><\/h2>\n\n\t\t\t\t<div class=\"su-post-meta\">\n\t\t\t\t\tVer\u00f6ffentlicht: 27. April 2026\t\t\t\t<\/div>\n\n\t\t\t\t<div class=\"su-post-excerpt\">\n\t\t\t\t\t<p>Das letzte Aprilwochenende 2026 stand in F\u00fcrstenfeldbruck auf dem Forumsgel\u00e4nde F\u00fcrstenfeld ganz im Zeichen der Landschafts- und Naturfotografie. Die 28. Auflage der Naturfototage war wieder einmal ein Treffpunkt und Austausch [&hellip;]<\/p>\n\t\t\t\t<\/div>\n\n\t\t\t\t\t\t\t\t\t<a href=\"https:\/\/deltaimage.de\/wp\/?p=54436#respond\" class=\"su-post-comments-link\">0 Kommentare<\/a>\n\t\t\t\t\n\t\t\t<\/div>\n\n\t\t\t\t\t\n\t\t\t\n\t\t\t<div id=\"su-post-54411\" class=\"su-post \">\n\n\t\t\t\t\t\t\t\t\t<a class=\"su-post-thumbnail\" href=\"https:\/\/deltaimage.de\/wp\/?p=54411\"><img data-recalc-dims=\"1\" loading=\"lazy\" decoding=\"async\" width=\"890\" height=\"334\" src=\"https:\/\/i0.wp.com\/deltaimage.de\/wp\/wp-content\/uploads\/PED41327_1200.jpg?resize=890%2C334&#038;ssl=1\" class=\"attachment-post-thumbnail size-post-thumbnail wp-post-image\" alt=\"\" srcset=\"https:\/\/i0.wp.com\/deltaimage.de\/wp\/wp-content\/uploads\/PED41327_1200.jpg?w=1200&amp;ssl=1 1200w, https:\/\/i0.wp.com\/deltaimage.de\/wp\/wp-content\/uploads\/PED41327_1200.jpg?resize=900%2C338&amp;ssl=1 900w, https:\/\/i0.wp.com\/deltaimage.de\/wp\/wp-content\/uploads\/PED41327_1200.jpg?resize=300%2C113&amp;ssl=1 300w, https:\/\/i0.wp.com\/deltaimage.de\/wp\/wp-content\/uploads\/PED41327_1200.jpg?resize=1067%2C400&amp;ssl=1 1067w\" sizes=\"auto, (max-width: 890px) 100vw, 890px\" data-attachment-id=\"54413\" data-permalink=\"https:\/\/deltaimage.de\/wp\/?attachment_id=54413#main\" data-orig-file=\"https:\/\/i0.wp.com\/deltaimage.de\/wp\/wp-content\/uploads\/PED41327_1200.jpg?fit=1200%2C450&amp;ssl=1\" data-orig-size=\"1200,450\" data-comments-opened=\"1\" data-image-meta=\"{&quot;aperture&quot;:&quot;6.3&quot;,&quot;credit&quot;:&quot;Paul Eschbach&quot;,&quot;camera&quot;:&quot;Canon EOS-1D Mark IV&quot;,&quot;caption&quot;:&quot;&quot;,&quot;created_timestamp&quot;:&quot;1776528103&quot;,&quot;copyright&quot;:&quot;www.deltaimage.de&quot;,&quot;focal_length&quot;:&quot;16&quot;,&quot;iso&quot;:&quot;200&quot;,&quot;shutter_speed&quot;:&quot;0.0015625&quot;,&quot;title&quot;:&quot;&quot;,&quot;orientation&quot;:&quot;0&quot;}\" data-image-title=\"PED41327_1200\" data-image-description=\"\" data-image-caption=\"\" data-large-file=\"https:\/\/i0.wp.com\/deltaimage.de\/wp\/wp-content\/uploads\/PED41327_1200.jpg?fit=890%2C334&amp;ssl=1\" \/><\/a>\n\t\t\t\t\n\t\t\t\t<h2 class=\"su-post-title\"><a href=\"https:\/\/deltaimage.de\/wp\/?p=54411\">&#8222;Niedermoor&#8220; &#8211; Landschaftsfotografie im Moos bei den Naturfototagen F\u00fcrstenfeld<\/a><\/h2>\n\n\t\t\t\t<div class=\"su-post-meta\">\n\t\t\t\t\tVer\u00f6ffentlicht: 20. April 2026\t\t\t\t<\/div>\n\n\t\t\t\t<div class=\"su-post-excerpt\">\n\t\t\t\t\t<p>Am kommenden Freitag, 24.4.2026 beginnen nicht nur die 28. Internationalen Naturfototage F\u00fcrstenfeld in F\u00fcrstenfeldbruck bei M\u00fcnchen, sondern wie jedes Jahr, er\u00f6ffnen wir mit dem Workshop &#8222;Niedermoor&#8220; mit dem Moos-Experten Paul [&hellip;]<\/p>\n\t\t\t\t<\/div>\n\n\t\t\t\t\t\t\t\t\t<a href=\"https:\/\/deltaimage.de\/wp\/?p=54411#respond\" class=\"su-post-comments-link\">0 Kommentare<\/a>\n\t\t\t\t\n\t\t\t<\/div>\n\n\t\t\t\t\t\n\t\t\t\n\t\t\t<div id=\"su-post-54358\" class=\"su-post \">\n\n\t\t\t\t\t\t\t\t\t<a class=\"su-post-thumbnail\" href=\"https:\/\/deltaimage.de\/wp\/?p=54358\"><img data-recalc-dims=\"1\" loading=\"lazy\" decoding=\"async\" width=\"890\" height=\"334\" src=\"https:\/\/i0.wp.com\/deltaimage.de\/wp\/wp-content\/uploads\/PED41239_1200.jpg?resize=890%2C334&#038;ssl=1\" class=\"attachment-post-thumbnail size-post-thumbnail wp-post-image\" alt=\"\" srcset=\"https:\/\/i0.wp.com\/deltaimage.de\/wp\/wp-content\/uploads\/PED41239_1200.jpg?w=1200&amp;ssl=1 1200w, https:\/\/i0.wp.com\/deltaimage.de\/wp\/wp-content\/uploads\/PED41239_1200.jpg?resize=900%2C338&amp;ssl=1 900w, https:\/\/i0.wp.com\/deltaimage.de\/wp\/wp-content\/uploads\/PED41239_1200.jpg?resize=300%2C113&amp;ssl=1 300w, https:\/\/i0.wp.com\/deltaimage.de\/wp\/wp-content\/uploads\/PED41239_1200.jpg?resize=1067%2C400&amp;ssl=1 1067w\" sizes=\"auto, (max-width: 890px) 100vw, 890px\" data-attachment-id=\"54379\" data-permalink=\"https:\/\/deltaimage.de\/wp\/?attachment_id=54379#main\" data-orig-file=\"https:\/\/i0.wp.com\/deltaimage.de\/wp\/wp-content\/uploads\/PED41239_1200.jpg?fit=1200%2C450&amp;ssl=1\" data-orig-size=\"1200,450\" data-comments-opened=\"1\" data-image-meta=\"{&quot;aperture&quot;:&quot;5.6&quot;,&quot;credit&quot;:&quot;Paul Eschbach&quot;,&quot;camera&quot;:&quot;Canon EOS-1D Mark IV&quot;,&quot;caption&quot;:&quot;&quot;,&quot;created_timestamp&quot;:&quot;1776522489&quot;,&quot;copyright&quot;:&quot;www.deltaimage.de&quot;,&quot;focal_length&quot;:&quot;400&quot;,&quot;iso&quot;:&quot;800&quot;,&quot;shutter_speed&quot;:&quot;0.000625&quot;,&quot;title&quot;:&quot;&quot;,&quot;orientation&quot;:&quot;0&quot;}\" data-image-title=\"PED41239_1200\" data-image-description=\"\" data-image-caption=\"\" data-large-file=\"https:\/\/i0.wp.com\/deltaimage.de\/wp\/wp-content\/uploads\/PED41239_1200.jpg?fit=890%2C334&amp;ssl=1\" \/><\/a>\n\t\t\t\t\n\t\t\t\t<h2 class=\"su-post-title\"><a href=\"https:\/\/deltaimage.de\/wp\/?p=54358\">&#8222;Niedermoor&#8220; &#8211; Vorbereitung des Workshops bei den Naturfototagen F\u00fcrstenfeld im Dachauer Moos<\/a><\/h2>\n\n\t\t\t\t<div class=\"su-post-meta\">\n\t\t\t\t\tVer\u00f6ffentlicht: 19. April 2026\t\t\t\t<\/div>\n\n\t\t\t\t<div class=\"su-post-excerpt\">\n\t\t\t\t\t<p>Am kommenden Freitag, 24.4.2026 beginnen nicht nur die 28. Internationalen Naturfototage F\u00fcrstenfeld in F\u00fcrstenfeldbruck bei M\u00fcnchen, sondern wie jedes Jahr, er\u00f6ffnen wir mit dem Workshop &#8222;Niedermoor&#8220; mit dem Moos-Experten Paul [&hellip;]<\/p>\n\t\t\t\t<\/div>\n\n\t\t\t\t\t\t\t\t\t<a href=\"https:\/\/deltaimage.de\/wp\/?p=54358#respond\" class=\"su-post-comments-link\">0 Kommentare<\/a>\n\t\t\t\t\n\t\t\t<\/div>\n\n\t\t\t\t\t\n\t\t\t\n\t\t\t<div id=\"su-post-54319\" class=\"su-post \">\n\n\t\t\t\t\t\t\t\t\t<a class=\"su-post-thumbnail\" href=\"https:\/\/deltaimage.de\/wp\/?p=54319\"><img data-recalc-dims=\"1\" loading=\"lazy\" decoding=\"async\" width=\"890\" height=\"334\" src=\"https:\/\/i0.wp.com\/deltaimage.de\/wp\/wp-content\/uploads\/PED45897_1200.jpg?resize=890%2C334&#038;ssl=1\" class=\"attachment-post-thumbnail size-post-thumbnail wp-post-image\" alt=\"\" srcset=\"https:\/\/i0.wp.com\/deltaimage.de\/wp\/wp-content\/uploads\/PED45897_1200.jpg?w=1200&amp;ssl=1 1200w, https:\/\/i0.wp.com\/deltaimage.de\/wp\/wp-content\/uploads\/PED45897_1200.jpg?resize=900%2C338&amp;ssl=1 900w, https:\/\/i0.wp.com\/deltaimage.de\/wp\/wp-content\/uploads\/PED45897_1200.jpg?resize=300%2C113&amp;ssl=1 300w, https:\/\/i0.wp.com\/deltaimage.de\/wp\/wp-content\/uploads\/PED45897_1200.jpg?resize=1067%2C400&amp;ssl=1 1067w\" sizes=\"auto, (max-width: 890px) 100vw, 890px\" data-attachment-id=\"49210\" data-permalink=\"https:\/\/deltaimage.de\/wp\/?attachment_id=49210\" data-orig-file=\"https:\/\/i0.wp.com\/deltaimage.de\/wp\/wp-content\/uploads\/PED45897_1200.jpg?fit=1200%2C450&amp;ssl=1\" data-orig-size=\"1200,450\" data-comments-opened=\"1\" data-image-meta=\"{&quot;aperture&quot;:&quot;6.3&quot;,&quot;credit&quot;:&quot;Paul Eschbach&quot;,&quot;camera&quot;:&quot;Canon EOS-1D Mark IV&quot;,&quot;caption&quot;:&quot;&quot;,&quot;created_timestamp&quot;:&quot;1746356049&quot;,&quot;copyright&quot;:&quot;www.deltaimage.de&quot;,&quot;focal_length&quot;:&quot;600&quot;,&quot;iso&quot;:&quot;800&quot;,&quot;shutter_speed&quot;:&quot;0.005&quot;,&quot;title&quot;:&quot;&quot;,&quot;orientation&quot;:&quot;0&quot;}\" data-image-title=\"PED45897_1200\" data-image-description=\"\" data-image-caption=\"\" data-large-file=\"https:\/\/i0.wp.com\/deltaimage.de\/wp\/wp-content\/uploads\/PED45897_1200.jpg?fit=890%2C334&amp;ssl=1\" \/><\/a>\n\t\t\t\t\n\t\t\t\t<h2 class=\"su-post-title\"><a href=\"https:\/\/deltaimage.de\/wp\/?p=54319\">Demn\u00e4chst: 28. Naturfototage F\u00fcrstenfeld bei M\u00fcnchen: 24. &#8211; 26. April 2026<\/a><\/h2>\n\n\t\t\t\t<div class=\"su-post-meta\">\n\t\t\t\t\tVer\u00f6ffentlicht: 19. April 2026\t\t\t\t<\/div>\n\n\t\t\t\t<div class=\"su-post-excerpt\">\n\t\t\t\t\t<p>Am kommenden Freitag beginnen an drei aufeinanderfolgenden Tagen die \u00e4u\u00dferst beliebten und ebenso erfolgreichen Naturfototage F\u00fcrstenfeld, in F\u00fcrstenfeldbruck bei M\u00fcnchen. Die Gesamtveranstaltung findet im Forum F\u00fcrstenfeldbruck statt, dem zu einer [&hellip;]<\/p>\n\t\t\t\t<\/div>\n\n\t\t\t\t\t\t\t\t\t<a href=\"https:\/\/deltaimage.de\/wp\/?p=54319#respond\" class=\"su-post-comments-link\">0 Kommentare<\/a>\n\t\t\t\t\n\t\t\t<\/div>\n\n\t\t\t\t\t\n\t\t\t\n\t\t\t<div id=\"su-post-48339\" class=\"su-post \">\n\n\t\t\t\t\t\t\t\t\t<a class=\"su-post-thumbnail\" href=\"https:\/\/deltaimage.de\/wp\/?p=48339\"><img data-recalc-dims=\"1\" loading=\"lazy\" decoding=\"async\" width=\"890\" height=\"335\" src=\"https:\/\/i0.wp.com\/deltaimage.de\/wp\/wp-content\/uploads\/Banner_Workshop_Eschbach_1200x450.jpg?resize=890%2C335&#038;ssl=1\" class=\"attachment-post-thumbnail size-post-thumbnail wp-post-image\" alt=\"\" srcset=\"https:\/\/i0.wp.com\/deltaimage.de\/wp\/wp-content\/uploads\/Banner_Workshop_Eschbach_1200x450.jpg?w=1417&amp;ssl=1 1417w, https:\/\/i0.wp.com\/deltaimage.de\/wp\/wp-content\/uploads\/Banner_Workshop_Eschbach_1200x450.jpg?resize=900%2C339&amp;ssl=1 900w, https:\/\/i0.wp.com\/deltaimage.de\/wp\/wp-content\/uploads\/Banner_Workshop_Eschbach_1200x450.jpg?resize=1200%2C452&amp;ssl=1 1200w, https:\/\/i0.wp.com\/deltaimage.de\/wp\/wp-content\/uploads\/Banner_Workshop_Eschbach_1200x450.jpg?resize=300%2C113&amp;ssl=1 300w, https:\/\/i0.wp.com\/deltaimage.de\/wp\/wp-content\/uploads\/Banner_Workshop_Eschbach_1200x450.jpg?resize=1061%2C400&amp;ssl=1 1061w\" sizes=\"auto, (max-width: 890px) 100vw, 890px\" data-attachment-id=\"47953\" data-permalink=\"https:\/\/deltaimage.de\/wp\/?attachment_id=47953\" data-orig-file=\"https:\/\/i0.wp.com\/deltaimage.de\/wp\/wp-content\/uploads\/Banner_Workshop_Eschbach_1200x450.jpg?fit=1417%2C534&amp;ssl=1\" data-orig-size=\"1417,534\" data-comments-opened=\"1\" data-image-meta=\"{&quot;aperture&quot;:&quot;0&quot;,&quot;credit&quot;:&quot;&quot;,&quot;camera&quot;:&quot;&quot;,&quot;caption&quot;:&quot;&quot;,&quot;created_timestamp&quot;:&quot;0&quot;,&quot;copyright&quot;:&quot;&quot;,&quot;focal_length&quot;:&quot;0&quot;,&quot;iso&quot;:&quot;0&quot;,&quot;shutter_speed&quot;:&quot;0&quot;,&quot;title&quot;:&quot;&quot;,&quot;orientation&quot;:&quot;0&quot;}\" data-image-title=\"Banner_Workshop_Eschbach_1200x450\" data-image-description=\"\" data-image-caption=\"\" data-large-file=\"https:\/\/i0.wp.com\/deltaimage.de\/wp\/wp-content\/uploads\/Banner_Workshop_Eschbach_1200x450.jpg?fit=890%2C335&amp;ssl=1\" \/><\/a>\n\t\t\t\t\n\t\t\t\t<h2 class=\"su-post-title\"><a href=\"https:\/\/deltaimage.de\/wp\/?p=48339\">Naturfototage F\u00fcrstenfeldbruck: Wieder Workshop im Niedermoor mit Paul Eschbach<\/a><\/h2>\n\n\t\t\t\t<div class=\"su-post-meta\">\n\t\t\t\t\tVer\u00f6ffentlicht: 25. August 2025\t\t\t\t<\/div>\n\n\t\t\t\t<div class=\"su-post-excerpt\">\n\t\t\t\t\t<p>Die 27. internationalen Naturfototage F\u00fcrstenfeld in F\u00fcrstenfeldbruck bei M\u00fcnchen beginnen in wenigen Wochen. Die Veranstaltungsprogramme f\u00fcr die spannenden Vortr\u00e4ge und die beliebten Workshops am verl\u00e4ngerten 1. Mai-Wochende (1.-4. Mai 2025) [&hellip;]<\/p>\n\t\t\t\t<\/div>\n\n\t\t\t\t\t\t\t\t\t<a href=\"https:\/\/deltaimage.de\/wp\/?p=48339#respond\" class=\"su-post-comments-link\">0 Kommentare<\/a>\n\t\t\t\t\n\t\t\t<\/div>\n\n\t\t\n\t\n<\/div>\n\n<p>&nbsp;<\/p>\n","protected":false},"excerpt":{"rendered":"<p>Viele NaturfotografInnen tr\u00e4umen vom ganz besonderen Zusammentreffen mit den Tieren in den Naturlandschaften: Ich w\u00fcrde gerne einmal an einem vertr\u00e4umten See sitzen und auf einen Fischadler tagelang warten. Wenn er [&hellip;]<\/p>\n","protected":false},"author":1,"featured_media":54573,"comment_status":"open","ping_status":"closed","sticky":false,"template":"","format":"standard","meta":{"wpupg_custom_link":[],"wpupg_custom_link_behaviour":["default"],"wpupg_custom_link_nofollow":["default"],"wpupg_custom_image":[],"wpupg_custom_image_id":[],"jetpack_post_was_ever_published":false,"footnotes":""},"categories":[848,4227,3217,1492,8],"tags":[386,4421,114,26,27,645,980],"class_list":["post-54565","post","type-post","status-publish","format-standard","has-post-thumbnail","hentry","category-fotografie","category-fuerstenfeldbrucker-land","category-naturfotografie","category-naturfototage-fuerstenfeld","category-news","tag-flugvorfuehrung","tag-fotoveranstaltung","tag-fruehling","tag-furstenfeld","tag-furstenfeldbruck","tag-greifvoegel","tag-naturfototage"],"jetpack_featured_media_url":"https:\/\/i0.wp.com\/deltaimage.de\/wp\/wp-content\/uploads\/PED41826_1200.jpg?fit=1200%2C450&ssl=1","jetpack-related-posts":[{"id":22449,"url":"https:\/\/deltaimage.de\/wp\/?p=22449","url_meta":{"origin":54565,"position":0},"title":"Greifv\u00f6gel am Zisterzienserkloster F\u00fcrstenfeld &#8211; Naturfototage at it&#8217;s best.","author":"EschbacP","date":"26. August 2019","format":false,"excerpt":"Greifv\u00f6gel im Flug erleben zu d\u00fcrfen, ist etwas ganz Besonderes und ergreifendes. Das Majest\u00e4tische des Fliegens pr\u00e4sentieren die K\u00f6nige der L\u00fcfte in ebensolcher Weise. Ich beginne gleich mit der Paradedisziplin. Die Greifv\u00f6gel - hier ein Wei\u00dfkopfseeadler - st\u00fcrzen sich aus der obersten Laterne der Klosterkirche im direkten Flug hinab auf\u2026","rel":"","context":"In &quot;Fotografie&quot;","block_context":{"text":"Fotografie","link":"https:\/\/deltaimage.de\/wp\/?cat=848"},"img":{"alt_text":"","src":"https:\/\/i0.wp.com\/deltaimage.de\/wp\/wp-content\/uploads\/PE1S0160_1200-1.jpg?fit=1200%2C450&ssl=1&resize=350%2C200","width":350,"height":200,"srcset":"https:\/\/i0.wp.com\/deltaimage.de\/wp\/wp-content\/uploads\/PE1S0160_1200-1.jpg?fit=1200%2C450&ssl=1&resize=350%2C200 1x, https:\/\/i0.wp.com\/deltaimage.de\/wp\/wp-content\/uploads\/PE1S0160_1200-1.jpg?fit=1200%2C450&ssl=1&resize=525%2C300 1.5x, https:\/\/i0.wp.com\/deltaimage.de\/wp\/wp-content\/uploads\/PE1S0160_1200-1.jpg?fit=1200%2C450&ssl=1&resize=700%2C400 2x, https:\/\/i0.wp.com\/deltaimage.de\/wp\/wp-content\/uploads\/PE1S0160_1200-1.jpg?fit=1200%2C450&ssl=1&resize=1050%2C600 3x"},"classes":[]},{"id":54319,"url":"https:\/\/deltaimage.de\/wp\/?p=54319","url_meta":{"origin":54565,"position":1},"title":"Demn\u00e4chst: 28. Naturfototage F\u00fcrstenfeld bei M\u00fcnchen: 24. &#8211; 26. April 2026","author":"EschbacP","date":"19. April 2026","format":false,"excerpt":"Am kommenden Freitag beginnen an drei aufeinanderfolgenden Tagen die \u00e4u\u00dferst beliebten und ebenso erfolgreichen Naturfototage F\u00fcrstenfeld, in F\u00fcrstenfeldbruck bei M\u00fcnchen. Die Gesamtveranstaltung findet im Forum F\u00fcrstenfeldbruck statt, dem zu einer Veranstaltungsfl\u00e4che umgebauten ehemaligen Klosterareal mit einer der sch\u00f6nsten Barockkirchen in S\u00fcddeutschland. Mehr Informationen: www.fuerstenfelder-naturfototage.com \u00a0 28. Internationale Naturfototage F\u00fcrstenfeld Freitag,\u2026","rel":"","context":"In &quot;Fotografie&quot;","block_context":{"text":"Fotografie","link":"https:\/\/deltaimage.de\/wp\/?cat=848"},"img":{"alt_text":"","src":"https:\/\/i0.wp.com\/deltaimage.de\/wp\/wp-content\/uploads\/PED45897_1200.jpg?fit=1200%2C450&ssl=1&resize=350%2C200","width":350,"height":200,"srcset":"https:\/\/i0.wp.com\/deltaimage.de\/wp\/wp-content\/uploads\/PED45897_1200.jpg?fit=1200%2C450&ssl=1&resize=350%2C200 1x, https:\/\/i0.wp.com\/deltaimage.de\/wp\/wp-content\/uploads\/PED45897_1200.jpg?fit=1200%2C450&ssl=1&resize=525%2C300 1.5x, https:\/\/i0.wp.com\/deltaimage.de\/wp\/wp-content\/uploads\/PED45897_1200.jpg?fit=1200%2C450&ssl=1&resize=700%2C400 2x, https:\/\/i0.wp.com\/deltaimage.de\/wp\/wp-content\/uploads\/PED45897_1200.jpg?fit=1200%2C450&ssl=1&resize=1050%2C600 3x"},"classes":[]},{"id":29352,"url":"https:\/\/deltaimage.de\/wp\/?p=29352","url_meta":{"origin":54565,"position":2},"title":"Naturfototage F\u00fcrstenfeld aus der Perspektive eines Adlers","author":"EschbacP","date":"19. Juli 2021","format":false,"excerpt":"Der Adler in F\u00fcrstenfeld kann das auch das sicher noch viel besser. Wir gehen mit einer Drohne\/UAS in dien Luftraum \u00fcber dem Forum F\u00fcrstenfeld auf Foto-Tour und schauen uns am fr\u00fchen Morgen eines Naturfototages das Gel\u00e4nde etwas genauer an. Wie mag aber der Blick der fliegenden Greifv\u00f6gel auf die Naturfototage\u2026","rel":"","context":"In &quot;Naturfototage F\u00fcrstenfeld&quot;","block_context":{"text":"Naturfototage F\u00fcrstenfeld","link":"https:\/\/deltaimage.de\/wp\/?cat=1492"},"img":{"alt_text":"","src":"https:\/\/i0.wp.com\/deltaimage.de\/wp\/wp-content\/uploads\/DSC8574_1200.jpg?fit=1200%2C450&ssl=1&resize=350%2C200","width":350,"height":200,"srcset":"https:\/\/i0.wp.com\/deltaimage.de\/wp\/wp-content\/uploads\/DSC8574_1200.jpg?fit=1200%2C450&ssl=1&resize=350%2C200 1x, https:\/\/i0.wp.com\/deltaimage.de\/wp\/wp-content\/uploads\/DSC8574_1200.jpg?fit=1200%2C450&ssl=1&resize=525%2C300 1.5x, https:\/\/i0.wp.com\/deltaimage.de\/wp\/wp-content\/uploads\/DSC8574_1200.jpg?fit=1200%2C450&ssl=1&resize=700%2C400 2x, https:\/\/i0.wp.com\/deltaimage.de\/wp\/wp-content\/uploads\/DSC8574_1200.jpg?fit=1200%2C450&ssl=1&resize=1050%2C600 3x"},"classes":[]},{"id":22427,"url":"https:\/\/deltaimage.de\/wp\/?p=22427","url_meta":{"origin":54565,"position":3},"title":"Multicopter \/ Drohnen Vorf\u00fchrung auf den Naturfototagen F\u00fcrstenfeld","author":"EschbacP","date":"26. August 2019","format":false,"excerpt":"Naturfotografie und der Einsatz von Multicopter \/ Drohnen \/ UAV geh\u00f6ren heute schon zum Standardequipment der Naturfotografen. Daher sind wir als UAV DACH e.V. - Verband f\u00fcr unbemannte Luftfahrt auch hier und engagieren uns mit einer eigenen UAV \/ Drohnen Kategorie bei den Glanzlichtern der Naturfotografie (GdN). Seit 4 Jahren\u2026","rel":"","context":"In &quot;Fotografie&quot;","block_context":{"text":"Fotografie","link":"https:\/\/deltaimage.de\/wp\/?cat=848"},"img":{"alt_text":"","src":"https:\/\/i0.wp.com\/deltaimage.de\/wp\/wp-content\/uploads\/YUN00068-Pano_1200.jpg?fit=1200%2C531&ssl=1&resize=350%2C200","width":350,"height":200,"srcset":"https:\/\/i0.wp.com\/deltaimage.de\/wp\/wp-content\/uploads\/YUN00068-Pano_1200.jpg?fit=1200%2C531&ssl=1&resize=350%2C200 1x, https:\/\/i0.wp.com\/deltaimage.de\/wp\/wp-content\/uploads\/YUN00068-Pano_1200.jpg?fit=1200%2C531&ssl=1&resize=525%2C300 1.5x, https:\/\/i0.wp.com\/deltaimage.de\/wp\/wp-content\/uploads\/YUN00068-Pano_1200.jpg?fit=1200%2C531&ssl=1&resize=700%2C400 2x, https:\/\/i0.wp.com\/deltaimage.de\/wp\/wp-content\/uploads\/YUN00068-Pano_1200.jpg?fit=1200%2C531&ssl=1&resize=1050%2C600 3x"},"classes":[]},{"id":54476,"url":"https:\/\/deltaimage.de\/wp\/?p=54476","url_meta":{"origin":54565,"position":4},"title":"Naturfotowettbewerb &#8222;Glanzlichter&#8220;:  Aerial Views of Nature mit dem DMFV","author":"EschbacP","date":"28. April 2026","format":false,"excerpt":"Auf den Naturfototagen F\u00fcrstenfeld bin ich seit dem ersten Jahr in F\u00fcrstenfeldbruck eigentlich in jedem einzelnen Jahr. Ab dem Jahr 2017 habe ich selbst Workshops im Programm der Naturfototage geleitet. So bin ich auch immer weiter in diese gro\u00dfartige Naturfotoveranstaltung integriert\u00a0worden. Zu dem zweit\u00e4gigen Drohnenworkshop f\u00fcr\u00a0Einsteiger hatte mir der Veranstalter\u2026","rel":"","context":"In &quot;Fotografie&quot;","block_context":{"text":"Fotografie","link":"https:\/\/deltaimage.de\/wp\/?cat=848"},"img":{"alt_text":"","src":"https:\/\/i0.wp.com\/deltaimage.de\/wp\/wp-content\/uploads\/PED41624_1200.jpg?fit=1200%2C450&ssl=1&resize=350%2C200","width":350,"height":200,"srcset":"https:\/\/i0.wp.com\/deltaimage.de\/wp\/wp-content\/uploads\/PED41624_1200.jpg?fit=1200%2C450&ssl=1&resize=350%2C200 1x, https:\/\/i0.wp.com\/deltaimage.de\/wp\/wp-content\/uploads\/PED41624_1200.jpg?fit=1200%2C450&ssl=1&resize=525%2C300 1.5x, https:\/\/i0.wp.com\/deltaimage.de\/wp\/wp-content\/uploads\/PED41624_1200.jpg?fit=1200%2C450&ssl=1&resize=700%2C400 2x, https:\/\/i0.wp.com\/deltaimage.de\/wp\/wp-content\/uploads\/PED41624_1200.jpg?fit=1200%2C450&ssl=1&resize=1050%2C600 3x"},"classes":[]},{"id":39621,"url":"https:\/\/deltaimage.de\/wp\/?p=39621","url_meta":{"origin":54565,"position":5},"title":"25. Naturfototage F\u00fcrstenfeldbruck waren ein gro\u00dfer Erfolg","author":"EschbacP","date":"20. April 2023","format":false,"excerpt":"Deutschlands gr\u00f6\u00dfte Fotoveranstaltung mit freiem Eintritt fand wieder auf dem herrlichen Forum F\u00fcrstenfeldbruck, einer wundersch\u00f6nen barocken Klosteranlage statt. Bis zu 15.000 BesucherInnen str\u00f6men an dem Wochenende in das \u00fcberregionale Mekka der Fotografie. Die 25. Naturfototage F\u00fcrstenfeldbruck 2023 waren nun wieder ohne Beschr\u00e4nkungen durch COVID im vollen Umfang dargeboten worden. Sch\u00f6n\u2026","rel":"","context":"In &quot;BAYERWALDTEAM&quot;","block_context":{"text":"BAYERWALDTEAM","link":"https:\/\/deltaimage.de\/wp\/?cat=861"},"img":{"alt_text":"","src":"https:\/\/i0.wp.com\/deltaimage.de\/wp\/wp-content\/uploads\/PE5D5309_1200.jpg?fit=1200%2C450&ssl=1&resize=350%2C200","width":350,"height":200,"srcset":"https:\/\/i0.wp.com\/deltaimage.de\/wp\/wp-content\/uploads\/PE5D5309_1200.jpg?fit=1200%2C450&ssl=1&resize=350%2C200 1x, https:\/\/i0.wp.com\/deltaimage.de\/wp\/wp-content\/uploads\/PE5D5309_1200.jpg?fit=1200%2C450&ssl=1&resize=525%2C300 1.5x, https:\/\/i0.wp.com\/deltaimage.de\/wp\/wp-content\/uploads\/PE5D5309_1200.jpg?fit=1200%2C450&ssl=1&resize=700%2C400 2x, https:\/\/i0.wp.com\/deltaimage.de\/wp\/wp-content\/uploads\/PE5D5309_1200.jpg?fit=1200%2C450&ssl=1&resize=1050%2C600 3x"},"classes":[]}],"jetpack_sharing_enabled":true,"_links":{"self":[{"href":"https:\/\/deltaimage.de\/wp\/index.php?rest_route=\/wp\/v2\/posts\/54565","targetHints":{"allow":["GET"]}}],"collection":[{"href":"https:\/\/deltaimage.de\/wp\/index.php?rest_route=\/wp\/v2\/posts"}],"about":[{"href":"https:\/\/deltaimage.de\/wp\/index.php?rest_route=\/wp\/v2\/types\/post"}],"author":[{"embeddable":true,"href":"https:\/\/deltaimage.de\/wp\/index.php?rest_route=\/wp\/v2\/users\/1"}],"replies":[{"embeddable":true,"href":"https:\/\/deltaimage.de\/wp\/index.php?rest_route=%2Fwp%2Fv2%2Fcomments&post=54565"}],"version-history":[{"count":28,"href":"https:\/\/deltaimage.de\/wp\/index.php?rest_route=\/wp\/v2\/posts\/54565\/revisions"}],"predecessor-version":[{"id":54600,"href":"https:\/\/deltaimage.de\/wp\/index.php?rest_route=\/wp\/v2\/posts\/54565\/revisions\/54600"}],"wp:featuredmedia":[{"embeddable":true,"href":"https:\/\/deltaimage.de\/wp\/index.php?rest_route=\/wp\/v2\/media\/54573"}],"wp:attachment":[{"href":"https:\/\/deltaimage.de\/wp\/index.php?rest_route=%2Fwp%2Fv2%2Fmedia&parent=54565"}],"wp:term":[{"taxonomy":"category","embeddable":true,"href":"https:\/\/deltaimage.de\/wp\/index.php?rest_route=%2Fwp%2Fv2%2Fcategories&post=54565"},{"taxonomy":"post_tag","embeddable":true,"href":"https:\/\/deltaimage.de\/wp\/index.php?rest_route=%2Fwp%2Fv2%2Ftags&post=54565"}],"curies":[{"name":"wp","href":"https:\/\/api.w.org\/{rel}","templated":true}]}}