{"id":6466,"date":"2015-01-10T21:44:47","date_gmt":"2015-01-10T20:44:47","guid":{"rendered":"http:\/\/deltaimage.de\/wp\/?p=6466"},"modified":"2025-08-16T16:18:50","modified_gmt":"2025-08-16T14:18:50","slug":"dampfzug-am-tegernsee-bei-herrlichem-winterwetter","status":"publish","type":"post","link":"https:\/\/deltaimage.de\/wp\/?p=6466","title":{"rendered":"Dampfzug am Tegernsee bei herrlichem Winterwetter"},"content":{"rendered":"<p><a href=\"https:\/\/i0.wp.com\/deltaimage.de\/wp\/wp-content\/uploads\/ZY5M9722_900.jpg\"><img data-recalc-dims=\"1\" loading=\"lazy\" decoding=\"async\" data-attachment-id=\"23348\" data-permalink=\"https:\/\/deltaimage.de\/wp\/?attachment_id=23348#main\" data-orig-file=\"https:\/\/i0.wp.com\/deltaimage.de\/wp\/wp-content\/uploads\/ZY5M9722_900.jpg?fit=890%2C593&amp;ssl=1\" data-orig-size=\"890,593\" data-comments-opened=\"0\" data-image-meta=\"{&quot;aperture&quot;:&quot;7.1&quot;,&quot;credit&quot;:&quot;Paul Eschbach&quot;,&quot;camera&quot;:&quot;Canon EOS-1Ds Mark II&quot;,&quot;caption&quot;:&quot;&quot;,&quot;created_timestamp&quot;:&quot;1420536033&quot;,&quot;copyright&quot;:&quot;&quot;,&quot;focal_length&quot;:&quot;70&quot;,&quot;iso&quot;:&quot;200&quot;,&quot;shutter_speed&quot;:&quot;0.025&quot;,&quot;title&quot;:&quot;&quot;,&quot;orientation&quot;:&quot;0&quot;}\" data-image-title=\"ZY5M9722_900\" data-image-description=\"\" data-image-caption=\"\" data-large-file=\"https:\/\/i0.wp.com\/deltaimage.de\/wp\/wp-content\/uploads\/ZY5M9722_900.jpg?fit=890%2C593&amp;ssl=1\" class=\"aligncenter size-full wp-image-23348\" src=\"https:\/\/i0.wp.com\/deltaimage.de\/wp\/wp-content\/uploads\/ZY5M9722_900.jpg?resize=890%2C593\" alt=\"ZYM\" width=\"890\" height=\"593\" srcset=\"https:\/\/i0.wp.com\/deltaimage.de\/wp\/wp-content\/uploads\/ZY5M9722_900.jpg?w=890&amp;ssl=1 890w, https:\/\/i0.wp.com\/deltaimage.de\/wp\/wp-content\/uploads\/ZY5M9722_900.jpg?resize=200%2C133&amp;ssl=1 200w, https:\/\/i0.wp.com\/deltaimage.de\/wp\/wp-content\/uploads\/ZY5M9722_900.jpg?resize=300%2C200&amp;ssl=1 300w, https:\/\/i0.wp.com\/deltaimage.de\/wp\/wp-content\/uploads\/ZY5M9722_900.jpg?resize=675%2C450&amp;ssl=1 675w, https:\/\/i0.wp.com\/deltaimage.de\/wp\/wp-content\/uploads\/ZY5M9722_900.jpg?resize=600%2C400&amp;ssl=1 600w\" sizes=\"auto, (max-width: 890px) 100vw, 890px\" \/><\/a>K\u00f6nig Ludwig II war sehr technikbegeistert und ein F\u00f6rderer der Technik und des Ingenieurwesens in Bayern. So f\u00e4llt es in seine Regierungszeit, dass die sp\u00e4tere Tegernsee-Bahn Aktiengesellschaft (TAG) die Konzession zum Bau einer Vollbahn von Schaftlach zuerst bis Gmund am See und sp\u00e4ter bis Tegernsee bekam. 1902 wurde die Strecke bis Tegernsee er\u00f6ffnet. Der Betrieb der Bahn mit Dampfloks hat sich sehr lange gehalten. Heute wird die Strecke von der BOB bedient.<!--more--><\/p>\n<p>&nbsp;<\/p>\n<p>Mehrmals im Jahr wird die wundersch\u00f6n gelegene Strecke vom Lokalbahn Verein e.V. f\u00fcr Dampfzugfahrten genutzt. Gerade im Winter sind die Fahrten besonders spektakul\u00e4r, da sich bei Temperaturen unter 14 Grad die Dampfs\u00e4ule der Lokomotive besonders pr\u00e4chtig zur Schau stellt und an der kalten Luft kondensiert.<\/p>\n<p><a href=\"https:\/\/i0.wp.com\/deltaimage.de\/wp\/wp-content\/uploads\/ZY5M9808_900.jpg\"><img data-recalc-dims=\"1\" loading=\"lazy\" decoding=\"async\" data-attachment-id=\"23354\" data-permalink=\"https:\/\/deltaimage.de\/wp\/?attachment_id=23354#main\" data-orig-file=\"https:\/\/i0.wp.com\/deltaimage.de\/wp\/wp-content\/uploads\/ZY5M9808_900.jpg?fit=890%2C593&amp;ssl=1\" data-orig-size=\"890,593\" data-comments-opened=\"0\" data-image-meta=\"{&quot;aperture&quot;:&quot;7.1&quot;,&quot;credit&quot;:&quot;Paul Eschbach&quot;,&quot;camera&quot;:&quot;Canon EOS-1Ds Mark II&quot;,&quot;caption&quot;:&quot;&quot;,&quot;created_timestamp&quot;:&quot;1420537755&quot;,&quot;copyright&quot;:&quot;&quot;,&quot;focal_length&quot;:&quot;105&quot;,&quot;iso&quot;:&quot;200&quot;,&quot;shutter_speed&quot;:&quot;0.002&quot;,&quot;title&quot;:&quot;&quot;,&quot;orientation&quot;:&quot;0&quot;}\" data-image-title=\"ZY5M9808_900\" data-image-description=\"\" data-image-caption=\"\" data-large-file=\"https:\/\/i0.wp.com\/deltaimage.de\/wp\/wp-content\/uploads\/ZY5M9808_900.jpg?fit=890%2C593&amp;ssl=1\" class=\"aligncenter size-full wp-image-23354\" src=\"https:\/\/i0.wp.com\/deltaimage.de\/wp\/wp-content\/uploads\/ZY5M9808_900.jpg?resize=890%2C593\" alt=\"ZYM\" width=\"890\" height=\"593\" srcset=\"https:\/\/i0.wp.com\/deltaimage.de\/wp\/wp-content\/uploads\/ZY5M9808_900.jpg?w=890&amp;ssl=1 890w, https:\/\/i0.wp.com\/deltaimage.de\/wp\/wp-content\/uploads\/ZY5M9808_900.jpg?resize=200%2C133&amp;ssl=1 200w, https:\/\/i0.wp.com\/deltaimage.de\/wp\/wp-content\/uploads\/ZY5M9808_900.jpg?resize=300%2C200&amp;ssl=1 300w, https:\/\/i0.wp.com\/deltaimage.de\/wp\/wp-content\/uploads\/ZY5M9808_900.jpg?resize=675%2C450&amp;ssl=1 675w, https:\/\/i0.wp.com\/deltaimage.de\/wp\/wp-content\/uploads\/ZY5M9808_900.jpg?resize=600%2C400&amp;ssl=1 600w\" sizes=\"auto, (max-width: 890px) 100vw, 890px\" \/><\/a><\/p>\n<p>&nbsp;<\/p>\n<h2>Dampfzugfahrt an Hl. Drei K\u00f6nige<\/h2>\n<p>Geh\u00f6rt der Veranstaltungskalender des Lokalbahn Vereins e.V. schon lange zum Kalender im Jahr, ist der Drei-K\u00f6nig-Dampfzug ein absolutes Muss f\u00fcr jeden Eisenbahnfan. Die 12,4 km lange Strecke bindet Tegernsee an die gro\u00dfe Welt der Hauptbahnen an, und so pendelt der Sonderzug auch von Tegernsee \u00fcber den Abzweigbahnhof Schaftlach bis nach Holzkirchen, vor dort besteht Anschluss an S-Bahn und die BOB.<\/p>\n<div class=\"tiled-gallery type-rectangular tiled-gallery-unresized\" data-original-width=\"890\" data-carousel-extra='{&quot;blog_id&quot;:1,&quot;permalink&quot;:&quot;https:\\\/\\\/deltaimage.de\\\/wp\\\/?p=6466&quot;,&quot;likes_blog_id&quot;:66828988}' itemscope itemtype=\"http:\/\/schema.org\/ImageGallery\" > <div class=\"gallery-row\" style=\"width: 890px; height: 629px;\" data-original-width=\"890\" data-original-height=\"629\" > <div class=\"gallery-group images-2\" style=\"width: 470px; height: 629px;\" data-original-width=\"470\" data-original-height=\"629\" > <div class=\"tiled-gallery-item tiled-gallery-item-large\" itemprop=\"associatedMedia\" itemscope itemtype=\"http:\/\/schema.org\/ImageObject\"> <a href=\"https:\/\/deltaimage.de\/wp\/?attachment_id=23354#main\" border=\"0\" itemprop=\"url\"> <meta itemprop=\"width\" content=\"466\"> <meta itemprop=\"height\" content=\"311\"> <img decoding=\"async\" class=\"\" data-attachment-id=\"23354\" data-orig-file=\"https:\/\/deltaimage.de\/wp\/wp-content\/uploads\/ZY5M9808_900.jpg\" data-orig-size=\"890,593\" data-comments-opened=\"\" data-image-meta=\"{&quot;aperture&quot;:&quot;7.1&quot;,&quot;credit&quot;:&quot;Paul Eschbach&quot;,&quot;camera&quot;:&quot;Canon EOS-1Ds Mark II&quot;,&quot;caption&quot;:&quot;&quot;,&quot;created_timestamp&quot;:&quot;1420537755&quot;,&quot;copyright&quot;:&quot;&quot;,&quot;focal_length&quot;:&quot;105&quot;,&quot;iso&quot;:&quot;200&quot;,&quot;shutter_speed&quot;:&quot;0.002&quot;,&quot;title&quot;:&quot;&quot;,&quot;orientation&quot;:&quot;0&quot;}\" data-image-title=\"ZY5M9808_900\" data-image-description=\"\" data-medium-file=\"https:\/\/i0.wp.com\/deltaimage.de\/wp\/wp-content\/uploads\/ZY5M9808_900.jpg?fit=300%2C200&#038;ssl=1\" data-large-file=\"https:\/\/i0.wp.com\/deltaimage.de\/wp\/wp-content\/uploads\/ZY5M9808_900.jpg?fit=890%2C593&#038;ssl=1\" src=\"https:\/\/i0.wp.com\/deltaimage.de\/wp\/wp-content\/uploads\/ZY5M9808_900.jpg?w=466&#038;h=311&#038;ssl=1\" srcset=\"https:\/\/i0.wp.com\/deltaimage.de\/wp\/wp-content\/uploads\/ZY5M9808_900.jpg?w=890&amp;ssl=1 890w, https:\/\/i0.wp.com\/deltaimage.de\/wp\/wp-content\/uploads\/ZY5M9808_900.jpg?resize=200%2C133&amp;ssl=1 200w, https:\/\/i0.wp.com\/deltaimage.de\/wp\/wp-content\/uploads\/ZY5M9808_900.jpg?resize=300%2C200&amp;ssl=1 300w, https:\/\/i0.wp.com\/deltaimage.de\/wp\/wp-content\/uploads\/ZY5M9808_900.jpg?resize=675%2C450&amp;ssl=1 675w, https:\/\/i0.wp.com\/deltaimage.de\/wp\/wp-content\/uploads\/ZY5M9808_900.jpg?resize=600%2C400&amp;ssl=1 600w\" width=\"466\" height=\"311\" loading=\"lazy\" data-original-width=\"466\" data-original-height=\"311\" itemprop=\"http:\/\/schema.org\/image\" title=\"ZY5M9808_900\" alt=\"ZY5M9808_900\" style=\"width: 466px; height: 311px;\" \/> <\/a> <\/div> <div class=\"tiled-gallery-item tiled-gallery-item-large\" itemprop=\"associatedMedia\" itemscope itemtype=\"http:\/\/schema.org\/ImageObject\"> <a href=\"https:\/\/deltaimage.de\/wp\/?attachment_id=23348#main\" border=\"0\" itemprop=\"url\"> <meta itemprop=\"width\" content=\"466\"> <meta itemprop=\"height\" content=\"310\"> <img decoding=\"async\" class=\"\" data-attachment-id=\"23348\" data-orig-file=\"https:\/\/deltaimage.de\/wp\/wp-content\/uploads\/ZY5M9722_900.jpg\" data-orig-size=\"890,593\" data-comments-opened=\"\" data-image-meta=\"{&quot;aperture&quot;:&quot;7.1&quot;,&quot;credit&quot;:&quot;Paul Eschbach&quot;,&quot;camera&quot;:&quot;Canon EOS-1Ds Mark II&quot;,&quot;caption&quot;:&quot;&quot;,&quot;created_timestamp&quot;:&quot;1420536033&quot;,&quot;copyright&quot;:&quot;&quot;,&quot;focal_length&quot;:&quot;70&quot;,&quot;iso&quot;:&quot;200&quot;,&quot;shutter_speed&quot;:&quot;0.025&quot;,&quot;title&quot;:&quot;&quot;,&quot;orientation&quot;:&quot;0&quot;}\" data-image-title=\"ZY5M9722_900\" data-image-description=\"\" data-medium-file=\"https:\/\/i0.wp.com\/deltaimage.de\/wp\/wp-content\/uploads\/ZY5M9722_900.jpg?fit=300%2C200&#038;ssl=1\" data-large-file=\"https:\/\/i0.wp.com\/deltaimage.de\/wp\/wp-content\/uploads\/ZY5M9722_900.jpg?fit=890%2C593&#038;ssl=1\" src=\"https:\/\/i0.wp.com\/deltaimage.de\/wp\/wp-content\/uploads\/ZY5M9722_900.jpg?w=466&#038;h=310&#038;ssl=1\" srcset=\"https:\/\/i0.wp.com\/deltaimage.de\/wp\/wp-content\/uploads\/ZY5M9722_900.jpg?w=890&amp;ssl=1 890w, https:\/\/i0.wp.com\/deltaimage.de\/wp\/wp-content\/uploads\/ZY5M9722_900.jpg?resize=200%2C133&amp;ssl=1 200w, https:\/\/i0.wp.com\/deltaimage.de\/wp\/wp-content\/uploads\/ZY5M9722_900.jpg?resize=300%2C200&amp;ssl=1 300w, https:\/\/i0.wp.com\/deltaimage.de\/wp\/wp-content\/uploads\/ZY5M9722_900.jpg?resize=675%2C450&amp;ssl=1 675w, https:\/\/i0.wp.com\/deltaimage.de\/wp\/wp-content\/uploads\/ZY5M9722_900.jpg?resize=600%2C400&amp;ssl=1 600w\" width=\"466\" height=\"310\" loading=\"lazy\" data-original-width=\"466\" data-original-height=\"310\" itemprop=\"http:\/\/schema.org\/image\" title=\"ZY5M9722_900\" alt=\"ZY5M9722_900\" style=\"width: 466px; height: 310px;\" \/> <\/a> <\/div> <\/div> <!-- close group --> <div class=\"gallery-group images-1\" style=\"width: 420px; height: 629px;\" data-original-width=\"420\" data-original-height=\"629\" > <div class=\"tiled-gallery-item tiled-gallery-item-large\" itemprop=\"associatedMedia\" itemscope itemtype=\"http:\/\/schema.org\/ImageObject\"> <a href=\"https:\/\/deltaimage.de\/wp\/?attachment_id=23353#main\" border=\"0\" itemprop=\"url\"> <meta itemprop=\"width\" content=\"416\"> <meta itemprop=\"height\" content=\"625\"> <img decoding=\"async\" class=\"\" data-attachment-id=\"23353\" data-orig-file=\"https:\/\/deltaimage.de\/wp\/wp-content\/uploads\/ZY5M9816_900.jpg\" data-orig-size=\"593,890\" data-comments-opened=\"\" data-image-meta=\"{&quot;aperture&quot;:&quot;7.1&quot;,&quot;credit&quot;:&quot;Paul Eschbach&quot;,&quot;camera&quot;:&quot;Canon EOS-1Ds Mark II&quot;,&quot;caption&quot;:&quot;&quot;,&quot;created_timestamp&quot;:&quot;1420537939&quot;,&quot;copyright&quot;:&quot;&quot;,&quot;focal_length&quot;:&quot;200&quot;,&quot;iso&quot;:&quot;200&quot;,&quot;shutter_speed&quot;:&quot;0.003125&quot;,&quot;title&quot;:&quot;&quot;,&quot;orientation&quot;:&quot;0&quot;}\" data-image-title=\"ZY5M9816_900\" data-image-description=\"\" data-medium-file=\"https:\/\/i0.wp.com\/deltaimage.de\/wp\/wp-content\/uploads\/ZY5M9816_900.jpg?fit=200%2C300&#038;ssl=1\" data-large-file=\"https:\/\/i0.wp.com\/deltaimage.de\/wp\/wp-content\/uploads\/ZY5M9816_900.jpg?fit=593%2C890&#038;ssl=1\" src=\"https:\/\/i0.wp.com\/deltaimage.de\/wp\/wp-content\/uploads\/ZY5M9816_900.jpg?w=416&#038;h=625&#038;ssl=1\" srcset=\"https:\/\/i0.wp.com\/deltaimage.de\/wp\/wp-content\/uploads\/ZY5M9816_900.jpg?w=593&amp;ssl=1 593w, https:\/\/i0.wp.com\/deltaimage.de\/wp\/wp-content\/uploads\/ZY5M9816_900.jpg?resize=133%2C200&amp;ssl=1 133w, https:\/\/i0.wp.com\/deltaimage.de\/wp\/wp-content\/uploads\/ZY5M9816_900.jpg?resize=200%2C300&amp;ssl=1 200w, https:\/\/i0.wp.com\/deltaimage.de\/wp\/wp-content\/uploads\/ZY5M9816_900.jpg?resize=395%2C593&amp;ssl=1 395w, https:\/\/i0.wp.com\/deltaimage.de\/wp\/wp-content\/uploads\/ZY5M9816_900.jpg?resize=300%2C450&amp;ssl=1 300w, https:\/\/i0.wp.com\/deltaimage.de\/wp\/wp-content\/uploads\/ZY5M9816_900.jpg?resize=267%2C400&amp;ssl=1 267w\" width=\"416\" height=\"625\" loading=\"lazy\" data-original-width=\"416\" data-original-height=\"625\" itemprop=\"http:\/\/schema.org\/image\" title=\"ZY5M9816_900\" alt=\"ZY5M9816_900\" style=\"width: 416px; height: 625px;\" \/> <\/a> <\/div> <\/div> <!-- close group --> <\/div> <!-- close row --> <div class=\"gallery-row\" style=\"width: 890px; height: 298px;\" data-original-width=\"890\" data-original-height=\"298\" > <div class=\"gallery-group images-1\" style=\"width: 445px; height: 298px;\" data-original-width=\"445\" data-original-height=\"298\" > <div class=\"tiled-gallery-item tiled-gallery-item-large\" itemprop=\"associatedMedia\" itemscope itemtype=\"http:\/\/schema.org\/ImageObject\"> <a href=\"https:\/\/deltaimage.de\/wp\/?attachment_id=23355#main\" border=\"0\" itemprop=\"url\"> <meta itemprop=\"width\" content=\"441\"> <meta itemprop=\"height\" content=\"294\"> <img decoding=\"async\" class=\"\" data-attachment-id=\"23355\" data-orig-file=\"https:\/\/deltaimage.de\/wp\/wp-content\/uploads\/ZY5M9773_900.jpg\" data-orig-size=\"890,593\" data-comments-opened=\"\" data-image-meta=\"{&quot;aperture&quot;:&quot;7.1&quot;,&quot;credit&quot;:&quot;Paul Eschbach&quot;,&quot;camera&quot;:&quot;Canon EOS-1Ds Mark II&quot;,&quot;caption&quot;:&quot;&quot;,&quot;created_timestamp&quot;:&quot;1420537380&quot;,&quot;copyright&quot;:&quot;&quot;,&quot;focal_length&quot;:&quot;84&quot;,&quot;iso&quot;:&quot;200&quot;,&quot;shutter_speed&quot;:&quot;0.002&quot;,&quot;title&quot;:&quot;&quot;,&quot;orientation&quot;:&quot;0&quot;}\" data-image-title=\"ZY5M9773_900\" data-image-description=\"\" data-medium-file=\"https:\/\/i0.wp.com\/deltaimage.de\/wp\/wp-content\/uploads\/ZY5M9773_900.jpg?fit=300%2C200&#038;ssl=1\" data-large-file=\"https:\/\/i0.wp.com\/deltaimage.de\/wp\/wp-content\/uploads\/ZY5M9773_900.jpg?fit=890%2C593&#038;ssl=1\" src=\"https:\/\/i0.wp.com\/deltaimage.de\/wp\/wp-content\/uploads\/ZY5M9773_900.jpg?w=441&#038;h=294&#038;ssl=1\" srcset=\"https:\/\/i0.wp.com\/deltaimage.de\/wp\/wp-content\/uploads\/ZY5M9773_900.jpg?w=890&amp;ssl=1 890w, https:\/\/i0.wp.com\/deltaimage.de\/wp\/wp-content\/uploads\/ZY5M9773_900.jpg?resize=200%2C133&amp;ssl=1 200w, https:\/\/i0.wp.com\/deltaimage.de\/wp\/wp-content\/uploads\/ZY5M9773_900.jpg?resize=300%2C200&amp;ssl=1 300w, https:\/\/i0.wp.com\/deltaimage.de\/wp\/wp-content\/uploads\/ZY5M9773_900.jpg?resize=675%2C450&amp;ssl=1 675w, https:\/\/i0.wp.com\/deltaimage.de\/wp\/wp-content\/uploads\/ZY5M9773_900.jpg?resize=600%2C400&amp;ssl=1 600w\" width=\"441\" height=\"294\" loading=\"lazy\" data-original-width=\"441\" data-original-height=\"294\" itemprop=\"http:\/\/schema.org\/image\" title=\"ZY5M9773_900\" alt=\"ZY5M9773_900\" style=\"width: 441px; height: 294px;\" \/> <\/a> <\/div> <\/div> <!-- close group --> <div class=\"gallery-group images-1\" style=\"width: 445px; height: 298px;\" data-original-width=\"445\" data-original-height=\"298\" > <div class=\"tiled-gallery-item tiled-gallery-item-large\" itemprop=\"associatedMedia\" itemscope itemtype=\"http:\/\/schema.org\/ImageObject\"> <a href=\"https:\/\/deltaimage.de\/wp\/?attachment_id=23356#main\" border=\"0\" itemprop=\"url\"> <meta itemprop=\"width\" content=\"441\"> <meta itemprop=\"height\" content=\"294\"> <img decoding=\"async\" class=\"\" data-attachment-id=\"23356\" data-orig-file=\"https:\/\/deltaimage.de\/wp\/wp-content\/uploads\/ZY5M9755_900.jpg\" data-orig-size=\"890,593\" data-comments-opened=\"\" data-image-meta=\"{&quot;aperture&quot;:&quot;7.1&quot;,&quot;credit&quot;:&quot;Paul Eschbach&quot;,&quot;camera&quot;:&quot;Canon EOS-1Ds Mark II&quot;,&quot;caption&quot;:&quot;&quot;,&quot;created_timestamp&quot;:&quot;1420537007&quot;,&quot;copyright&quot;:&quot;&quot;,&quot;focal_length&quot;:&quot;40&quot;,&quot;iso&quot;:&quot;200&quot;,&quot;shutter_speed&quot;:&quot;0.00625&quot;,&quot;title&quot;:&quot;&quot;,&quot;orientation&quot;:&quot;0&quot;}\" data-image-title=\"ZY5M9755_900\" data-image-description=\"\" data-medium-file=\"https:\/\/i0.wp.com\/deltaimage.de\/wp\/wp-content\/uploads\/ZY5M9755_900.jpg?fit=300%2C200&#038;ssl=1\" data-large-file=\"https:\/\/i0.wp.com\/deltaimage.de\/wp\/wp-content\/uploads\/ZY5M9755_900.jpg?fit=890%2C593&#038;ssl=1\" src=\"https:\/\/i0.wp.com\/deltaimage.de\/wp\/wp-content\/uploads\/ZY5M9755_900.jpg?w=441&#038;h=294&#038;ssl=1\" srcset=\"https:\/\/i0.wp.com\/deltaimage.de\/wp\/wp-content\/uploads\/ZY5M9755_900.jpg?w=890&amp;ssl=1 890w, https:\/\/i0.wp.com\/deltaimage.de\/wp\/wp-content\/uploads\/ZY5M9755_900.jpg?resize=200%2C133&amp;ssl=1 200w, https:\/\/i0.wp.com\/deltaimage.de\/wp\/wp-content\/uploads\/ZY5M9755_900.jpg?resize=300%2C200&amp;ssl=1 300w, https:\/\/i0.wp.com\/deltaimage.de\/wp\/wp-content\/uploads\/ZY5M9755_900.jpg?resize=675%2C450&amp;ssl=1 675w, https:\/\/i0.wp.com\/deltaimage.de\/wp\/wp-content\/uploads\/ZY5M9755_900.jpg?resize=600%2C400&amp;ssl=1 600w\" width=\"441\" height=\"294\" loading=\"lazy\" data-original-width=\"441\" data-original-height=\"294\" itemprop=\"http:\/\/schema.org\/image\" title=\"ZY5M9755_900\" alt=\"ZY5M9755_900\" style=\"width: 441px; height: 294px;\" \/> <\/a> <\/div> <\/div> <!-- close group --> <\/div> <!-- close row --> <\/div>\n<p>Der Bahnhof Tegernsee ist Endpunkt der Strecke, die Z\u00fcge enden hier. Der Bahnhof ist aber trotz des Strukturwandels und dem neuen Betreiber immer noch weitgehend historisch erhalten worden und steht vor pr\u00e4chtigem Panorama des Wallbergs.<br \/>\nDer Zug wird 60 Minuten vor Abfahrt bereitgestellt und die Szenen am Bahnsteig k\u00f6nnten auch vor hundert Jahren entstanden sein, mit der pr\u00e4chtigen Landschaft im Hintergrund. Die Dampflok m\u00fcht sich nach Kr\u00e4ften gegen die kalte Luft an dem wolkenlosen Tag &#8211; ein sch\u00f6ner Tag kann beginnen. Die Wagen (zweiachsige Donnerb\u00fcchsen) sind bis auf den letzten Platz besetzt &#8211; die tolle Kulisse lassen sich die vielen begeisterten Bahnfahrer nicht entgehen.<\/p>\n<p>&nbsp;<\/p>\n<h2>Die 70er mit Donnerb\u00fcchsen vor Alpenpanorama<\/h2>\n<p>Der Lokalbahn Verein e.V. h\u00e4lt mit einem tollen Einsatz die 70er am Laufen &#8211; es ist die einzige betriebsfertige Dampflok des Vereins. Die TAG 7, eigentlich eine Originallok vom Tegernsee und viel kr\u00e4ftiger, wartet auf einen Geldregen f\u00fcr die n\u00e4chste Hauptuntersuchung.<\/p>\n<p><a href=\"https:\/\/i0.wp.com\/deltaimage.de\/wp\/wp-content\/uploads\/ZY5M9875_900.jpg\"><img data-recalc-dims=\"1\" loading=\"lazy\" decoding=\"async\" data-attachment-id=\"23352\" data-permalink=\"https:\/\/deltaimage.de\/wp\/?attachment_id=23352#main\" data-orig-file=\"https:\/\/i0.wp.com\/deltaimage.de\/wp\/wp-content\/uploads\/ZY5M9875_900.jpg?fit=890%2C593&amp;ssl=1\" data-orig-size=\"890,593\" data-comments-opened=\"0\" data-image-meta=\"{&quot;aperture&quot;:&quot;6.3&quot;,&quot;credit&quot;:&quot;Paul Eschbach&quot;,&quot;camera&quot;:&quot;Canon EOS-1Ds Mark II&quot;,&quot;caption&quot;:&quot;&quot;,&quot;created_timestamp&quot;:&quot;1420547302&quot;,&quot;copyright&quot;:&quot;&quot;,&quot;focal_length&quot;:&quot;140&quot;,&quot;iso&quot;:&quot;200&quot;,&quot;shutter_speed&quot;:&quot;0.0005&quot;,&quot;title&quot;:&quot;&quot;,&quot;orientation&quot;:&quot;0&quot;}\" data-image-title=\"ZY5M9875_900\" data-image-description=\"\" data-image-caption=\"\" data-large-file=\"https:\/\/i0.wp.com\/deltaimage.de\/wp\/wp-content\/uploads\/ZY5M9875_900.jpg?fit=890%2C593&amp;ssl=1\" class=\"aligncenter size-full wp-image-23352\" src=\"https:\/\/i0.wp.com\/deltaimage.de\/wp\/wp-content\/uploads\/ZY5M9875_900.jpg?resize=890%2C593\" alt=\"ZYM\" width=\"890\" height=\"593\" srcset=\"https:\/\/i0.wp.com\/deltaimage.de\/wp\/wp-content\/uploads\/ZY5M9875_900.jpg?w=890&amp;ssl=1 890w, https:\/\/i0.wp.com\/deltaimage.de\/wp\/wp-content\/uploads\/ZY5M9875_900.jpg?resize=200%2C133&amp;ssl=1 200w, https:\/\/i0.wp.com\/deltaimage.de\/wp\/wp-content\/uploads\/ZY5M9875_900.jpg?resize=300%2C200&amp;ssl=1 300w, https:\/\/i0.wp.com\/deltaimage.de\/wp\/wp-content\/uploads\/ZY5M9875_900.jpg?resize=675%2C450&amp;ssl=1 675w, https:\/\/i0.wp.com\/deltaimage.de\/wp\/wp-content\/uploads\/ZY5M9875_900.jpg?resize=600%2C400&amp;ssl=1 600w\" sizes=\"auto, (max-width: 890px) 100vw, 890px\" \/><\/a><\/p>\n<p>So versieht die 70er den Dienst am Tegernsee vor herrlichem Panorama in Schaftlach und den nahen Bergen der bayerischen Alpen.<\/p>\n<p>&nbsp;<\/p>\n<h2>Da Gmunder Berg<\/h2>\n<p>Vom Bahnhof Gmund am See Richtung Moosrain hat die ehemalige bayerische Pt 2\/3 alle R\u00e4der voll zu tun. Die Strecke \u00fcberwindet die st\u00e4rkste Steigung einer Lokalbahn in Bayern und war der Grund f\u00fcr die vielen Spezialkonstruktionen f\u00fcr die TAG &#8211; so auch die TAG 7, die st\u00e4rkste Lokalbahn Lokomotive in Bayern. Der Heizer muss in Gmund w\u00e4hrend dem Aufenthalt im Bahnhof das Feuer ordentlich anfachen und gen\u00fcgend Dampf bereitstellen &#8211; jetzt wird jeder m\u00b3 ben\u00f6tigt. Den Zuseher freut die Bergfahrt mit einer unvergleichlichen Dampfs\u00e4ule, vermischt mit dem schwarzen Rauch der Dampfmaschine.<\/p>\n<p><a href=\"https:\/\/i0.wp.com\/deltaimage.de\/wp\/wp-content\/uploads\/ZY5M9932_900-1.jpg\"><img data-recalc-dims=\"1\" loading=\"lazy\" decoding=\"async\" data-attachment-id=\"23358\" data-permalink=\"https:\/\/deltaimage.de\/wp\/?attachment_id=23358#main\" data-orig-file=\"https:\/\/i0.wp.com\/deltaimage.de\/wp\/wp-content\/uploads\/ZY5M9932_900-1.jpg?fit=593%2C890&amp;ssl=1\" data-orig-size=\"593,890\" data-comments-opened=\"0\" data-image-meta=\"{&quot;aperture&quot;:&quot;7.1&quot;,&quot;credit&quot;:&quot;Paul Eschbach&quot;,&quot;camera&quot;:&quot;Canon EOS-1Ds Mark II&quot;,&quot;caption&quot;:&quot;&quot;,&quot;created_timestamp&quot;:&quot;1420558045&quot;,&quot;copyright&quot;:&quot;&quot;,&quot;focal_length&quot;:&quot;65&quot;,&quot;iso&quot;:&quot;200&quot;,&quot;shutter_speed&quot;:&quot;0.0025&quot;,&quot;title&quot;:&quot;&quot;,&quot;orientation&quot;:&quot;0&quot;}\" data-image-title=\"ZY5M9932_900\" data-image-description=\"\" data-image-caption=\"\" data-large-file=\"https:\/\/i0.wp.com\/deltaimage.de\/wp\/wp-content\/uploads\/ZY5M9932_900-1.jpg?fit=593%2C890&amp;ssl=1\" class=\"aligncenter size-full wp-image-23358\" src=\"https:\/\/i0.wp.com\/deltaimage.de\/wp\/wp-content\/uploads\/ZY5M9932_900-1.jpg?resize=593%2C890\" alt=\"ZYM\" width=\"593\" height=\"890\" srcset=\"https:\/\/i0.wp.com\/deltaimage.de\/wp\/wp-content\/uploads\/ZY5M9932_900-1.jpg?w=593&amp;ssl=1 593w, https:\/\/i0.wp.com\/deltaimage.de\/wp\/wp-content\/uploads\/ZY5M9932_900-1.jpg?resize=133%2C200&amp;ssl=1 133w, https:\/\/i0.wp.com\/deltaimage.de\/wp\/wp-content\/uploads\/ZY5M9932_900-1.jpg?resize=200%2C300&amp;ssl=1 200w, https:\/\/i0.wp.com\/deltaimage.de\/wp\/wp-content\/uploads\/ZY5M9932_900-1.jpg?resize=395%2C593&amp;ssl=1 395w, https:\/\/i0.wp.com\/deltaimage.de\/wp\/wp-content\/uploads\/ZY5M9932_900-1.jpg?resize=300%2C450&amp;ssl=1 300w, https:\/\/i0.wp.com\/deltaimage.de\/wp\/wp-content\/uploads\/ZY5M9932_900-1.jpg?resize=267%2C400&amp;ssl=1 267w\" sizes=\"auto, (max-width: 593px) 100vw, 593px\" \/><\/a><\/p>\n<p>Mehr zum Bayerischen Lokalbahn Verein e.V. unter <a href=\"http:\/\/www.localbahnverein.de\">www.localbahnverein.de<\/a>.<\/p>\n<p>Interessante Termine rund um M\u00fcnchen finden Sie auch auf unserer <a title=\"Neue Termine\" href=\"http:\/\/deltaimage.de\/wp\/?page_id=1514\" target=\"_blank\" rel=\"noopener noreferrer\">Terminseite<\/a>.<\/p>\n<p><a href=\"https:\/\/i0.wp.com\/deltaimage.de\/wp\/wp-content\/uploads\/ZY5M9881_900-1.jpg\"><img data-recalc-dims=\"1\" loading=\"lazy\" decoding=\"async\" data-attachment-id=\"23357\" data-permalink=\"https:\/\/deltaimage.de\/wp\/?attachment_id=23357#main\" data-orig-file=\"https:\/\/i0.wp.com\/deltaimage.de\/wp\/wp-content\/uploads\/ZY5M9881_900-1.jpg?fit=890%2C593&amp;ssl=1\" data-orig-size=\"890,593\" data-comments-opened=\"0\" data-image-meta=\"{&quot;aperture&quot;:&quot;6.3&quot;,&quot;credit&quot;:&quot;Paul Eschbach&quot;,&quot;camera&quot;:&quot;Canon EOS-1Ds Mark II&quot;,&quot;caption&quot;:&quot;&quot;,&quot;created_timestamp&quot;:&quot;1420547311&quot;,&quot;copyright&quot;:&quot;&quot;,&quot;focal_length&quot;:&quot;70&quot;,&quot;iso&quot;:&quot;200&quot;,&quot;shutter_speed&quot;:&quot;0.000625&quot;,&quot;title&quot;:&quot;&quot;,&quot;orientation&quot;:&quot;0&quot;}\" data-image-title=\"ZY5M9881_900\" data-image-description=\"\" data-image-caption=\"\" data-large-file=\"https:\/\/i0.wp.com\/deltaimage.de\/wp\/wp-content\/uploads\/ZY5M9881_900-1.jpg?fit=890%2C593&amp;ssl=1\" class=\"aligncenter size-full wp-image-23357\" src=\"https:\/\/i0.wp.com\/deltaimage.de\/wp\/wp-content\/uploads\/ZY5M9881_900-1.jpg?resize=890%2C593\" alt=\"ZYM\" width=\"890\" height=\"593\" srcset=\"https:\/\/i0.wp.com\/deltaimage.de\/wp\/wp-content\/uploads\/ZY5M9881_900-1.jpg?w=890&amp;ssl=1 890w, https:\/\/i0.wp.com\/deltaimage.de\/wp\/wp-content\/uploads\/ZY5M9881_900-1.jpg?resize=200%2C133&amp;ssl=1 200w, https:\/\/i0.wp.com\/deltaimage.de\/wp\/wp-content\/uploads\/ZY5M9881_900-1.jpg?resize=300%2C200&amp;ssl=1 300w, https:\/\/i0.wp.com\/deltaimage.de\/wp\/wp-content\/uploads\/ZY5M9881_900-1.jpg?resize=675%2C450&amp;ssl=1 675w, https:\/\/i0.wp.com\/deltaimage.de\/wp\/wp-content\/uploads\/ZY5M9881_900-1.jpg?resize=600%2C400&amp;ssl=1 600w\" sizes=\"auto, (max-width: 890px) 100vw, 890px\" \/><\/a><\/p>\n","protected":false},"excerpt":{"rendered":"<p>K\u00f6nig Ludwig II war sehr technikbegeistert und ein F\u00f6rderer der Technik und des Ingenieurwesens in Bayern. So f\u00e4llt es in seine Regierungszeit, dass die sp\u00e4tere Tegernsee-Bahn Aktiengesellschaft (TAG) die Konzession [&hellip;]<\/p>\n","protected":false},"author":1,"featured_media":23349,"comment_status":"closed","ping_status":"closed","sticky":false,"template":"","format":"standard","meta":{"wpupg_custom_link":[],"wpupg_custom_link_behaviour":["default"],"wpupg_custom_link_nofollow":["default"],"wpupg_custom_image":[],"wpupg_custom_image_id":[],"footnotes":"","jetpack_post_was_ever_published":false},"categories":[8],"tags":[542,87,286,452],"class_list":["post-6466","post","type-post","status-publish","format-standard","has-post-thumbnail","hentry","category-news","tag-eisenbahn","tag-fotografie","tag-tegernsee","tag-winter"],"jetpack-related-posts":[{"id":27337,"url":"https:\/\/deltaimage.de\/wp\/?p=27337","url_meta":{"origin":6466,"position":0},"title":"Eisenbahnen in Bayern &#8211; ein neues Buch von Dipl.-Ing. Wolfgang Hendlmeier","author":"EschbacP","date":"20. Februar 2021","format":false,"excerpt":"Zuf\u00e4lle gibt es manchmal. Es h\u00e4ngt mal wieder mit einem Beitrag auf genau dieser Plattform zusammen. Es war ein sehr sch\u00f6ner Wintertag am Dreik\u00f6nigstag (6. Januar) in Schaftlach. Kalt war es, es lag viel Schnee. Der Bayerische Lokalbahn Verein e.V. hatte wieder einmal zum Dreik\u00f6nigsdampf an den Tegernsee geladen. Eine\u2026","rel":"","context":"In &quot;Buch&quot;","block_context":{"text":"Buch","link":"https:\/\/deltaimage.de\/wp\/?cat=1189"},"img":{"alt_text":"","src":"https:\/\/i0.wp.com\/deltaimage.de\/wp\/wp-content\/uploads\/featuredimage_WolfgangHendlmeier_1200.jpg?fit=1200%2C443&ssl=1&resize=350%2C200","width":350,"height":200,"srcset":"https:\/\/i0.wp.com\/deltaimage.de\/wp\/wp-content\/uploads\/featuredimage_WolfgangHendlmeier_1200.jpg?fit=1200%2C443&ssl=1&resize=350%2C200 1x, https:\/\/i0.wp.com\/deltaimage.de\/wp\/wp-content\/uploads\/featuredimage_WolfgangHendlmeier_1200.jpg?fit=1200%2C443&ssl=1&resize=525%2C300 1.5x, https:\/\/i0.wp.com\/deltaimage.de\/wp\/wp-content\/uploads\/featuredimage_WolfgangHendlmeier_1200.jpg?fit=1200%2C443&ssl=1&resize=700%2C400 2x, https:\/\/i0.wp.com\/deltaimage.de\/wp\/wp-content\/uploads\/featuredimage_WolfgangHendlmeier_1200.jpg?fit=1200%2C443&ssl=1&resize=1050%2C600 3x"},"classes":[]},{"id":6438,"url":"https:\/\/deltaimage.de\/wp\/?p=6438","url_meta":{"origin":6466,"position":1},"title":"Wintereinsatz der Ludwig-Thoma-Lokalbahn Dachau &#8211; Altom\u00fcnster","author":"EschbacP","date":"4. Januar 2015","format":false,"excerpt":"\u00a0 Seit 14. Dezember 2014 ist die Lokalbahn zwischen Dachau und Altom\u00fcnster nun als S2 wieder in Betrieb. Sah es am 24. Dezember noch nach Fr\u00fchlingstag aus, hat der neue Ast der S2 Linie wenige Tage sp\u00e4ter seine erste Bew\u00e4hrungsprobe unter winterlichen Bedingungen beweisen m\u00fcssen. \u00a0 Nach 6 Monaten Bauzeit\u2026","rel":"","context":"In &quot;News Blog&quot;","block_context":{"text":"News Blog","link":"https:\/\/deltaimage.de\/wp\/?cat=8"},"img":{"alt_text":"","src":"https:\/\/i0.wp.com\/deltaimage.de\/wp\/wp-content\/uploads\/ZY5M0012_1200.jpg?fit=1200%2C450&ssl=1&resize=350%2C200","width":350,"height":200,"srcset":"https:\/\/i0.wp.com\/deltaimage.de\/wp\/wp-content\/uploads\/ZY5M0012_1200.jpg?fit=1200%2C450&ssl=1&resize=350%2C200 1x, https:\/\/i0.wp.com\/deltaimage.de\/wp\/wp-content\/uploads\/ZY5M0012_1200.jpg?fit=1200%2C450&ssl=1&resize=525%2C300 1.5x, https:\/\/i0.wp.com\/deltaimage.de\/wp\/wp-content\/uploads\/ZY5M0012_1200.jpg?fit=1200%2C450&ssl=1&resize=700%2C400 2x, https:\/\/i0.wp.com\/deltaimage.de\/wp\/wp-content\/uploads\/ZY5M0012_1200.jpg?fit=1200%2C450&ssl=1&resize=1050%2C600 3x"},"classes":[]},{"id":6375,"url":"https:\/\/deltaimage.de\/wp\/?p=6375","url_meta":{"origin":6466,"position":2},"title":"&#8222;Alle reden vom Wetter&#8220; &#8211; wir fotografieren!","author":"EschbacP","date":"27. Dezember 2014","format":false,"excerpt":"Im Herbst 1966 wurde alles anders, zumindest f\u00fcr die Kunden der Deutschen Bundesbahn DB. Die bislang erfolgreichste Werbekampagne der DB machte den wesentlichen Unterschied zwischen der Eisenbahn und anderen Verkehrsmitteln deutlich. Bei Wind und Wetter - das gilt dann auch f\u00fcr den Fotografen. Nach zwei Tagen Schneefall und Dauerfotografieren kam\u2026","rel":"","context":"In &quot;News Blog&quot;","block_context":{"text":"News Blog","link":"https:\/\/deltaimage.de\/wp\/?cat=8"},"img":{"alt_text":"","src":"https:\/\/i0.wp.com\/deltaimage.de\/wp\/wp-content\/uploads\/ZY5M9265_1200.jpg?fit=1200%2C450&ssl=1&resize=350%2C200","width":350,"height":200,"srcset":"https:\/\/i0.wp.com\/deltaimage.de\/wp\/wp-content\/uploads\/ZY5M9265_1200.jpg?fit=1200%2C450&ssl=1&resize=350%2C200 1x, https:\/\/i0.wp.com\/deltaimage.de\/wp\/wp-content\/uploads\/ZY5M9265_1200.jpg?fit=1200%2C450&ssl=1&resize=525%2C300 1.5x, https:\/\/i0.wp.com\/deltaimage.de\/wp\/wp-content\/uploads\/ZY5M9265_1200.jpg?fit=1200%2C450&ssl=1&resize=700%2C400 2x, https:\/\/i0.wp.com\/deltaimage.de\/wp\/wp-content\/uploads\/ZY5M9265_1200.jpg?fit=1200%2C450&ssl=1&resize=1050%2C600 3x"},"classes":[]},{"id":6316,"url":"https:\/\/deltaimage.de\/wp\/?p=6316","url_meta":{"origin":6466,"position":3},"title":"Ludwig-Thoma-Lokalbahn f\u00e4hrt wieder &#8211; elektrisch","author":"EschbacP","date":"21. Dezember 2014","format":false,"excerpt":"s'Bockerl f\u00e4hrt wieder, von Dachau nach Altom\u00fcnster Die Ludwig Thoma Lokalbahn von Dachau nach Altom\u00fcnster f\u00e4hrt seit 1913 durch das Dachauer Land. Seit Mitte Dezember f\u00e4hrt die Lokalbahn nun elektrisch als Teil des S-Bahn Netzes. Mehr als 6 Monate lang wurde die eingleisige Strecke auf den\u00a0neuen Fahrplan vorbereitet und erm\u00f6glicht\u2026","rel":"","context":"In &quot;Dachauer Land&quot;","block_context":{"text":"Dachauer Land","link":"https:\/\/deltaimage.de\/wp\/?cat=3010"},"img":{"alt_text":"","src":"https:\/\/i0.wp.com\/deltaimage.de\/wp\/wp-content\/uploads\/ZY5M8704_1200.jpg?fit=1200%2C450&ssl=1&resize=350%2C200","width":350,"height":200,"srcset":"https:\/\/i0.wp.com\/deltaimage.de\/wp\/wp-content\/uploads\/ZY5M8704_1200.jpg?fit=1200%2C450&ssl=1&resize=350%2C200 1x, https:\/\/i0.wp.com\/deltaimage.de\/wp\/wp-content\/uploads\/ZY5M8704_1200.jpg?fit=1200%2C450&ssl=1&resize=525%2C300 1.5x, https:\/\/i0.wp.com\/deltaimage.de\/wp\/wp-content\/uploads\/ZY5M8704_1200.jpg?fit=1200%2C450&ssl=1&resize=700%2C400 2x, https:\/\/i0.wp.com\/deltaimage.de\/wp\/wp-content\/uploads\/ZY5M8704_1200.jpg?fit=1200%2C450&ssl=1&resize=1050%2C600 3x"},"classes":[]},{"id":6419,"url":"https:\/\/deltaimage.de\/wp\/?p=6419","url_meta":{"origin":6466,"position":4},"title":"Triebwagen 420 &#8222;Olympia S-Bahn&#8220; wieder zur\u00fcck im M\u00fcnchner S-Bahn Verkehr","author":"EschbacP","date":"4. Januar 2015","format":false,"excerpt":"1972 fasste die Olympia S-Bahn den gesamten Vorortverkehr in M\u00fcnchen zusammen Im Mai 1972 wurde die neue S-Bahn feierlich er\u00f6ffnet und damals erstmalig in M\u00fcnchen in integrierter Nahverkehr m\u00f6glich. Vom Umland direkt in die Landeshauptstadt und auf der Stammstrecke unter dem Stadtzentrum durch auf die Ostseite. Direkte Knotenpunkte und \u00dcberg\u00e4nge\u2026","rel":"","context":"In &quot;News Blog&quot;","block_context":{"text":"News Blog","link":"https:\/\/deltaimage.de\/wp\/?cat=8"},"img":{"alt_text":"","src":"https:\/\/i0.wp.com\/deltaimage.de\/wp\/wp-content\/uploads\/ZY5M9550_1200.jpg?fit=1200%2C450&ssl=1&resize=350%2C200","width":350,"height":200,"srcset":"https:\/\/i0.wp.com\/deltaimage.de\/wp\/wp-content\/uploads\/ZY5M9550_1200.jpg?fit=1200%2C450&ssl=1&resize=350%2C200 1x, https:\/\/i0.wp.com\/deltaimage.de\/wp\/wp-content\/uploads\/ZY5M9550_1200.jpg?fit=1200%2C450&ssl=1&resize=525%2C300 1.5x, https:\/\/i0.wp.com\/deltaimage.de\/wp\/wp-content\/uploads\/ZY5M9550_1200.jpg?fit=1200%2C450&ssl=1&resize=700%2C400 2x, https:\/\/i0.wp.com\/deltaimage.de\/wp\/wp-content\/uploads\/ZY5M9550_1200.jpg?fit=1200%2C450&ssl=1&resize=1050%2C600 3x"},"classes":[]},{"id":36034,"url":"https:\/\/deltaimage.de\/wp\/?p=36034","url_meta":{"origin":6466,"position":5},"title":"Regen, Matsch, nasse Steine, steile Auf und Abfahrten &#8211; MTB Europameisterschaft im Olympiapark","author":"EschbacP","date":"20. August 2022","format":false,"excerpt":"Kaum eine Sportart in dem Portfolio, der European Championship Munich2022 kann, so gut mit Regen auf dem Parcours umgehen wie die Cross-Country-FahrerInnen mit ihren Mountainbikes. Die Meisterschaft wird auf dem Olympiagel\u00e4nde mit einer in die H\u00fcgel modellierten Strecke begangen. \u00a0 EM Munich2022 Finale der Frauen Die Sportdisziplinen werden sehr zuschauerfreundlich\u2026","rel":"","context":"In &quot;News Blog&quot;","block_context":{"text":"News Blog","link":"https:\/\/deltaimage.de\/wp\/?cat=8"},"img":{"alt_text":"","src":"https:\/\/i0.wp.com\/deltaimage.de\/wp\/wp-content\/uploads\/PE1D3857_1200.jpg?fit=1200%2C450&ssl=1&resize=350%2C200","width":350,"height":200,"srcset":"https:\/\/i0.wp.com\/deltaimage.de\/wp\/wp-content\/uploads\/PE1D3857_1200.jpg?fit=1200%2C450&ssl=1&resize=350%2C200 1x, https:\/\/i0.wp.com\/deltaimage.de\/wp\/wp-content\/uploads\/PE1D3857_1200.jpg?fit=1200%2C450&ssl=1&resize=525%2C300 1.5x, https:\/\/i0.wp.com\/deltaimage.de\/wp\/wp-content\/uploads\/PE1D3857_1200.jpg?fit=1200%2C450&ssl=1&resize=700%2C400 2x, https:\/\/i0.wp.com\/deltaimage.de\/wp\/wp-content\/uploads\/PE1D3857_1200.jpg?fit=1200%2C450&ssl=1&resize=1050%2C600 3x"},"classes":[]}],"jetpack_sharing_enabled":true,"jetpack_featured_media_url":"https:\/\/i0.wp.com\/deltaimage.de\/wp\/wp-content\/uploads\/ZY5M9886_1200.jpg?fit=1200%2C450&ssl=1","_links":{"self":[{"href":"https:\/\/deltaimage.de\/wp\/index.php?rest_route=\/wp\/v2\/posts\/6466","targetHints":{"allow":["GET"]}}],"collection":[{"href":"https:\/\/deltaimage.de\/wp\/index.php?rest_route=\/wp\/v2\/posts"}],"about":[{"href":"https:\/\/deltaimage.de\/wp\/index.php?rest_route=\/wp\/v2\/types\/post"}],"author":[{"embeddable":true,"href":"https:\/\/deltaimage.de\/wp\/index.php?rest_route=\/wp\/v2\/users\/1"}],"replies":[{"embeddable":true,"href":"https:\/\/deltaimage.de\/wp\/index.php?rest_route=%2Fwp%2Fv2%2Fcomments&post=6466"}],"version-history":[{"count":15,"href":"https:\/\/deltaimage.de\/wp\/index.php?rest_route=\/wp\/v2\/posts\/6466\/revisions"}],"predecessor-version":[{"id":50695,"href":"https:\/\/deltaimage.de\/wp\/index.php?rest_route=\/wp\/v2\/posts\/6466\/revisions\/50695"}],"wp:featuredmedia":[{"embeddable":true,"href":"https:\/\/deltaimage.de\/wp\/index.php?rest_route=\/wp\/v2\/media\/23349"}],"wp:attachment":[{"href":"https:\/\/deltaimage.de\/wp\/index.php?rest_route=%2Fwp%2Fv2%2Fmedia&parent=6466"}],"wp:term":[{"taxonomy":"category","embeddable":true,"href":"https:\/\/deltaimage.de\/wp\/index.php?rest_route=%2Fwp%2Fv2%2Fcategories&post=6466"},{"taxonomy":"post_tag","embeddable":true,"href":"https:\/\/deltaimage.de\/wp\/index.php?rest_route=%2Fwp%2Fv2%2Ftags&post=6466"}],"curies":[{"name":"wp","href":"https:\/\/api.w.org\/{rel}","templated":true}]}}