{"id":8544,"date":"2015-06-16T16:05:04","date_gmt":"2015-06-16T15:05:04","guid":{"rendered":"http:\/\/deltaimage.de\/wp\/?p=8544"},"modified":"2025-08-16T16:25:32","modified_gmt":"2025-08-16T14:25:32","slug":"impressionen-von-outdoorinstallationen-in-oberstdorf-und-nebelhorn","status":"publish","type":"post","link":"https:\/\/deltaimage.de\/wp\/?p=8544","title":{"rendered":"Impressionen von Outdoorinstallationen in Oberstdorf und Nebelhorn"},"content":{"rendered":"<p>Am Fotogipfel Oberstdorf ist ein ganz tolles Video von mir und Traugott Emrich mit dem Multicopter als Dokumentation und Visualisierung der Outdoorinstallationen entstanden.<\/p>\n<p>&nbsp;<\/p>\n<h2>Wie funktioniert der Einsatz eines Multicopters f\u00fcr Film- und Foto<\/h2>\n<p>4 Tage lang kamen die Besucher an unseren Pavillon und stellten im Grunde immer wieder die spannende Frage. Bevor ich das lange beschreibe &#8211; zeigen wir es einfach. F\u00fcr den Videodreh sind sehr viele ganz tolle Aufnahmen entstanden und wir haben ein Video zusammengestellt, das den Einsatz des Multicopters in 2223m auf dem Nebelhorn und an den Ausstellungsinstallationen im Kurpark in Oberstdorf zeigen. Ganz beil\u00e4ufig finden sich auch die ganz tollen Landschafts- und Stimmungsaufnahmen auf dem Nebelhorn und im Stadtgebiet in diesem Video.<\/p>\n<p>Lassen Sie die Eindr\u00fccke auf sich wirken &#8211; eine grandiose Veranstaltung des Fotogipfel Oberstdorf in einer pr\u00e4chtigen Landschaft der Allg\u00e4uer Alpen.<\/p>\n<p>&nbsp;<\/p>\n<p><iframe loading=\"lazy\" src=\"https:\/\/www.youtube.com\/embed\/9aqQxS59MWg\" width=\"900\" height=\"450\" frameborder=\"0\" allowfullscreen=\"allowfullscreen\"><\/iframe><\/p>\n","protected":false},"excerpt":{"rendered":"<p>Am Fotogipfel Oberstdorf ist ein ganz tolles Video von mir und Traugott Emrich mit dem Multicopter als Dokumentation und Visualisierung der Outdoorinstallationen entstanden. &nbsp; Wie funktioniert der Einsatz eines Multicopters [&hellip;]<\/p>\n","protected":false},"author":1,"featured_media":0,"comment_status":"closed","ping_status":"closed","sticky":false,"template":"","format":"standard","meta":{"wpupg_custom_link":[],"wpupg_custom_link_behaviour":["default"],"wpupg_custom_link_nofollow":["default"],"wpupg_custom_image":[],"wpupg_custom_image_id":[],"jetpack_post_was_ever_published":false,"footnotes":""},"categories":[848,850,849,8,853],"tags":[665,659,289,657,87,797,658,656,104],"class_list":["post-8544","post","type-post","status-publish","format-standard","hentry","category-fotografie","category-luftbild","category-multicopter","category-news","category-video","tag-aero-fotografie","tag-allgaeu","tag-bayern","tag-fotogipfel","tag-fotografie","tag-luftbild","tag-multicopter","tag-oberstdorf","tag-uav"],"jetpack_featured_media_url":"","jetpack-related-posts":[{"id":8502,"url":"https:\/\/deltaimage.de\/wp\/?p=8502","url_meta":{"origin":8544,"position":0},"title":"Image Video DELTA IMAGE f\u00fcr Fotogipfel Oberstdorf","author":"EschbacP","date":"9. Juni 2015","format":false,"excerpt":"Der h\u00f6chste und s\u00fcdlichste Fotoevent in Deutschland 2015 Zum dritten Mal findet der Fotogipfel Oberstdorf am s\u00fcdlichsten Ende Deutschlands auf 813 m \u00fcNN vor beeindruckender Gebirgskulisse der Allg\u00e4uer Alpen statt. Dieses Jahr steht der Fotogipfel unter der Schirmherrschaft von F.C. Gundlach - es zeigt auch mit Gro\u00dfformatbildern die wohl ber\u00fchmtesten\u2026","rel":"","context":"In &quot;Fotografie&quot;","block_context":{"text":"Fotografie","link":"https:\/\/deltaimage.de\/wp\/?cat=848"},"img":{"alt_text":"","src":"https:\/\/i0.wp.com\/deltaimage.de\/wp\/wp-content\/uploads\/Fotogipfel-Oberstdorf-2016.jpg?fit=1200%2C680&ssl=1&resize=350%2C200","width":350,"height":200,"srcset":"https:\/\/i0.wp.com\/deltaimage.de\/wp\/wp-content\/uploads\/Fotogipfel-Oberstdorf-2016.jpg?fit=1200%2C680&ssl=1&resize=350%2C200 1x, https:\/\/i0.wp.com\/deltaimage.de\/wp\/wp-content\/uploads\/Fotogipfel-Oberstdorf-2016.jpg?fit=1200%2C680&ssl=1&resize=525%2C300 1.5x, https:\/\/i0.wp.com\/deltaimage.de\/wp\/wp-content\/uploads\/Fotogipfel-Oberstdorf-2016.jpg?fit=1200%2C680&ssl=1&resize=700%2C400 2x, https:\/\/i0.wp.com\/deltaimage.de\/wp\/wp-content\/uploads\/Fotogipfel-Oberstdorf-2016.jpg?fit=1200%2C680&ssl=1&resize=1050%2C600 3x"},"classes":[]},{"id":11372,"url":"https:\/\/deltaimage.de\/wp\/?p=11372","url_meta":{"origin":8544,"position":1},"title":"Eine Atmosph\u00e4re wie bei der Vierschanzen-Tournee f\u00fcr unseren Multicopter Workshop","author":"EschbacP","date":"23. Mai 2016","format":false,"excerpt":"In drei Wochen beginnen die letzten Vorbereitungen zum Oberstdorfer Fotogipfel 2016 und f\u00fcr unseren Workshop \"Die fliegende Kamera\" mit 10 begeisterten Fotografen, die sich als Neulinge an das Thema Multicopter heranarbeiten und damit das fotografische Spektrum gezielt erweitern wollen. Unser Zweitage-Workshop ist einer der umfangreichsten Workshops dieses Jahr und mit\u2026","rel":"","context":"In &quot;Fotografie&quot;","block_context":{"text":"Fotografie","link":"https:\/\/deltaimage.de\/wp\/?cat=848"},"img":{"alt_text":"","src":"https:\/\/i0.wp.com\/deltaimage.de\/wp\/wp-content\/uploads\/IMG_6557_1200.jpg?fit=1200%2C450&ssl=1&resize=350%2C200","width":350,"height":200,"srcset":"https:\/\/i0.wp.com\/deltaimage.de\/wp\/wp-content\/uploads\/IMG_6557_1200.jpg?fit=1200%2C450&ssl=1&resize=350%2C200 1x, https:\/\/i0.wp.com\/deltaimage.de\/wp\/wp-content\/uploads\/IMG_6557_1200.jpg?fit=1200%2C450&ssl=1&resize=525%2C300 1.5x, https:\/\/i0.wp.com\/deltaimage.de\/wp\/wp-content\/uploads\/IMG_6557_1200.jpg?fit=1200%2C450&ssl=1&resize=700%2C400 2x, https:\/\/i0.wp.com\/deltaimage.de\/wp\/wp-content\/uploads\/IMG_6557_1200.jpg?fit=1200%2C450&ssl=1&resize=1050%2C600 3x"},"classes":[]},{"id":14582,"url":"https:\/\/deltaimage.de\/wp\/?p=14582","url_meta":{"origin":8544,"position":2},"title":"Drohnen Flugvorf\u00fchrungen vor dem Nebelhorn beim Oberstdorfer Fotogipfel","author":"EschbacP","date":"14. Juni 2017","format":false,"excerpt":"Die Besucher am 5. Oberstdorfer Fotogipfel konnten das Fliegen mit dem Multicopter (Drohne) aus der N\u00e4he (Sicherheitsabstand) sich ansehen. Besonders beliebt waren die Drohnen-Selphies f\u00fcr die Kinder. Die Bilder konnten wir nach dem Landen auch gleich bei CEWE am Sofortdruck-Terminal ausdrucken. Seit\u00a02 Jahren demonstrieren wir Multicopter\u00a0& Drohnen auf dem Fotogipfel\u2026","rel":"","context":"In &quot;Fotografie&quot;","block_context":{"text":"Fotografie","link":"https:\/\/deltaimage.de\/wp\/?cat=848"},"img":{"alt_text":"","src":"https:\/\/i0.wp.com\/deltaimage.de\/wp\/wp-content\/uploads\/logo-Fotogipfel.png?resize=350%2C200&ssl=1","width":350,"height":200},"classes":[]},{"id":8483,"url":"https:\/\/deltaimage.de\/wp\/?p=8483","url_meta":{"origin":8544,"position":3},"title":"Oberschlei\u00dfheim &#8211; Agathazell &#8211; Nebelhorn","author":"EschbacP","date":"4. Juni 2015","format":false,"excerpt":"Mit dem UL auf's Nebelhorn in 9000 ft Was man mit so einem kleinen Luftsportger\u00e4t nicht so alles sinnvolles anstellen kann. Als Flugziel stand der kleine Segelflugplatz Agathazeller Moos am Fu\u00dfe des Gr\u00fcnten - dem W\u00e4chter des Allg\u00e4us - auf dem Flugplan. Zuvor sollte es aber noch in die noch\u2026","rel":"","context":"In &quot;Luftbild&quot;","block_context":{"text":"Luftbild","link":"https:\/\/deltaimage.de\/wp\/?cat=850"},"img":{"alt_text":"","src":"https:\/\/i0.wp.com\/deltaimage.de\/wp\/wp-content\/uploads\/ZY5M0297_ADOBE_Agatazell.jpg?resize=350%2C200&ssl=1","width":350,"height":200,"srcset":"https:\/\/i0.wp.com\/deltaimage.de\/wp\/wp-content\/uploads\/ZY5M0297_ADOBE_Agatazell.jpg?resize=350%2C200&ssl=1 1x, https:\/\/i0.wp.com\/deltaimage.de\/wp\/wp-content\/uploads\/ZY5M0297_ADOBE_Agatazell.jpg?resize=525%2C300&ssl=1 1.5x, https:\/\/i0.wp.com\/deltaimage.de\/wp\/wp-content\/uploads\/ZY5M0297_ADOBE_Agatazell.jpg?resize=700%2C400&ssl=1 2x"},"classes":[]},{"id":11344,"url":"https:\/\/deltaimage.de\/wp\/?p=11344","url_meta":{"origin":8544,"position":4},"title":"Fotogipfel Oberstdorf &#8211; Familientreffen in F\u00fcrstenfeld","author":"EschbacP","date":"10. Mai 2016","format":false,"excerpt":"Petra Christ und Max vom Organisationsteam Fotogipfel Oberstdorf kamen zu Besuch auf die Naturfototage F\u00fcrstenfeld. Die Fotogipfel Familie ist \u00fcberall Zur Feier des Tages schlupfte ich in das Fotogipfel Oberstdorf T-Shirt und wurde auch gleich \u00fcberall bei den Ausstellern in F\u00fcrstenfeld erkannt. Viele namhafte Unternehmen sind eben auf beiden Veranstaltungen\u2026","rel":"","context":"In &quot;Fotografie&quot;","block_context":{"text":"Fotografie","link":"https:\/\/deltaimage.de\/wp\/?cat=848"},"img":{"alt_text":"","src":"https:\/\/i0.wp.com\/deltaimage.de\/wp\/wp-content\/uploads\/Fotogipfel-Oberstdorf-2016.jpg?fit=1200%2C680&ssl=1&resize=350%2C200","width":350,"height":200,"srcset":"https:\/\/i0.wp.com\/deltaimage.de\/wp\/wp-content\/uploads\/Fotogipfel-Oberstdorf-2016.jpg?fit=1200%2C680&ssl=1&resize=350%2C200 1x, https:\/\/i0.wp.com\/deltaimage.de\/wp\/wp-content\/uploads\/Fotogipfel-Oberstdorf-2016.jpg?fit=1200%2C680&ssl=1&resize=525%2C300 1.5x, https:\/\/i0.wp.com\/deltaimage.de\/wp\/wp-content\/uploads\/Fotogipfel-Oberstdorf-2016.jpg?fit=1200%2C680&ssl=1&resize=700%2C400 2x, https:\/\/i0.wp.com\/deltaimage.de\/wp\/wp-content\/uploads\/Fotogipfel-Oberstdorf-2016.jpg?fit=1200%2C680&ssl=1&resize=1050%2C600 3x"},"classes":[]},{"id":18897,"url":"https:\/\/deltaimage.de\/wp\/?p=18897","url_meta":{"origin":8544,"position":5},"title":"Kenntnisnachweis f\u00fcr Multicopter (Drohnen) beim Oberstdorfer Fotogipfel gepr\u00fcft und bestanden","author":"EschbacP","date":"20. Juni 2018","format":false,"excerpt":"Im Rahmen des Oberstdorfer Fotogipfels haben wir zusammen mit dem Organisationsteam erstmalig die M\u00f6glichkeit geschaffen, dass Multicopter Piloten aus dem Oberallg\u00e4u hier vor Ort den Kenntnisnachweis zur steuern eines unbemannten Luftfahrtger\u00e4tes bis 150 kg ablegen k\u00f6nnen. Multicopter (Drohnen) \u00fcber 2 kg Abfluggewicht ben\u00f6tigen seit 1.Oktober 2017 einen in der LuftVO\u2026","rel":"","context":"In &quot;Multicopter \/ UAV&quot;","block_context":{"text":"Multicopter \/ UAV","link":"https:\/\/deltaimage.de\/wp\/?cat=849"},"img":{"alt_text":"","src":"https:\/\/i0.wp.com\/deltaimage.de\/wp\/wp-content\/uploads\/logo-Fotogipfel.png?resize=350%2C200&ssl=1","width":350,"height":200},"classes":[]}],"jetpack_sharing_enabled":true,"_links":{"self":[{"href":"https:\/\/deltaimage.de\/wp\/index.php?rest_route=\/wp\/v2\/posts\/8544","targetHints":{"allow":["GET"]}}],"collection":[{"href":"https:\/\/deltaimage.de\/wp\/index.php?rest_route=\/wp\/v2\/posts"}],"about":[{"href":"https:\/\/deltaimage.de\/wp\/index.php?rest_route=\/wp\/v2\/types\/post"}],"author":[{"embeddable":true,"href":"https:\/\/deltaimage.de\/wp\/index.php?rest_route=\/wp\/v2\/users\/1"}],"replies":[{"embeddable":true,"href":"https:\/\/deltaimage.de\/wp\/index.php?rest_route=%2Fwp%2Fv2%2Fcomments&post=8544"}],"version-history":[{"count":4,"href":"https:\/\/deltaimage.de\/wp\/index.php?rest_route=\/wp\/v2\/posts\/8544\/revisions"}],"predecessor-version":[{"id":50702,"href":"https:\/\/deltaimage.de\/wp\/index.php?rest_route=\/wp\/v2\/posts\/8544\/revisions\/50702"}],"wp:attachment":[{"href":"https:\/\/deltaimage.de\/wp\/index.php?rest_route=%2Fwp%2Fv2%2Fmedia&parent=8544"}],"wp:term":[{"taxonomy":"category","embeddable":true,"href":"https:\/\/deltaimage.de\/wp\/index.php?rest_route=%2Fwp%2Fv2%2Fcategories&post=8544"},{"taxonomy":"post_tag","embeddable":true,"href":"https:\/\/deltaimage.de\/wp\/index.php?rest_route=%2Fwp%2Fv2%2Ftags&post=8544"}],"curies":[{"name":"wp","href":"https:\/\/api.w.org\/{rel}","templated":true}]}}