{"id":9673,"date":"2015-12-14T23:08:50","date_gmt":"2015-12-14T22:08:50","guid":{"rendered":"http:\/\/deltaimage.de\/wp\/?p=9673"},"modified":"2025-08-16T20:01:36","modified_gmt":"2025-08-16T18:01:36","slug":"weihnachten-in-der-goldenen-stadt-prag","status":"publish","type":"post","link":"https:\/\/deltaimage.de\/wp\/?p=9673","title":{"rendered":"Weihnachten in der goldenen Stadt Prag"},"content":{"rendered":"<p>Die goldene Stadt Prag hat den Beinamen nicht durch die goldene Stimme von Karel Gott, sondern aus dem Mittelalter. Die T\u00fcrme der Kirchen und der Stadttore waren zum Wetterschutz auch mit purem Gold \u00fcberzogen &#8211; daher die goldene Stadt.<\/p>\n<p>&nbsp;<\/p>\n<h2>Seit 2000 bin ich gesch\u00e4ftlich st\u00e4ndig in Tschechien und in Prag<\/h2>\n<p>Doch nur selten gelingt es, auch in der Weihnachtszeit durch die goldene Stadt zu schlendern und die Atmosph\u00e4re der alten Kaiserstadt zu genie\u00dfen.<\/p>\n<p>&nbsp;<\/p>\n<h2>Hradschin &#8211; die Prager Burg<\/h2>\n<p><a href=\"http:\/\/deltaimage.de\/wp\/?attachment_id=9674#main\" rel=\"attachment wp-att-9674\"><img data-recalc-dims=\"1\" loading=\"lazy\" decoding=\"async\" data-attachment-id=\"9674\" data-permalink=\"https:\/\/deltaimage.de\/wp\/?attachment_id=9674#main\" data-orig-file=\"https:\/\/i0.wp.com\/deltaimage.de\/wp\/wp-content\/uploads\/IMG_0949_Prag_900.jpg?fit=900%2C675&amp;ssl=1\" data-orig-size=\"900,675\" data-comments-opened=\"0\" data-image-meta=\"{&quot;aperture&quot;:&quot;0&quot;,&quot;credit&quot;:&quot;&quot;,&quot;camera&quot;:&quot;&quot;,&quot;caption&quot;:&quot;&quot;,&quot;created_timestamp&quot;:&quot;0&quot;,&quot;copyright&quot;:&quot;&quot;,&quot;focal_length&quot;:&quot;0&quot;,&quot;iso&quot;:&quot;0&quot;,&quot;shutter_speed&quot;:&quot;0&quot;,&quot;title&quot;:&quot;&quot;,&quot;orientation&quot;:&quot;1&quot;}\" data-image-title=\"IMG_0949_Prag_900\" data-image-description=\"\" data-image-caption=\"\" data-large-file=\"https:\/\/i0.wp.com\/deltaimage.de\/wp\/wp-content\/uploads\/IMG_0949_Prag_900.jpg?fit=890%2C668&amp;ssl=1\" class=\"size-full wp-image-9674 aligncenter\" src=\"https:\/\/i0.wp.com\/deltaimage.de\/wp\/wp-content\/uploads\/IMG_0949_Prag_900.jpg?resize=890%2C668\" alt=\"IMG_0949_Prag_900\" width=\"890\" height=\"668\" srcset=\"https:\/\/i0.wp.com\/deltaimage.de\/wp\/wp-content\/uploads\/IMG_0949_Prag_900.jpg?w=900&amp;ssl=1 900w, https:\/\/i0.wp.com\/deltaimage.de\/wp\/wp-content\/uploads\/IMG_0949_Prag_900.jpg?resize=200%2C150&amp;ssl=1 200w, https:\/\/i0.wp.com\/deltaimage.de\/wp\/wp-content\/uploads\/IMG_0949_Prag_900.jpg?resize=300%2C225&amp;ssl=1 300w, https:\/\/i0.wp.com\/deltaimage.de\/wp\/wp-content\/uploads\/IMG_0949_Prag_900.jpg?resize=768%2C576&amp;ssl=1 768w, https:\/\/i0.wp.com\/deltaimage.de\/wp\/wp-content\/uploads\/IMG_0949_Prag_900.jpg?resize=791%2C593&amp;ssl=1 791w, https:\/\/i0.wp.com\/deltaimage.de\/wp\/wp-content\/uploads\/IMG_0949_Prag_900.jpg?resize=600%2C450&amp;ssl=1 600w, https:\/\/i0.wp.com\/deltaimage.de\/wp\/wp-content\/uploads\/IMG_0949_Prag_900.jpg?resize=533%2C400&amp;ssl=1 533w\" sizes=\"auto, (max-width: 890px) 100vw, 890px\" \/><\/a><\/p>\n<p><!--more-->Ohne die Besuchermassen, die aus Bussen quellen ist der Burgberg mit der Prager Burg und dem Veitsdom ein idyllischer Ort, voller Geschichte und Geschichten.<\/p>\n<div class=\"tiled-gallery type-rectangular tiled-gallery-unresized\" data-original-width=\"890\" data-carousel-extra='{&quot;blog_id&quot;:1,&quot;permalink&quot;:&quot;https:\\\/\\\/deltaimage.de\\\/wp\\\/?p=9673&quot;,&quot;likes_blog_id&quot;:66828988}' itemscope itemtype=\"http:\/\/schema.org\/ImageGallery\" > <div class=\"gallery-row\" style=\"width: 890px; height: 446px;\" data-original-width=\"890\" data-original-height=\"446\" > <div class=\"gallery-group images-1\" style=\"width: 594px; height: 446px;\" data-original-width=\"594\" data-original-height=\"446\" > <div class=\"tiled-gallery-item tiled-gallery-item-large\" itemprop=\"associatedMedia\" itemscope itemtype=\"http:\/\/schema.org\/ImageObject\"> <a href=\"https:\/\/deltaimage.de\/wp\/?attachment_id=9684#main\" border=\"0\" itemprop=\"url\"> <meta itemprop=\"width\" content=\"590\"> <meta itemprop=\"height\" content=\"442\"> <img decoding=\"async\" class=\"\" data-attachment-id=\"9684\" data-orig-file=\"https:\/\/deltaimage.de\/wp\/wp-content\/uploads\/IMG_0953_Prag_900.jpg\" data-orig-size=\"900,675\" data-comments-opened=\"\" data-image-meta=\"{&quot;aperture&quot;:&quot;0&quot;,&quot;credit&quot;:&quot;&quot;,&quot;camera&quot;:&quot;&quot;,&quot;caption&quot;:&quot;&quot;,&quot;created_timestamp&quot;:&quot;0&quot;,&quot;copyright&quot;:&quot;&quot;,&quot;focal_length&quot;:&quot;0&quot;,&quot;iso&quot;:&quot;0&quot;,&quot;shutter_speed&quot;:&quot;0&quot;,&quot;title&quot;:&quot;&quot;,&quot;orientation&quot;:&quot;1&quot;}\" data-image-title=\"IMG_0953_Prag_900\" data-image-description=\"\" data-medium-file=\"https:\/\/i0.wp.com\/deltaimage.de\/wp\/wp-content\/uploads\/IMG_0953_Prag_900.jpg?fit=300%2C225&#038;ssl=1\" data-large-file=\"https:\/\/i0.wp.com\/deltaimage.de\/wp\/wp-content\/uploads\/IMG_0953_Prag_900.jpg?fit=890%2C668&#038;ssl=1\" src=\"https:\/\/i0.wp.com\/deltaimage.de\/wp\/wp-content\/uploads\/IMG_0953_Prag_900.jpg?w=590&#038;h=442&#038;ssl=1\" srcset=\"https:\/\/i0.wp.com\/deltaimage.de\/wp\/wp-content\/uploads\/IMG_0953_Prag_900.jpg?w=900&amp;ssl=1 900w, https:\/\/i0.wp.com\/deltaimage.de\/wp\/wp-content\/uploads\/IMG_0953_Prag_900.jpg?resize=200%2C150&amp;ssl=1 200w, https:\/\/i0.wp.com\/deltaimage.de\/wp\/wp-content\/uploads\/IMG_0953_Prag_900.jpg?resize=300%2C225&amp;ssl=1 300w, https:\/\/i0.wp.com\/deltaimage.de\/wp\/wp-content\/uploads\/IMG_0953_Prag_900.jpg?resize=768%2C576&amp;ssl=1 768w, https:\/\/i0.wp.com\/deltaimage.de\/wp\/wp-content\/uploads\/IMG_0953_Prag_900.jpg?resize=791%2C593&amp;ssl=1 791w, https:\/\/i0.wp.com\/deltaimage.de\/wp\/wp-content\/uploads\/IMG_0953_Prag_900.jpg?resize=600%2C450&amp;ssl=1 600w, https:\/\/i0.wp.com\/deltaimage.de\/wp\/wp-content\/uploads\/IMG_0953_Prag_900.jpg?resize=533%2C400&amp;ssl=1 533w\" width=\"590\" height=\"442\" loading=\"lazy\" data-original-width=\"590\" data-original-height=\"442\" itemprop=\"http:\/\/schema.org\/image\" title=\"IMG_0953_Prag_900\" alt=\"Weihnachten in der goldenen Stadt Prag\" style=\"width: 590px; height: 442px;\" \/> <\/a> <\/div> <\/div> <!-- close group --> <div class=\"gallery-group images-2\" style=\"width: 296px; height: 446px;\" data-original-width=\"296\" data-original-height=\"446\" > <div class=\"tiled-gallery-item tiled-gallery-item-large\" itemprop=\"associatedMedia\" itemscope itemtype=\"http:\/\/schema.org\/ImageObject\"> <a href=\"https:\/\/deltaimage.de\/wp\/?attachment_id=9685#main\" border=\"0\" itemprop=\"url\"> <meta itemprop=\"width\" content=\"292\"> <meta itemprop=\"height\" content=\"219\"> <img decoding=\"async\" class=\"\" data-attachment-id=\"9685\" data-orig-file=\"https:\/\/deltaimage.de\/wp\/wp-content\/uploads\/IMG_0954_Prag_900.jpg\" data-orig-size=\"900,675\" data-comments-opened=\"\" data-image-meta=\"{&quot;aperture&quot;:&quot;0&quot;,&quot;credit&quot;:&quot;&quot;,&quot;camera&quot;:&quot;&quot;,&quot;caption&quot;:&quot;&quot;,&quot;created_timestamp&quot;:&quot;0&quot;,&quot;copyright&quot;:&quot;&quot;,&quot;focal_length&quot;:&quot;0&quot;,&quot;iso&quot;:&quot;0&quot;,&quot;shutter_speed&quot;:&quot;0&quot;,&quot;title&quot;:&quot;&quot;,&quot;orientation&quot;:&quot;1&quot;}\" data-image-title=\"IMG_0954_Prag_900\" data-image-description=\"\" data-medium-file=\"https:\/\/i0.wp.com\/deltaimage.de\/wp\/wp-content\/uploads\/IMG_0954_Prag_900.jpg?fit=300%2C225&#038;ssl=1\" data-large-file=\"https:\/\/i0.wp.com\/deltaimage.de\/wp\/wp-content\/uploads\/IMG_0954_Prag_900.jpg?fit=890%2C668&#038;ssl=1\" src=\"https:\/\/i0.wp.com\/deltaimage.de\/wp\/wp-content\/uploads\/IMG_0954_Prag_900.jpg?w=292&#038;h=219&#038;ssl=1\" srcset=\"https:\/\/i0.wp.com\/deltaimage.de\/wp\/wp-content\/uploads\/IMG_0954_Prag_900.jpg?w=900&amp;ssl=1 900w, https:\/\/i0.wp.com\/deltaimage.de\/wp\/wp-content\/uploads\/IMG_0954_Prag_900.jpg?resize=200%2C150&amp;ssl=1 200w, https:\/\/i0.wp.com\/deltaimage.de\/wp\/wp-content\/uploads\/IMG_0954_Prag_900.jpg?resize=300%2C225&amp;ssl=1 300w, https:\/\/i0.wp.com\/deltaimage.de\/wp\/wp-content\/uploads\/IMG_0954_Prag_900.jpg?resize=768%2C576&amp;ssl=1 768w, https:\/\/i0.wp.com\/deltaimage.de\/wp\/wp-content\/uploads\/IMG_0954_Prag_900.jpg?resize=791%2C593&amp;ssl=1 791w, https:\/\/i0.wp.com\/deltaimage.de\/wp\/wp-content\/uploads\/IMG_0954_Prag_900.jpg?resize=600%2C450&amp;ssl=1 600w, https:\/\/i0.wp.com\/deltaimage.de\/wp\/wp-content\/uploads\/IMG_0954_Prag_900.jpg?resize=533%2C400&amp;ssl=1 533w\" width=\"292\" height=\"219\" loading=\"lazy\" data-original-width=\"292\" data-original-height=\"219\" itemprop=\"http:\/\/schema.org\/image\" title=\"IMG_0954_Prag_900\" alt=\"Weihnachten in der goldenen Stadt Prag\" style=\"width: 292px; height: 219px;\" \/> <\/a> <\/div> <div class=\"tiled-gallery-item tiled-gallery-item-large\" itemprop=\"associatedMedia\" itemscope itemtype=\"http:\/\/schema.org\/ImageObject\"> <a href=\"https:\/\/deltaimage.de\/wp\/?attachment_id=9683#main\" border=\"0\" itemprop=\"url\"> <meta itemprop=\"width\" content=\"292\"> <meta itemprop=\"height\" content=\"219\"> <img decoding=\"async\" class=\"\" data-attachment-id=\"9683\" data-orig-file=\"https:\/\/deltaimage.de\/wp\/wp-content\/uploads\/IMG_0952_Prag_900.jpg\" data-orig-size=\"900,675\" data-comments-opened=\"\" data-image-meta=\"{&quot;aperture&quot;:&quot;0&quot;,&quot;credit&quot;:&quot;&quot;,&quot;camera&quot;:&quot;&quot;,&quot;caption&quot;:&quot;&quot;,&quot;created_timestamp&quot;:&quot;0&quot;,&quot;copyright&quot;:&quot;&quot;,&quot;focal_length&quot;:&quot;0&quot;,&quot;iso&quot;:&quot;0&quot;,&quot;shutter_speed&quot;:&quot;0&quot;,&quot;title&quot;:&quot;&quot;,&quot;orientation&quot;:&quot;1&quot;}\" data-image-title=\"IMG_0952_Prag_900\" data-image-description=\"\" data-medium-file=\"https:\/\/i0.wp.com\/deltaimage.de\/wp\/wp-content\/uploads\/IMG_0952_Prag_900.jpg?fit=300%2C225&#038;ssl=1\" data-large-file=\"https:\/\/i0.wp.com\/deltaimage.de\/wp\/wp-content\/uploads\/IMG_0952_Prag_900.jpg?fit=890%2C668&#038;ssl=1\" src=\"https:\/\/i0.wp.com\/deltaimage.de\/wp\/wp-content\/uploads\/IMG_0952_Prag_900.jpg?w=292&#038;h=219&#038;ssl=1\" srcset=\"https:\/\/i0.wp.com\/deltaimage.de\/wp\/wp-content\/uploads\/IMG_0952_Prag_900.jpg?w=900&amp;ssl=1 900w, https:\/\/i0.wp.com\/deltaimage.de\/wp\/wp-content\/uploads\/IMG_0952_Prag_900.jpg?resize=200%2C150&amp;ssl=1 200w, https:\/\/i0.wp.com\/deltaimage.de\/wp\/wp-content\/uploads\/IMG_0952_Prag_900.jpg?resize=300%2C225&amp;ssl=1 300w, https:\/\/i0.wp.com\/deltaimage.de\/wp\/wp-content\/uploads\/IMG_0952_Prag_900.jpg?resize=768%2C576&amp;ssl=1 768w, https:\/\/i0.wp.com\/deltaimage.de\/wp\/wp-content\/uploads\/IMG_0952_Prag_900.jpg?resize=791%2C593&amp;ssl=1 791w, https:\/\/i0.wp.com\/deltaimage.de\/wp\/wp-content\/uploads\/IMG_0952_Prag_900.jpg?resize=600%2C450&amp;ssl=1 600w, https:\/\/i0.wp.com\/deltaimage.de\/wp\/wp-content\/uploads\/IMG_0952_Prag_900.jpg?resize=533%2C400&amp;ssl=1 533w\" width=\"292\" height=\"219\" loading=\"lazy\" data-original-width=\"292\" data-original-height=\"219\" itemprop=\"http:\/\/schema.org\/image\" title=\"IMG_0952_Prag_900\" alt=\"Weihnachten in der goldenen Stadt Prag\" style=\"width: 292px; height: 219px;\" \/> <\/a> <\/div> <\/div> <!-- close group --> <\/div> <!-- close row --> <\/div>\n<p>&nbsp;<\/p>\n<h2>Karlsbr\u00fccke &#8211; die steinerne Br\u00fccke \u00fcber die Moldau<\/h2>\n<p><a href=\"http:\/\/deltaimage.de\/wp\/?attachment_id=9676#main\" rel=\"attachment wp-att-9676\"><img data-recalc-dims=\"1\" loading=\"lazy\" decoding=\"async\" data-attachment-id=\"9676\" data-permalink=\"https:\/\/deltaimage.de\/wp\/?attachment_id=9676#main\" data-orig-file=\"https:\/\/i0.wp.com\/deltaimage.de\/wp\/wp-content\/uploads\/IMG_0940_Prag_900.jpg?fit=900%2C675&amp;ssl=1\" data-orig-size=\"900,675\" data-comments-opened=\"0\" data-image-meta=\"{&quot;aperture&quot;:&quot;0&quot;,&quot;credit&quot;:&quot;&quot;,&quot;camera&quot;:&quot;&quot;,&quot;caption&quot;:&quot;&quot;,&quot;created_timestamp&quot;:&quot;0&quot;,&quot;copyright&quot;:&quot;&quot;,&quot;focal_length&quot;:&quot;0&quot;,&quot;iso&quot;:&quot;0&quot;,&quot;shutter_speed&quot;:&quot;0&quot;,&quot;title&quot;:&quot;&quot;,&quot;orientation&quot;:&quot;1&quot;}\" data-image-title=\"IMG_0940_Prag_900\" data-image-description=\"\" data-image-caption=\"\" data-large-file=\"https:\/\/i0.wp.com\/deltaimage.de\/wp\/wp-content\/uploads\/IMG_0940_Prag_900.jpg?fit=890%2C668&amp;ssl=1\" class=\"size-full wp-image-9676 aligncenter\" src=\"https:\/\/i0.wp.com\/deltaimage.de\/wp\/wp-content\/uploads\/IMG_0940_Prag_900.jpg?resize=890%2C668\" alt=\"IMG_0940_Prag_900\" width=\"890\" height=\"668\" srcset=\"https:\/\/i0.wp.com\/deltaimage.de\/wp\/wp-content\/uploads\/IMG_0940_Prag_900.jpg?w=900&amp;ssl=1 900w, https:\/\/i0.wp.com\/deltaimage.de\/wp\/wp-content\/uploads\/IMG_0940_Prag_900.jpg?resize=200%2C150&amp;ssl=1 200w, https:\/\/i0.wp.com\/deltaimage.de\/wp\/wp-content\/uploads\/IMG_0940_Prag_900.jpg?resize=300%2C225&amp;ssl=1 300w, https:\/\/i0.wp.com\/deltaimage.de\/wp\/wp-content\/uploads\/IMG_0940_Prag_900.jpg?resize=768%2C576&amp;ssl=1 768w, https:\/\/i0.wp.com\/deltaimage.de\/wp\/wp-content\/uploads\/IMG_0940_Prag_900.jpg?resize=791%2C593&amp;ssl=1 791w, https:\/\/i0.wp.com\/deltaimage.de\/wp\/wp-content\/uploads\/IMG_0940_Prag_900.jpg?resize=600%2C450&amp;ssl=1 600w, https:\/\/i0.wp.com\/deltaimage.de\/wp\/wp-content\/uploads\/IMG_0940_Prag_900.jpg?resize=533%2C400&amp;ssl=1 533w\" sizes=\"auto, (max-width: 890px) 100vw, 890px\" \/><\/a><\/p>\n<p>Prag ist gelebtes Mittelalter in einem wunderbar gro\u00dfen Open-Air-Museum. \u00dcberall begegnen einem die Schaupl\u00e4tze der gro\u00dfen Historienfilme im Mittelalter und in der beginnenden Neuzeit. Um die Ecke ist es nicht weit nach Salzburg und nach Wien &#8211; dort wartet Amadeus Mozart auf uns. Mozart war auch zu Gast in Prag und der Regisseur Milo\u0161 Forman hat den Film in den Prager Barrandov Studios gedreht. Dazu mussten nur ein paar Zeichen der modernen Zeit abmontiert werden und die perfekte Idylle war geschaffen.<\/p>\n<div class=\"tiled-gallery type-rectangular tiled-gallery-unresized\" data-original-width=\"890\" data-carousel-extra='{&quot;blog_id&quot;:1,&quot;permalink&quot;:&quot;https:\\\/\\\/deltaimage.de\\\/wp\\\/?p=9673&quot;,&quot;likes_blog_id&quot;:66828988}' itemscope itemtype=\"http:\/\/schema.org\/ImageGallery\" > <div class=\"gallery-row\" style=\"width: 890px; height: 446px;\" data-original-width=\"890\" data-original-height=\"446\" > <div class=\"gallery-group images-1\" style=\"width: 594px; height: 446px;\" data-original-width=\"594\" data-original-height=\"446\" > <div class=\"tiled-gallery-item tiled-gallery-item-large\" itemprop=\"associatedMedia\" itemscope itemtype=\"http:\/\/schema.org\/ImageObject\"> <a href=\"https:\/\/deltaimage.de\/wp\/?attachment_id=9678#main\" border=\"0\" itemprop=\"url\"> <meta itemprop=\"width\" content=\"590\"> <meta itemprop=\"height\" content=\"442\"> <img decoding=\"async\" class=\"\" data-attachment-id=\"9678\" data-orig-file=\"https:\/\/deltaimage.de\/wp\/wp-content\/uploads\/IMG_0931_Prag_900.jpg\" data-orig-size=\"900,675\" data-comments-opened=\"\" data-image-meta=\"{&quot;aperture&quot;:&quot;0&quot;,&quot;credit&quot;:&quot;&quot;,&quot;camera&quot;:&quot;&quot;,&quot;caption&quot;:&quot;&quot;,&quot;created_timestamp&quot;:&quot;0&quot;,&quot;copyright&quot;:&quot;&quot;,&quot;focal_length&quot;:&quot;0&quot;,&quot;iso&quot;:&quot;0&quot;,&quot;shutter_speed&quot;:&quot;0&quot;,&quot;title&quot;:&quot;&quot;,&quot;orientation&quot;:&quot;1&quot;}\" data-image-title=\"IMG_0931_Prag_900\" data-image-description=\"\" data-medium-file=\"https:\/\/i0.wp.com\/deltaimage.de\/wp\/wp-content\/uploads\/IMG_0931_Prag_900.jpg?fit=300%2C225&#038;ssl=1\" data-large-file=\"https:\/\/i0.wp.com\/deltaimage.de\/wp\/wp-content\/uploads\/IMG_0931_Prag_900.jpg?fit=890%2C668&#038;ssl=1\" src=\"https:\/\/i0.wp.com\/deltaimage.de\/wp\/wp-content\/uploads\/IMG_0931_Prag_900.jpg?w=590&#038;h=442&#038;ssl=1\" srcset=\"https:\/\/i0.wp.com\/deltaimage.de\/wp\/wp-content\/uploads\/IMG_0931_Prag_900.jpg?w=900&amp;ssl=1 900w, https:\/\/i0.wp.com\/deltaimage.de\/wp\/wp-content\/uploads\/IMG_0931_Prag_900.jpg?resize=200%2C150&amp;ssl=1 200w, https:\/\/i0.wp.com\/deltaimage.de\/wp\/wp-content\/uploads\/IMG_0931_Prag_900.jpg?resize=300%2C225&amp;ssl=1 300w, https:\/\/i0.wp.com\/deltaimage.de\/wp\/wp-content\/uploads\/IMG_0931_Prag_900.jpg?resize=768%2C576&amp;ssl=1 768w, https:\/\/i0.wp.com\/deltaimage.de\/wp\/wp-content\/uploads\/IMG_0931_Prag_900.jpg?resize=791%2C593&amp;ssl=1 791w, https:\/\/i0.wp.com\/deltaimage.de\/wp\/wp-content\/uploads\/IMG_0931_Prag_900.jpg?resize=600%2C450&amp;ssl=1 600w, https:\/\/i0.wp.com\/deltaimage.de\/wp\/wp-content\/uploads\/IMG_0931_Prag_900.jpg?resize=533%2C400&amp;ssl=1 533w\" width=\"590\" height=\"442\" loading=\"lazy\" data-original-width=\"590\" data-original-height=\"442\" itemprop=\"http:\/\/schema.org\/image\" title=\"IMG_0931_Prag_900\" alt=\"Weihnachten in der goldenen Stadt Prag\" style=\"width: 590px; height: 442px;\" \/> <\/a> <\/div> <\/div> <!-- close group --> <div class=\"gallery-group images-2\" style=\"width: 296px; height: 446px;\" data-original-width=\"296\" data-original-height=\"446\" > <div class=\"tiled-gallery-item tiled-gallery-item-large\" itemprop=\"associatedMedia\" itemscope itemtype=\"http:\/\/schema.org\/ImageObject\"> <a href=\"https:\/\/deltaimage.de\/wp\/?attachment_id=9679#main\" border=\"0\" itemprop=\"url\"> <meta itemprop=\"width\" content=\"292\"> <meta itemprop=\"height\" content=\"219\"> <img decoding=\"async\" class=\"\" data-attachment-id=\"9679\" data-orig-file=\"https:\/\/deltaimage.de\/wp\/wp-content\/uploads\/IMG_0929_Prag_900.jpg\" data-orig-size=\"900,675\" data-comments-opened=\"\" data-image-meta=\"{&quot;aperture&quot;:&quot;0&quot;,&quot;credit&quot;:&quot;&quot;,&quot;camera&quot;:&quot;&quot;,&quot;caption&quot;:&quot;&quot;,&quot;created_timestamp&quot;:&quot;0&quot;,&quot;copyright&quot;:&quot;&quot;,&quot;focal_length&quot;:&quot;0&quot;,&quot;iso&quot;:&quot;0&quot;,&quot;shutter_speed&quot;:&quot;0&quot;,&quot;title&quot;:&quot;&quot;,&quot;orientation&quot;:&quot;1&quot;}\" data-image-title=\"IMG_0929_Prag_900\" data-image-description=\"\" data-medium-file=\"https:\/\/i0.wp.com\/deltaimage.de\/wp\/wp-content\/uploads\/IMG_0929_Prag_900.jpg?fit=300%2C225&#038;ssl=1\" data-large-file=\"https:\/\/i0.wp.com\/deltaimage.de\/wp\/wp-content\/uploads\/IMG_0929_Prag_900.jpg?fit=890%2C668&#038;ssl=1\" src=\"https:\/\/i0.wp.com\/deltaimage.de\/wp\/wp-content\/uploads\/IMG_0929_Prag_900.jpg?w=292&#038;h=219&#038;ssl=1\" srcset=\"https:\/\/i0.wp.com\/deltaimage.de\/wp\/wp-content\/uploads\/IMG_0929_Prag_900.jpg?w=900&amp;ssl=1 900w, https:\/\/i0.wp.com\/deltaimage.de\/wp\/wp-content\/uploads\/IMG_0929_Prag_900.jpg?resize=200%2C150&amp;ssl=1 200w, https:\/\/i0.wp.com\/deltaimage.de\/wp\/wp-content\/uploads\/IMG_0929_Prag_900.jpg?resize=300%2C225&amp;ssl=1 300w, https:\/\/i0.wp.com\/deltaimage.de\/wp\/wp-content\/uploads\/IMG_0929_Prag_900.jpg?resize=768%2C576&amp;ssl=1 768w, https:\/\/i0.wp.com\/deltaimage.de\/wp\/wp-content\/uploads\/IMG_0929_Prag_900.jpg?resize=791%2C593&amp;ssl=1 791w, https:\/\/i0.wp.com\/deltaimage.de\/wp\/wp-content\/uploads\/IMG_0929_Prag_900.jpg?resize=600%2C450&amp;ssl=1 600w, https:\/\/i0.wp.com\/deltaimage.de\/wp\/wp-content\/uploads\/IMG_0929_Prag_900.jpg?resize=533%2C400&amp;ssl=1 533w\" width=\"292\" height=\"219\" loading=\"lazy\" data-original-width=\"292\" data-original-height=\"219\" itemprop=\"http:\/\/schema.org\/image\" title=\"IMG_0929_Prag_900\" alt=\"Weihnachten in der goldenen Stadt Prag\" style=\"width: 292px; height: 219px;\" \/> <\/a> <\/div> <div class=\"tiled-gallery-item tiled-gallery-item-large\" itemprop=\"associatedMedia\" itemscope itemtype=\"http:\/\/schema.org\/ImageObject\"> <a href=\"https:\/\/deltaimage.de\/wp\/?attachment_id=9681#main\" border=\"0\" itemprop=\"url\"> <meta itemprop=\"width\" content=\"292\"> <meta itemprop=\"height\" content=\"219\"> <img decoding=\"async\" class=\"\" data-attachment-id=\"9681\" data-orig-file=\"https:\/\/deltaimage.de\/wp\/wp-content\/uploads\/IMG_0915_Prag_900.jpg\" data-orig-size=\"900,675\" data-comments-opened=\"\" data-image-meta=\"{&quot;aperture&quot;:&quot;0&quot;,&quot;credit&quot;:&quot;&quot;,&quot;camera&quot;:&quot;&quot;,&quot;caption&quot;:&quot;&quot;,&quot;created_timestamp&quot;:&quot;0&quot;,&quot;copyright&quot;:&quot;&quot;,&quot;focal_length&quot;:&quot;0&quot;,&quot;iso&quot;:&quot;0&quot;,&quot;shutter_speed&quot;:&quot;0&quot;,&quot;title&quot;:&quot;&quot;,&quot;orientation&quot;:&quot;1&quot;}\" data-image-title=\"IMG_0915_Prag_900\" data-image-description=\"\" data-medium-file=\"https:\/\/i0.wp.com\/deltaimage.de\/wp\/wp-content\/uploads\/IMG_0915_Prag_900.jpg?fit=300%2C225&#038;ssl=1\" data-large-file=\"https:\/\/i0.wp.com\/deltaimage.de\/wp\/wp-content\/uploads\/IMG_0915_Prag_900.jpg?fit=890%2C668&#038;ssl=1\" src=\"https:\/\/i0.wp.com\/deltaimage.de\/wp\/wp-content\/uploads\/IMG_0915_Prag_900.jpg?w=292&#038;h=219&#038;ssl=1\" srcset=\"https:\/\/i0.wp.com\/deltaimage.de\/wp\/wp-content\/uploads\/IMG_0915_Prag_900.jpg?w=900&amp;ssl=1 900w, https:\/\/i0.wp.com\/deltaimage.de\/wp\/wp-content\/uploads\/IMG_0915_Prag_900.jpg?resize=200%2C150&amp;ssl=1 200w, https:\/\/i0.wp.com\/deltaimage.de\/wp\/wp-content\/uploads\/IMG_0915_Prag_900.jpg?resize=300%2C225&amp;ssl=1 300w, https:\/\/i0.wp.com\/deltaimage.de\/wp\/wp-content\/uploads\/IMG_0915_Prag_900.jpg?resize=768%2C576&amp;ssl=1 768w, https:\/\/i0.wp.com\/deltaimage.de\/wp\/wp-content\/uploads\/IMG_0915_Prag_900.jpg?resize=791%2C593&amp;ssl=1 791w, https:\/\/i0.wp.com\/deltaimage.de\/wp\/wp-content\/uploads\/IMG_0915_Prag_900.jpg?resize=600%2C450&amp;ssl=1 600w, https:\/\/i0.wp.com\/deltaimage.de\/wp\/wp-content\/uploads\/IMG_0915_Prag_900.jpg?resize=533%2C400&amp;ssl=1 533w\" width=\"292\" height=\"219\" loading=\"lazy\" data-original-width=\"292\" data-original-height=\"219\" itemprop=\"http:\/\/schema.org\/image\" title=\"IMG_0915_Prag_900\" alt=\"Weihnachten in der goldenen Stadt Prag\" style=\"width: 292px; height: 219px;\" \/> <\/a> <\/div> <\/div> <!-- close group --> <\/div> <!-- close row --> <\/div>\n<p>&nbsp;<\/p>\n<h2>Kleinseite &#8211; die Stadt schmiegt sich an die Prager Burg<\/h2>\n<p><a href=\"http:\/\/deltaimage.de\/wp\/?attachment_id=9677#main\" rel=\"attachment wp-att-9677\"><img data-recalc-dims=\"1\" loading=\"lazy\" decoding=\"async\" data-attachment-id=\"9677\" data-permalink=\"https:\/\/deltaimage.de\/wp\/?attachment_id=9677#main\" data-orig-file=\"https:\/\/i0.wp.com\/deltaimage.de\/wp\/wp-content\/uploads\/IMG_0938_Prag_900.jpg?fit=900%2C675&amp;ssl=1\" data-orig-size=\"900,675\" data-comments-opened=\"0\" data-image-meta=\"{&quot;aperture&quot;:&quot;0&quot;,&quot;credit&quot;:&quot;&quot;,&quot;camera&quot;:&quot;&quot;,&quot;caption&quot;:&quot;&quot;,&quot;created_timestamp&quot;:&quot;0&quot;,&quot;copyright&quot;:&quot;&quot;,&quot;focal_length&quot;:&quot;0&quot;,&quot;iso&quot;:&quot;0&quot;,&quot;shutter_speed&quot;:&quot;0&quot;,&quot;title&quot;:&quot;&quot;,&quot;orientation&quot;:&quot;1&quot;}\" data-image-title=\"IMG_0938_Prag_900\" data-image-description=\"\" data-image-caption=\"\" data-large-file=\"https:\/\/i0.wp.com\/deltaimage.de\/wp\/wp-content\/uploads\/IMG_0938_Prag_900.jpg?fit=890%2C668&amp;ssl=1\" class=\"size-full wp-image-9677 aligncenter\" src=\"https:\/\/i0.wp.com\/deltaimage.de\/wp\/wp-content\/uploads\/IMG_0938_Prag_900.jpg?resize=890%2C668\" alt=\"IMG_0938_Prag_900\" width=\"890\" height=\"668\" srcset=\"https:\/\/i0.wp.com\/deltaimage.de\/wp\/wp-content\/uploads\/IMG_0938_Prag_900.jpg?w=900&amp;ssl=1 900w, https:\/\/i0.wp.com\/deltaimage.de\/wp\/wp-content\/uploads\/IMG_0938_Prag_900.jpg?resize=200%2C150&amp;ssl=1 200w, https:\/\/i0.wp.com\/deltaimage.de\/wp\/wp-content\/uploads\/IMG_0938_Prag_900.jpg?resize=300%2C225&amp;ssl=1 300w, https:\/\/i0.wp.com\/deltaimage.de\/wp\/wp-content\/uploads\/IMG_0938_Prag_900.jpg?resize=768%2C576&amp;ssl=1 768w, https:\/\/i0.wp.com\/deltaimage.de\/wp\/wp-content\/uploads\/IMG_0938_Prag_900.jpg?resize=791%2C593&amp;ssl=1 791w, https:\/\/i0.wp.com\/deltaimage.de\/wp\/wp-content\/uploads\/IMG_0938_Prag_900.jpg?resize=600%2C450&amp;ssl=1 600w, https:\/\/i0.wp.com\/deltaimage.de\/wp\/wp-content\/uploads\/IMG_0938_Prag_900.jpg?resize=533%2C400&amp;ssl=1 533w\" sizes=\"auto, (max-width: 890px) 100vw, 890px\" \/><\/a><\/p>\n<p>Die kleine Seite war fr\u00fcher nicht das Viertel der Botschaften und der edlen Palais &#8211; erst als der Kaiser den Sitz auf die Prager Burg verlegte, war das Viertel in direkter N\u00e4he zum Monarchen ungeheuer attraktiv &#8211; bis heute. Nirgendwo ist Prag typischer als in der Kleinseite.<\/p>\n","protected":false},"excerpt":{"rendered":"<p>Die goldene Stadt Prag hat den Beinamen nicht durch die goldene Stimme von Karel Gott, sondern aus dem Mittelalter. Die T\u00fcrme der Kirchen und der Stadttore waren zum Wetterschutz auch [&hellip;]<\/p>\n","protected":false},"author":1,"featured_media":9682,"comment_status":"closed","ping_status":"closed","sticky":false,"template":"","format":"standard","meta":{"wpupg_custom_link":[],"wpupg_custom_link_behaviour":["default"],"wpupg_custom_link_nofollow":["default"],"wpupg_custom_image":[],"wpupg_custom_image_id":[],"jetpack_post_was_ever_published":false,"footnotes":""},"categories":[848,8,3709,3708],"tags":[87,802,804,805,803,801,673,466],"class_list":["post-9673","post","type-post","status-publish","format-standard","has-post-thumbnail","hentry","category-fotografie","category-news","category-prag","category-tschechien","tag-fotografie","tag-goldene-stadt","tag-hradschin","tag-kleinseite","tag-moldau","tag-prag","tag-tschechien","tag-weihnachten"],"jetpack_featured_media_url":"https:\/\/i0.wp.com\/deltaimage.de\/wp\/wp-content\/uploads\/IMG_0923_Prag_1200.jpg?fit=1200%2C500&ssl=1","jetpack-related-posts":[{"id":21851,"url":"https:\/\/deltaimage.de\/wp\/?p=21851","url_meta":{"origin":9673,"position":0},"title":"Die Moldau in Prag \u2013 ein Ausflug in die goldene Stadt","author":"EschbacP","date":"5. Juni 2019","format":false,"excerpt":"Nutzen wir die Zeit - Carpe diem! Der fr\u00fchmorgentliche Weg, vom geschickt gew\u00e4hltem Hotel in Prag in das B\u00fcro zum Gesch\u00e4ftstermin kann ausreichen f\u00fcr den Fotografen. Fr\u00fchmorgens ist das Licht ungewohnt, weich und kommt aus der anderen Richtung. Bauwerke stehen jetzt im guten Licht, die sonst ab Mittag nur noch\u2026","rel":"","context":"In &quot;BAYERWALDTEAM&quot;","block_context":{"text":"BAYERWALDTEAM","link":"https:\/\/deltaimage.de\/wp\/?cat=861"},"img":{"alt_text":"","src":"https:\/\/i0.wp.com\/deltaimage.de\/wp\/wp-content\/uploads\/ZY5M1590_1200.jpg?fit=1200%2C450&ssl=1&resize=350%2C200","width":350,"height":200,"srcset":"https:\/\/i0.wp.com\/deltaimage.de\/wp\/wp-content\/uploads\/ZY5M1590_1200.jpg?fit=1200%2C450&ssl=1&resize=350%2C200 1x, https:\/\/i0.wp.com\/deltaimage.de\/wp\/wp-content\/uploads\/ZY5M1590_1200.jpg?fit=1200%2C450&ssl=1&resize=525%2C300 1.5x, https:\/\/i0.wp.com\/deltaimage.de\/wp\/wp-content\/uploads\/ZY5M1590_1200.jpg?fit=1200%2C450&ssl=1&resize=700%2C400 2x, https:\/\/i0.wp.com\/deltaimage.de\/wp\/wp-content\/uploads\/ZY5M1590_1200.jpg?fit=1200%2C450&ssl=1&resize=1050%2C600 3x"},"classes":[]},{"id":23882,"url":"https:\/\/deltaimage.de\/wp\/?p=23882","url_meta":{"origin":9673,"position":1},"title":"Die goldene Stadt Prag &#8211; die Karlsbr\u00fccke","author":"EschbacP","date":"17. Dezember 2019","format":false,"excerpt":"Geduld ist eine Tugend des Fotografen. Das Warten auf das passende Licht geh\u00f6rt genauso zur Erfahrung eines Fotografen wie die Vorahnung, wo heute das Licht besonders gut sein wird. Dann gilt es zur rechten Zeit am passenden Ort zu sein. Der Rest ist etwas Magie des Ortes. \u00a0 Prag -\u2026","rel":"","context":"In &quot;News Blog&quot;","block_context":{"text":"News Blog","link":"https:\/\/deltaimage.de\/wp\/?cat=8"},"img":{"alt_text":"","src":"https:\/\/i0.wp.com\/deltaimage.de\/wp\/wp-content\/uploads\/PE1S0712_1200.jpg?fit=1200%2C450&ssl=1&resize=350%2C200","width":350,"height":200,"srcset":"https:\/\/i0.wp.com\/deltaimage.de\/wp\/wp-content\/uploads\/PE1S0712_1200.jpg?fit=1200%2C450&ssl=1&resize=350%2C200 1x, https:\/\/i0.wp.com\/deltaimage.de\/wp\/wp-content\/uploads\/PE1S0712_1200.jpg?fit=1200%2C450&ssl=1&resize=525%2C300 1.5x, https:\/\/i0.wp.com\/deltaimage.de\/wp\/wp-content\/uploads\/PE1S0712_1200.jpg?fit=1200%2C450&ssl=1&resize=700%2C400 2x, https:\/\/i0.wp.com\/deltaimage.de\/wp\/wp-content\/uploads\/PE1S0712_1200.jpg?fit=1200%2C450&ssl=1&resize=1050%2C600 3x"},"classes":[]},{"id":21849,"url":"https:\/\/deltaimage.de\/wp\/?p=21849","url_meta":{"origin":9673,"position":2},"title":"BAYERWALDTEAM in der goldenen Stadt Prag","author":"EschbacP","date":"5. Juni 2019","format":false,"excerpt":"Das Angenehme mit dem N\u00fctzlichen verbinden. Ein gesch\u00e4ftlicher Termin f\u00fchrt mich mal wieder in das B\u00fcro in Prag \u2013 nur 3 Gehminuten vom Wenzelsplatz entfernt. Da bietet es sich ja geradezu an, fr\u00fch Morgens den Weg vom Hotel auf dem sch\u00f6nsten Weg als fotografierender Tourist zu gehen. Vom Kloster Strahov,\u2026","rel":"","context":"In &quot;BAYERWALDTEAM&quot;","block_context":{"text":"BAYERWALDTEAM","link":"https:\/\/deltaimage.de\/wp\/?cat=861"},"img":{"alt_text":"","src":"https:\/\/i0.wp.com\/deltaimage.de\/wp\/wp-content\/uploads\/ZY5M1553_1200.jpg?fit=1200%2C450&ssl=1&resize=350%2C200","width":350,"height":200,"srcset":"https:\/\/i0.wp.com\/deltaimage.de\/wp\/wp-content\/uploads\/ZY5M1553_1200.jpg?fit=1200%2C450&ssl=1&resize=350%2C200 1x, https:\/\/i0.wp.com\/deltaimage.de\/wp\/wp-content\/uploads\/ZY5M1553_1200.jpg?fit=1200%2C450&ssl=1&resize=525%2C300 1.5x, https:\/\/i0.wp.com\/deltaimage.de\/wp\/wp-content\/uploads\/ZY5M1553_1200.jpg?fit=1200%2C450&ssl=1&resize=700%2C400 2x, https:\/\/i0.wp.com\/deltaimage.de\/wp\/wp-content\/uploads\/ZY5M1553_1200.jpg?fit=1200%2C450&ssl=1&resize=1050%2C600 3x"},"classes":[]},{"id":23910,"url":"https:\/\/deltaimage.de\/wp\/?p=23910","url_meta":{"origin":9673,"position":3},"title":"Prager Burg &#8211; der Hradschin","author":"EschbacP","date":"18. Dezember 2019","format":false,"excerpt":"Als Fotograf bewegt man sich am allerbesten zu Fu\u00df durch die Stadt. So l\u00e4sst sich der Flair der alten Kaiserstadt viel einfacher aufnehmen als sonst, die auch in der tschechischen Hauptstadt Verstopfung der Stra\u00dfen mit Verkehr verstellt den wesentlichen Blick auf das Sch\u00f6ne, auf das Historische und das Lebendige. \u00a0\u2026","rel":"","context":"In &quot;News Blog&quot;","block_context":{"text":"News Blog","link":"https:\/\/deltaimage.de\/wp\/?cat=8"},"img":{"alt_text":"","src":"https:\/\/i0.wp.com\/deltaimage.de\/wp\/wp-content\/uploads\/PE1S0223_1200.jpg?fit=1200%2C450&ssl=1&resize=350%2C200","width":350,"height":200,"srcset":"https:\/\/i0.wp.com\/deltaimage.de\/wp\/wp-content\/uploads\/PE1S0223_1200.jpg?fit=1200%2C450&ssl=1&resize=350%2C200 1x, https:\/\/i0.wp.com\/deltaimage.de\/wp\/wp-content\/uploads\/PE1S0223_1200.jpg?fit=1200%2C450&ssl=1&resize=525%2C300 1.5x, https:\/\/i0.wp.com\/deltaimage.de\/wp\/wp-content\/uploads\/PE1S0223_1200.jpg?fit=1200%2C450&ssl=1&resize=700%2C400 2x, https:\/\/i0.wp.com\/deltaimage.de\/wp\/wp-content\/uploads\/PE1S0223_1200.jpg?fit=1200%2C450&ssl=1&resize=1050%2C600 3x"},"classes":[]},{"id":42640,"url":"https:\/\/deltaimage.de\/wp\/?p=42640","url_meta":{"origin":9673,"position":4},"title":"Prager Fr\u00fchling auf der Prager Burg (Hradschin, Hrad\u010din)","author":"EschbacP","date":"19. M\u00e4rz 2024","format":false,"excerpt":"Der Weg zur Prager Burg f\u00fchrt \u00fcber die Kleinseite am linken Ufer der Moldau, dort wo die Moldau auf einen geologisch massiven Querriegel trifft und zu einer Umleitung des Flusslaufes, gezwungen wird. Die Kleinseite unterhalb der Burg war\/ist eine Art von gro\u00dfer Vorburg zur Prager Burg. Die Kleinseite ist in\u2026","rel":"","context":"In &quot;BAYERWALDTEAM&quot;","block_context":{"text":"BAYERWALDTEAM","link":"https:\/\/deltaimage.de\/wp\/?cat=861"},"img":{"alt_text":"","src":"https:\/\/i0.wp.com\/deltaimage.de\/wp\/wp-content\/uploads\/1710355947881_900.jpg?fit=890%2C454&ssl=1&resize=350%2C200","width":350,"height":200,"srcset":"https:\/\/i0.wp.com\/deltaimage.de\/wp\/wp-content\/uploads\/1710355947881_900.jpg?fit=890%2C454&ssl=1&resize=350%2C200 1x, https:\/\/i0.wp.com\/deltaimage.de\/wp\/wp-content\/uploads\/1710355947881_900.jpg?fit=890%2C454&ssl=1&resize=525%2C300 1.5x, https:\/\/i0.wp.com\/deltaimage.de\/wp\/wp-content\/uploads\/1710355947881_900.jpg?fit=890%2C454&ssl=1&resize=700%2C400 2x"},"classes":[]},{"id":23868,"url":"https:\/\/deltaimage.de\/wp\/?p=23868","url_meta":{"origin":9673,"position":5},"title":"Im Advent von M\u00fcnchen nach Prag fahren &#8211; nat\u00fcrlich mit dem Zug!","author":"EschbacP","date":"16. Dezember 2019","format":false,"excerpt":"Nach Prag bin ich schon so oft gefahren, jetzt sehr gerne mit dem ALEX von M\u00fcnchen Hbf direkt nach Prag hlavn\u00ed n\u00e1dra\u017e\u00ed, kein Umsteigen, viel Komfort und Kaffee am Platz. Was will man da mehr, wenn der ALEX sich schon die M\u00fche macht, die Lokomotive so sch\u00f6n zu beschriften, macht\u2026","rel":"","context":"In &quot;News Blog&quot;","block_context":{"text":"News Blog","link":"https:\/\/deltaimage.de\/wp\/?cat=8"},"img":{"alt_text":"","src":"https:\/\/i0.wp.com\/deltaimage.de\/wp\/wp-content\/uploads\/PE1S0020_1200-1.jpg?fit=1200%2C450&ssl=1&resize=350%2C200","width":350,"height":200,"srcset":"https:\/\/i0.wp.com\/deltaimage.de\/wp\/wp-content\/uploads\/PE1S0020_1200-1.jpg?fit=1200%2C450&ssl=1&resize=350%2C200 1x, https:\/\/i0.wp.com\/deltaimage.de\/wp\/wp-content\/uploads\/PE1S0020_1200-1.jpg?fit=1200%2C450&ssl=1&resize=525%2C300 1.5x, https:\/\/i0.wp.com\/deltaimage.de\/wp\/wp-content\/uploads\/PE1S0020_1200-1.jpg?fit=1200%2C450&ssl=1&resize=700%2C400 2x, https:\/\/i0.wp.com\/deltaimage.de\/wp\/wp-content\/uploads\/PE1S0020_1200-1.jpg?fit=1200%2C450&ssl=1&resize=1050%2C600 3x"},"classes":[]}],"jetpack_sharing_enabled":true,"_links":{"self":[{"href":"https:\/\/deltaimage.de\/wp\/index.php?rest_route=\/wp\/v2\/posts\/9673","targetHints":{"allow":["GET"]}}],"collection":[{"href":"https:\/\/deltaimage.de\/wp\/index.php?rest_route=\/wp\/v2\/posts"}],"about":[{"href":"https:\/\/deltaimage.de\/wp\/index.php?rest_route=\/wp\/v2\/types\/post"}],"author":[{"embeddable":true,"href":"https:\/\/deltaimage.de\/wp\/index.php?rest_route=\/wp\/v2\/users\/1"}],"replies":[{"embeddable":true,"href":"https:\/\/deltaimage.de\/wp\/index.php?rest_route=%2Fwp%2Fv2%2Fcomments&post=9673"}],"version-history":[{"count":7,"href":"https:\/\/deltaimage.de\/wp\/index.php?rest_route=\/wp\/v2\/posts\/9673\/revisions"}],"predecessor-version":[{"id":50762,"href":"https:\/\/deltaimage.de\/wp\/index.php?rest_route=\/wp\/v2\/posts\/9673\/revisions\/50762"}],"wp:featuredmedia":[{"embeddable":true,"href":"https:\/\/deltaimage.de\/wp\/index.php?rest_route=\/wp\/v2\/media\/9682"}],"wp:attachment":[{"href":"https:\/\/deltaimage.de\/wp\/index.php?rest_route=%2Fwp%2Fv2%2Fmedia&parent=9673"}],"wp:term":[{"taxonomy":"category","embeddable":true,"href":"https:\/\/deltaimage.de\/wp\/index.php?rest_route=%2Fwp%2Fv2%2Fcategories&post=9673"},{"taxonomy":"post_tag","embeddable":true,"href":"https:\/\/deltaimage.de\/wp\/index.php?rest_route=%2Fwp%2Fv2%2Ftags&post=9673"}],"curies":[{"name":"wp","href":"https:\/\/api.w.org\/{rel}","templated":true}]}}